{"id":51902,"date":"2019-02-20T16:40:54","date_gmt":"2019-02-20T13:40:54","guid":{"rendered":"http:\/\/www.tvturk.com\/index.php\/sakaryada-12-yil-6-ay-kesinlesmis-hapis-cezasi-bulunan-sahis-tutuklandi\/"},"modified":"2019-02-20T16:40:56","modified_gmt":"2019-02-20T13:40:56","slug":"sakaryada-12-yil-6-ay-kesinlesmis-hapis-cezasi-bulunan-sahis-tutuklandi","status":"publish","type":"post","link":"http:\/\/www.tvturk.com\/index.php\/sakaryada-12-yil-6-ay-kesinlesmis-hapis-cezasi-bulunan-sahis-tutuklandi\/","title":{"rendered":"Sakarya\u2019da 12 y\u0131l 6 ay kesinle\u015fmi\u015f hapis cezas\u0131 bulunan \u015fah\u0131s tutukland\u0131"},"content":{"rendered":"<p>Sakarya kasten adam \u00f6ld\u00fcrme ve silahla tehdit su\u00e7undan 12 y\u0131l 6 ay kesinle\u015fmi\u015f hapis cezas\u0131 bulunan cezaevi firarisi O.\u00d6. adl\u0131 \u015fah\u0131s polis ekiplerince ger\u00e7ekle\u015ftirilen operasyonda yakaland\u0131. Adliyeye \u00e7\u0131kar\u0131lan \u015fah\u0131s tutuklanarak cezaevine g\u00f6nderildi.<\/p>\n<p>Sakarya \u0130l Emniyet M\u00fcd\u00fcrl\u00fc\u011f\u00fc ekipleri su\u00e7a ve su\u00e7lulara y\u00f6nelik operasyonlara devam ediyor. Bu kapsama hakk\u0131nda kasten adam \u00f6ld\u00fcrme ve silahla tehdit su\u00e7undan 12 y\u0131 6 ay kesinle\u015fmi\u015f hapis cezas\u0131 bulunan cezaevi firarisi O.\u00d6., isimli \u015fah\u0131s yap\u0131lan operasyon sonucu yakalanarak g\u00f6zalt\u0131na al\u0131nd\u0131. Asayi\u015f \u015eube M\u00fcd\u00fcrl\u00fc\u011f\u00fcndeki i\u015flemleri tamamlanan \u015fah\u0131s adliyeye sevk edildi. Burada hakim kar\u015f\u0131s\u0131na \u00e7\u0131kan \u015fah\u0131s, tutuklanarak cezaevine g\u00f6nderildi.<div class=\"tiled-gallery type-rectangular tiled-gallery-unresized\" data-original-width=\"500\" data-carousel-extra='null' itemscope itemtype=\"http:\/\/schema.org\/ImageGallery\" > <div class=\"gallery-row\" style=\"width: 500px; height: 349px;\" data-original-width=\"500\" data-original-height=\"349\" > <div class=\"gallery-group images-1\" style=\"width: 500px; height: 349px;\" data-original-width=\"500\" data-original-height=\"349\" > <div class=\"tiled-gallery-item tiled-gallery-item-large\" itemprop=\"associatedMedia\" itemscope itemtype=\"http:\/\/schema.org\/ImageObject\"> <a href=\"http:\/\/www.tvturk.com\/index.php\/sakaryada-12-yil-6-ay-kesinlesmis-hapis-cezasi-bulunan-sahis-tutuklandi\/sakaryada-12-yil-6-ay-kesinlesmis-hapis-cezasi-bulunan-sahis-tutuklandi-3\/\" border=\"0\" itemprop=\"url\"> <meta itemprop=\"width\" content=\"496\"> <meta itemprop=\"height\" content=\"345\"> <img decoding=\"async\" class=\"\" data-attachment-id=\"51904\" data-orig-file=\"http:\/\/www.tvturk.com\/wp-content\/uploads\/2019\/02\/sakaryada-12-yil-6-ay-kesinlesmis-hapis-cezasi-bulunan-sahis-tutuklandi_b864598.jpg\" data-orig-size=\"586,408\" data-comments-opened=\"\" data-image-meta=\"{&quot;aperture&quot;:&quot;0&quot;,&quot;credit&quot;:&quot;IHA&quot;,&quot;camera&quot;:&quot;&quot;,&quot;caption&quot;:&quot;SAKARYA \\u0130L EMN\\u0130YET M\\u00dcD\\u00dcRL\\u00dc\\u011e\\u00dc EK\\u0130PLER\\u0130NCE GER\\u00c7EKLE\\u015eT\\u0130R\\u0130LEN OPERASYONDA HAKKINDA KASTEN ADAM \\u00d6LD\\u00dcRME VE S\\u0130LAHLA TEHD\\u0130T SU\\u00c7UNDAN 12 YIL 6 AY KES\\u0130NLE\\u015eM\\u0130\\u015e HAP\\u0130S CEZASI BULUNAN CEZAEV\\u0130 F\\u0130RAR\\u0130S\\u0130 O.\\u00d6. YAKALANARAK CEZAEV\\u0130NE G\\u00d6NDER\\u0130LD\\u0130. (\\u0130HA\\\/SAKARYA-\\u0130HA)&quot;,&quot;created_timestamp&quot;:&quot;1550709480&quot;,&quot;copyright&quot;:&quot;\\u0130HLAS HABER AJANSI, www.iha.com.tr&quot;,&quot;focal_length&quot;:&quot;0&quot;,&quot;iso&quot;:&quot;0&quot;,&quot;shutter_speed&quot;:&quot;0&quot;,&quot;title&quot;:&quot;SAKARYA\\u2019DA 12 YIL 6 AY KES\\u0130NLE\\u015eM\\u0130\\u015e HAP\\u0130S CEZASI BULUNAN \\u015eAHIS TUTUKLANDI&quot;,&quot;orientation&quot;:&quot;1&quot;}\" data-image-title=\"Sakarya\u2019da 12 y\u0131l 6 ay kesinle\u015fmi\u015f hapis cezas\u0131 bulunan \u015fah\u0131s tutukland\u0131\" data-image-description=\"&lt;p&gt;Sakarya\u2019da 12 y\u0131l 6 ay kesinle\u015fmi\u015f hapis cezas\u0131 bulunan \u015fah\u0131s tutukland\u0131&lt;\/p&gt; \" data-medium-file=\"https:\/\/i0.wp.com\/www.tvturk.com\/wp-content\/uploads\/2019\/02\/sakaryada-12-yil-6-ay-kesinlesmis-hapis-cezasi-bulunan-sahis-tutuklandi_b864598.jpg?fit=300%2C209\" data-large-file=\"https:\/\/i0.wp.com\/www.tvturk.com\/wp-content\/uploads\/2019\/02\/sakaryada-12-yil-6-ay-kesinlesmis-hapis-cezasi-bulunan-sahis-tutuklandi_b864598.jpg?fit=586%2C408\" src=\"https:\/\/i0.wp.com\/www.tvturk.com\/wp-content\/uploads\/2019\/02\/sakaryada-12-yil-6-ay-kesinlesmis-hapis-cezasi-bulunan-sahis-tutuklandi_b864598.jpg?w=496&#038;h=345\" srcset=\"https:\/\/i0.wp.com\/www.tvturk.com\/wp-content\/uploads\/2019\/02\/sakaryada-12-yil-6-ay-kesinlesmis-hapis-cezasi-bulunan-sahis-tutuklandi_b864598.jpg?w=586 586w, https:\/\/i0.wp.com\/www.tvturk.com\/wp-content\/uploads\/2019\/02\/sakaryada-12-yil-6-ay-kesinlesmis-hapis-cezasi-bulunan-sahis-tutuklandi_b864598.jpg?resize=150%2C104 150w, https:\/\/i0.wp.com\/www.tvturk.com\/wp-content\/uploads\/2019\/02\/sakaryada-12-yil-6-ay-kesinlesmis-hapis-cezasi-bulunan-sahis-tutuklandi_b864598.jpg?resize=300%2C209 300w, https:\/\/i0.wp.com\/www.tvturk.com\/wp-content\/uploads\/2019\/02\/sakaryada-12-yil-6-ay-kesinlesmis-hapis-cezasi-bulunan-sahis-tutuklandi_b864598.jpg?resize=80%2C55 80w\" width=\"496\" height=\"345\" loading=\"lazy\" data-original-width=\"496\" data-original-height=\"345\" itemprop=\"http:\/\/schema.org\/image\" title=\"Sakarya\u2019da 12 y\u0131l 6 ay kesinle\u015fmi\u015f hapis cezas\u0131 bulunan \u015fah\u0131s tutukland\u0131\" alt=\"Sakarya\u2019da 12 y\u0131l 6 ay kesinle\u015fmi\u015f hapis cezas\u0131 bulunan \u015fah\u0131s tutukland\u0131\" style=\"width: 496px; height: 345px;\" \/> <\/a> <\/div> <\/div> <!-- close group --> <\/div> <!-- close row --> <\/div><\/p>\n","protected":false},"excerpt":{"rendered":"<p>SAKARYA \u0130L EMN\u0130YET M\u00dcD\u00dcRL\u00dc\u011e\u00dc EK\u0130PLER\u0130NCE GER\u00c7EKLE\u015eT\u0130R\u0130LEN OPERASYONDA HAKKINDA KASTEN ADAM \u00d6LD\u00dcRME VE S\u0130LAHLA TEHD\u0130T SU\u00c7UNDAN 12 YIL 6 AY KES\u0130NLE\u015eM\u0130\u015e HAP\u0130S CEZASI BULUNAN CEZAEV\u0130 F\u0130RAR\u0130S\u0130 O.\u00d6. YAKALANARAK CEZAEV\u0130NE G\u00d6NDER\u0130LD\u0130.<\/p>\n","protected":false},"author":1,"featured_media":51903,"comment_status":"closed","ping_status":"open","sticky":false,"template":"","format":"standard","meta":{"jetpack_post_was_ever_published":false,"_jetpack_newsletter_access":"","_jetpack_dont_email_post_to_subs":false,"_jetpack_newsletter_tier_id":0,"_jetpack_memberships_contains_paywalled_content":false,"_jetpack_memberships_contains_paid_content":false,"footnotes":"","jetpack_publicize_message":"","jetpack_publicize_feature_enabled":true,"jetpack_social_post_already_shared":false,"jetpack_social_options":{"image_generator_settings":{"template":"highway","default_image_id":0,"font":"","enabled":false},"version":2}},"categories":[655],"tags":[1834,1205,3412,17095,970,2200,1804,231],"class_list":["post-51902","post","type-post","status-publish","format-standard","has-post-thumbnail","hentry","category-son-dakika","tag-bulunan","tag-cezasi","tag-hapis","tag-kesinlesmis","tag-sahis","tag-sakaryada","tag-tutuklandi","tag-yil"],"jetpack_publicize_connections":[],"jetpack_featured_media_url":"https:\/\/i0.wp.com\/www.tvturk.com\/wp-content\/uploads\/2019\/02\/sakaryada-12-yil-6-ay-kesinlesmis-hapis-cezasi-bulunan-sahis-tutuklandi_91a404d.jpg?fit=630%2C391","jetpack_sharing_enabled":true,"jetpack_shortlink":"https:\/\/wp.me\/paKIfm-dv8","_links":{"self":[{"href":"http:\/\/www.tvturk.com\/index.php\/wp-json\/wp\/v2\/posts\/51902","targetHints":{"allow":["GET"]}}],"collection":[{"href":"http:\/\/www.tvturk.com\/index.php\/wp-json\/wp\/v2\/posts"}],"about":[{"href":"http:\/\/www.tvturk.com\/index.php\/wp-json\/wp\/v2\/types\/post"}],"author":[{"embeddable":true,"href":"http:\/\/www.tvturk.com\/index.php\/wp-json\/wp\/v2\/users\/1"}],"replies":[{"embeddable":true,"href":"http:\/\/www.tvturk.com\/index.php\/wp-json\/wp\/v2\/comments?post=51902"}],"version-history":[{"count":1,"href":"http:\/\/www.tvturk.com\/index.php\/wp-json\/wp\/v2\/posts\/51902\/revisions"}],"predecessor-version":[{"id":51905,"href":"http:\/\/www.tvturk.com\/index.php\/wp-json\/wp\/v2\/posts\/51902\/revisions\/51905"}],"wp:featuredmedia":[{"embeddable":true,"href":"http:\/\/www.tvturk.com\/index.php\/wp-json\/wp\/v2\/media\/51903"}],"wp:attachment":[{"href":"http:\/\/www.tvturk.com\/index.php\/wp-json\/wp\/v2\/media?parent=51902"}],"wp:term":[{"taxonomy":"category","embeddable":true,"href":"http:\/\/www.tvturk.com\/index.php\/wp-json\/wp\/v2\/categories?post=51902"},{"taxonomy":"post_tag","embeddable":true,"href":"http:\/\/www.tvturk.com\/index.php\/wp-json\/wp\/v2\/tags?post=51902"}],"curies":[{"name":"wp","href":"https:\/\/api.w.org\/{rel}","templated":true}]}}