{"id":51915,"date":"2019-02-20T16:41:12","date_gmt":"2019-02-20T13:41:12","guid":{"rendered":"http:\/\/www.tvturk.com\/index.php\/vali-olmak-isteyen-ogrenciyi-makaminda-agirladi\/"},"modified":"2019-02-20T16:41:12","modified_gmt":"2019-02-20T13:41:12","slug":"vali-olmak-isteyen-ogrenciyi-makaminda-agirladi","status":"publish","type":"post","link":"http:\/\/www.tvturk.com\/index.php\/vali-olmak-isteyen-ogrenciyi-makaminda-agirladi\/","title":{"rendered":"Vali olmak isteyen \u00f6\u011frenciyi makam\u0131nda a\u011f\u0131rlad\u0131"},"content":{"rendered":"<p>Bing\u00f6l\u2019de ileride vali olmak iste\u011fini ifade eden  bir k\u0131z \u00f6\u011frenci, Vali Kadir Ekinci taraf\u0131ndan makam\u0131nda a\u011f\u0131rland\u0131.<\/p>\n<p>Vali Kadir Ekinci, kendisiyle tan\u0131\u015fmak isteyen ve ileride vali olmak istedi\u011fini belirten Cumhuriyet K\u0131z \u0130mam-Hatip Ortaokulu \u00f6\u011frencisi Hayriye Tun\u00e7 ile karde\u015fleri Berra , Sezai  ve anneleri \u015eule Tun\u00e7\u2019u makam\u0131nda kabul etti. Vali Ekinci \u00f6\u011frenci ve ailesi ile yak\u0131nda ilgilenerek, uzun s\u00fcre muhabbet etti.<\/p>\n<p>\u00d6\u011frencilerin gelecekteki mesleki hedefleri ile ilgili bilgi veren Vali Ekinci, daima bir hedefe sahip olmak ve hedefe ula\u015fmak i\u00e7in de istikrarl\u0131 \u00e7al\u0131\u015fmalar yapmak gerekti\u011fini ifade etti.<\/p>\n<p>Ziyaret, \u00f6\u011frencilere \u00e7e\u015fitli hediyelerin verilmesi ve makamda \u00e7ekilen hat\u0131ra foto\u011fraflar\u0131 ile sona erdi.<\/p>\n","protected":false},"excerpt":{"rendered":"<p>B\u0130NG\u00d6L\u2019DE \u0130LER\u0130DE VAL\u0130 OLMAK \u0130STED\u0130\u011e\u0130N\u0130 S\u00d6YLEYEN B\u0130R KIZ \u00d6\u011eRENC\u0130, VAL\u0130 KAD\u0130R EK\u0130NC\u0130 TARAFINDAN MAKAMINDA A\u011eIRLANDI.<\/p>\n","protected":false},"author":1,"featured_media":51916,"comment_status":"closed","ping_status":"open","sticky":false,"template":"","format":"standard","meta":{"jetpack_post_was_ever_published":false,"_jetpack_newsletter_access":"","_jetpack_dont_email_post_to_subs":false,"_jetpack_newsletter_tier_id":0,"_jetpack_memberships_contains_paywalled_content":false,"_jetpack_memberships_contains_paid_content":false,"footnotes":"","jetpack_publicize_message":"","jetpack_publicize_feature_enabled":true,"jetpack_social_post_already_shared":false,"jetpack_social_options":{"image_generator_settings":{"template":"highway","default_image_id":0,"font":"","enabled":false},"version":2}},"categories":[1],"tags":[277,6732,12122,4340,1364,148],"class_list":["post-51915","post","type-post","status-publish","format-standard","has-post-thumbnail","hentry","category-genel","tag-agirladi","tag-isteyen","tag-makaminda","tag-ogrenciyi","tag-olmak","tag-vali"],"jetpack_publicize_connections":[],"jetpack_featured_media_url":"https:\/\/i0.wp.com\/www.tvturk.com\/wp-content\/uploads\/2019\/02\/vali-olmak-isteyen-ogrenciyi-makaminda-agirladi_141f12d.jpg?fit=1000%2C666","jetpack_sharing_enabled":true,"jetpack_shortlink":"https:\/\/wp.me\/paKIfm-dvl","_links":{"self":[{"href":"http:\/\/www.tvturk.com\/index.php\/wp-json\/wp\/v2\/posts\/51915","targetHints":{"allow":["GET"]}}],"collection":[{"href":"http:\/\/www.tvturk.com\/index.php\/wp-json\/wp\/v2\/posts"}],"about":[{"href":"http:\/\/www.tvturk.com\/index.php\/wp-json\/wp\/v2\/types\/post"}],"author":[{"embeddable":true,"href":"http:\/\/www.tvturk.com\/index.php\/wp-json\/wp\/v2\/users\/1"}],"replies":[{"embeddable":true,"href":"http:\/\/www.tvturk.com\/index.php\/wp-json\/wp\/v2\/comments?post=51915"}],"version-history":[{"count":0,"href":"http:\/\/www.tvturk.com\/index.php\/wp-json\/wp\/v2\/posts\/51915\/revisions"}],"wp:featuredmedia":[{"embeddable":true,"href":"http:\/\/www.tvturk.com\/index.php\/wp-json\/wp\/v2\/media\/51916"}],"wp:attachment":[{"href":"http:\/\/www.tvturk.com\/index.php\/wp-json\/wp\/v2\/media?parent=51915"}],"wp:term":[{"taxonomy":"category","embeddable":true,"href":"http:\/\/www.tvturk.com\/index.php\/wp-json\/wp\/v2\/categories?post=51915"},{"taxonomy":"post_tag","embeddable":true,"href":"http:\/\/www.tvturk.com\/index.php\/wp-json\/wp\/v2\/tags?post=51915"}],"curies":[{"name":"wp","href":"https:\/\/api.w.org\/{rel}","templated":true}]}}