{"id":52003,"date":"2019-02-20T17:01:03","date_gmt":"2019-02-20T14:01:03","guid":{"rendered":"http:\/\/www.tvturk.com\/index.php\/yasli-adami-darp-eden-3-kisi-tutuklandi\/"},"modified":"2019-02-20T17:01:03","modified_gmt":"2019-02-20T14:01:03","slug":"yasli-adami-darp-eden-3-kisi-tutuklandi","status":"publish","type":"post","link":"http:\/\/www.tvturk.com\/index.php\/yasli-adami-darp-eden-3-kisi-tutuklandi\/","title":{"rendered":"Ya\u015fl\u0131 adam\u0131 darp eden 3 ki\u015fi tutukland\u0131"},"content":{"rendered":"<p>Samsun\u2019da sokak ortas\u0131nda ya\u015fl\u0131 adam\u0131 darp ederek sol bile\u011finin k\u0131r\u0131lmas\u0131na sebep olan 3 gen\u00e7, polis taraf\u0131ndan yakaland\u0131 ve mahkemece tutukland\u0131.<\/p>\n<p>Olay, Samsun\u2019un \u0130lkad\u0131m il\u00e7esi Lise Caddesi Olgunla\u015fma Kav\u015fa\u011f\u0131\u2019nda 6 g\u00fcn \u00f6nce gece yar\u0131s\u0131 meydana geldi. Edinilen bilgiye g\u00f6re, sald\u0131r\u0131ya u\u011frayarak darp edilen N.T.(67) sol bile\u011finin k\u0131r\u0131lmas\u0131 sonucu hastanelik oldu. Olaydan sonra sald\u0131rganlar ka\u00e7t\u0131. Gazi Polis Merkezi ekipleri olayla ilgili U.G.(21), H.\u015e.(20) ve B.\u0130.\u2019yi (19) g\u00f6zalt\u0131na ald\u0131. Bug\u00fcn Samsun Adliyesine sevk edilen 3 gen\u00e7 \u00e7\u0131kar\u0131ld\u0131klar\u0131 n\u00f6bet\u00e7i mahkemece tutuklanarak Samsun T Tipi Kapal\u0131 Cezaevine g\u00f6nderildi.<\/p>\n","protected":false},"excerpt":{"rendered":"<p>U.G.(21), H.\u015e.(20) VE B.\u0130. (19) MAHKEMECE TUTUKLANDI.<\/p>\n","protected":false},"author":1,"featured_media":52004,"comment_status":"closed","ping_status":"open","sticky":false,"template":"","format":"standard","meta":{"jetpack_post_was_ever_published":false,"_jetpack_newsletter_access":"","_jetpack_dont_email_post_to_subs":false,"_jetpack_newsletter_tier_id":0,"_jetpack_memberships_contains_paywalled_content":false,"_jetpack_memberships_contains_paid_content":false,"footnotes":"","jetpack_publicize_message":"","jetpack_publicize_feature_enabled":true,"jetpack_social_post_already_shared":false,"jetpack_social_options":{"image_generator_settings":{"template":"highway","default_image_id":0,"font":"","enabled":false},"version":2}},"categories":[655],"tags":[433,2510,2393,1012,1804,1051],"class_list":["post-52003","post","type-post","status-publish","format-standard","has-post-thumbnail","hentry","category-son-dakika","tag-adami","tag-darp","tag-eden","tag-kisi","tag-tutuklandi","tag-yasli"],"jetpack_publicize_connections":[],"jetpack_featured_media_url":"https:\/\/i0.wp.com\/www.tvturk.com\/wp-content\/uploads\/2019\/02\/yasli-adami-darp-eden-3-kisi-tutuklandi_972dce6.jpg?fit=1000%2C604","jetpack_sharing_enabled":true,"jetpack_shortlink":"https:\/\/wp.me\/paKIfm-dwL","_links":{"self":[{"href":"http:\/\/www.tvturk.com\/index.php\/wp-json\/wp\/v2\/posts\/52003","targetHints":{"allow":["GET"]}}],"collection":[{"href":"http:\/\/www.tvturk.com\/index.php\/wp-json\/wp\/v2\/posts"}],"about":[{"href":"http:\/\/www.tvturk.com\/index.php\/wp-json\/wp\/v2\/types\/post"}],"author":[{"embeddable":true,"href":"http:\/\/www.tvturk.com\/index.php\/wp-json\/wp\/v2\/users\/1"}],"replies":[{"embeddable":true,"href":"http:\/\/www.tvturk.com\/index.php\/wp-json\/wp\/v2\/comments?post=52003"}],"version-history":[{"count":0,"href":"http:\/\/www.tvturk.com\/index.php\/wp-json\/wp\/v2\/posts\/52003\/revisions"}],"wp:featuredmedia":[{"embeddable":true,"href":"http:\/\/www.tvturk.com\/index.php\/wp-json\/wp\/v2\/media\/52004"}],"wp:attachment":[{"href":"http:\/\/www.tvturk.com\/index.php\/wp-json\/wp\/v2\/media?parent=52003"}],"wp:term":[{"taxonomy":"category","embeddable":true,"href":"http:\/\/www.tvturk.com\/index.php\/wp-json\/wp\/v2\/categories?post=52003"},{"taxonomy":"post_tag","embeddable":true,"href":"http:\/\/www.tvturk.com\/index.php\/wp-json\/wp\/v2\/tags?post=52003"}],"curies":[{"name":"wp","href":"https:\/\/api.w.org\/{rel}","templated":true}]}}