{"id":52250,"date":"2019-02-20T18:40:54","date_gmt":"2019-02-20T15:40:54","guid":{"rendered":"http:\/\/www.tvturk.com\/index.php\/kayip-balikcinin-cesedi-9-gun-sonra-bulundu\/"},"modified":"2019-02-20T18:40:58","modified_gmt":"2019-02-20T15:40:58","slug":"kayip-balikcinin-cesedi-9-gun-sonra-bulundu","status":"publish","type":"post","link":"http:\/\/www.tvturk.com\/index.php\/kayip-balikcinin-cesedi-9-gun-sonra-bulundu\/","title":{"rendered":"Kay\u0131p bal\u0131k\u00e7\u0131n\u0131n cesedi 9 g\u00fcn sonra bulundu"},"content":{"rendered":"<p>Bal\u0131kesir\u2019in Manyas G\u00f6l\u00fc\u2019nde 12 \u015eubat tarihinde bal\u0131k avlamaya \u00e7\u0131kan ve bir daha geri d\u00f6nmeyen bal\u0131k\u00e7\u0131 Birol Day\u0131\u2019n\u0131n (43) cesedine 9 g\u00fcn sonra ula\u015f\u0131ld\u0131.<\/p>\n<p>Jandarma Genel Komutanl\u0131\u011f\u0131 Jandarma Komando \u00d6zel Asayi\u015f ve Kurtarma Tugay Komutanl\u0131\u011f\u0131na ba\u011fl\u0131 Jandarma Arama Kurtarma (JAK) ekipleri, 7 dalg\u0131\u00e7 ve 1 bot, Bal\u0131kesir \u0130l Jandarma Komutanl\u0131\u011f\u0131 devriyeleri,  \u00c7anakkale \u0130l Emniyet M\u00fcd\u00fcrl\u00fc\u011f\u00fc Deniz Polisinden 5 dalg\u0131\u00e7, Bal\u0131kesir \u0130tfaiye M\u00fcd\u00fcrl\u00fc\u011f\u00fcnden 5 dalg\u0131\u00e7 ve 2 bot, Bal\u0131kesir AFAD\u2019tan 4 personel ve 1 bot, Bal\u0131kesir AKUT ve b\u00f6lgedeki bal\u0131k\u00e7\u0131lar\u0131n kat\u0131l\u0131m\u0131yla Manyas G\u00f6l\u00fc ve \u00e7evresinde yap\u0131lan aramalar sonucunda Birol Day\u0131\u2019n\u0131n cesedi bulundu. Kay\u0131p bal\u0131k\u00e7\u0131n\u0131n en son g\u00f6r\u00fcld\u00fc\u011f\u00fc yer olan Hamaml\u0131 Mahallesi a\u00e7\u0131klar\u0131nda batan kay\u0131\u011f\u0131n alt\u0131nda \u00e7amura saplanm\u0131\u015f olarak bulunan Birol Day\u0131\u2019n\u0131n cesedi Kocag\u00f6l bal\u0131k\u00e7\u0131 bar\u0131na\u011f\u0131na oradan da Manyas Devlet Hastanesi morguna kald\u0131r\u0131ld\u0131.<div class=\"tiled-gallery type-rectangular tiled-gallery-unresized\" data-original-width=\"500\" data-carousel-extra='null' itemscope itemtype=\"http:\/\/schema.org\/ImageGallery\" > <div class=\"gallery-row\" style=\"width: 500px; height: 180px;\" data-original-width=\"500\" data-original-height=\"180\" > <div class=\"gallery-group images-1\" style=\"width: 239px; height: 180px;\" data-original-width=\"239\" data-original-height=\"180\" > <div class=\"tiled-gallery-item tiled-gallery-item-small\" itemprop=\"associatedMedia\" itemscope itemtype=\"http:\/\/schema.org\/ImageObject\"> <a href=\"http:\/\/www.tvturk.com\/index.php\/kayip-balikcinin-cesedi-9-gun-sonra-bulundu\/kayip-balikcinin-cesedi-9-gun-sonra-bulundu-3\/\" border=\"0\" itemprop=\"url\"> <meta itemprop=\"width\" content=\"235\"> <meta itemprop=\"height\" content=\"176\"> <img decoding=\"async\" class=\"\" data-attachment-id=\"52252\" data-orig-file=\"http:\/\/www.tvturk.com\/wp-content\/uploads\/2019\/02\/kayip-balikcinin-cesedi-9-gun-sonra-bulundu_208495d.jpg\" data-orig-size=\"1000,750\" data-comments-opened=\"\" data-image-meta=\"{&quot;aperture&quot;:&quot;0&quot;,&quot;credit&quot;:&quot;IHA&quot;,&quot;camera&quot;:&quot;&quot;,&quot;caption&quot;:&quot;BALIKES\\u0130R\\u2019\\u0130N MANYAS G\\u00d6L\\u00dc\\u2019NDE 12 \\u015eUBAT TAR\\u0130H\\u0130NDE BALIK AVLAMAYA \\u00c7IKAN VE B\\u0130R DAHA GER\\u0130 D\\u00d6NMEYEN BALIK\\u00c7I B\\u0130ROL DAYI\\u2019NIN (43) CESED\\u0130NE 9 G\\u00dcN SONRA ULA\\u015eILDI. (S\\u00dcLEYMAN \\u00d6ZAYDIN\\\/BALIKES\\u0130R-\\u0130HA)&quot;,&quot;created_timestamp&quot;:&quot;0&quot;,&quot;copyright&quot;:&quot;\\u0130HLAS HABER AJANSI, www.iha.com.tr&quot;,&quot;focal_length&quot;:&quot;0&quot;,&quot;iso&quot;:&quot;0&quot;,&quot;shutter_speed&quot;:&quot;0&quot;,&quot;title&quot;:&quot;KAYIP BALIK\\u00c7ININ CESED\\u0130 9 G\\u00dcN SONRA BULUNDU&quot;,&quot;orientation&quot;:&quot;0&quot;}\" data-image-title=\"Kay\u0131p bal\u0131k\u00e7\u0131n\u0131n cesedi 9 g\u00fcn sonra bulundu\" data-image-description=\"&lt;p&gt;Kay\u0131p bal\u0131k\u00e7\u0131n\u0131n cesedi 9 g\u00fcn sonra bulundu&lt;\/p&gt; \" data-medium-file=\"https:\/\/i0.wp.com\/www.tvturk.com\/wp-content\/uploads\/2019\/02\/kayip-balikcinin-cesedi-9-gun-sonra-bulundu_208495d.jpg?fit=300%2C225\" data-large-file=\"https:\/\/i0.wp.com\/www.tvturk.com\/wp-content\/uploads\/2019\/02\/kayip-balikcinin-cesedi-9-gun-sonra-bulundu_208495d.jpg?fit=1000%2C750\" src=\"https:\/\/i0.wp.com\/www.tvturk.com\/wp-content\/uploads\/2019\/02\/kayip-balikcinin-cesedi-9-gun-sonra-bulundu_208495d.jpg?w=235&#038;h=176\" srcset=\"https:\/\/i0.wp.com\/www.tvturk.com\/wp-content\/uploads\/2019\/02\/kayip-balikcinin-cesedi-9-gun-sonra-bulundu_208495d.jpg?w=1000 1000w, https:\/\/i0.wp.com\/www.tvturk.com\/wp-content\/uploads\/2019\/02\/kayip-balikcinin-cesedi-9-gun-sonra-bulundu_208495d.jpg?resize=150%2C113 150w, https:\/\/i0.wp.com\/www.tvturk.com\/wp-content\/uploads\/2019\/02\/kayip-balikcinin-cesedi-9-gun-sonra-bulundu_208495d.jpg?resize=300%2C225 300w, https:\/\/i0.wp.com\/www.tvturk.com\/wp-content\/uploads\/2019\/02\/kayip-balikcinin-cesedi-9-gun-sonra-bulundu_208495d.jpg?resize=768%2C576 768w\" width=\"235\" height=\"176\" loading=\"lazy\" data-original-width=\"235\" data-original-height=\"176\" itemprop=\"http:\/\/schema.org\/image\" title=\"Kay\u0131p bal\u0131k\u00e7\u0131n\u0131n cesedi 9 g\u00fcn sonra bulundu\" alt=\"Kay\u0131p bal\u0131k\u00e7\u0131n\u0131n cesedi 9 g\u00fcn sonra bulundu\" style=\"width: 235px; height: 176px;\" \/> <\/a> <\/div> <\/div> <!-- close group --> <div class=\"gallery-group images-1\" style=\"width: 261px; height: 180px;\" data-original-width=\"261\" data-original-height=\"180\" > <div class=\"tiled-gallery-item tiled-gallery-item-large\" itemprop=\"associatedMedia\" itemscope itemtype=\"http:\/\/schema.org\/ImageObject\"> <a href=\"http:\/\/www.tvturk.com\/index.php\/kayip-balikcinin-cesedi-9-gun-sonra-bulundu\/kayip-balikcinin-cesedi-9-gun-sonra-bulundu-4\/\" border=\"0\" itemprop=\"url\"> <meta itemprop=\"width\" content=\"257\"> <meta itemprop=\"height\" content=\"176\"> <img decoding=\"async\" class=\"\" data-attachment-id=\"52253\" data-orig-file=\"http:\/\/www.tvturk.com\/wp-content\/uploads\/2019\/02\/kayip-balikcinin-cesedi-9-gun-sonra-bulundu_e4a3297.jpg\" data-orig-size=\"1000,684\" data-comments-opened=\"\" data-image-meta=\"{&quot;aperture&quot;:&quot;0&quot;,&quot;credit&quot;:&quot;IHA&quot;,&quot;camera&quot;:&quot;&quot;,&quot;caption&quot;:&quot;BALIKES\\u0130R\\u2019\\u0130N MANYAS G\\u00d6L\\u00dc\\u2019NDE 12 \\u015eUBAT TAR\\u0130H\\u0130NDE BALIK AVLAMAYA \\u00c7IKAN VE B\\u0130R DAHA GER\\u0130 D\\u00d6NMEYEN BALIK\\u00c7I B\\u0130ROL DAYI\\u2019NIN (43) CESED\\u0130NE 9 G\\u00dcN SONRA ULA\\u015eILDI. (S\\u00dcLEYMAN \\u00d6ZAYDIN\\\/BALIKES\\u0130R-\\u0130HA)&quot;,&quot;created_timestamp&quot;:&quot;0&quot;,&quot;copyright&quot;:&quot;\\u0130HLAS HABER AJANSI, www.iha.com.tr&quot;,&quot;focal_length&quot;:&quot;0&quot;,&quot;iso&quot;:&quot;0&quot;,&quot;shutter_speed&quot;:&quot;0&quot;,&quot;title&quot;:&quot;KAYIP BALIK\\u00c7ININ CESED\\u0130 9 G\\u00dcN SONRA BULUNDU&quot;,&quot;orientation&quot;:&quot;0&quot;}\" data-image-title=\"Kay\u0131p bal\u0131k\u00e7\u0131n\u0131n cesedi 9 g\u00fcn sonra bulundu\" data-image-description=\"&lt;p&gt;Kay\u0131p bal\u0131k\u00e7\u0131n\u0131n cesedi 9 g\u00fcn sonra bulundu&lt;\/p&gt; \" data-medium-file=\"https:\/\/i0.wp.com\/www.tvturk.com\/wp-content\/uploads\/2019\/02\/kayip-balikcinin-cesedi-9-gun-sonra-bulundu_e4a3297.jpg?fit=300%2C205\" data-large-file=\"https:\/\/i0.wp.com\/www.tvturk.com\/wp-content\/uploads\/2019\/02\/kayip-balikcinin-cesedi-9-gun-sonra-bulundu_e4a3297.jpg?fit=1000%2C684\" src=\"https:\/\/i0.wp.com\/www.tvturk.com\/wp-content\/uploads\/2019\/02\/kayip-balikcinin-cesedi-9-gun-sonra-bulundu_e4a3297.jpg?w=257&#038;h=176\" srcset=\"https:\/\/i0.wp.com\/www.tvturk.com\/wp-content\/uploads\/2019\/02\/kayip-balikcinin-cesedi-9-gun-sonra-bulundu_e4a3297.jpg?w=1000 1000w, https:\/\/i0.wp.com\/www.tvturk.com\/wp-content\/uploads\/2019\/02\/kayip-balikcinin-cesedi-9-gun-sonra-bulundu_e4a3297.jpg?resize=150%2C103 150w, https:\/\/i0.wp.com\/www.tvturk.com\/wp-content\/uploads\/2019\/02\/kayip-balikcinin-cesedi-9-gun-sonra-bulundu_e4a3297.jpg?resize=300%2C205 300w, https:\/\/i0.wp.com\/www.tvturk.com\/wp-content\/uploads\/2019\/02\/kayip-balikcinin-cesedi-9-gun-sonra-bulundu_e4a3297.jpg?resize=768%2C525 768w, https:\/\/i0.wp.com\/www.tvturk.com\/wp-content\/uploads\/2019\/02\/kayip-balikcinin-cesedi-9-gun-sonra-bulundu_e4a3297.jpg?resize=80%2C55 80w\" width=\"257\" height=\"176\" loading=\"lazy\" data-original-width=\"257\" data-original-height=\"176\" itemprop=\"http:\/\/schema.org\/image\" title=\"Kay\u0131p bal\u0131k\u00e7\u0131n\u0131n cesedi 9 g\u00fcn sonra bulundu\" alt=\"Kay\u0131p bal\u0131k\u00e7\u0131n\u0131n cesedi 9 g\u00fcn sonra bulundu\" style=\"width: 257px; height: 176px;\" \/> <\/a> <\/div> <\/div> <!-- close group --> <\/div> <!-- close row --> <div class=\"gallery-row\" style=\"width: 500px; height: 216px;\" data-original-width=\"500\" data-original-height=\"216\" > <div class=\"gallery-group images-1\" style=\"width: 500px; height: 216px;\" data-original-width=\"500\" data-original-height=\"216\" > <div class=\"tiled-gallery-item tiled-gallery-item-large\" itemprop=\"associatedMedia\" itemscope itemtype=\"http:\/\/schema.org\/ImageObject\"> <a href=\"http:\/\/www.tvturk.com\/index.php\/kayip-balikcinin-cesedi-9-gun-sonra-bulundu\/kayip-balikcinin-cesedi-9-gun-sonra-bulundu-5\/\" border=\"0\" itemprop=\"url\"> <meta itemprop=\"width\" content=\"496\"> <meta itemprop=\"height\" content=\"212\"> <img decoding=\"async\" class=\"\" data-attachment-id=\"52254\" data-orig-file=\"http:\/\/www.tvturk.com\/wp-content\/uploads\/2019\/02\/kayip-balikcinin-cesedi-9-gun-sonra-bulundu_5e5f339.jpg\" data-orig-size=\"1000,428\" data-comments-opened=\"\" data-image-meta=\"{&quot;aperture&quot;:&quot;0&quot;,&quot;credit&quot;:&quot;IHA&quot;,&quot;camera&quot;:&quot;&quot;,&quot;caption&quot;:&quot;BALIKES\\u0130R\\u2019\\u0130N MANYAS G\\u00d6L\\u00dc\\u2019NDE 12 \\u015eUBAT TAR\\u0130H\\u0130NDE BALIK AVLAMAYA \\u00c7IKAN VE B\\u0130R DAHA GER\\u0130 D\\u00d6NMEYEN BALIK\\u00c7I B\\u0130ROL DAYI\\u2019NIN (43) CESED\\u0130NE 9 G\\u00dcN SONRA ULA\\u015eILDI. (S\\u00dcLEYMAN \\u00d6ZAYDIN\\\/BALIKES\\u0130R-\\u0130HA)&quot;,&quot;created_timestamp&quot;:&quot;0&quot;,&quot;copyright&quot;:&quot;\\u0130HLAS HABER AJANSI, www.iha.com.tr&quot;,&quot;focal_length&quot;:&quot;0&quot;,&quot;iso&quot;:&quot;0&quot;,&quot;shutter_speed&quot;:&quot;0&quot;,&quot;title&quot;:&quot;KAYIP BALIK\\u00c7ININ CESED\\u0130 9 G\\u00dcN SONRA BULUNDU&quot;,&quot;orientation&quot;:&quot;0&quot;}\" data-image-title=\"Kay\u0131p bal\u0131k\u00e7\u0131n\u0131n cesedi 9 g\u00fcn sonra bulundu\" data-image-description=\"&lt;p&gt;Kay\u0131p bal\u0131k\u00e7\u0131n\u0131n cesedi 9 g\u00fcn sonra bulundu&lt;\/p&gt; \" data-medium-file=\"https:\/\/i0.wp.com\/www.tvturk.com\/wp-content\/uploads\/2019\/02\/kayip-balikcinin-cesedi-9-gun-sonra-bulundu_5e5f339.jpg?fit=300%2C128\" data-large-file=\"https:\/\/i0.wp.com\/www.tvturk.com\/wp-content\/uploads\/2019\/02\/kayip-balikcinin-cesedi-9-gun-sonra-bulundu_5e5f339.jpg?fit=1000%2C428\" src=\"https:\/\/i0.wp.com\/www.tvturk.com\/wp-content\/uploads\/2019\/02\/kayip-balikcinin-cesedi-9-gun-sonra-bulundu_5e5f339.jpg?w=496&#038;h=212\" srcset=\"https:\/\/i0.wp.com\/www.tvturk.com\/wp-content\/uploads\/2019\/02\/kayip-balikcinin-cesedi-9-gun-sonra-bulundu_5e5f339.jpg?w=1000 1000w, https:\/\/i0.wp.com\/www.tvturk.com\/wp-content\/uploads\/2019\/02\/kayip-balikcinin-cesedi-9-gun-sonra-bulundu_5e5f339.jpg?resize=150%2C64 150w, https:\/\/i0.wp.com\/www.tvturk.com\/wp-content\/uploads\/2019\/02\/kayip-balikcinin-cesedi-9-gun-sonra-bulundu_5e5f339.jpg?resize=300%2C128 300w, https:\/\/i0.wp.com\/www.tvturk.com\/wp-content\/uploads\/2019\/02\/kayip-balikcinin-cesedi-9-gun-sonra-bulundu_5e5f339.jpg?resize=768%2C329 768w\" width=\"496\" height=\"212\" loading=\"lazy\" data-original-width=\"496\" data-original-height=\"212\" itemprop=\"http:\/\/schema.org\/image\" title=\"Kay\u0131p bal\u0131k\u00e7\u0131n\u0131n cesedi 9 g\u00fcn sonra bulundu\" alt=\"Kay\u0131p bal\u0131k\u00e7\u0131n\u0131n cesedi 9 g\u00fcn sonra bulundu\" style=\"width: 496px; height: 212px;\" \/> <\/a> <\/div> <\/div> <!-- close group --> <\/div> <!-- close row --> <div class=\"gallery-row\" style=\"width: 500px; height: 321px;\" data-original-width=\"500\" data-original-height=\"321\" > <div class=\"gallery-group images-1\" style=\"width: 242px; height: 321px;\" data-original-width=\"242\" data-original-height=\"321\" > <div class=\"tiled-gallery-item tiled-gallery-item-small\" itemprop=\"associatedMedia\" itemscope itemtype=\"http:\/\/schema.org\/ImageObject\"> <a href=\"http:\/\/www.tvturk.com\/index.php\/kayip-balikcinin-cesedi-9-gun-sonra-bulundu\/kayip-balikcinin-cesedi-9-gun-sonra-bulundu-6\/\" border=\"0\" itemprop=\"url\"> <meta itemprop=\"width\" content=\"238\"> <meta itemprop=\"height\" content=\"317\"> <img decoding=\"async\" class=\"\" data-attachment-id=\"52255\" data-orig-file=\"http:\/\/www.tvturk.com\/wp-content\/uploads\/2019\/02\/kayip-balikcinin-cesedi-9-gun-sonra-bulundu_728d9d4.jpg\" data-orig-size=\"750,1000\" data-comments-opened=\"\" data-image-meta=\"{&quot;aperture&quot;:&quot;0&quot;,&quot;credit&quot;:&quot;IHA&quot;,&quot;camera&quot;:&quot;&quot;,&quot;caption&quot;:&quot;BALIKES\\u0130R\\u2019\\u0130N MANYAS G\\u00d6L\\u00dc\\u2019NDE 12 \\u015eUBAT TAR\\u0130H\\u0130NDE BALIK AVLAMAYA \\u00c7IKAN VE B\\u0130R DAHA GER\\u0130 D\\u00d6NMEYEN BALIK\\u00c7I B\\u0130ROL DAYI\\u2019NIN (43) CESED\\u0130NE 9 G\\u00dcN SONRA ULA\\u015eILDI. (S\\u00dcLEYMAN \\u00d6ZAYDIN\\\/BALIKES\\u0130R-\\u0130HA)&quot;,&quot;created_timestamp&quot;:&quot;0&quot;,&quot;copyright&quot;:&quot;\\u0130HLAS HABER AJANSI, www.iha.com.tr&quot;,&quot;focal_length&quot;:&quot;0&quot;,&quot;iso&quot;:&quot;0&quot;,&quot;shutter_speed&quot;:&quot;0&quot;,&quot;title&quot;:&quot;KAYIP BALIK\\u00c7ININ CESED\\u0130 9 G\\u00dcN SONRA BULUNDU&quot;,&quot;orientation&quot;:&quot;0&quot;}\" data-image-title=\"Kay\u0131p bal\u0131k\u00e7\u0131n\u0131n cesedi 9 g\u00fcn sonra bulundu\" data-image-description=\"&lt;p&gt;Kay\u0131p bal\u0131k\u00e7\u0131n\u0131n cesedi 9 g\u00fcn sonra bulundu&lt;\/p&gt; \" data-medium-file=\"https:\/\/i0.wp.com\/www.tvturk.com\/wp-content\/uploads\/2019\/02\/kayip-balikcinin-cesedi-9-gun-sonra-bulundu_728d9d4.jpg?fit=225%2C300\" data-large-file=\"https:\/\/i0.wp.com\/www.tvturk.com\/wp-content\/uploads\/2019\/02\/kayip-balikcinin-cesedi-9-gun-sonra-bulundu_728d9d4.jpg?fit=750%2C1000\" src=\"https:\/\/i0.wp.com\/www.tvturk.com\/wp-content\/uploads\/2019\/02\/kayip-balikcinin-cesedi-9-gun-sonra-bulundu_728d9d4.jpg?w=238&#038;h=317\" srcset=\"https:\/\/i0.wp.com\/www.tvturk.com\/wp-content\/uploads\/2019\/02\/kayip-balikcinin-cesedi-9-gun-sonra-bulundu_728d9d4.jpg?w=750 750w, https:\/\/i0.wp.com\/www.tvturk.com\/wp-content\/uploads\/2019\/02\/kayip-balikcinin-cesedi-9-gun-sonra-bulundu_728d9d4.jpg?resize=113%2C150 113w, https:\/\/i0.wp.com\/www.tvturk.com\/wp-content\/uploads\/2019\/02\/kayip-balikcinin-cesedi-9-gun-sonra-bulundu_728d9d4.jpg?resize=225%2C300 225w\" width=\"238\" height=\"317\" loading=\"lazy\" data-original-width=\"238\" data-original-height=\"317\" itemprop=\"http:\/\/schema.org\/image\" title=\"Kay\u0131p bal\u0131k\u00e7\u0131n\u0131n cesedi 9 g\u00fcn sonra bulundu\" alt=\"Kay\u0131p bal\u0131k\u00e7\u0131n\u0131n cesedi 9 g\u00fcn sonra bulundu\" style=\"width: 238px; height: 317px;\" \/> <\/a> <\/div> <\/div> <!-- close group --> <div class=\"gallery-group images-1\" style=\"width: 258px; height: 321px;\" data-original-width=\"258\" data-original-height=\"321\" > <div class=\"tiled-gallery-item tiled-gallery-item-large\" itemprop=\"associatedMedia\" itemscope itemtype=\"http:\/\/schema.org\/ImageObject\"> <a href=\"http:\/\/www.tvturk.com\/index.php\/kayip-balikcinin-cesedi-9-gun-sonra-bulundu\/kayip-balikcinin-cesedi-9-gun-sonra-bulundu-7\/\" border=\"0\" itemprop=\"url\"> <meta itemprop=\"width\" content=\"254\"> <meta itemprop=\"height\" content=\"317\"> <img decoding=\"async\" class=\"\" data-attachment-id=\"52256\" data-orig-file=\"http:\/\/www.tvturk.com\/wp-content\/uploads\/2019\/02\/kayip-balikcinin-cesedi-9-gun-sonra-bulundu_162b47c.jpg\" data-orig-size=\"800,1000\" data-comments-opened=\"\" data-image-meta=\"{&quot;aperture&quot;:&quot;0&quot;,&quot;credit&quot;:&quot;IHA&quot;,&quot;camera&quot;:&quot;&quot;,&quot;caption&quot;:&quot;BALIKES\\u0130R\\u2019\\u0130N MANYAS G\\u00d6L\\u00dc\\u2019NDE 12 \\u015eUBAT TAR\\u0130H\\u0130NDE BALIK AVLAMAYA \\u00c7IKAN VE B\\u0130R DAHA GER\\u0130 D\\u00d6NMEYEN BALIK\\u00c7I B\\u0130ROL DAYI\\u2019NIN (43) CESED\\u0130NE 9 G\\u00dcN SONRA ULA\\u015eILDI. (S\\u00dcLEYMAN \\u00d6ZAYDIN\\\/BALIKES\\u0130R-\\u0130HA)&quot;,&quot;created_timestamp&quot;:&quot;0&quot;,&quot;copyright&quot;:&quot;\\u0130HLAS HABER AJANSI, www.iha.com.tr&quot;,&quot;focal_length&quot;:&quot;0&quot;,&quot;iso&quot;:&quot;0&quot;,&quot;shutter_speed&quot;:&quot;0&quot;,&quot;title&quot;:&quot;KAYIP BALIK\\u00c7ININ CESED\\u0130 9 G\\u00dcN SONRA BULUNDU&quot;,&quot;orientation&quot;:&quot;0&quot;}\" data-image-title=\"Kay\u0131p bal\u0131k\u00e7\u0131n\u0131n cesedi 9 g\u00fcn sonra bulundu\" data-image-description=\"&lt;p&gt;Kay\u0131p bal\u0131k\u00e7\u0131n\u0131n cesedi 9 g\u00fcn sonra bulundu&lt;\/p&gt; \" data-medium-file=\"https:\/\/i0.wp.com\/www.tvturk.com\/wp-content\/uploads\/2019\/02\/kayip-balikcinin-cesedi-9-gun-sonra-bulundu_162b47c.jpg?fit=240%2C300\" data-large-file=\"https:\/\/i0.wp.com\/www.tvturk.com\/wp-content\/uploads\/2019\/02\/kayip-balikcinin-cesedi-9-gun-sonra-bulundu_162b47c.jpg?fit=800%2C1000\" src=\"https:\/\/i0.wp.com\/www.tvturk.com\/wp-content\/uploads\/2019\/02\/kayip-balikcinin-cesedi-9-gun-sonra-bulundu_162b47c.jpg?w=254&#038;h=317\" srcset=\"https:\/\/i0.wp.com\/www.tvturk.com\/wp-content\/uploads\/2019\/02\/kayip-balikcinin-cesedi-9-gun-sonra-bulundu_162b47c.jpg?w=800 800w, https:\/\/i0.wp.com\/www.tvturk.com\/wp-content\/uploads\/2019\/02\/kayip-balikcinin-cesedi-9-gun-sonra-bulundu_162b47c.jpg?resize=120%2C150 120w, https:\/\/i0.wp.com\/www.tvturk.com\/wp-content\/uploads\/2019\/02\/kayip-balikcinin-cesedi-9-gun-sonra-bulundu_162b47c.jpg?resize=240%2C300 240w, https:\/\/i0.wp.com\/www.tvturk.com\/wp-content\/uploads\/2019\/02\/kayip-balikcinin-cesedi-9-gun-sonra-bulundu_162b47c.jpg?resize=768%2C960 768w\" width=\"254\" height=\"317\" loading=\"lazy\" data-original-width=\"254\" data-original-height=\"317\" itemprop=\"http:\/\/schema.org\/image\" title=\"Kay\u0131p bal\u0131k\u00e7\u0131n\u0131n cesedi 9 g\u00fcn sonra bulundu\" alt=\"Kay\u0131p bal\u0131k\u00e7\u0131n\u0131n cesedi 9 g\u00fcn sonra bulundu\" style=\"width: 254px; height: 317px;\" \/> <\/a> <\/div> <\/div> <!-- close group --> <\/div> <!-- close row --> <\/div><\/p>\n","protected":false},"excerpt":{"rendered":"<p>BALIKES\u0130R\u2019\u0130N MANYAS G\u00d6L\u00dc\u2019NDE 12 \u015eUBAT TAR\u0130H\u0130NDE BALIK AVLAMAYA \u00c7IKAN VE B\u0130R DAHA GER\u0130 D\u00d6NMEYEN BALIK\u00c7I B\u0130ROL DAYI\u2019NIN (43) CESED\u0130NE 9 G\u00dcN SONRA ULA\u015eILDI.<\/p>\n","protected":false},"author":1,"featured_media":52251,"comment_status":"closed","ping_status":"open","sticky":false,"template":"","format":"standard","meta":{"jetpack_post_was_ever_published":false,"_jetpack_newsletter_access":"","_jetpack_dont_email_post_to_subs":false,"_jetpack_newsletter_tier_id":0,"_jetpack_memberships_contains_paywalled_content":false,"_jetpack_memberships_contains_paid_content":false,"footnotes":"","jetpack_publicize_message":"","jetpack_publicize_feature_enabled":true,"jetpack_social_post_already_shared":false,"jetpack_social_options":{"image_generator_settings":{"template":"highway","default_image_id":0,"font":"","enabled":false},"version":2}},"categories":[655],"tags":[3392,204,1321,2579,952,2022],"class_list":["post-52250","post","type-post","status-publish","format-standard","has-post-thumbnail","hentry","category-son-dakika","tag-balikcinin","tag-bulundu","tag-cesedi","tag-gun","tag-kayip","tag-sonra"],"jetpack_publicize_connections":[],"jetpack_featured_media_url":"https:\/\/i0.wp.com\/www.tvturk.com\/wp-content\/uploads\/2019\/02\/kayip-balikcinin-cesedi-9-gun-sonra-bulundu_e69969d.jpg?fit=1000%2C750","jetpack_sharing_enabled":true,"jetpack_shortlink":"https:\/\/wp.me\/paKIfm-dAK","_links":{"self":[{"href":"http:\/\/www.tvturk.com\/index.php\/wp-json\/wp\/v2\/posts\/52250","targetHints":{"allow":["GET"]}}],"collection":[{"href":"http:\/\/www.tvturk.com\/index.php\/wp-json\/wp\/v2\/posts"}],"about":[{"href":"http:\/\/www.tvturk.com\/index.php\/wp-json\/wp\/v2\/types\/post"}],"author":[{"embeddable":true,"href":"http:\/\/www.tvturk.com\/index.php\/wp-json\/wp\/v2\/users\/1"}],"replies":[{"embeddable":true,"href":"http:\/\/www.tvturk.com\/index.php\/wp-json\/wp\/v2\/comments?post=52250"}],"version-history":[{"count":1,"href":"http:\/\/www.tvturk.com\/index.php\/wp-json\/wp\/v2\/posts\/52250\/revisions"}],"predecessor-version":[{"id":52257,"href":"http:\/\/www.tvturk.com\/index.php\/wp-json\/wp\/v2\/posts\/52250\/revisions\/52257"}],"wp:featuredmedia":[{"embeddable":true,"href":"http:\/\/www.tvturk.com\/index.php\/wp-json\/wp\/v2\/media\/52251"}],"wp:attachment":[{"href":"http:\/\/www.tvturk.com\/index.php\/wp-json\/wp\/v2\/media?parent=52250"}],"wp:term":[{"taxonomy":"category","embeddable":true,"href":"http:\/\/www.tvturk.com\/index.php\/wp-json\/wp\/v2\/categories?post=52250"},{"taxonomy":"post_tag","embeddable":true,"href":"http:\/\/www.tvturk.com\/index.php\/wp-json\/wp\/v2\/tags?post=52250"}],"curies":[{"name":"wp","href":"https:\/\/api.w.org\/{rel}","templated":true}]}}