{"id":52272,"date":"2019-02-20T19:21:09","date_gmt":"2019-02-20T16:21:09","guid":{"rendered":"http:\/\/www.tvturk.com\/index.php\/konyaspor-kayserispor-maci-hazirliklarina-devam-etti\/"},"modified":"2019-02-20T19:21:11","modified_gmt":"2019-02-20T16:21:11","slug":"konyaspor-kayserispor-maci-hazirliklarina-devam-etti","status":"publish","type":"post","link":"http:\/\/www.tvturk.com\/index.php\/konyaspor-kayserispor-maci-hazirliklarina-devam-etti\/","title":{"rendered":"Konyaspor, Kayserispor ma\u00e7\u0131 haz\u0131rl\u0131klar\u0131na devam etti"},"content":{"rendered":"<p>Atiker Konyaspor, 24 \u015eubat Pazar g\u00fcn\u00fc \u0130stikbal Mobilya Kayserispor ile i\u00e7 sahada oynayaca\u011f\u0131 23. hafta ma\u00e7\u0131n\u0131n haz\u0131rl\u0131klar\u0131na devam etti.<\/p>\n<p>Teknik Direkt\u00f6r Aykut Kocaman y\u00f6netiminde Kayac\u0131k Tesisleri\u2019nde yap\u0131lan antrenmana tedavilerine devam edilen \u00d6mer Ali \u015eahiner, Jens Jonsson ve Fallou Diagne kat\u0131lmad\u0131. Antrenmanda Paolo Hurtado tak\u0131mdan ayr\u0131 olarak fizyoterapist Salih K\u0131r\u0131\u015fka y\u00f6netiminde, Selim Ay ise \u00e7al\u0131\u015fman\u0131n tamam\u0131nda tak\u0131mla \u00e7al\u0131\u015ft\u0131. Salonda yap\u0131lan CORE \u0131s\u0131nma ve kuvvet \u00e7al\u0131\u015fmas\u0131 ile ba\u015flayan antrenman sahada \u00e7abukluk hareketleri ve topla oyun ile devam etti. Oyuncular antrenman\u0131 \u00e7ift kale ma\u00e7 ile tamamlad\u0131.<div class=\"tiled-gallery type-rectangular tiled-gallery-unresized\" data-original-width=\"500\" data-carousel-extra='null' itemscope itemtype=\"http:\/\/schema.org\/ImageGallery\" > <div class=\"gallery-row\" style=\"width: 500px; height: 196px;\" data-original-width=\"500\" data-original-height=\"196\" > <div class=\"gallery-group images-1\" style=\"width: 308px; height: 196px;\" data-original-width=\"308\" data-original-height=\"196\" > <div class=\"tiled-gallery-item tiled-gallery-item-large\" itemprop=\"associatedMedia\" itemscope itemtype=\"http:\/\/schema.org\/ImageObject\"> <a href=\"http:\/\/www.tvturk.com\/index.php\/konyaspor-kayserispor-maci-hazirliklarina-devam-etti\/konyaspor-kayserispor-maci-hazirliklarina-devam-etti-3\/\" border=\"0\" itemprop=\"url\"> <meta itemprop=\"width\" content=\"304\"> <meta itemprop=\"height\" content=\"192\"> <img decoding=\"async\" class=\"\" data-attachment-id=\"52274\" data-orig-file=\"http:\/\/www.tvturk.com\/wp-content\/uploads\/2019\/02\/konyaspor-kayserispor-maci-hazirliklarina-devam-etti_ba6f3de.jpg\" data-orig-size=\"1000,632\" data-comments-opened=\"\" data-image-meta=\"{&quot;aperture&quot;:&quot;0&quot;,&quot;credit&quot;:&quot;IHA&quot;,&quot;camera&quot;:&quot;&quot;,&quot;caption&quot;:&quot;AT\\u0130KER KONYASPOR, 24 \\u015eUBAT PAZAR G\\u00dcN\\u00dc \\u0130ST\\u0130KBAL MOB\\u0130LYA KAYSER\\u0130SPOR \\u0130LE \\u0130\\u00c7 SAHADA OYNAYACA\\u011eI 23. HAFTA MA\\u00c7ININ HAZIRLIKLARINA DEVAM ETT\\u0130. (\\u0130HA\\\/KONYA-\\u0130HA)&quot;,&quot;created_timestamp&quot;:&quot;0&quot;,&quot;copyright&quot;:&quot;\\u0130HLAS HABER AJANSI, www.iha.com.tr&quot;,&quot;focal_length&quot;:&quot;0&quot;,&quot;iso&quot;:&quot;0&quot;,&quot;shutter_speed&quot;:&quot;0&quot;,&quot;title&quot;:&quot;KONYASPOR, KAYSER\\u0130SPOR MA\\u00c7I HAZIRLIKLARINA DEVAM ETT\\u0130&quot;,&quot;orientation&quot;:&quot;0&quot;}\" data-image-title=\"Konyaspor, Kayserispor ma\u00e7\u0131 haz\u0131rl\u0131klar\u0131na devam etti\" data-image-description=\"&lt;p&gt;Konyaspor, Kayserispor ma\u00e7\u0131 haz\u0131rl\u0131klar\u0131na devam etti&lt;\/p&gt; \" data-medium-file=\"https:\/\/i0.wp.com\/www.tvturk.com\/wp-content\/uploads\/2019\/02\/konyaspor-kayserispor-maci-hazirliklarina-devam-etti_ba6f3de.jpg?fit=300%2C190\" data-large-file=\"https:\/\/i0.wp.com\/www.tvturk.com\/wp-content\/uploads\/2019\/02\/konyaspor-kayserispor-maci-hazirliklarina-devam-etti_ba6f3de.jpg?fit=1000%2C632\" src=\"https:\/\/i0.wp.com\/www.tvturk.com\/wp-content\/uploads\/2019\/02\/konyaspor-kayserispor-maci-hazirliklarina-devam-etti_ba6f3de.jpg?w=304&#038;h=192\" srcset=\"https:\/\/i0.wp.com\/www.tvturk.com\/wp-content\/uploads\/2019\/02\/konyaspor-kayserispor-maci-hazirliklarina-devam-etti_ba6f3de.jpg?w=1000 1000w, https:\/\/i0.wp.com\/www.tvturk.com\/wp-content\/uploads\/2019\/02\/konyaspor-kayserispor-maci-hazirliklarina-devam-etti_ba6f3de.jpg?resize=150%2C95 150w, https:\/\/i0.wp.com\/www.tvturk.com\/wp-content\/uploads\/2019\/02\/konyaspor-kayserispor-maci-hazirliklarina-devam-etti_ba6f3de.jpg?resize=300%2C190 300w, https:\/\/i0.wp.com\/www.tvturk.com\/wp-content\/uploads\/2019\/02\/konyaspor-kayserispor-maci-hazirliklarina-devam-etti_ba6f3de.jpg?resize=768%2C485 768w, https:\/\/i0.wp.com\/www.tvturk.com\/wp-content\/uploads\/2019\/02\/konyaspor-kayserispor-maci-hazirliklarina-devam-etti_ba6f3de.jpg?resize=460%2C290 460w\" width=\"304\" height=\"192\" loading=\"lazy\" data-original-width=\"304\" data-original-height=\"192\" itemprop=\"http:\/\/schema.org\/image\" title=\"Konyaspor, Kayserispor ma\u00e7\u0131 haz\u0131rl\u0131klar\u0131na devam etti\" alt=\"Konyaspor, Kayserispor ma\u00e7\u0131 haz\u0131rl\u0131klar\u0131na devam etti\" style=\"width: 304px; height: 192px;\" \/> <\/a> <\/div> <\/div> <!-- close group --> <div class=\"gallery-group images-1\" style=\"width: 192px; height: 196px;\" data-original-width=\"192\" data-original-height=\"196\" > <div class=\"tiled-gallery-item tiled-gallery-item-small\" itemprop=\"associatedMedia\" itemscope itemtype=\"http:\/\/schema.org\/ImageObject\"> <a href=\"http:\/\/www.tvturk.com\/index.php\/konyaspor-kayserispor-maci-hazirliklarina-devam-etti\/konyaspor-kayserispor-maci-hazirliklarina-devam-etti-4\/\" border=\"0\" itemprop=\"url\"> <meta itemprop=\"width\" content=\"188\"> <meta itemprop=\"height\" content=\"192\"> <img decoding=\"async\" class=\"\" data-attachment-id=\"52275\" data-orig-file=\"http:\/\/www.tvturk.com\/wp-content\/uploads\/2019\/02\/konyaspor-kayserispor-maci-hazirliklarina-devam-etti_4e5d9b4.jpg\" data-orig-size=\"976,1000\" data-comments-opened=\"\" data-image-meta=\"{&quot;aperture&quot;:&quot;0&quot;,&quot;credit&quot;:&quot;IHA&quot;,&quot;camera&quot;:&quot;&quot;,&quot;caption&quot;:&quot;AT\\u0130KER KONYASPOR, 24 \\u015eUBAT PAZAR G\\u00dcN\\u00dc \\u0130ST\\u0130KBAL MOB\\u0130LYA KAYSER\\u0130SPOR \\u0130LE \\u0130\\u00c7 SAHADA OYNAYACA\\u011eI 23. HAFTA MA\\u00c7ININ HAZIRLIKLARINA DEVAM ETT\\u0130. (\\u0130HA\\\/KONYA-\\u0130HA)&quot;,&quot;created_timestamp&quot;:&quot;0&quot;,&quot;copyright&quot;:&quot;\\u0130HLAS HABER AJANSI, www.iha.com.tr&quot;,&quot;focal_length&quot;:&quot;0&quot;,&quot;iso&quot;:&quot;0&quot;,&quot;shutter_speed&quot;:&quot;0&quot;,&quot;title&quot;:&quot;KONYASPOR, KAYSER\\u0130SPOR MA\\u00c7I HAZIRLIKLARINA DEVAM ETT\\u0130&quot;,&quot;orientation&quot;:&quot;0&quot;}\" data-image-title=\"Konyaspor, Kayserispor ma\u00e7\u0131 haz\u0131rl\u0131klar\u0131na devam etti\" data-image-description=\"&lt;p&gt;Konyaspor, Kayserispor ma\u00e7\u0131 haz\u0131rl\u0131klar\u0131na devam etti&lt;\/p&gt; \" data-medium-file=\"https:\/\/i0.wp.com\/www.tvturk.com\/wp-content\/uploads\/2019\/02\/konyaspor-kayserispor-maci-hazirliklarina-devam-etti_4e5d9b4.jpg?fit=293%2C300\" data-large-file=\"https:\/\/i0.wp.com\/www.tvturk.com\/wp-content\/uploads\/2019\/02\/konyaspor-kayserispor-maci-hazirliklarina-devam-etti_4e5d9b4.jpg?fit=976%2C1000\" src=\"https:\/\/i0.wp.com\/www.tvturk.com\/wp-content\/uploads\/2019\/02\/konyaspor-kayserispor-maci-hazirliklarina-devam-etti_4e5d9b4.jpg?w=188&#038;h=192\" srcset=\"https:\/\/i0.wp.com\/www.tvturk.com\/wp-content\/uploads\/2019\/02\/konyaspor-kayserispor-maci-hazirliklarina-devam-etti_4e5d9b4.jpg?w=976 976w, https:\/\/i0.wp.com\/www.tvturk.com\/wp-content\/uploads\/2019\/02\/konyaspor-kayserispor-maci-hazirliklarina-devam-etti_4e5d9b4.jpg?resize=146%2C150 146w, https:\/\/i0.wp.com\/www.tvturk.com\/wp-content\/uploads\/2019\/02\/konyaspor-kayserispor-maci-hazirliklarina-devam-etti_4e5d9b4.jpg?resize=293%2C300 293w, https:\/\/i0.wp.com\/www.tvturk.com\/wp-content\/uploads\/2019\/02\/konyaspor-kayserispor-maci-hazirliklarina-devam-etti_4e5d9b4.jpg?resize=768%2C787 768w\" width=\"188\" height=\"192\" loading=\"lazy\" data-original-width=\"188\" data-original-height=\"192\" itemprop=\"http:\/\/schema.org\/image\" title=\"Konyaspor, Kayserispor ma\u00e7\u0131 haz\u0131rl\u0131klar\u0131na devam etti\" alt=\"Konyaspor, Kayserispor ma\u00e7\u0131 haz\u0131rl\u0131klar\u0131na devam etti\" style=\"width: 188px; height: 192px;\" \/> <\/a> <\/div> <\/div> <!-- close group --> <\/div> <!-- close row --> <\/div><\/p>\n","protected":false},"excerpt":{"rendered":"<p>AT\u0130KER KONYASPOR, 24 \u015eUBAT PAZAR G\u00dcN\u00dc \u0130ST\u0130KBAL MOB\u0130LYA KAYSER\u0130SPOR \u0130LE \u0130\u00c7 SAHADA OYNAYACA\u011eI 23. HAFTA MA\u00c7ININ HAZIRLIKLARINA DEVAM ETT\u0130.<\/p>\n","protected":false},"author":1,"featured_media":52273,"comment_status":"closed","ping_status":"open","sticky":false,"template":"","format":"standard","meta":{"jetpack_post_was_ever_published":false,"_jetpack_newsletter_access":"","_jetpack_dont_email_post_to_subs":false,"_jetpack_newsletter_tier_id":0,"_jetpack_memberships_contains_paywalled_content":false,"_jetpack_memberships_contains_paid_content":false,"footnotes":"","jetpack_publicize_message":"","jetpack_publicize_feature_enabled":true,"jetpack_social_post_already_shared":false,"jetpack_social_options":{"image_generator_settings":{"template":"highway","default_image_id":0,"font":"","enabled":false},"version":2}},"categories":[657],"tags":[522,207,778,2627,3505,777],"class_list":["post-52272","post","type-post","status-publish","format-standard","has-post-thumbnail","hentry","category-spor","tag-devam","tag-etti","tag-hazirliklarina","tag-kayserispor","tag-konyaspor","tag-maci"],"jetpack_publicize_connections":[],"jetpack_featured_media_url":"https:\/\/i0.wp.com\/www.tvturk.com\/wp-content\/uploads\/2019\/02\/konyaspor-kayserispor-maci-hazirliklarina-devam-etti_07a948f.jpg?fit=1000%2C698","jetpack_sharing_enabled":true,"jetpack_shortlink":"https:\/\/wp.me\/paKIfm-dB6","_links":{"self":[{"href":"http:\/\/www.tvturk.com\/index.php\/wp-json\/wp\/v2\/posts\/52272","targetHints":{"allow":["GET"]}}],"collection":[{"href":"http:\/\/www.tvturk.com\/index.php\/wp-json\/wp\/v2\/posts"}],"about":[{"href":"http:\/\/www.tvturk.com\/index.php\/wp-json\/wp\/v2\/types\/post"}],"author":[{"embeddable":true,"href":"http:\/\/www.tvturk.com\/index.php\/wp-json\/wp\/v2\/users\/1"}],"replies":[{"embeddable":true,"href":"http:\/\/www.tvturk.com\/index.php\/wp-json\/wp\/v2\/comments?post=52272"}],"version-history":[{"count":1,"href":"http:\/\/www.tvturk.com\/index.php\/wp-json\/wp\/v2\/posts\/52272\/revisions"}],"predecessor-version":[{"id":52276,"href":"http:\/\/www.tvturk.com\/index.php\/wp-json\/wp\/v2\/posts\/52272\/revisions\/52276"}],"wp:featuredmedia":[{"embeddable":true,"href":"http:\/\/www.tvturk.com\/index.php\/wp-json\/wp\/v2\/media\/52273"}],"wp:attachment":[{"href":"http:\/\/www.tvturk.com\/index.php\/wp-json\/wp\/v2\/media?parent=52272"}],"wp:term":[{"taxonomy":"category","embeddable":true,"href":"http:\/\/www.tvturk.com\/index.php\/wp-json\/wp\/v2\/categories?post=52272"},{"taxonomy":"post_tag","embeddable":true,"href":"http:\/\/www.tvturk.com\/index.php\/wp-json\/wp\/v2\/tags?post=52272"}],"curies":[{"name":"wp","href":"https:\/\/api.w.org\/{rel}","templated":true}]}}