{"id":52403,"date":"2019-02-20T23:31:06","date_gmt":"2019-02-20T20:31:06","guid":{"rendered":"http:\/\/www.tvturk.com\/index.php\/malatyada-eski-halk-egitim-merkezinde-yangin\/"},"modified":"2019-02-20T23:31:07","modified_gmt":"2019-02-20T20:31:07","slug":"malatyada-eski-halk-egitim-merkezinde-yangin","status":"publish","type":"post","link":"http:\/\/www.tvturk.com\/index.php\/malatyada-eski-halk-egitim-merkezinde-yangin\/","title":{"rendered":"Malatya\u2019da eski Halk E\u011fitim Merkezi\u2019nde yang\u0131n"},"content":{"rendered":"<p>Malatya\u2019da eski Halk E\u011fitim Merkezi\u2019nde meydana gelen yang\u0131n itfaiye ekiplerince s\u00f6nd\u00fcr\u00fcld\u00fc.<\/p>\n<p>Olay, Battalgazi il\u00e7esine ba\u011fl\u0131 Sel\u00e7uklu Mahallesi\u2019nde meydana geldi. Edinilen bilgilere g\u00f6re, K\u00f6pr\u00fc A\u011fz\u0131 Caddesi \u00fczerinde bulunan eski Halk E\u011fitim Merkezi\u2019nde hen\u00fcz \u00f6\u011frenilemeyen bir nedenden dolay\u0131 yang\u0131n \u00e7\u0131kt\u0131. Y\u00fckselen dumanlar\u0131 g\u00f6ren \u00e7evredeki vatanda\u015flar durumu hemen itfaiye ekiplerine bildirdi. \u0130hbar \u00fczerine olay yerine \u00e7ok say\u0131da itfaiye ekibi sevk edildi.<\/p>\n<p>Binada kimsenin olmad\u0131\u011f\u0131 s\u0131rada meydana gelen yang\u0131na merdivenli ara\u00e7 yard\u0131m\u0131 ile d\u0131\u015far\u0131dan m\u00fcdahale edilirken ekipler yang\u0131n\u0131 kontrol alt\u0131na al\u0131nd\u0131.<\/p>\n<p>Can kayb\u0131n\u0131n ya\u015fanmad\u0131\u011f\u0131 yang\u0131nda binada maddi hasar meydana geldi.<div class=\"tiled-gallery type-rectangular tiled-gallery-unresized\" data-original-width=\"500\" data-carousel-extra='null' itemscope itemtype=\"http:\/\/schema.org\/ImageGallery\" > <div class=\"gallery-row\" style=\"width: 500px; height: 887px;\" data-original-width=\"500\" data-original-height=\"887\" > <div class=\"gallery-group images-1\" style=\"width: 500px; height: 887px;\" data-original-width=\"500\" data-original-height=\"887\" > <div class=\"tiled-gallery-item tiled-gallery-item-large\" itemprop=\"associatedMedia\" itemscope itemtype=\"http:\/\/schema.org\/ImageObject\"> <a href=\"http:\/\/www.tvturk.com\/index.php\/malatyada-eski-halk-egitim-merkezinde-yangin\/malatyada-eski-halk-egitim-merkezinde-yangin-3\/\" border=\"0\" itemprop=\"url\"> <meta itemprop=\"width\" content=\"496\"> <meta itemprop=\"height\" content=\"883\"> <img decoding=\"async\" class=\"\" data-attachment-id=\"52405\" data-orig-file=\"http:\/\/www.tvturk.com\/wp-content\/uploads\/2019\/02\/malatyada-eski-halk-egitim-merkezinde-yangin_90d88e4.jpg\" data-orig-size=\"562,1000\" data-comments-opened=\"\" data-image-meta=\"{&quot;aperture&quot;:&quot;0&quot;,&quot;credit&quot;:&quot;IHA&quot;,&quot;camera&quot;:&quot;&quot;,&quot;caption&quot;:&quot;MALATYA\\u0027DA ESK\\u0130 HALK E\\u011e\\u0130T\\u0130M MERKEZ\\u0130\\u0027NDE MEYDANA GELEN YANGIN \\u0130TFA\\u0130YE EK\\u0130PLER\\u0130NCE S\\u00d6ND\\u00dcR\\u00dcLD\\u00dc. (HASAN ERYILMAZ\\\/MALATYA-\\u0130HA)&quot;,&quot;created_timestamp&quot;:&quot;0&quot;,&quot;copyright&quot;:&quot;\\u0130HLAS HABER AJANSI, www.iha.com.tr&quot;,&quot;focal_length&quot;:&quot;0&quot;,&quot;iso&quot;:&quot;0&quot;,&quot;shutter_speed&quot;:&quot;0&quot;,&quot;title&quot;:&quot;MALATYA\\u0027DA ESK\\u0130 HALK E\\u011e\\u0130T\\u0130M MERKEZ\\u0130\\u0027NDE YANGIN&quot;,&quot;orientation&quot;:&quot;0&quot;}\" data-image-title=\"Malatya\u2019da eski Halk E\u011fitim Merkezi\u2019nde yang\u0131n\" data-image-description=\"&lt;p&gt;Malatya\u2019da eski Halk E\u011fitim Merkezi\u2019nde yang\u0131n&lt;\/p&gt; \" data-medium-file=\"https:\/\/i0.wp.com\/www.tvturk.com\/wp-content\/uploads\/2019\/02\/malatyada-eski-halk-egitim-merkezinde-yangin_90d88e4.jpg?fit=169%2C300\" data-large-file=\"https:\/\/i0.wp.com\/www.tvturk.com\/wp-content\/uploads\/2019\/02\/malatyada-eski-halk-egitim-merkezinde-yangin_90d88e4.jpg?fit=562%2C1000\" src=\"https:\/\/i0.wp.com\/www.tvturk.com\/wp-content\/uploads\/2019\/02\/malatyada-eski-halk-egitim-merkezinde-yangin_90d88e4.jpg?w=496&#038;h=883\" srcset=\"https:\/\/i0.wp.com\/www.tvturk.com\/wp-content\/uploads\/2019\/02\/malatyada-eski-halk-egitim-merkezinde-yangin_90d88e4.jpg?w=562 562w, https:\/\/i0.wp.com\/www.tvturk.com\/wp-content\/uploads\/2019\/02\/malatyada-eski-halk-egitim-merkezinde-yangin_90d88e4.jpg?resize=84%2C150 84w, https:\/\/i0.wp.com\/www.tvturk.com\/wp-content\/uploads\/2019\/02\/malatyada-eski-halk-egitim-merkezinde-yangin_90d88e4.jpg?resize=169%2C300 169w\" width=\"496\" height=\"883\" loading=\"lazy\" data-original-width=\"496\" data-original-height=\"883\" itemprop=\"http:\/\/schema.org\/image\" title=\"Malatya\u2019da eski Halk E\u011fitim Merkezi\u2019nde yang\u0131n\" alt=\"Malatya\u2019da eski Halk E\u011fitim Merkezi\u2019nde yang\u0131n\" style=\"width: 496px; height: 883px;\" \/> <\/a> <\/div> <\/div> <!-- close group --> <\/div> <!-- close row --> <\/div><\/p>\n","protected":false},"excerpt":{"rendered":"<p>MALATYA&#8217;DA ESK\u0130 HALK E\u011e\u0130T\u0130M MERKEZ\u0130&#8217;NDE MEYDANA GELEN YANGIN \u0130TFA\u0130YE EK\u0130PLER\u0130NCE S\u00d6ND\u00dcR\u00dcLD\u00dc.<\/p>\n","protected":false},"author":1,"featured_media":52404,"comment_status":"closed","ping_status":"open","sticky":false,"template":"","format":"standard","meta":{"jetpack_post_was_ever_published":false,"_jetpack_newsletter_access":"","_jetpack_dont_email_post_to_subs":false,"_jetpack_newsletter_tier_id":0,"_jetpack_memberships_contains_paywalled_content":false,"_jetpack_memberships_contains_paid_content":false,"footnotes":"","jetpack_publicize_message":"","jetpack_publicize_feature_enabled":true,"jetpack_social_post_already_shared":false,"jetpack_social_options":{"image_generator_settings":{"template":"highway","default_image_id":0,"font":"","enabled":false},"version":2}},"categories":[655],"tags":[398,1123,1933,2883,1934,1617],"class_list":["post-52403","post","type-post","status-publish","format-standard","has-post-thumbnail","hentry","category-son-dakika","tag-egitim","tag-eski","tag-halk","tag-malatyada","tag-merkezinde","tag-yangin"],"jetpack_publicize_connections":[],"jetpack_featured_media_url":"https:\/\/i0.wp.com\/www.tvturk.com\/wp-content\/uploads\/2019\/02\/malatyada-eski-halk-egitim-merkezinde-yangin_a1f2b5e.jpg?fit=750%2C1000","jetpack_sharing_enabled":true,"jetpack_shortlink":"https:\/\/wp.me\/paKIfm-dDd","_links":{"self":[{"href":"http:\/\/www.tvturk.com\/index.php\/wp-json\/wp\/v2\/posts\/52403","targetHints":{"allow":["GET"]}}],"collection":[{"href":"http:\/\/www.tvturk.com\/index.php\/wp-json\/wp\/v2\/posts"}],"about":[{"href":"http:\/\/www.tvturk.com\/index.php\/wp-json\/wp\/v2\/types\/post"}],"author":[{"embeddable":true,"href":"http:\/\/www.tvturk.com\/index.php\/wp-json\/wp\/v2\/users\/1"}],"replies":[{"embeddable":true,"href":"http:\/\/www.tvturk.com\/index.php\/wp-json\/wp\/v2\/comments?post=52403"}],"version-history":[{"count":1,"href":"http:\/\/www.tvturk.com\/index.php\/wp-json\/wp\/v2\/posts\/52403\/revisions"}],"predecessor-version":[{"id":52406,"href":"http:\/\/www.tvturk.com\/index.php\/wp-json\/wp\/v2\/posts\/52403\/revisions\/52406"}],"wp:featuredmedia":[{"embeddable":true,"href":"http:\/\/www.tvturk.com\/index.php\/wp-json\/wp\/v2\/media\/52404"}],"wp:attachment":[{"href":"http:\/\/www.tvturk.com\/index.php\/wp-json\/wp\/v2\/media?parent=52403"}],"wp:term":[{"taxonomy":"category","embeddable":true,"href":"http:\/\/www.tvturk.com\/index.php\/wp-json\/wp\/v2\/categories?post=52403"},{"taxonomy":"post_tag","embeddable":true,"href":"http:\/\/www.tvturk.com\/index.php\/wp-json\/wp\/v2\/tags?post=52403"}],"curies":[{"name":"wp","href":"https:\/\/api.w.org\/{rel}","templated":true}]}}