{"id":52459,"date":"2019-02-21T01:10:54","date_gmt":"2019-02-20T22:10:54","guid":{"rendered":"http:\/\/www.tvturk.com\/index.php\/depremden-korkan-vatandaslar-geceyi-disarida-geciriyor\/"},"modified":"2019-02-21T01:10:56","modified_gmt":"2019-02-20T22:10:56","slug":"depremden-korkan-vatandaslar-geceyi-disarida-geciriyor","status":"publish","type":"post","link":"http:\/\/www.tvturk.com\/index.php\/depremden-korkan-vatandaslar-geceyi-disarida-geciriyor\/","title":{"rendered":"Depremden korkan vatanda\u015flar geceyi d\u0131\u015far\u0131da ge\u00e7iriyor"},"content":{"rendered":"<p>\u00c7anakkale Ayvac\u0131k\u2019ta meydana gelen 5.0 b\u00fcy\u00fckl\u00fc\u011f\u00fcndeki deprem nedeniyle korkan vatanda\u015flar geceyi ate\u015f ba\u015f\u0131nda sokakta ge\u00e7iriyor.<\/p>\n<p>Afet ve Acil Durum Y\u00f6netimi Ba\u015fkanl\u0131\u011f\u0131ndan (AFAD) al\u0131nan bilgiye g\u00f6re, saat 21.23\u2019de merkez \u00fcss\u00fc \u00c7anakkale\u2019nin Ayvac\u0131k il\u00e7esi olan 5.0 b\u00fcy\u00fckl\u00fc\u011f\u00fcnde bir deprem meydana geldi. Ayvac\u0131k\u2019\u0131n Kayalar k\u00f6y\u00fcnde ya\u015fayan vatanda\u015flar depremde olu\u015fan sars\u0131nt\u0131 nedeniyle b\u00fcy\u00fck panik ya\u015fad\u0131. Korku dolun anlar ya\u015fayan k\u00f6y sakinleri geceyi ate\u015f yakarak sokakta ge\u00e7irmeye karar verdi.<\/p>\n<p>Geceyi sokakta ate\u015f ba\u015f\u0131nda ge\u00e7iren k\u00f6y sakinleri ya\u015fanan depremin ge\u00e7en y\u0131lki depremden daha etkili oldu\u011funu ifade etti<div class=\"tiled-gallery type-rectangular tiled-gallery-unresized\" data-original-width=\"500\" data-carousel-extra='null' itemscope itemtype=\"http:\/\/schema.org\/ImageGallery\" > <div class=\"gallery-row\" style=\"width: 500px; height: 189px;\" data-original-width=\"500\" data-original-height=\"189\" > <div class=\"gallery-group images-1\" style=\"width: 250px; height: 189px;\" data-original-width=\"250\" data-original-height=\"189\" > <div class=\"tiled-gallery-item tiled-gallery-item-small\" itemprop=\"associatedMedia\" itemscope itemtype=\"http:\/\/schema.org\/ImageObject\"> <a href=\"http:\/\/www.tvturk.com\/index.php\/depremden-korkan-vatandaslar-geceyi-disarida-geciriyor\/depremden-korkan-vatandaslar-geceyi-disarida-geciriyor-3\/\" border=\"0\" itemprop=\"url\"> <meta itemprop=\"width\" content=\"246\"> <meta itemprop=\"height\" content=\"185\"> <img decoding=\"async\" class=\"\" data-attachment-id=\"52461\" data-orig-file=\"http:\/\/www.tvturk.com\/wp-content\/uploads\/2019\/02\/depremden-korkan-vatandaslar-geceyi-disarida-geciriyor_0132373.jpg\" data-orig-size=\"1000,750\" data-comments-opened=\"\" data-image-meta=\"{&quot;aperture&quot;:&quot;0&quot;,&quot;credit&quot;:&quot;IHA&quot;,&quot;camera&quot;:&quot;&quot;,&quot;caption&quot;:&quot;\\u00c7ANAKKALE AYVACIK\\u0027TA MEYDANA GELEN 5.0 B\\u00dcY\\u00dcKL\\u00dc\\u011e\\u00dcNDEK\\u0130 DEPREM NEDEN\\u0130YLE KORKAN VATANDA\\u015eLAR GECEY\\u0130 ATE\\u015e BA\\u015eINDA SOKAKTA GE\\u00c7\\u0130R\\u0130YOR. (\\u0130HA\\\/\\u00c7ANAKKALE-\\u0130HA)&quot;,&quot;created_timestamp&quot;:&quot;0&quot;,&quot;copyright&quot;:&quot;\\u0130HLAS HABER AJANSI, www.iha.com.tr&quot;,&quot;focal_length&quot;:&quot;0&quot;,&quot;iso&quot;:&quot;0&quot;,&quot;shutter_speed&quot;:&quot;0&quot;,&quot;title&quot;:&quot;DEPREMDEN KORKAN VATANDA\\u015eLAR GECEY\\u0130 DI\\u015eARIDA GE\\u00c7\\u0130R\\u0130YOR&quot;,&quot;orientation&quot;:&quot;0&quot;}\" data-image-title=\"Depremden korkan vatanda\u015flar geceyi d\u0131\u015far\u0131da ge\u00e7iriyor\" data-image-description=\"&lt;p&gt;Depremden korkan vatanda\u015flar geceyi d\u0131\u015far\u0131da ge\u00e7iriyor&lt;\/p&gt; \" data-medium-file=\"https:\/\/i0.wp.com\/www.tvturk.com\/wp-content\/uploads\/2019\/02\/depremden-korkan-vatandaslar-geceyi-disarida-geciriyor_0132373.jpg?fit=300%2C225\" data-large-file=\"https:\/\/i0.wp.com\/www.tvturk.com\/wp-content\/uploads\/2019\/02\/depremden-korkan-vatandaslar-geceyi-disarida-geciriyor_0132373.jpg?fit=1000%2C750\" src=\"https:\/\/i0.wp.com\/www.tvturk.com\/wp-content\/uploads\/2019\/02\/depremden-korkan-vatandaslar-geceyi-disarida-geciriyor_0132373.jpg?w=246&#038;h=185\" srcset=\"https:\/\/i0.wp.com\/www.tvturk.com\/wp-content\/uploads\/2019\/02\/depremden-korkan-vatandaslar-geceyi-disarida-geciriyor_0132373.jpg?w=1000 1000w, https:\/\/i0.wp.com\/www.tvturk.com\/wp-content\/uploads\/2019\/02\/depremden-korkan-vatandaslar-geceyi-disarida-geciriyor_0132373.jpg?resize=150%2C113 150w, https:\/\/i0.wp.com\/www.tvturk.com\/wp-content\/uploads\/2019\/02\/depremden-korkan-vatandaslar-geceyi-disarida-geciriyor_0132373.jpg?resize=300%2C225 300w, https:\/\/i0.wp.com\/www.tvturk.com\/wp-content\/uploads\/2019\/02\/depremden-korkan-vatandaslar-geceyi-disarida-geciriyor_0132373.jpg?resize=768%2C576 768w\" width=\"246\" height=\"185\" loading=\"lazy\" data-original-width=\"246\" data-original-height=\"185\" itemprop=\"http:\/\/schema.org\/image\" title=\"Depremden korkan vatanda\u015flar geceyi d\u0131\u015far\u0131da ge\u00e7iriyor\" alt=\"Depremden korkan vatanda\u015flar geceyi d\u0131\u015far\u0131da ge\u00e7iriyor\" style=\"width: 246px; height: 185px;\" \/> <\/a> <\/div> <\/div> <!-- close group --> <div class=\"gallery-group images-1\" style=\"width: 250px; height: 189px;\" data-original-width=\"250\" data-original-height=\"189\" > <div class=\"tiled-gallery-item tiled-gallery-item-small\" itemprop=\"associatedMedia\" itemscope itemtype=\"http:\/\/schema.org\/ImageObject\"> <a href=\"http:\/\/www.tvturk.com\/index.php\/depremden-korkan-vatandaslar-geceyi-disarida-geciriyor\/depremden-korkan-vatandaslar-geceyi-disarida-geciriyor-4\/\" border=\"0\" itemprop=\"url\"> <meta itemprop=\"width\" content=\"246\"> <meta itemprop=\"height\" content=\"185\"> <img decoding=\"async\" class=\"\" data-attachment-id=\"52462\" data-orig-file=\"http:\/\/www.tvturk.com\/wp-content\/uploads\/2019\/02\/depremden-korkan-vatandaslar-geceyi-disarida-geciriyor_8ccb37d.jpg\" data-orig-size=\"1000,750\" data-comments-opened=\"\" data-image-meta=\"{&quot;aperture&quot;:&quot;0&quot;,&quot;credit&quot;:&quot;IHA&quot;,&quot;camera&quot;:&quot;&quot;,&quot;caption&quot;:&quot;\\u00c7ANAKKALE AYVACIK\\u0027TA MEYDANA GELEN 5.0 B\\u00dcY\\u00dcKL\\u00dc\\u011e\\u00dcNDEK\\u0130 DEPREM NEDEN\\u0130YLE KORKAN VATANDA\\u015eLAR GECEY\\u0130 ATE\\u015e BA\\u015eINDA SOKAKTA GE\\u00c7\\u0130R\\u0130YOR. (\\u0130HA\\\/\\u00c7ANAKKALE-\\u0130HA)&quot;,&quot;created_timestamp&quot;:&quot;0&quot;,&quot;copyright&quot;:&quot;\\u0130HLAS HABER AJANSI, www.iha.com.tr&quot;,&quot;focal_length&quot;:&quot;0&quot;,&quot;iso&quot;:&quot;0&quot;,&quot;shutter_speed&quot;:&quot;0&quot;,&quot;title&quot;:&quot;DEPREMDEN KORKAN VATANDA\\u015eLAR GECEY\\u0130 DI\\u015eARIDA GE\\u00c7\\u0130R\\u0130YOR&quot;,&quot;orientation&quot;:&quot;0&quot;}\" data-image-title=\"Depremden korkan vatanda\u015flar geceyi d\u0131\u015far\u0131da ge\u00e7iriyor\" data-image-description=\"&lt;p&gt;Depremden korkan vatanda\u015flar geceyi d\u0131\u015far\u0131da ge\u00e7iriyor&lt;\/p&gt; \" data-medium-file=\"https:\/\/i0.wp.com\/www.tvturk.com\/wp-content\/uploads\/2019\/02\/depremden-korkan-vatandaslar-geceyi-disarida-geciriyor_8ccb37d.jpg?fit=300%2C225\" data-large-file=\"https:\/\/i0.wp.com\/www.tvturk.com\/wp-content\/uploads\/2019\/02\/depremden-korkan-vatandaslar-geceyi-disarida-geciriyor_8ccb37d.jpg?fit=1000%2C750\" src=\"https:\/\/i0.wp.com\/www.tvturk.com\/wp-content\/uploads\/2019\/02\/depremden-korkan-vatandaslar-geceyi-disarida-geciriyor_8ccb37d.jpg?w=246&#038;h=185\" srcset=\"https:\/\/i0.wp.com\/www.tvturk.com\/wp-content\/uploads\/2019\/02\/depremden-korkan-vatandaslar-geceyi-disarida-geciriyor_8ccb37d.jpg?w=1000 1000w, https:\/\/i0.wp.com\/www.tvturk.com\/wp-content\/uploads\/2019\/02\/depremden-korkan-vatandaslar-geceyi-disarida-geciriyor_8ccb37d.jpg?resize=150%2C113 150w, https:\/\/i0.wp.com\/www.tvturk.com\/wp-content\/uploads\/2019\/02\/depremden-korkan-vatandaslar-geceyi-disarida-geciriyor_8ccb37d.jpg?resize=300%2C225 300w, https:\/\/i0.wp.com\/www.tvturk.com\/wp-content\/uploads\/2019\/02\/depremden-korkan-vatandaslar-geceyi-disarida-geciriyor_8ccb37d.jpg?resize=768%2C576 768w\" width=\"246\" height=\"185\" loading=\"lazy\" data-original-width=\"246\" data-original-height=\"185\" itemprop=\"http:\/\/schema.org\/image\" title=\"Depremden korkan vatanda\u015flar geceyi d\u0131\u015far\u0131da ge\u00e7iriyor\" alt=\"Depremden korkan vatanda\u015flar geceyi d\u0131\u015far\u0131da ge\u00e7iriyor\" style=\"width: 246px; height: 185px;\" \/> <\/a> <\/div> <\/div> <!-- close group --> <\/div> <!-- close row --> <\/div><\/p>\n","protected":false},"excerpt":{"rendered":"<p>\u00c7ANAKKALE AYVACIK&#8217;TA MEYDANA GELEN 5.0 B\u00dcY\u00dcKL\u00dc\u011e\u00dcNDEK\u0130 DEPREM NEDEN\u0130YLE KORKAN VATANDA\u015eLAR GECEY\u0130 ATE\u015e BA\u015eINDA SOKAKTA GE\u00c7\u0130R\u0130YOR.<\/p>\n","protected":false},"author":1,"featured_media":52460,"comment_status":"closed","ping_status":"open","sticky":false,"template":"","format":"standard","meta":{"jetpack_post_was_ever_published":false,"_jetpack_newsletter_access":"","_jetpack_dont_email_post_to_subs":false,"_jetpack_newsletter_tier_id":0,"_jetpack_memberships_contains_paywalled_content":false,"_jetpack_memberships_contains_paid_content":false,"footnotes":"","jetpack_publicize_message":"","jetpack_publicize_feature_enabled":true,"jetpack_social_post_already_shared":false,"jetpack_social_options":{"image_generator_settings":{"template":"highway","default_image_id":0,"font":"","enabled":false},"version":2}},"categories":[655],"tags":[17204,17205,8453,17206,15292,2344],"class_list":["post-52459","post","type-post","status-publish","format-standard","has-post-thumbnail","hentry","category-son-dakika","tag-depremden","tag-disarida","tag-geceyi","tag-geciriyor","tag-korkan","tag-vatandaslar"],"jetpack_publicize_connections":[],"jetpack_featured_media_url":"https:\/\/i0.wp.com\/www.tvturk.com\/wp-content\/uploads\/2019\/02\/depremden-korkan-vatandaslar-geceyi-disarida-geciriyor_c35e506.jpg?fit=1000%2C750","jetpack_sharing_enabled":true,"jetpack_shortlink":"https:\/\/wp.me\/paKIfm-dE7","_links":{"self":[{"href":"http:\/\/www.tvturk.com\/index.php\/wp-json\/wp\/v2\/posts\/52459","targetHints":{"allow":["GET"]}}],"collection":[{"href":"http:\/\/www.tvturk.com\/index.php\/wp-json\/wp\/v2\/posts"}],"about":[{"href":"http:\/\/www.tvturk.com\/index.php\/wp-json\/wp\/v2\/types\/post"}],"author":[{"embeddable":true,"href":"http:\/\/www.tvturk.com\/index.php\/wp-json\/wp\/v2\/users\/1"}],"replies":[{"embeddable":true,"href":"http:\/\/www.tvturk.com\/index.php\/wp-json\/wp\/v2\/comments?post=52459"}],"version-history":[{"count":1,"href":"http:\/\/www.tvturk.com\/index.php\/wp-json\/wp\/v2\/posts\/52459\/revisions"}],"predecessor-version":[{"id":52463,"href":"http:\/\/www.tvturk.com\/index.php\/wp-json\/wp\/v2\/posts\/52459\/revisions\/52463"}],"wp:featuredmedia":[{"embeddable":true,"href":"http:\/\/www.tvturk.com\/index.php\/wp-json\/wp\/v2\/media\/52460"}],"wp:attachment":[{"href":"http:\/\/www.tvturk.com\/index.php\/wp-json\/wp\/v2\/media?parent=52459"}],"wp:term":[{"taxonomy":"category","embeddable":true,"href":"http:\/\/www.tvturk.com\/index.php\/wp-json\/wp\/v2\/categories?post=52459"},{"taxonomy":"post_tag","embeddable":true,"href":"http:\/\/www.tvturk.com\/index.php\/wp-json\/wp\/v2\/tags?post=52459"}],"curies":[{"name":"wp","href":"https:\/\/api.w.org\/{rel}","templated":true}]}}