{"id":52478,"date":"2019-02-21T02:01:10","date_gmt":"2019-02-20T23:01:10","guid":{"rendered":"http:\/\/www.tvturk.com\/index.php\/canakkaledeki-deprem-malkarada-da-vatandaslari-korkuttu\/"},"modified":"2019-02-21T02:01:12","modified_gmt":"2019-02-20T23:01:12","slug":"canakkaledeki-deprem-malkarada-da-vatandaslari-korkuttu","status":"publish","type":"post","link":"http:\/\/www.tvturk.com\/index.php\/canakkaledeki-deprem-malkarada-da-vatandaslari-korkuttu\/","title":{"rendered":"\u00c7anakkale\u2019deki deprem, Malkara\u2019da da vatanda\u015flar\u0131 korkuttu"},"content":{"rendered":"<p>\u00c7anakkale Ayvac\u0131k a\u00e7\u0131klar\u0131nda meydana gelen 5.4 b\u00fcy\u00fckl\u00fc\u011f\u00fcndeki deprem, Tekirda\u011f\u2019\u0131n Malkara il\u00e7esinde de vatanda\u015flar\u0131 korkuttu.<\/p>\n<p>Depremi, toplant\u0131 yapt\u0131klar\u0131 s\u0131rada hissettiklerini ifade eden Malkara sakinlerinden Adem Erdo\u011fan, &#8220;Se\u00e7im \u00e7al\u0131\u015fmalar\u0131yla ilgili toplant\u0131 yap\u0131yorduk. K\u0131sa s\u00fcreli bir hayli sallant\u0131 oldu. Daha sonra panik halinde soka\u011fa \u00e7\u0131kt\u0131k&#8221; diye konu\u015ftu.<\/p>\n<p>Olcay \u00c7ak\u0131r ise, &#8220;Evde kulakl\u0131\u011f\u0131m tak\u0131l\u0131 vaziyette televizyon seyrediyordum.  E\u015fim bana bakt\u0131, ben ona bakt\u0131m ve sars\u0131nt\u0131y\u0131 fark edip bir anl\u0131k tela\u015fla kendimizi d\u0131\u015far\u0131 att\u0131k. Hepimize ge\u00e7mi\u015f olsun&#8221; dedi.<div class=\"tiled-gallery type-rectangular tiled-gallery-unresized\" data-original-width=\"500\" data-carousel-extra='null' itemscope itemtype=\"http:\/\/schema.org\/ImageGallery\" > <div class=\"gallery-row\" style=\"width: 500px; height: 223px;\" data-original-width=\"500\" data-original-height=\"223\" > <div class=\"gallery-group images-1\" style=\"width: 331px; height: 223px;\" data-original-width=\"331\" data-original-height=\"223\" > <div class=\"tiled-gallery-item tiled-gallery-item-large\" itemprop=\"associatedMedia\" itemscope itemtype=\"http:\/\/schema.org\/ImageObject\"> <a href=\"http:\/\/www.tvturk.com\/index.php\/canakkaledeki-deprem-malkarada-da-vatandaslari-korkuttu\/canakkaledeki-deprem-malkarada-da-vatandaslari-korkuttu-3\/\" border=\"0\" itemprop=\"url\"> <meta itemprop=\"width\" content=\"327\"> <meta itemprop=\"height\" content=\"219\"> <img decoding=\"async\" class=\"\" data-attachment-id=\"52480\" data-orig-file=\"http:\/\/www.tvturk.com\/wp-content\/uploads\/2019\/02\/canakkaledeki-deprem-malkarada-da-vatandaslari-korkuttu_e4c1d7c.jpg\" data-orig-size=\"1000,671\" data-comments-opened=\"\" data-image-meta=\"{&quot;aperture&quot;:&quot;0&quot;,&quot;credit&quot;:&quot;IHA&quot;,&quot;camera&quot;:&quot;&quot;,&quot;caption&quot;:&quot;\\u00c7ANAKKALE\\u0027DEK\\u0130 DEPREM, MALKARA\\u0027DA DA VATANDA\\u015eLARI KORKUTTU (H\\u00dcSEY\\u0130N TAYYAR\\\/TEK\\u0130RDA\\u011e-\\u0130HA)&quot;,&quot;created_timestamp&quot;:&quot;0&quot;,&quot;copyright&quot;:&quot;\\u0130HLAS HABER AJANSI, www.iha.com.tr&quot;,&quot;focal_length&quot;:&quot;0&quot;,&quot;iso&quot;:&quot;0&quot;,&quot;shutter_speed&quot;:&quot;0&quot;,&quot;title&quot;:&quot;\\u00c7ANAKKALE\\u0027DEK\\u0130 DEPREM, MALKARA\\u0027DA DA VATANDA\\u015eLARI KORKUTTU&quot;,&quot;orientation&quot;:&quot;0&quot;}\" data-image-title=\"\u00c7anakkale\u2019deki deprem, Malkara\u2019da da vatanda\u015flar\u0131 korkuttu\" data-image-description=\"&lt;p&gt;\u00c7anakkale\u2019deki deprem, Malkara\u2019da da vatanda\u015flar\u0131 korkuttu&lt;\/p&gt; \" data-medium-file=\"https:\/\/i0.wp.com\/www.tvturk.com\/wp-content\/uploads\/2019\/02\/canakkaledeki-deprem-malkarada-da-vatandaslari-korkuttu_e4c1d7c.jpg?fit=300%2C201\" data-large-file=\"https:\/\/i0.wp.com\/www.tvturk.com\/wp-content\/uploads\/2019\/02\/canakkaledeki-deprem-malkarada-da-vatandaslari-korkuttu_e4c1d7c.jpg?fit=1000%2C671\" src=\"https:\/\/i0.wp.com\/www.tvturk.com\/wp-content\/uploads\/2019\/02\/canakkaledeki-deprem-malkarada-da-vatandaslari-korkuttu_e4c1d7c.jpg?w=327&#038;h=219\" srcset=\"https:\/\/i0.wp.com\/www.tvturk.com\/wp-content\/uploads\/2019\/02\/canakkaledeki-deprem-malkarada-da-vatandaslari-korkuttu_e4c1d7c.jpg?w=1000 1000w, https:\/\/i0.wp.com\/www.tvturk.com\/wp-content\/uploads\/2019\/02\/canakkaledeki-deprem-malkarada-da-vatandaslari-korkuttu_e4c1d7c.jpg?resize=150%2C101 150w, https:\/\/i0.wp.com\/www.tvturk.com\/wp-content\/uploads\/2019\/02\/canakkaledeki-deprem-malkarada-da-vatandaslari-korkuttu_e4c1d7c.jpg?resize=300%2C200 300w, https:\/\/i0.wp.com\/www.tvturk.com\/wp-content\/uploads\/2019\/02\/canakkaledeki-deprem-malkarada-da-vatandaslari-korkuttu_e4c1d7c.jpg?resize=768%2C515 768w, https:\/\/i0.wp.com\/www.tvturk.com\/wp-content\/uploads\/2019\/02\/canakkaledeki-deprem-malkarada-da-vatandaslari-korkuttu_e4c1d7c.jpg?resize=170%2C113 170w, https:\/\/i0.wp.com\/www.tvturk.com\/wp-content\/uploads\/2019\/02\/canakkaledeki-deprem-malkarada-da-vatandaslari-korkuttu_e4c1d7c.jpg?resize=120%2C80 120w, https:\/\/i0.wp.com\/www.tvturk.com\/wp-content\/uploads\/2019\/02\/canakkaledeki-deprem-malkarada-da-vatandaslari-korkuttu_e4c1d7c.jpg?resize=80%2C55 80w\" width=\"327\" height=\"219\" loading=\"lazy\" data-original-width=\"327\" data-original-height=\"219\" itemprop=\"http:\/\/schema.org\/image\" title=\"\u00c7anakkale\u2019deki deprem, Malkara\u2019da da vatanda\u015flar\u0131 korkuttu\" alt=\"\u00c7anakkale\u2019deki deprem, Malkara\u2019da da vatanda\u015flar\u0131 korkuttu\" style=\"width: 327px; height: 219px;\" \/> <\/a> <\/div> <\/div> <!-- close group --> <div class=\"gallery-group images-2\" style=\"width: 169px; height: 223px;\" data-original-width=\"169\" data-original-height=\"223\" > <div class=\"tiled-gallery-item tiled-gallery-item-small\" itemprop=\"associatedMedia\" itemscope itemtype=\"http:\/\/schema.org\/ImageObject\"> <a href=\"http:\/\/www.tvturk.com\/index.php\/canakkaledeki-deprem-malkarada-da-vatandaslari-korkuttu\/canakkaledeki-deprem-malkarada-da-vatandaslari-korkuttu-4\/\" border=\"0\" itemprop=\"url\"> <meta itemprop=\"width\" content=\"165\"> <meta itemprop=\"height\" content=\"104\"> <img decoding=\"async\" class=\"\" data-attachment-id=\"52481\" data-orig-file=\"http:\/\/www.tvturk.com\/wp-content\/uploads\/2019\/02\/canakkaledeki-deprem-malkarada-da-vatandaslari-korkuttu_dc302bc.jpg\" data-orig-size=\"1000,629\" data-comments-opened=\"\" data-image-meta=\"{&quot;aperture&quot;:&quot;0&quot;,&quot;credit&quot;:&quot;IHA&quot;,&quot;camera&quot;:&quot;&quot;,&quot;caption&quot;:&quot;\\u00c7ANAKKALE\\u0027DEK\\u0130 DEPREM, MALKARA\\u0027DA DA VATANDA\\u015eLARI KORKUTTU (H\\u00dcSEY\\u0130N TAYYAR\\\/TEK\\u0130RDA\\u011e-\\u0130HA)&quot;,&quot;created_timestamp&quot;:&quot;0&quot;,&quot;copyright&quot;:&quot;\\u0130HLAS HABER AJANSI, www.iha.com.tr&quot;,&quot;focal_length&quot;:&quot;0&quot;,&quot;iso&quot;:&quot;0&quot;,&quot;shutter_speed&quot;:&quot;0&quot;,&quot;title&quot;:&quot;\\u00c7ANAKKALE\\u0027DEK\\u0130 DEPREM, MALKARA\\u0027DA DA VATANDA\\u015eLARI KORKUTTU&quot;,&quot;orientation&quot;:&quot;0&quot;}\" data-image-title=\"\u00c7anakkale\u2019deki deprem, Malkara\u2019da da vatanda\u015flar\u0131 korkuttu\" data-image-description=\"&lt;p&gt;\u00c7anakkale\u2019deki deprem, Malkara\u2019da da vatanda\u015flar\u0131 korkuttu&lt;\/p&gt; \" data-medium-file=\"https:\/\/i0.wp.com\/www.tvturk.com\/wp-content\/uploads\/2019\/02\/canakkaledeki-deprem-malkarada-da-vatandaslari-korkuttu_dc302bc.jpg?fit=300%2C189\" data-large-file=\"https:\/\/i0.wp.com\/www.tvturk.com\/wp-content\/uploads\/2019\/02\/canakkaledeki-deprem-malkarada-da-vatandaslari-korkuttu_dc302bc.jpg?fit=1000%2C629\" src=\"https:\/\/i0.wp.com\/www.tvturk.com\/wp-content\/uploads\/2019\/02\/canakkaledeki-deprem-malkarada-da-vatandaslari-korkuttu_dc302bc.jpg?w=165&#038;h=104\" srcset=\"https:\/\/i0.wp.com\/www.tvturk.com\/wp-content\/uploads\/2019\/02\/canakkaledeki-deprem-malkarada-da-vatandaslari-korkuttu_dc302bc.jpg?w=1000 1000w, https:\/\/i0.wp.com\/www.tvturk.com\/wp-content\/uploads\/2019\/02\/canakkaledeki-deprem-malkarada-da-vatandaslari-korkuttu_dc302bc.jpg?resize=150%2C94 150w, https:\/\/i0.wp.com\/www.tvturk.com\/wp-content\/uploads\/2019\/02\/canakkaledeki-deprem-malkarada-da-vatandaslari-korkuttu_dc302bc.jpg?resize=300%2C189 300w, https:\/\/i0.wp.com\/www.tvturk.com\/wp-content\/uploads\/2019\/02\/canakkaledeki-deprem-malkarada-da-vatandaslari-korkuttu_dc302bc.jpg?resize=768%2C483 768w, https:\/\/i0.wp.com\/www.tvturk.com\/wp-content\/uploads\/2019\/02\/canakkaledeki-deprem-malkarada-da-vatandaslari-korkuttu_dc302bc.jpg?resize=460%2C290 460w\" width=\"165\" height=\"104\" loading=\"lazy\" data-original-width=\"165\" data-original-height=\"104\" itemprop=\"http:\/\/schema.org\/image\" title=\"\u00c7anakkale\u2019deki deprem, Malkara\u2019da da vatanda\u015flar\u0131 korkuttu\" alt=\"\u00c7anakkale\u2019deki deprem, Malkara\u2019da da vatanda\u015flar\u0131 korkuttu\" style=\"width: 165px; height: 104px;\" \/> <\/a> <\/div> <div class=\"tiled-gallery-item tiled-gallery-item-small\" itemprop=\"associatedMedia\" itemscope itemtype=\"http:\/\/schema.org\/ImageObject\"> <a href=\"http:\/\/www.tvturk.com\/index.php\/canakkaledeki-deprem-malkarada-da-vatandaslari-korkuttu\/canakkaledeki-deprem-malkarada-da-vatandaslari-korkuttu-5\/\" border=\"0\" itemprop=\"url\"> <meta itemprop=\"width\" content=\"165\"> <meta itemprop=\"height\" content=\"111\"> <img decoding=\"async\" class=\"\" data-attachment-id=\"52482\" data-orig-file=\"http:\/\/www.tvturk.com\/wp-content\/uploads\/2019\/02\/canakkaledeki-deprem-malkarada-da-vatandaslari-korkuttu_135b436.jpg\" data-orig-size=\"1000,671\" data-comments-opened=\"\" data-image-meta=\"{&quot;aperture&quot;:&quot;0&quot;,&quot;credit&quot;:&quot;IHA&quot;,&quot;camera&quot;:&quot;&quot;,&quot;caption&quot;:&quot;\\u00c7ANAKKALE\\u0027DEK\\u0130 DEPREM, MALKARA\\u0027DA DA VATANDA\\u015eLARI KORKUTTU (H\\u00dcSEY\\u0130N TAYYAR\\\/TEK\\u0130RDA\\u011e-\\u0130HA)&quot;,&quot;created_timestamp&quot;:&quot;0&quot;,&quot;copyright&quot;:&quot;\\u0130HLAS HABER AJANSI, www.iha.com.tr&quot;,&quot;focal_length&quot;:&quot;0&quot;,&quot;iso&quot;:&quot;0&quot;,&quot;shutter_speed&quot;:&quot;0&quot;,&quot;title&quot;:&quot;\\u00c7ANAKKALE\\u0027DEK\\u0130 DEPREM, MALKARA\\u0027DA DA VATANDA\\u015eLARI KORKUTTU&quot;,&quot;orientation&quot;:&quot;0&quot;}\" data-image-title=\"\u00c7anakkale\u2019deki deprem, Malkara\u2019da da vatanda\u015flar\u0131 korkuttu\" data-image-description=\"&lt;p&gt;\u00c7anakkale\u2019deki deprem, Malkara\u2019da da vatanda\u015flar\u0131 korkuttu&lt;\/p&gt; \" data-medium-file=\"https:\/\/i0.wp.com\/www.tvturk.com\/wp-content\/uploads\/2019\/02\/canakkaledeki-deprem-malkarada-da-vatandaslari-korkuttu_135b436.jpg?fit=300%2C201\" data-large-file=\"https:\/\/i0.wp.com\/www.tvturk.com\/wp-content\/uploads\/2019\/02\/canakkaledeki-deprem-malkarada-da-vatandaslari-korkuttu_135b436.jpg?fit=1000%2C671\" src=\"https:\/\/i0.wp.com\/www.tvturk.com\/wp-content\/uploads\/2019\/02\/canakkaledeki-deprem-malkarada-da-vatandaslari-korkuttu_135b436.jpg?w=165&#038;h=111\" srcset=\"https:\/\/i0.wp.com\/www.tvturk.com\/wp-content\/uploads\/2019\/02\/canakkaledeki-deprem-malkarada-da-vatandaslari-korkuttu_135b436.jpg?w=1000 1000w, https:\/\/i0.wp.com\/www.tvturk.com\/wp-content\/uploads\/2019\/02\/canakkaledeki-deprem-malkarada-da-vatandaslari-korkuttu_135b436.jpg?resize=150%2C101 150w, https:\/\/i0.wp.com\/www.tvturk.com\/wp-content\/uploads\/2019\/02\/canakkaledeki-deprem-malkarada-da-vatandaslari-korkuttu_135b436.jpg?resize=300%2C200 300w, https:\/\/i0.wp.com\/www.tvturk.com\/wp-content\/uploads\/2019\/02\/canakkaledeki-deprem-malkarada-da-vatandaslari-korkuttu_135b436.jpg?resize=768%2C515 768w, https:\/\/i0.wp.com\/www.tvturk.com\/wp-content\/uploads\/2019\/02\/canakkaledeki-deprem-malkarada-da-vatandaslari-korkuttu_135b436.jpg?resize=170%2C113 170w, https:\/\/i0.wp.com\/www.tvturk.com\/wp-content\/uploads\/2019\/02\/canakkaledeki-deprem-malkarada-da-vatandaslari-korkuttu_135b436.jpg?resize=120%2C80 120w, https:\/\/i0.wp.com\/www.tvturk.com\/wp-content\/uploads\/2019\/02\/canakkaledeki-deprem-malkarada-da-vatandaslari-korkuttu_135b436.jpg?resize=80%2C55 80w\" width=\"165\" height=\"111\" loading=\"lazy\" data-original-width=\"165\" data-original-height=\"111\" itemprop=\"http:\/\/schema.org\/image\" title=\"\u00c7anakkale\u2019deki deprem, Malkara\u2019da da vatanda\u015flar\u0131 korkuttu\" alt=\"\u00c7anakkale\u2019deki deprem, Malkara\u2019da da vatanda\u015flar\u0131 korkuttu\" style=\"width: 165px; height: 111px;\" \/> <\/a> <\/div> <\/div> <!-- close group --> <\/div> <!-- close row --> <\/div><\/p>\n","protected":false},"excerpt":{"rendered":"<p>\u00c7ANAKKALE&#8217;DEK\u0130 DEPREM, MALKARA&#8217;DA DA VATANDA\u015eLARI KORKUTTU<\/p>\n","protected":false},"author":1,"featured_media":52479,"comment_status":"closed","ping_status":"open","sticky":false,"template":"","format":"standard","meta":{"jetpack_post_was_ever_published":false,"_jetpack_newsletter_access":"","_jetpack_dont_email_post_to_subs":false,"_jetpack_newsletter_tier_id":0,"_jetpack_memberships_contains_paywalled_content":false,"_jetpack_memberships_contains_paid_content":false,"footnotes":"","jetpack_publicize_message":"","jetpack_publicize_feature_enabled":true,"jetpack_social_post_already_shared":false,"jetpack_social_options":{"image_generator_settings":{"template":"highway","default_image_id":0,"font":"","enabled":false},"version":2}},"categories":[1],"tags":[17207,221,4877,17208,922],"class_list":["post-52478","post","type-post","status-publish","format-standard","has-post-thumbnail","hentry","category-genel","tag-canakkaledeki","tag-deprem","tag-korkuttu","tag-malkarada","tag-vatandaslari"],"jetpack_publicize_connections":[],"jetpack_featured_media_url":"https:\/\/i0.wp.com\/www.tvturk.com\/wp-content\/uploads\/2019\/02\/canakkaledeki-deprem-malkarada-da-vatandaslari-korkuttu_d7e04a4.jpg?fit=1000%2C671","jetpack_sharing_enabled":true,"jetpack_shortlink":"https:\/\/wp.me\/paKIfm-dEq","_links":{"self":[{"href":"http:\/\/www.tvturk.com\/index.php\/wp-json\/wp\/v2\/posts\/52478","targetHints":{"allow":["GET"]}}],"collection":[{"href":"http:\/\/www.tvturk.com\/index.php\/wp-json\/wp\/v2\/posts"}],"about":[{"href":"http:\/\/www.tvturk.com\/index.php\/wp-json\/wp\/v2\/types\/post"}],"author":[{"embeddable":true,"href":"http:\/\/www.tvturk.com\/index.php\/wp-json\/wp\/v2\/users\/1"}],"replies":[{"embeddable":true,"href":"http:\/\/www.tvturk.com\/index.php\/wp-json\/wp\/v2\/comments?post=52478"}],"version-history":[{"count":1,"href":"http:\/\/www.tvturk.com\/index.php\/wp-json\/wp\/v2\/posts\/52478\/revisions"}],"predecessor-version":[{"id":52483,"href":"http:\/\/www.tvturk.com\/index.php\/wp-json\/wp\/v2\/posts\/52478\/revisions\/52483"}],"wp:featuredmedia":[{"embeddable":true,"href":"http:\/\/www.tvturk.com\/index.php\/wp-json\/wp\/v2\/media\/52479"}],"wp:attachment":[{"href":"http:\/\/www.tvturk.com\/index.php\/wp-json\/wp\/v2\/media?parent=52478"}],"wp:term":[{"taxonomy":"category","embeddable":true,"href":"http:\/\/www.tvturk.com\/index.php\/wp-json\/wp\/v2\/categories?post=52478"},{"taxonomy":"post_tag","embeddable":true,"href":"http:\/\/www.tvturk.com\/index.php\/wp-json\/wp\/v2\/tags?post=52478"}],"curies":[{"name":"wp","href":"https:\/\/api.w.org\/{rel}","templated":true}]}}