{"id":52484,"date":"2019-02-21T02:10:54","date_gmt":"2019-02-20T23:10:54","guid":{"rendered":"http:\/\/www.tvturk.com\/index.php\/gaziosmanpasada-catlaklarin-olustugu-bina-tahliye-edildi\/"},"modified":"2019-02-21T02:10:58","modified_gmt":"2019-02-20T23:10:58","slug":"gaziosmanpasada-catlaklarin-olustugu-bina-tahliye-edildi","status":"publish","type":"post","link":"http:\/\/www.tvturk.com\/index.php\/gaziosmanpasada-catlaklarin-olustugu-bina-tahliye-edildi\/","title":{"rendered":"Gaziosmanpa\u015fa\u2019da \u00e7atlaklar\u0131n olu\u015ftu\u011fu bina tahliye edildi"},"content":{"rendered":"<p>Merkez \u00fcss\u00fc \u00c7anakkale Ayvac\u0131k\u2019ta meydana gelen deprem nedeniyle Gaziosmanpa\u015fa\u2019da 3 katl\u0131 bir binada \u00e7atlaklar meydana geldi. Bina i\u00e7erisinde yap\u0131lan incelemeler sonras\u0131 zab\u0131ta ekipleri, binada oturan vatanda\u015flar\u0131 tahliye ederek binan\u0131n giri\u015f kap\u0131s\u0131n\u0131 m\u00fch\u00fcrledi.<\/p>\n<p>Ak\u015fam saatlerinde merkez \u00fcss\u00fc \u00c7anakkale Ayvac\u0131k\u2019ta meydana gelen deprem sonras\u0131 Gaziosmanpa\u015fa\u2019da 3 katl\u0131 bir binada \u00e7atlaklar olu\u015ftu. Gaziosmanpa\u015fa Karadeniz Mahallesi 1175.Sokak\u2019ta bulunan 3 katl\u0131 bir binada deprem sonras\u0131 \u00e7atlaklar olu\u015ftu\u011funu fark eden apartman sakinleri, durumu belediye yetkililerine haber veridi. Bina i\u00e7erisinde yap\u0131lan incelemeler sonras\u0131 zab\u0131ta ekipleri, binada oturan vatanda\u015flar\u0131 tahliye etti.<\/p>\n<p>Daha sonra ekipler tahliye etti\u011fi binan\u0131n giri\u015f kap\u0131s\u0131n\u0131 m\u00fch\u00fcrledi.<\/p>\n<p>Bina demir \u00e7ubuklarla desteklenmi\u015f<\/p>\n<p>2 y\u0131l \u00f6nce sokaktan ge\u00e7en Metro in\u015faat\u0131 nedeniyle binada olu\u015fan \u00e7atlaklar olu\u015ftu\u011fu \u00f6\u011frenildi. \u00d6te yandan binan\u0131n giri\u015f katlar\u0131na demir \u00e7ubuklar konularak kolonlar\u0131n desteklendi\u011fi g\u00f6r\u00fcld\u00fc.<\/p>\n<p>Binan\u0131n alt\u0131na g\u00fc\u00e7lendirme yap\u0131ld\u0131<\/p>\n<p>Konu ile ilgili a\u00e7\u0131klama yapan Karadeniz Mahallesi Muhtar\u0131 Mustafa Furuncu, \u201c \u00c7anakkale depreminden dolay\u0131 bina hasar g\u00f6rm\u00fc\u015f. 1,5 &#8211; 2 y\u0131l \u00f6nce bu soka\u011f\u0131n alt\u0131ndan Metro in\u015faat\u0131 ge\u00e7ti ve \u00e7\u00f6kme oldu. Bir binada yan yatm\u0131\u015f, bir binada da \u00e7atlak vard\u0131. O firma buray\u0131 yeniledi. Bu taraf yenilenmedi. Belki de depremin titre\u015fiminden dolay\u0131 buras\u0131 hasar g\u00f6rm\u00fc\u015ft\u00fcr. Kom\u015fular\u0131m\u0131z binay\u0131 bo\u015faltt\u0131. Buras\u0131 i\u00e7in devletimiz ne gerekiyorsa yapacakt\u0131r.  Binan\u0131n tamirat\u0131 da en k\u0131sa zamanda yap\u0131lacak. Temennimiz b\u00f6yle bir \u015feyin olmamas\u0131. Buran\u0131n alt\u0131nda eskiden su yataklar\u0131 vard\u0131. Onlar\u0131n bo\u015falmas\u0131 nedeniyle \u00e7\u00f6kme meydana gelmi\u015fti. Buradaki eski bina zaman\u0131nda \u00e7\u00f6kt\u00fc. Yap\u0131lan tahlillerde sa\u011flam olarak \u00e7\u0131kt\u0131\u011f\u0131 i\u00e7in buras\u0131 y\u0131k\u0131l\u0131p yap\u0131lmad\u0131. Ama ufak bir depremde in\u015fallah bunun b\u00fcy\u00fc\u011f\u00fc olmaz. Binada kalan kimse zarar g\u00f6rmedi. Binan\u0131n alt\u0131na g\u00fc\u00e7lendirme yap\u0131ld\u0131. Daha a\u015fa\u011f\u0131s\u0131nda metro hatt\u0131 ge\u00e7ti\u011fi i\u00e7in biz bilemiyoruz. Onu uzmanlar, m\u00fchendisler bilir. \u0130n\u015fallah daha b\u00fcy\u00fc\u011f\u00fc olmaz. B\u00fcy\u00fcklerimizin buray\u0131 kontrol atl\u0131na almas\u0131 laz\u0131m\u201d \u015feklinde konu\u015ftu.<div class=\"tiled-gallery type-rectangular tiled-gallery-unresized\" data-original-width=\"500\" data-carousel-extra='null' itemscope itemtype=\"http:\/\/schema.org\/ImageGallery\" > <div class=\"gallery-row\" style=\"width: 500px; height: 251px;\" data-original-width=\"500\" data-original-height=\"251\" > <div class=\"gallery-group images-1\" style=\"width: 334px; height: 251px;\" data-original-width=\"334\" data-original-height=\"251\" > <div class=\"tiled-gallery-item tiled-gallery-item-large\" itemprop=\"associatedMedia\" itemscope itemtype=\"http:\/\/schema.org\/ImageObject\"> <a href=\"http:\/\/www.tvturk.com\/index.php\/gaziosmanpasada-catlaklarin-olustugu-bina-tahliye-edildi\/gaziosmanpasada-catlaklarin-olustugu-bina-tahliye-edildi-3\/\" border=\"0\" itemprop=\"url\"> <meta itemprop=\"width\" content=\"330\"> <meta itemprop=\"height\" content=\"247\"> <img decoding=\"async\" class=\"\" data-attachment-id=\"52486\" data-orig-file=\"http:\/\/www.tvturk.com\/wp-content\/uploads\/2019\/02\/gaziosmanpasada-catlaklarin-olustugu-bina-tahliye-edildi_398643c.jpg\" data-orig-size=\"1000,750\" data-comments-opened=\"\" data-image-meta=\"{&quot;aperture&quot;:&quot;0&quot;,&quot;credit&quot;:&quot;IHA&quot;,&quot;camera&quot;:&quot;&quot;,&quot;caption&quot;:&quot;MERKEZ \\u00dcSS\\u00dc \\u00c7ANAKKALE AYVACIK\\u2019TA MEYDANA GELEN DEPREM NEDEN\\u0130YLE GAZ\\u0130OSMANPA\\u015eA\\u2019DA 3 KATLI B\\u0130R B\\u0130NADA \\u00c7ATLAKLAR MEYDANA GELD\\u0130. B\\u0130NA \\u0130\\u00c7ER\\u0130S\\u0130NDE YAPILAN \\u0130NCELEMELER SONRASI ZABITA EK\\u0130PLER\\u0130, B\\u0130NADA OTURAN VATANDA\\u015eLARI TAHL\\u0130YE EDEREK B\\u0130NANIN G\\u0130R\\u0130\\u015e KAPISINI M\\u00dcH\\u00dcRLED\\u0130. (SEL\\u0130M BAYRAKTAR\\\/\\u0130STANBUL-\\u0130HA)&quot;,&quot;created_timestamp&quot;:&quot;0&quot;,&quot;copyright&quot;:&quot;\\u0130HLAS HABER AJANSI, www.iha.com.tr&quot;,&quot;focal_length&quot;:&quot;0&quot;,&quot;iso&quot;:&quot;0&quot;,&quot;shutter_speed&quot;:&quot;0&quot;,&quot;title&quot;:&quot;GAZ\\u0130OSMANPA\\u015eA\\u2019DA \\u00c7ATLAKLARIN OLU\\u015eTU\\u011eU B\\u0130NA TAHL\\u0130YE ED\\u0130LD\\u0130&quot;,&quot;orientation&quot;:&quot;0&quot;}\" data-image-title=\"Gaziosmanpa\u015fa\u2019da \u00e7atlaklar\u0131n olu\u015ftu\u011fu bina tahliye edildi\" data-image-description=\"&lt;p&gt;Gaziosmanpa\u015fa\u2019da \u00e7atlaklar\u0131n olu\u015ftu\u011fu bina tahliye edildi&lt;\/p&gt; \" data-medium-file=\"https:\/\/i0.wp.com\/www.tvturk.com\/wp-content\/uploads\/2019\/02\/gaziosmanpasada-catlaklarin-olustugu-bina-tahliye-edildi_398643c.jpg?fit=300%2C225\" data-large-file=\"https:\/\/i0.wp.com\/www.tvturk.com\/wp-content\/uploads\/2019\/02\/gaziosmanpasada-catlaklarin-olustugu-bina-tahliye-edildi_398643c.jpg?fit=1000%2C750\" src=\"https:\/\/i0.wp.com\/www.tvturk.com\/wp-content\/uploads\/2019\/02\/gaziosmanpasada-catlaklarin-olustugu-bina-tahliye-edildi_398643c.jpg?w=330&#038;h=247\" srcset=\"https:\/\/i0.wp.com\/www.tvturk.com\/wp-content\/uploads\/2019\/02\/gaziosmanpasada-catlaklarin-olustugu-bina-tahliye-edildi_398643c.jpg?w=1000 1000w, https:\/\/i0.wp.com\/www.tvturk.com\/wp-content\/uploads\/2019\/02\/gaziosmanpasada-catlaklarin-olustugu-bina-tahliye-edildi_398643c.jpg?resize=150%2C113 150w, https:\/\/i0.wp.com\/www.tvturk.com\/wp-content\/uploads\/2019\/02\/gaziosmanpasada-catlaklarin-olustugu-bina-tahliye-edildi_398643c.jpg?resize=300%2C225 300w, https:\/\/i0.wp.com\/www.tvturk.com\/wp-content\/uploads\/2019\/02\/gaziosmanpasada-catlaklarin-olustugu-bina-tahliye-edildi_398643c.jpg?resize=768%2C576 768w\" width=\"330\" height=\"247\" loading=\"lazy\" data-original-width=\"330\" data-original-height=\"247\" itemprop=\"http:\/\/schema.org\/image\" title=\"Gaziosmanpa\u015fa\u2019da \u00e7atlaklar\u0131n olu\u015ftu\u011fu bina tahliye edildi\" alt=\"Gaziosmanpa\u015fa\u2019da \u00e7atlaklar\u0131n olu\u015ftu\u011fu bina tahliye edildi\" style=\"width: 330px; height: 247px;\" \/> <\/a> <\/div> <\/div> <!-- close group --> <div class=\"gallery-group images-2\" style=\"width: 166px; height: 251px;\" data-original-width=\"166\" data-original-height=\"251\" > <div class=\"tiled-gallery-item tiled-gallery-item-small\" itemprop=\"associatedMedia\" itemscope itemtype=\"http:\/\/schema.org\/ImageObject\"> <a href=\"http:\/\/www.tvturk.com\/index.php\/gaziosmanpasada-catlaklarin-olustugu-bina-tahliye-edildi\/gaziosmanpasada-catlaklarin-olustugu-bina-tahliye-edildi-4\/\" border=\"0\" itemprop=\"url\"> <meta itemprop=\"width\" content=\"162\"> <meta itemprop=\"height\" content=\"122\"> <img decoding=\"async\" class=\"\" data-attachment-id=\"52487\" data-orig-file=\"http:\/\/www.tvturk.com\/wp-content\/uploads\/2019\/02\/gaziosmanpasada-catlaklarin-olustugu-bina-tahliye-edildi_bc86abe.jpg\" data-orig-size=\"1000,750\" data-comments-opened=\"\" data-image-meta=\"{&quot;aperture&quot;:&quot;0&quot;,&quot;credit&quot;:&quot;IHA&quot;,&quot;camera&quot;:&quot;&quot;,&quot;caption&quot;:&quot;MERKEZ \\u00dcSS\\u00dc \\u00c7ANAKKALE AYVACIK\\u2019TA MEYDANA GELEN DEPREM NEDEN\\u0130YLE GAZ\\u0130OSMANPA\\u015eA\\u2019DA 3 KATLI B\\u0130R B\\u0130NADA \\u00c7ATLAKLAR MEYDANA GELD\\u0130. B\\u0130NA \\u0130\\u00c7ER\\u0130S\\u0130NDE YAPILAN \\u0130NCELEMELER SONRASI ZABITA EK\\u0130PLER\\u0130, B\\u0130NADA OTURAN VATANDA\\u015eLARI TAHL\\u0130YE EDEREK B\\u0130NANIN G\\u0130R\\u0130\\u015e KAPISINI M\\u00dcH\\u00dcRLED\\u0130. (SEL\\u0130M BAYRAKTAR\\\/\\u0130STANBUL-\\u0130HA)&quot;,&quot;created_timestamp&quot;:&quot;0&quot;,&quot;copyright&quot;:&quot;\\u0130HLAS HABER AJANSI, www.iha.com.tr&quot;,&quot;focal_length&quot;:&quot;0&quot;,&quot;iso&quot;:&quot;0&quot;,&quot;shutter_speed&quot;:&quot;0&quot;,&quot;title&quot;:&quot;GAZ\\u0130OSMANPA\\u015eA\\u2019DA \\u00c7ATLAKLARIN OLU\\u015eTU\\u011eU B\\u0130NA TAHL\\u0130YE ED\\u0130LD\\u0130&quot;,&quot;orientation&quot;:&quot;0&quot;}\" data-image-title=\"Gaziosmanpa\u015fa\u2019da \u00e7atlaklar\u0131n olu\u015ftu\u011fu bina tahliye edildi\" data-image-description=\"&lt;p&gt;Gaziosmanpa\u015fa\u2019da \u00e7atlaklar\u0131n olu\u015ftu\u011fu bina tahliye edildi&lt;\/p&gt; \" data-medium-file=\"https:\/\/i0.wp.com\/www.tvturk.com\/wp-content\/uploads\/2019\/02\/gaziosmanpasada-catlaklarin-olustugu-bina-tahliye-edildi_bc86abe.jpg?fit=300%2C225\" data-large-file=\"https:\/\/i0.wp.com\/www.tvturk.com\/wp-content\/uploads\/2019\/02\/gaziosmanpasada-catlaklarin-olustugu-bina-tahliye-edildi_bc86abe.jpg?fit=1000%2C750\" src=\"https:\/\/i0.wp.com\/www.tvturk.com\/wp-content\/uploads\/2019\/02\/gaziosmanpasada-catlaklarin-olustugu-bina-tahliye-edildi_bc86abe.jpg?w=162&#038;h=122\" srcset=\"https:\/\/i0.wp.com\/www.tvturk.com\/wp-content\/uploads\/2019\/02\/gaziosmanpasada-catlaklarin-olustugu-bina-tahliye-edildi_bc86abe.jpg?w=1000 1000w, https:\/\/i0.wp.com\/www.tvturk.com\/wp-content\/uploads\/2019\/02\/gaziosmanpasada-catlaklarin-olustugu-bina-tahliye-edildi_bc86abe.jpg?resize=150%2C113 150w, https:\/\/i0.wp.com\/www.tvturk.com\/wp-content\/uploads\/2019\/02\/gaziosmanpasada-catlaklarin-olustugu-bina-tahliye-edildi_bc86abe.jpg?resize=300%2C225 300w, https:\/\/i0.wp.com\/www.tvturk.com\/wp-content\/uploads\/2019\/02\/gaziosmanpasada-catlaklarin-olustugu-bina-tahliye-edildi_bc86abe.jpg?resize=768%2C576 768w\" width=\"162\" height=\"122\" loading=\"lazy\" data-original-width=\"162\" data-original-height=\"122\" itemprop=\"http:\/\/schema.org\/image\" title=\"Gaziosmanpa\u015fa\u2019da \u00e7atlaklar\u0131n olu\u015ftu\u011fu bina tahliye edildi\" alt=\"Gaziosmanpa\u015fa\u2019da \u00e7atlaklar\u0131n olu\u015ftu\u011fu bina tahliye edildi\" style=\"width: 162px; height: 122px;\" \/> <\/a> <\/div> <div class=\"tiled-gallery-item tiled-gallery-item-small\" itemprop=\"associatedMedia\" itemscope itemtype=\"http:\/\/schema.org\/ImageObject\"> <a href=\"http:\/\/www.tvturk.com\/index.php\/gaziosmanpasada-catlaklarin-olustugu-bina-tahliye-edildi\/gaziosmanpasada-catlaklarin-olustugu-bina-tahliye-edildi-5\/\" border=\"0\" itemprop=\"url\"> <meta itemprop=\"width\" content=\"162\"> <meta itemprop=\"height\" content=\"121\"> <img decoding=\"async\" class=\"\" data-attachment-id=\"52488\" data-orig-file=\"http:\/\/www.tvturk.com\/wp-content\/uploads\/2019\/02\/gaziosmanpasada-catlaklarin-olustugu-bina-tahliye-edildi_dc048e8.jpg\" data-orig-size=\"1000,750\" data-comments-opened=\"\" data-image-meta=\"{&quot;aperture&quot;:&quot;0&quot;,&quot;credit&quot;:&quot;IHA&quot;,&quot;camera&quot;:&quot;&quot;,&quot;caption&quot;:&quot;MERKEZ \\u00dcSS\\u00dc \\u00c7ANAKKALE AYVACIK\\u2019TA MEYDANA GELEN DEPREM NEDEN\\u0130YLE GAZ\\u0130OSMANPA\\u015eA\\u2019DA 3 KATLI B\\u0130R B\\u0130NADA \\u00c7ATLAKLAR MEYDANA GELD\\u0130. B\\u0130NA \\u0130\\u00c7ER\\u0130S\\u0130NDE YAPILAN \\u0130NCELEMELER SONRASI ZABITA EK\\u0130PLER\\u0130, B\\u0130NADA OTURAN VATANDA\\u015eLARI TAHL\\u0130YE EDEREK B\\u0130NANIN G\\u0130R\\u0130\\u015e KAPISINI M\\u00dcH\\u00dcRLED\\u0130. (SEL\\u0130M BAYRAKTAR\\\/\\u0130STANBUL-\\u0130HA)&quot;,&quot;created_timestamp&quot;:&quot;0&quot;,&quot;copyright&quot;:&quot;\\u0130HLAS HABER AJANSI, www.iha.com.tr&quot;,&quot;focal_length&quot;:&quot;0&quot;,&quot;iso&quot;:&quot;0&quot;,&quot;shutter_speed&quot;:&quot;0&quot;,&quot;title&quot;:&quot;GAZ\\u0130OSMANPA\\u015eA\\u2019DA \\u00c7ATLAKLARIN OLU\\u015eTU\\u011eU B\\u0130NA TAHL\\u0130YE ED\\u0130LD\\u0130&quot;,&quot;orientation&quot;:&quot;0&quot;}\" data-image-title=\"Gaziosmanpa\u015fa\u2019da \u00e7atlaklar\u0131n olu\u015ftu\u011fu bina tahliye edildi\" data-image-description=\"&lt;p&gt;Gaziosmanpa\u015fa\u2019da \u00e7atlaklar\u0131n olu\u015ftu\u011fu bina tahliye edildi&lt;\/p&gt; \" data-medium-file=\"https:\/\/i0.wp.com\/www.tvturk.com\/wp-content\/uploads\/2019\/02\/gaziosmanpasada-catlaklarin-olustugu-bina-tahliye-edildi_dc048e8.jpg?fit=300%2C225\" data-large-file=\"https:\/\/i0.wp.com\/www.tvturk.com\/wp-content\/uploads\/2019\/02\/gaziosmanpasada-catlaklarin-olustugu-bina-tahliye-edildi_dc048e8.jpg?fit=1000%2C750\" src=\"https:\/\/i0.wp.com\/www.tvturk.com\/wp-content\/uploads\/2019\/02\/gaziosmanpasada-catlaklarin-olustugu-bina-tahliye-edildi_dc048e8.jpg?w=162&#038;h=121\" srcset=\"https:\/\/i0.wp.com\/www.tvturk.com\/wp-content\/uploads\/2019\/02\/gaziosmanpasada-catlaklarin-olustugu-bina-tahliye-edildi_dc048e8.jpg?w=1000 1000w, https:\/\/i0.wp.com\/www.tvturk.com\/wp-content\/uploads\/2019\/02\/gaziosmanpasada-catlaklarin-olustugu-bina-tahliye-edildi_dc048e8.jpg?resize=150%2C113 150w, https:\/\/i0.wp.com\/www.tvturk.com\/wp-content\/uploads\/2019\/02\/gaziosmanpasada-catlaklarin-olustugu-bina-tahliye-edildi_dc048e8.jpg?resize=300%2C225 300w, https:\/\/i0.wp.com\/www.tvturk.com\/wp-content\/uploads\/2019\/02\/gaziosmanpasada-catlaklarin-olustugu-bina-tahliye-edildi_dc048e8.jpg?resize=768%2C576 768w\" width=\"162\" height=\"121\" loading=\"lazy\" data-original-width=\"162\" data-original-height=\"121\" itemprop=\"http:\/\/schema.org\/image\" title=\"Gaziosmanpa\u015fa\u2019da \u00e7atlaklar\u0131n olu\u015ftu\u011fu bina tahliye edildi\" alt=\"Gaziosmanpa\u015fa\u2019da \u00e7atlaklar\u0131n olu\u015ftu\u011fu bina tahliye edildi\" style=\"width: 162px; height: 121px;\" \/> <\/a> <\/div> <\/div> <!-- close group --> <\/div> <!-- close row --> <\/div><\/p>\n","protected":false},"excerpt":{"rendered":"<p>MERKEZ \u00dcSS\u00dc \u00c7ANAKKALE AYVACIK\u2019TA MEYDANA GELEN DEPREM NEDEN\u0130YLE GAZ\u0130OSMANPA\u015eA\u2019DA 3 KATLI B\u0130R B\u0130NADA \u00c7ATLAKLAR MEYDANA GELD\u0130. B\u0130NA \u0130\u00c7ER\u0130S\u0130NDE YAPILAN \u0130NCELEMELER SONRASI ZABITA EK\u0130PLER\u0130, B\u0130NADA OTURAN VATANDA\u015eLARI TAHL\u0130YE EDEREK B\u0130NANIN G\u0130R\u0130\u015e KAPISINI M\u00dcH\u00dcRLED\u0130.<\/p>\n","protected":false},"author":1,"featured_media":52485,"comment_status":"closed","ping_status":"open","sticky":false,"template":"","format":"standard","meta":{"jetpack_post_was_ever_published":false,"_jetpack_newsletter_access":"","_jetpack_dont_email_post_to_subs":false,"_jetpack_newsletter_tier_id":0,"_jetpack_memberships_contains_paywalled_content":false,"_jetpack_memberships_contains_paid_content":false,"footnotes":"","jetpack_publicize_message":"","jetpack_publicize_feature_enabled":true,"jetpack_social_post_already_shared":false,"jetpack_social_options":{"image_generator_settings":{"template":"highway","default_image_id":0,"font":"","enabled":false},"version":2}},"categories":[655],"tags":[2945,17209,857,9950,17210,153],"class_list":["post-52484","post","type-post","status-publish","format-standard","has-post-thumbnail","hentry","category-son-dakika","tag-bina","tag-catlaklarin","tag-edildi","tag-gaziosmanpasada","tag-olustugu","tag-tahliye"],"jetpack_publicize_connections":[],"jetpack_featured_media_url":"https:\/\/i0.wp.com\/www.tvturk.com\/wp-content\/uploads\/2019\/02\/gaziosmanpasada-catlaklarin-olustugu-bina-tahliye-edildi_2fb3c2f.jpg?fit=1000%2C750","jetpack_sharing_enabled":true,"jetpack_shortlink":"https:\/\/wp.me\/paKIfm-dEw","_links":{"self":[{"href":"http:\/\/www.tvturk.com\/index.php\/wp-json\/wp\/v2\/posts\/52484","targetHints":{"allow":["GET"]}}],"collection":[{"href":"http:\/\/www.tvturk.com\/index.php\/wp-json\/wp\/v2\/posts"}],"about":[{"href":"http:\/\/www.tvturk.com\/index.php\/wp-json\/wp\/v2\/types\/post"}],"author":[{"embeddable":true,"href":"http:\/\/www.tvturk.com\/index.php\/wp-json\/wp\/v2\/users\/1"}],"replies":[{"embeddable":true,"href":"http:\/\/www.tvturk.com\/index.php\/wp-json\/wp\/v2\/comments?post=52484"}],"version-history":[{"count":1,"href":"http:\/\/www.tvturk.com\/index.php\/wp-json\/wp\/v2\/posts\/52484\/revisions"}],"predecessor-version":[{"id":52489,"href":"http:\/\/www.tvturk.com\/index.php\/wp-json\/wp\/v2\/posts\/52484\/revisions\/52489"}],"wp:featuredmedia":[{"embeddable":true,"href":"http:\/\/www.tvturk.com\/index.php\/wp-json\/wp\/v2\/media\/52485"}],"wp:attachment":[{"href":"http:\/\/www.tvturk.com\/index.php\/wp-json\/wp\/v2\/media?parent=52484"}],"wp:term":[{"taxonomy":"category","embeddable":true,"href":"http:\/\/www.tvturk.com\/index.php\/wp-json\/wp\/v2\/categories?post=52484"},{"taxonomy":"post_tag","embeddable":true,"href":"http:\/\/www.tvturk.com\/index.php\/wp-json\/wp\/v2\/tags?post=52484"}],"curies":[{"name":"wp","href":"https:\/\/api.w.org\/{rel}","templated":true}]}}