{"id":53763,"date":"2019-02-21T15:07:01","date_gmt":"2019-02-21T12:07:01","guid":{"rendered":"http:\/\/www.tvturk.com\/index.php\/ogun-temizkanoglundan-ali-koca-sahaya-inmeden-tribunde-oturmakla-olmaz\/"},"modified":"2019-02-21T15:07:07","modified_gmt":"2019-02-21T12:07:07","slug":"ogun-temizkanoglundan-ali-koca-sahaya-inmeden-tribunde-oturmakla-olmaz","status":"publish","type":"post","link":"http:\/\/www.tvturk.com\/index.php\/ogun-temizkanoglundan-ali-koca-sahaya-inmeden-tribunde-oturmakla-olmaz\/","title":{"rendered":"Og\u00fcn Temizkano\u011flu\u2019ndan Ali Ko\u00e7\u2019a: \u201cSahaya inmeden, trib\u00fcnde oturmakla olmaz\u201d"},"content":{"rendered":"<p>Eski futbolcu Og\u00fcn Temizkano\u011flu, Fenerbah\u00e7e\u2019nin k\u00f6t\u00fc durumuyla ilgili yapt\u0131\u011f\u0131 a\u00e7\u0131klamada, &#8220;Say\u0131n Ali Ko\u00e7\u2019un bana g\u00f6re en b\u00fcy\u00fck yanl\u0131\u015f\u0131 hem y\u00f6netimde futbolu \u00e7ok iyi bilen yok hem kendisi ba\u015fkalar\u0131na teslim etti. Trib\u00fcnde oturmakla saha i\u00e7erisinde oturmak farkl\u0131. 15 y\u0131l trib\u00fcnde oturup, gelip ba\u015fkanl\u0131k yap\u0131yorsun. Siz soyunma odas\u0131n\u0131 asla teneff\u00fcs etmemi\u015fsinizdir. O oyuncular\u0131n ruh halini bilemezsiniz&#8221; dedi.<\/p>\n<p>K\u00fc\u00e7\u00fck\u00e7ekmece Belediyesi Cennet K\u00fclt\u00fcr ve Sanat Merkezi\u2019nde Tar\u0131k Demir moderat\u00f6rl\u00fc\u011f\u00fcnde ger\u00e7ekle\u015fen s\u00f6yle\u015fiye kat\u0131lan Og\u00fcn Temizkano\u011flu, \u00f6\u011frencilerle bir araya geldi. Futbol kariyerini \u00f6\u011frencilere aktaran Temizkano\u011flu, futbol camias\u0131yla alakal\u0131 \u00f6nemli a\u00e7\u0131klamalarda bulundu. Futbola 6 ya\u015f\u0131nda ba\u015flad\u0131\u011f\u0131n\u0131 belirten Og\u00fcn Temizkano\u011flu, \u201cAlmanya\u2019da do\u011fdum. Futbolu \u00e7ok seven bir ailem vard\u0131. Bu benim en b\u00fcy\u00fck avantaj\u0131m. Onlara buradan te\u015fekk\u00fcr ediyorum. Ba\u015fka bir \u015fey olmak ister misin diye sorarlar ya ben yine futbolcu olmak isterdim. Hi\u00e7bir zaman hakk\u0131n\u0131 yiyemeyece\u011fim Fatih hoca vard\u0131r. Gen\u00e7 milli tak\u0131mdan biri sakatlan\u0131yor ve Trabzonspor\u2019a telefon a\u00e7\u0131yor direkt beni istiyor. Onu mahcup etti\u011fimi d\u00fc\u015f\u00fcnm\u00fcyorum. Fatih hoca da \u2019Hangi i\u015fi yaparsan\u0131z yap\u0131n mutlaka sizden daha iyi olanlar vard\u0131r ama m\u00fccadeleyi b\u0131rakmay\u0131n\u2019 demi\u015fti. Onun i\u00e7in biz de hi\u00e7bir zaman b\u0131rakmad\u0131k. Ger\u00e7ekten bu i\u015fi yapmak istiyorsan\u0131z bu i\u015fe sar\u0131l\u0131n. Ben futbol topuyla uyurdum. Ger\u00e7ekten b\u00f6yleydim. Herhangi bir ma\u011flubiyette teslim olmay\u0131n, galibiyette de ben bu i\u015fi ba\u015fard\u0131m demeyin\u201d dedi.<\/p>\n<p>\u201cSahaya inmeden, trib\u00fcnde oturmakla olmaz\u201d<\/p>\n<p>Temizkano\u011flu, formas\u0131n\u0131 giydi\u011fi Fenerbah\u00e7e hakk\u0131nda de\u011ferlendirmede bulundu:<\/p>\n<p>\u201cMaalesef T\u00fcrkiye\u2019nin yanl\u0131\u015f\u0131 burada. Herhangi bir konuma geldi\u011finiz zaman o konuyu \u00e7ok iyi bildi\u011finizi d\u00fc\u015f\u00fcnebilirsiniz. Bug\u00fcn bakt\u0131\u011f\u0131n\u0131z zaman kul\u00fcplere, futbolun i\u00e7erisinden gelen ka\u00e7 ba\u015fkan var, hi\u00e7 yok. Futbolu bilmeden bir mevkiye geldi\u011finizde mutlaka yan\u0131n\u0131za birini almak zorundas\u0131n\u0131z, o i\u015fi size \u00f6\u011fretecek. Fenerbah\u00e7e\u2019ye bakt\u0131\u011f\u0131m\u0131zda say\u0131n Ali Ko\u00e7\u2019un bana g\u00f6re en b\u00fcy\u00fck yanl\u0131\u015f\u0131 hem y\u00f6netimde \u00e7ok iyi futbolu bilen yok hem kendisi ba\u015fkalar\u0131na teslim etti. Trib\u00fcnde oturmakla saha i\u00e7erisinde oturmak o kadar farkl\u0131. 15 y\u0131l trib\u00fcnde oturup, gelip ba\u015fkanl\u0131k yap\u0131yorsun. Siz soyunma odas\u0131n\u0131 asla teneff\u00fcs etmemi\u015fsinizdir. O oyuncular\u0131n ruh halini bilemezsiniz. Ben in\u015faat yapabilir miyim. Ben ne anlar\u0131m, yapamam. Ama yan\u0131ma bilen birini al\u0131r\u0131m. Futbolu trib\u00fcnden izlemek bu i\u015fi \u00e7ok iyi biliyor oldu\u011funuz anlam\u0131na gelmiyor. Lider olabilirsiniz. Lider olmak yapt\u0131\u011f\u0131n\u0131z, b\u0131rakt\u0131\u011f\u0131n\u0131z eserlerle \u00f6l\u00e7\u00fcl\u00fcr. Ben Ali Ko\u00e7\u2019un en b\u00fcy\u00fck hatas\u0131n\u0131n bu oldu\u011funu d\u00fc\u015f\u00fcn\u00fcyorum.\u201d<\/p>\n<p>BJK-FB derbisi yorumu<\/p>\n<p>Be\u015fikta\u015f, Fenerbah\u00e7e derbisi ile ilgili de konu\u015fan ama tahmin yapmayan eski milli futbolcu, \u201cMa\u00e7 Be\u015fikta\u015f\u2019\u0131n sahas\u0131nda. \u0130n\u015fallah akl\u0131mdan ge\u00e7en olmaz. Benim zaman\u0131nda oynad\u0131\u011f\u0131m, kaptanl\u0131\u011f\u0131n\u0131 yapt\u0131\u011f\u0131m bir tak\u0131m var. \u0130n\u015fallah i\u00e7imden ge\u00e7en olmaz. \u00d6n plana \u00e7\u0131kacak olan kaleciler burada. Burada kalecilere \u00e7ok b\u00fcy\u00fck i\u015f d\u00fc\u015fecek\u201d diye imada bulundu.<\/p>\n<p>\u201cTrabzonspor karar\u0131n\u0131 vermeliydi\u201d<\/p>\n<p>S\u00fcper Lig\u2019deki tak\u0131mlar\u0131 da de\u011ferlendiren eski futbolcu, \u201c\u0130lk yar\u0131da performanslara g\u00f6re Galatasaray\u2019\u0131n performans\u0131nda art\u0131\u015f var. Devre aras\u0131n\u0131 en iyi de\u011ferlendiren Galatasaray oldu. Trabzonspor transfer yapmad\u0131, gen\u00e7lere g\u00fcvendi. En b\u00fcy\u00fck yanl\u0131\u015f\u0131 iki kulvarda y\u00fcr\u00fcmeyece\u011fini anlamal\u0131yd\u0131. Lige mi a\u011f\u0131rl\u0131k verecek kupaya m\u0131 verecek karar vermesi gerekiyordu. Fenerbah\u00e7e transfer yapt\u0131 ama neden neye g\u00f6re yapt\u0131 hi\u00e7 anlam\u0131\u015f de\u011filim. Ba\u015fak\u015fehir\u2019in belirli bir tak\u0131m\u0131, sistemi vard\u0131 zaten\u201d diye konu\u015ftu.<\/p>\n<p>\u201cGen\u00e7ler oynamad\u0131k\u00e7a milli tak\u0131m ba\u015far\u0131l\u0131 olamaz\u201d<\/p>\n<p>Altyap\u0131 sorunlar\u0131na da de\u011finen Temizkano\u011flu, &#8220;90\u2019l\u0131 y\u0131llarda biz temel atarken \u00e7ok daha ileriye gidebilece\u011fimizi d\u00fc\u015f\u00fcnm\u00fc\u015ft\u00fck. Her turnuvaya bizim bir alt yap\u0131 b\u0131rakt\u0131\u011f\u0131m\u0131z\u0131 d\u00fc\u015f\u00fcn\u00fcyorduk. Biz Fatih hocayla milli tak\u0131mda \u00e7al\u0131\u015f\u0131rken t\u00fcm kul\u00fcplere yaz\u0131 yazd\u0131k. E\u011fitim paras\u0131 neyse biz verelim, siz oyuncuyu yeti\u015ftirim biz takip edelim dedik. Bir tane d\u00f6n\u00fc\u015f olmad\u0131. O zaman at\u0131ld\u0131 bu k\u00f6t\u00fc gidi\u015fat\u0131n temeli. Siz 14 yabanc\u0131 ortaya koydu\u011funuz zaman, di\u011fer oyuncular\u0131 oynatm\u0131yorsunuz. \u00c7ok gen\u00e7ler var, onlar kendi tak\u0131m\u0131m\u0131zda oynamad\u0131klar\u0131 zaman Milli Tak\u0131m\u2019\u0131n ba\u015far\u0131l\u0131 olmas\u0131 s\u00f6z konusu de\u011fil zaten&#8221; ifadelerini kulland\u0131.<\/p>\n<p>Program sonunda ise K\u00fc\u00e7\u00fck\u00e7ekmece Belediyesi Gen\u00e7lik ve Spor M\u00fcd\u00fcr\u00fc Oktay Kurt konuklara te\u015fekk\u00fcr ederek \u00e7i\u00e7ek takdim etti.<div class=\"tiled-gallery type-rectangular tiled-gallery-unresized\" data-original-width=\"500\" data-carousel-extra='null' itemscope itemtype=\"http:\/\/schema.org\/ImageGallery\" > <div class=\"gallery-row\" style=\"width: 500px; height: 224px;\" data-original-width=\"500\" data-original-height=\"224\" > <div class=\"gallery-group images-1\" style=\"width: 334px; height: 224px;\" data-original-width=\"334\" data-original-height=\"224\" > <div class=\"tiled-gallery-item tiled-gallery-item-large\" itemprop=\"associatedMedia\" itemscope itemtype=\"http:\/\/schema.org\/ImageObject\"> <a href=\"http:\/\/www.tvturk.com\/index.php\/ogun-temizkanoglundan-ali-koca-sahaya-inmeden-tribunde-oturmakla-olmaz\/ogun-temizkanoglundan-ali-koca-sahaya-inmeden-tribunde-oturmakla-olmaz-3\/\" border=\"0\" itemprop=\"url\"> <meta itemprop=\"width\" content=\"330\"> <meta itemprop=\"height\" content=\"220\"> <img decoding=\"async\" class=\"\" data-attachment-id=\"53765\" data-orig-file=\"http:\/\/www.tvturk.com\/wp-content\/uploads\/2019\/02\/ogun-temizkanoglundan-ali-koca-sahaya-inmeden-tribunde-oturmakla-olmaz_7d9b6f0.jpg\" data-orig-size=\"1000,666\" data-comments-opened=\"\" data-image-meta=\"{&quot;aperture&quot;:&quot;0&quot;,&quot;credit&quot;:&quot;IHA&quot;,&quot;camera&quot;:&quot;&quot;,&quot;caption&quot;:&quot;K\\u00dc\\u00c7\\u00dcK\\u00c7EKMECE BELED\\u0130YES\\u0130 CENNET K\\u00dcLT\\u00dcR VE SANAT MERKEZ\\u0130\\u2019NDE TARIK DEM\\u0130R MODERAT\\u00d6RL\\u00dc\\u011e\\u00dcNDE GER\\u00c7EKLE\\u015eEN S\\u00d6YLE\\u015e\\u0130YE KATILAN OG\\u00dcN TEM\\u0130ZKANO\\u011eLU, \\u00d6\\u011eRENC\\u0130LERLE B\\u0130R ARAYA GELD\\u0130. (\\u0130HA\\\/\\u0130STANBUL-\\u0130HA)&quot;,&quot;created_timestamp&quot;:&quot;0&quot;,&quot;copyright&quot;:&quot;\\u0130HLAS HABER AJANSI, www.iha.com.tr&quot;,&quot;focal_length&quot;:&quot;0&quot;,&quot;iso&quot;:&quot;0&quot;,&quot;shutter_speed&quot;:&quot;0&quot;,&quot;title&quot;:&quot;OG\\u00dcN TEM\\u0130ZKANO\\u011eLU\\u2019NDAN AL\\u0130 KO\\u00c7\\u2019A: \\u201cSAHAYA \\u0130NMEDEN, TR\\u0130B\\u00dcNDE OTURMAKLA OLMAZ\\u201d&quot;,&quot;orientation&quot;:&quot;0&quot;}\" data-image-title=\"Og\u00fcn Temizkano\u011flu\u2019ndan Ali Ko\u00e7\u2019a: \u201cSahaya inmeden, trib\u00fcnde oturmakla olmaz\u201d\" data-image-description=\"&lt;p&gt;Og\u00fcn Temizkano\u011flu\u2019ndan Ali Ko\u00e7\u2019a: \u201cSahaya inmeden, trib\u00fcnde oturmakla olmaz\u201d&lt;\/p&gt; \" data-medium-file=\"https:\/\/i0.wp.com\/www.tvturk.com\/wp-content\/uploads\/2019\/02\/ogun-temizkanoglundan-ali-koca-sahaya-inmeden-tribunde-oturmakla-olmaz_7d9b6f0.jpg?fit=300%2C200\" data-large-file=\"https:\/\/i0.wp.com\/www.tvturk.com\/wp-content\/uploads\/2019\/02\/ogun-temizkanoglundan-ali-koca-sahaya-inmeden-tribunde-oturmakla-olmaz_7d9b6f0.jpg?fit=1000%2C666\" src=\"https:\/\/i0.wp.com\/www.tvturk.com\/wp-content\/uploads\/2019\/02\/ogun-temizkanoglundan-ali-koca-sahaya-inmeden-tribunde-oturmakla-olmaz_7d9b6f0.jpg?w=330&#038;h=220\" srcset=\"https:\/\/i0.wp.com\/www.tvturk.com\/wp-content\/uploads\/2019\/02\/ogun-temizkanoglundan-ali-koca-sahaya-inmeden-tribunde-oturmakla-olmaz_7d9b6f0.jpg?w=1000 1000w, https:\/\/i0.wp.com\/www.tvturk.com\/wp-content\/uploads\/2019\/02\/ogun-temizkanoglundan-ali-koca-sahaya-inmeden-tribunde-oturmakla-olmaz_7d9b6f0.jpg?resize=150%2C100 150w, https:\/\/i0.wp.com\/www.tvturk.com\/wp-content\/uploads\/2019\/02\/ogun-temizkanoglundan-ali-koca-sahaya-inmeden-tribunde-oturmakla-olmaz_7d9b6f0.jpg?resize=300%2C200 300w, https:\/\/i0.wp.com\/www.tvturk.com\/wp-content\/uploads\/2019\/02\/ogun-temizkanoglundan-ali-koca-sahaya-inmeden-tribunde-oturmakla-olmaz_7d9b6f0.jpg?resize=768%2C511 768w, https:\/\/i0.wp.com\/www.tvturk.com\/wp-content\/uploads\/2019\/02\/ogun-temizkanoglundan-ali-koca-sahaya-inmeden-tribunde-oturmakla-olmaz_7d9b6f0.jpg?resize=170%2C113 170w, https:\/\/i0.wp.com\/www.tvturk.com\/wp-content\/uploads\/2019\/02\/ogun-temizkanoglundan-ali-koca-sahaya-inmeden-tribunde-oturmakla-olmaz_7d9b6f0.jpg?resize=120%2C80 120w\" width=\"330\" height=\"220\" loading=\"lazy\" data-original-width=\"330\" data-original-height=\"220\" itemprop=\"http:\/\/schema.org\/image\" title=\"Og\u00fcn Temizkano\u011flu\u2019ndan Ali Ko\u00e7\u2019a: \u201cSahaya inmeden, trib\u00fcnde oturmakla olmaz\u201d\" alt=\"Og\u00fcn Temizkano\u011flu\u2019ndan Ali Ko\u00e7\u2019a: \u201cSahaya inmeden, trib\u00fcnde oturmakla olmaz\u201d\" style=\"width: 330px; height: 220px;\" \/> <\/a> <\/div> <\/div> <!-- close group --> <div class=\"gallery-group images-2\" style=\"width: 166px; height: 224px;\" data-original-width=\"166\" data-original-height=\"224\" > <div class=\"tiled-gallery-item tiled-gallery-item-small\" itemprop=\"associatedMedia\" itemscope itemtype=\"http:\/\/schema.org\/ImageObject\"> <a href=\"http:\/\/www.tvturk.com\/index.php\/ogun-temizkanoglundan-ali-koca-sahaya-inmeden-tribunde-oturmakla-olmaz\/ogun-temizkanoglundan-ali-koca-sahaya-inmeden-tribunde-oturmakla-olmaz-4\/\" border=\"0\" itemprop=\"url\"> <meta itemprop=\"width\" content=\"162\"> <meta itemprop=\"height\" content=\"108\"> <img decoding=\"async\" class=\"\" data-attachment-id=\"53766\" data-orig-file=\"http:\/\/www.tvturk.com\/wp-content\/uploads\/2019\/02\/ogun-temizkanoglundan-ali-koca-sahaya-inmeden-tribunde-oturmakla-olmaz_a7161e4.jpg\" data-orig-size=\"1000,666\" data-comments-opened=\"\" data-image-meta=\"{&quot;aperture&quot;:&quot;0&quot;,&quot;credit&quot;:&quot;IHA&quot;,&quot;camera&quot;:&quot;&quot;,&quot;caption&quot;:&quot;K\\u00dc\\u00c7\\u00dcK\\u00c7EKMECE BELED\\u0130YES\\u0130 CENNET K\\u00dcLT\\u00dcR VE SANAT MERKEZ\\u0130\\u2019NDE TARIK DEM\\u0130R MODERAT\\u00d6RL\\u00dc\\u011e\\u00dcNDE GER\\u00c7EKLE\\u015eEN S\\u00d6YLE\\u015e\\u0130YE KATILAN OG\\u00dcN TEM\\u0130ZKANO\\u011eLU, \\u00d6\\u011eRENC\\u0130LERLE B\\u0130R ARAYA GELD\\u0130. (\\u0130HA\\\/\\u0130STANBUL-\\u0130HA)&quot;,&quot;created_timestamp&quot;:&quot;0&quot;,&quot;copyright&quot;:&quot;\\u0130HLAS HABER AJANSI, www.iha.com.tr&quot;,&quot;focal_length&quot;:&quot;0&quot;,&quot;iso&quot;:&quot;0&quot;,&quot;shutter_speed&quot;:&quot;0&quot;,&quot;title&quot;:&quot;OG\\u00dcN TEM\\u0130ZKANO\\u011eLU\\u2019NDAN AL\\u0130 KO\\u00c7\\u2019A: \\u201cSAHAYA \\u0130NMEDEN, TR\\u0130B\\u00dcNDE OTURMAKLA OLMAZ\\u201d&quot;,&quot;orientation&quot;:&quot;0&quot;}\" data-image-title=\"Og\u00fcn Temizkano\u011flu\u2019ndan Ali Ko\u00e7\u2019a: \u201cSahaya inmeden, trib\u00fcnde oturmakla olmaz\u201d\" data-image-description=\"&lt;p&gt;Og\u00fcn Temizkano\u011flu\u2019ndan Ali Ko\u00e7\u2019a: \u201cSahaya inmeden, trib\u00fcnde oturmakla olmaz\u201d&lt;\/p&gt; \" data-medium-file=\"https:\/\/i0.wp.com\/www.tvturk.com\/wp-content\/uploads\/2019\/02\/ogun-temizkanoglundan-ali-koca-sahaya-inmeden-tribunde-oturmakla-olmaz_a7161e4.jpg?fit=300%2C200\" data-large-file=\"https:\/\/i0.wp.com\/www.tvturk.com\/wp-content\/uploads\/2019\/02\/ogun-temizkanoglundan-ali-koca-sahaya-inmeden-tribunde-oturmakla-olmaz_a7161e4.jpg?fit=1000%2C666\" src=\"https:\/\/i0.wp.com\/www.tvturk.com\/wp-content\/uploads\/2019\/02\/ogun-temizkanoglundan-ali-koca-sahaya-inmeden-tribunde-oturmakla-olmaz_a7161e4.jpg?w=162&#038;h=108\" srcset=\"https:\/\/i0.wp.com\/www.tvturk.com\/wp-content\/uploads\/2019\/02\/ogun-temizkanoglundan-ali-koca-sahaya-inmeden-tribunde-oturmakla-olmaz_a7161e4.jpg?w=1000 1000w, https:\/\/i0.wp.com\/www.tvturk.com\/wp-content\/uploads\/2019\/02\/ogun-temizkanoglundan-ali-koca-sahaya-inmeden-tribunde-oturmakla-olmaz_a7161e4.jpg?resize=150%2C100 150w, https:\/\/i0.wp.com\/www.tvturk.com\/wp-content\/uploads\/2019\/02\/ogun-temizkanoglundan-ali-koca-sahaya-inmeden-tribunde-oturmakla-olmaz_a7161e4.jpg?resize=300%2C200 300w, https:\/\/i0.wp.com\/www.tvturk.com\/wp-content\/uploads\/2019\/02\/ogun-temizkanoglundan-ali-koca-sahaya-inmeden-tribunde-oturmakla-olmaz_a7161e4.jpg?resize=768%2C511 768w, https:\/\/i0.wp.com\/www.tvturk.com\/wp-content\/uploads\/2019\/02\/ogun-temizkanoglundan-ali-koca-sahaya-inmeden-tribunde-oturmakla-olmaz_a7161e4.jpg?resize=170%2C113 170w, https:\/\/i0.wp.com\/www.tvturk.com\/wp-content\/uploads\/2019\/02\/ogun-temizkanoglundan-ali-koca-sahaya-inmeden-tribunde-oturmakla-olmaz_a7161e4.jpg?resize=120%2C80 120w\" width=\"162\" height=\"108\" loading=\"lazy\" data-original-width=\"162\" data-original-height=\"108\" itemprop=\"http:\/\/schema.org\/image\" title=\"Og\u00fcn Temizkano\u011flu\u2019ndan Ali Ko\u00e7\u2019a: \u201cSahaya inmeden, trib\u00fcnde oturmakla olmaz\u201d\" alt=\"Og\u00fcn Temizkano\u011flu\u2019ndan Ali Ko\u00e7\u2019a: \u201cSahaya inmeden, trib\u00fcnde oturmakla olmaz\u201d\" style=\"width: 162px; height: 108px;\" \/> <\/a> <\/div> <div class=\"tiled-gallery-item tiled-gallery-item-small\" itemprop=\"associatedMedia\" itemscope itemtype=\"http:\/\/schema.org\/ImageObject\"> <a href=\"http:\/\/www.tvturk.com\/index.php\/ogun-temizkanoglundan-ali-koca-sahaya-inmeden-tribunde-oturmakla-olmaz\/ogun-temizkanoglundan-ali-koca-sahaya-inmeden-tribunde-oturmakla-olmaz-5\/\" border=\"0\" itemprop=\"url\"> <meta itemprop=\"width\" content=\"162\"> <meta itemprop=\"height\" content=\"108\"> <img decoding=\"async\" class=\"\" data-attachment-id=\"53767\" data-orig-file=\"http:\/\/www.tvturk.com\/wp-content\/uploads\/2019\/02\/ogun-temizkanoglundan-ali-koca-sahaya-inmeden-tribunde-oturmakla-olmaz_446802a.jpg\" data-orig-size=\"1000,666\" data-comments-opened=\"\" data-image-meta=\"{&quot;aperture&quot;:&quot;0&quot;,&quot;credit&quot;:&quot;IHA&quot;,&quot;camera&quot;:&quot;&quot;,&quot;caption&quot;:&quot;K\\u00dc\\u00c7\\u00dcK\\u00c7EKMECE BELED\\u0130YES\\u0130 CENNET K\\u00dcLT\\u00dcR VE SANAT MERKEZ\\u0130\\u2019NDE TARIK DEM\\u0130R MODERAT\\u00d6RL\\u00dc\\u011e\\u00dcNDE GER\\u00c7EKLE\\u015eEN S\\u00d6YLE\\u015e\\u0130YE KATILAN OG\\u00dcN TEM\\u0130ZKANO\\u011eLU, \\u00d6\\u011eRENC\\u0130LERLE B\\u0130R ARAYA GELD\\u0130. (\\u0130HA\\\/\\u0130STANBUL-\\u0130HA)&quot;,&quot;created_timestamp&quot;:&quot;0&quot;,&quot;copyright&quot;:&quot;\\u0130HLAS HABER AJANSI, www.iha.com.tr&quot;,&quot;focal_length&quot;:&quot;0&quot;,&quot;iso&quot;:&quot;0&quot;,&quot;shutter_speed&quot;:&quot;0&quot;,&quot;title&quot;:&quot;OG\\u00dcN TEM\\u0130ZKANO\\u011eLU\\u2019NDAN AL\\u0130 KO\\u00c7\\u2019A: \\u201cSAHAYA \\u0130NMEDEN, TR\\u0130B\\u00dcNDE OTURMAKLA OLMAZ\\u201d&quot;,&quot;orientation&quot;:&quot;0&quot;}\" data-image-title=\"Og\u00fcn Temizkano\u011flu\u2019ndan Ali Ko\u00e7\u2019a: \u201cSahaya inmeden, trib\u00fcnde oturmakla olmaz\u201d\" data-image-description=\"&lt;p&gt;Og\u00fcn Temizkano\u011flu\u2019ndan Ali Ko\u00e7\u2019a: \u201cSahaya inmeden, trib\u00fcnde oturmakla olmaz\u201d&lt;\/p&gt; \" data-medium-file=\"https:\/\/i0.wp.com\/www.tvturk.com\/wp-content\/uploads\/2019\/02\/ogun-temizkanoglundan-ali-koca-sahaya-inmeden-tribunde-oturmakla-olmaz_446802a.jpg?fit=300%2C200\" data-large-file=\"https:\/\/i0.wp.com\/www.tvturk.com\/wp-content\/uploads\/2019\/02\/ogun-temizkanoglundan-ali-koca-sahaya-inmeden-tribunde-oturmakla-olmaz_446802a.jpg?fit=1000%2C666\" src=\"https:\/\/i0.wp.com\/www.tvturk.com\/wp-content\/uploads\/2019\/02\/ogun-temizkanoglundan-ali-koca-sahaya-inmeden-tribunde-oturmakla-olmaz_446802a.jpg?w=162&#038;h=108\" srcset=\"https:\/\/i0.wp.com\/www.tvturk.com\/wp-content\/uploads\/2019\/02\/ogun-temizkanoglundan-ali-koca-sahaya-inmeden-tribunde-oturmakla-olmaz_446802a.jpg?w=1000 1000w, https:\/\/i0.wp.com\/www.tvturk.com\/wp-content\/uploads\/2019\/02\/ogun-temizkanoglundan-ali-koca-sahaya-inmeden-tribunde-oturmakla-olmaz_446802a.jpg?resize=150%2C100 150w, https:\/\/i0.wp.com\/www.tvturk.com\/wp-content\/uploads\/2019\/02\/ogun-temizkanoglundan-ali-koca-sahaya-inmeden-tribunde-oturmakla-olmaz_446802a.jpg?resize=300%2C200 300w, https:\/\/i0.wp.com\/www.tvturk.com\/wp-content\/uploads\/2019\/02\/ogun-temizkanoglundan-ali-koca-sahaya-inmeden-tribunde-oturmakla-olmaz_446802a.jpg?resize=768%2C511 768w, https:\/\/i0.wp.com\/www.tvturk.com\/wp-content\/uploads\/2019\/02\/ogun-temizkanoglundan-ali-koca-sahaya-inmeden-tribunde-oturmakla-olmaz_446802a.jpg?resize=170%2C113 170w, https:\/\/i0.wp.com\/www.tvturk.com\/wp-content\/uploads\/2019\/02\/ogun-temizkanoglundan-ali-koca-sahaya-inmeden-tribunde-oturmakla-olmaz_446802a.jpg?resize=120%2C80 120w\" width=\"162\" height=\"108\" loading=\"lazy\" data-original-width=\"162\" data-original-height=\"108\" itemprop=\"http:\/\/schema.org\/image\" title=\"Og\u00fcn Temizkano\u011flu\u2019ndan Ali Ko\u00e7\u2019a: \u201cSahaya inmeden, trib\u00fcnde oturmakla olmaz\u201d\" alt=\"Og\u00fcn Temizkano\u011flu\u2019ndan Ali Ko\u00e7\u2019a: \u201cSahaya inmeden, trib\u00fcnde oturmakla olmaz\u201d\" style=\"width: 162px; height: 108px;\" \/> <\/a> <\/div> <\/div> <!-- close group --> <\/div> <!-- close row --> <div class=\"gallery-row\" style=\"width: 500px; height: 112px;\" data-original-width=\"500\" data-original-height=\"112\" > <div class=\"gallery-group images-1\" style=\"width: 167px; height: 112px;\" data-original-width=\"167\" data-original-height=\"112\" > <div class=\"tiled-gallery-item tiled-gallery-item-small\" itemprop=\"associatedMedia\" itemscope itemtype=\"http:\/\/schema.org\/ImageObject\"> <a href=\"http:\/\/www.tvturk.com\/index.php\/ogun-temizkanoglundan-ali-koca-sahaya-inmeden-tribunde-oturmakla-olmaz\/ogun-temizkanoglundan-ali-koca-sahaya-inmeden-tribunde-oturmakla-olmaz-6\/\" border=\"0\" itemprop=\"url\"> <meta itemprop=\"width\" content=\"163\"> <meta itemprop=\"height\" content=\"108\"> <img decoding=\"async\" class=\"\" data-attachment-id=\"53768\" data-orig-file=\"http:\/\/www.tvturk.com\/wp-content\/uploads\/2019\/02\/ogun-temizkanoglundan-ali-koca-sahaya-inmeden-tribunde-oturmakla-olmaz_446802a.jpg\" data-orig-size=\"1000,666\" data-comments-opened=\"\" data-image-meta=\"{&quot;aperture&quot;:&quot;0&quot;,&quot;credit&quot;:&quot;IHA&quot;,&quot;camera&quot;:&quot;&quot;,&quot;caption&quot;:&quot;K\\u00dc\\u00c7\\u00dcK\\u00c7EKMECE BELED\\u0130YES\\u0130 CENNET K\\u00dcLT\\u00dcR VE SANAT MERKEZ\\u0130\\u2019NDE TARIK DEM\\u0130R MODERAT\\u00d6RL\\u00dc\\u011e\\u00dcNDE GER\\u00c7EKLE\\u015eEN S\\u00d6YLE\\u015e\\u0130YE KATILAN OG\\u00dcN TEM\\u0130ZKANO\\u011eLU, \\u00d6\\u011eRENC\\u0130LERLE B\\u0130R ARAYA GELD\\u0130. (\\u0130HA\\\/\\u0130STANBUL-\\u0130HA)&quot;,&quot;created_timestamp&quot;:&quot;0&quot;,&quot;copyright&quot;:&quot;\\u0130HLAS HABER AJANSI, www.iha.com.tr&quot;,&quot;focal_length&quot;:&quot;0&quot;,&quot;iso&quot;:&quot;0&quot;,&quot;shutter_speed&quot;:&quot;0&quot;,&quot;title&quot;:&quot;OG\\u00dcN TEM\\u0130ZKANO\\u011eLU\\u2019NDAN AL\\u0130 KO\\u00c7\\u2019A: \\u201cSAHAYA \\u0130NMEDEN, TR\\u0130B\\u00dcNDE OTURMAKLA OLMAZ\\u201d&quot;,&quot;orientation&quot;:&quot;0&quot;}\" data-image-title=\"Og\u00fcn Temizkano\u011flu\u2019ndan Ali Ko\u00e7\u2019a: \u201cSahaya inmeden, trib\u00fcnde oturmakla olmaz\u201d\" data-image-description=\"&lt;p&gt;Og\u00fcn Temizkano\u011flu\u2019ndan Ali Ko\u00e7\u2019a: \u201cSahaya inmeden, trib\u00fcnde oturmakla olmaz\u201d&lt;\/p&gt; \" data-medium-file=\"https:\/\/i0.wp.com\/www.tvturk.com\/wp-content\/uploads\/2019\/02\/ogun-temizkanoglundan-ali-koca-sahaya-inmeden-tribunde-oturmakla-olmaz_446802a.jpg?fit=300%2C200\" data-large-file=\"https:\/\/i0.wp.com\/www.tvturk.com\/wp-content\/uploads\/2019\/02\/ogun-temizkanoglundan-ali-koca-sahaya-inmeden-tribunde-oturmakla-olmaz_446802a.jpg?fit=1000%2C666\" src=\"https:\/\/i0.wp.com\/www.tvturk.com\/wp-content\/uploads\/2019\/02\/ogun-temizkanoglundan-ali-koca-sahaya-inmeden-tribunde-oturmakla-olmaz_446802a.jpg?w=163&#038;h=108\" srcset=\"https:\/\/i0.wp.com\/www.tvturk.com\/wp-content\/uploads\/2019\/02\/ogun-temizkanoglundan-ali-koca-sahaya-inmeden-tribunde-oturmakla-olmaz_446802a.jpg?w=1000 1000w, https:\/\/i0.wp.com\/www.tvturk.com\/wp-content\/uploads\/2019\/02\/ogun-temizkanoglundan-ali-koca-sahaya-inmeden-tribunde-oturmakla-olmaz_446802a.jpg?resize=150%2C100 150w, https:\/\/i0.wp.com\/www.tvturk.com\/wp-content\/uploads\/2019\/02\/ogun-temizkanoglundan-ali-koca-sahaya-inmeden-tribunde-oturmakla-olmaz_446802a.jpg?resize=300%2C200 300w, https:\/\/i0.wp.com\/www.tvturk.com\/wp-content\/uploads\/2019\/02\/ogun-temizkanoglundan-ali-koca-sahaya-inmeden-tribunde-oturmakla-olmaz_446802a.jpg?resize=768%2C511 768w, https:\/\/i0.wp.com\/www.tvturk.com\/wp-content\/uploads\/2019\/02\/ogun-temizkanoglundan-ali-koca-sahaya-inmeden-tribunde-oturmakla-olmaz_446802a.jpg?resize=170%2C113 170w, https:\/\/i0.wp.com\/www.tvturk.com\/wp-content\/uploads\/2019\/02\/ogun-temizkanoglundan-ali-koca-sahaya-inmeden-tribunde-oturmakla-olmaz_446802a.jpg?resize=120%2C80 120w\" width=\"163\" height=\"108\" loading=\"lazy\" data-original-width=\"163\" data-original-height=\"108\" itemprop=\"http:\/\/schema.org\/image\" title=\"Og\u00fcn Temizkano\u011flu\u2019ndan Ali Ko\u00e7\u2019a: \u201cSahaya inmeden, trib\u00fcnde oturmakla olmaz\u201d\" alt=\"Og\u00fcn Temizkano\u011flu\u2019ndan Ali Ko\u00e7\u2019a: \u201cSahaya inmeden, trib\u00fcnde oturmakla olmaz\u201d\" style=\"width: 163px; height: 108px;\" \/> <\/a> <\/div> <\/div> <!-- close group --> <div class=\"gallery-group images-1\" style=\"width: 167px; height: 112px;\" data-original-width=\"167\" data-original-height=\"112\" > <div class=\"tiled-gallery-item tiled-gallery-item-small\" itemprop=\"associatedMedia\" itemscope itemtype=\"http:\/\/schema.org\/ImageObject\"> <a href=\"http:\/\/www.tvturk.com\/index.php\/ogun-temizkanoglundan-ali-koca-sahaya-inmeden-tribunde-oturmakla-olmaz\/ogun-temizkanoglundan-ali-koca-sahaya-inmeden-tribunde-oturmakla-olmaz-7\/\" border=\"0\" itemprop=\"url\"> <meta itemprop=\"width\" content=\"163\"> <meta itemprop=\"height\" content=\"108\"> <img decoding=\"async\" class=\"\" data-attachment-id=\"53769\" data-orig-file=\"http:\/\/www.tvturk.com\/wp-content\/uploads\/2019\/02\/ogun-temizkanoglundan-ali-koca-sahaya-inmeden-tribunde-oturmakla-olmaz_1ce7d95.jpg\" data-orig-size=\"1000,666\" data-comments-opened=\"\" data-image-meta=\"{&quot;aperture&quot;:&quot;0&quot;,&quot;credit&quot;:&quot;IHA&quot;,&quot;camera&quot;:&quot;&quot;,&quot;caption&quot;:&quot;K\\u00dc\\u00c7\\u00dcK\\u00c7EKMECE BELED\\u0130YES\\u0130 CENNET K\\u00dcLT\\u00dcR VE SANAT MERKEZ\\u0130\\u2019NDE TARIK DEM\\u0130R MODERAT\\u00d6RL\\u00dc\\u011e\\u00dcNDE GER\\u00c7EKLE\\u015eEN S\\u00d6YLE\\u015e\\u0130YE KATILAN OG\\u00dcN TEM\\u0130ZKANO\\u011eLU, \\u00d6\\u011eRENC\\u0130LERLE B\\u0130R ARAYA GELD\\u0130. (\\u0130HA\\\/\\u0130STANBUL-\\u0130HA)&quot;,&quot;created_timestamp&quot;:&quot;0&quot;,&quot;copyright&quot;:&quot;\\u0130HLAS HABER AJANSI, www.iha.com.tr&quot;,&quot;focal_length&quot;:&quot;0&quot;,&quot;iso&quot;:&quot;0&quot;,&quot;shutter_speed&quot;:&quot;0&quot;,&quot;title&quot;:&quot;OG\\u00dcN TEM\\u0130ZKANO\\u011eLU\\u2019NDAN AL\\u0130 KO\\u00c7\\u2019A: \\u201cSAHAYA \\u0130NMEDEN, TR\\u0130B\\u00dcNDE OTURMAKLA OLMAZ\\u201d&quot;,&quot;orientation&quot;:&quot;0&quot;}\" data-image-title=\"Og\u00fcn Temizkano\u011flu\u2019ndan Ali Ko\u00e7\u2019a: \u201cSahaya inmeden, trib\u00fcnde oturmakla olmaz\u201d\" data-image-description=\"&lt;p&gt;Og\u00fcn Temizkano\u011flu\u2019ndan Ali Ko\u00e7\u2019a: \u201cSahaya inmeden, trib\u00fcnde oturmakla olmaz\u201d&lt;\/p&gt; \" data-medium-file=\"https:\/\/i0.wp.com\/www.tvturk.com\/wp-content\/uploads\/2019\/02\/ogun-temizkanoglundan-ali-koca-sahaya-inmeden-tribunde-oturmakla-olmaz_1ce7d95.jpg?fit=300%2C200\" data-large-file=\"https:\/\/i0.wp.com\/www.tvturk.com\/wp-content\/uploads\/2019\/02\/ogun-temizkanoglundan-ali-koca-sahaya-inmeden-tribunde-oturmakla-olmaz_1ce7d95.jpg?fit=1000%2C666\" src=\"https:\/\/i0.wp.com\/www.tvturk.com\/wp-content\/uploads\/2019\/02\/ogun-temizkanoglundan-ali-koca-sahaya-inmeden-tribunde-oturmakla-olmaz_1ce7d95.jpg?w=163&#038;h=108\" srcset=\"https:\/\/i0.wp.com\/www.tvturk.com\/wp-content\/uploads\/2019\/02\/ogun-temizkanoglundan-ali-koca-sahaya-inmeden-tribunde-oturmakla-olmaz_1ce7d95.jpg?w=1000 1000w, https:\/\/i0.wp.com\/www.tvturk.com\/wp-content\/uploads\/2019\/02\/ogun-temizkanoglundan-ali-koca-sahaya-inmeden-tribunde-oturmakla-olmaz_1ce7d95.jpg?resize=150%2C100 150w, https:\/\/i0.wp.com\/www.tvturk.com\/wp-content\/uploads\/2019\/02\/ogun-temizkanoglundan-ali-koca-sahaya-inmeden-tribunde-oturmakla-olmaz_1ce7d95.jpg?resize=300%2C200 300w, https:\/\/i0.wp.com\/www.tvturk.com\/wp-content\/uploads\/2019\/02\/ogun-temizkanoglundan-ali-koca-sahaya-inmeden-tribunde-oturmakla-olmaz_1ce7d95.jpg?resize=768%2C511 768w, https:\/\/i0.wp.com\/www.tvturk.com\/wp-content\/uploads\/2019\/02\/ogun-temizkanoglundan-ali-koca-sahaya-inmeden-tribunde-oturmakla-olmaz_1ce7d95.jpg?resize=170%2C113 170w, https:\/\/i0.wp.com\/www.tvturk.com\/wp-content\/uploads\/2019\/02\/ogun-temizkanoglundan-ali-koca-sahaya-inmeden-tribunde-oturmakla-olmaz_1ce7d95.jpg?resize=120%2C80 120w\" width=\"163\" height=\"108\" loading=\"lazy\" data-original-width=\"163\" data-original-height=\"108\" itemprop=\"http:\/\/schema.org\/image\" title=\"Og\u00fcn Temizkano\u011flu\u2019ndan Ali Ko\u00e7\u2019a: \u201cSahaya inmeden, trib\u00fcnde oturmakla olmaz\u201d\" alt=\"Og\u00fcn Temizkano\u011flu\u2019ndan Ali Ko\u00e7\u2019a: \u201cSahaya inmeden, trib\u00fcnde oturmakla olmaz\u201d\" style=\"width: 163px; height: 108px;\" \/> <\/a> <\/div> <\/div> <!-- close group --> <div class=\"gallery-group images-1\" style=\"width: 166px; height: 112px;\" data-original-width=\"166\" data-original-height=\"112\" > <div class=\"tiled-gallery-item tiled-gallery-item-small\" itemprop=\"associatedMedia\" itemscope itemtype=\"http:\/\/schema.org\/ImageObject\"> <a href=\"http:\/\/www.tvturk.com\/index.php\/ogun-temizkanoglundan-ali-koca-sahaya-inmeden-tribunde-oturmakla-olmaz\/ogun-temizkanoglundan-ali-koca-sahaya-inmeden-tribunde-oturmakla-olmaz-8\/\" border=\"0\" itemprop=\"url\"> <meta itemprop=\"width\" content=\"162\"> <meta itemprop=\"height\" content=\"108\"> <img decoding=\"async\" class=\"\" data-attachment-id=\"53770\" data-orig-file=\"http:\/\/www.tvturk.com\/wp-content\/uploads\/2019\/02\/ogun-temizkanoglundan-ali-koca-sahaya-inmeden-tribunde-oturmakla-olmaz_78e27f5.jpg\" data-orig-size=\"1000,666\" data-comments-opened=\"\" data-image-meta=\"{&quot;aperture&quot;:&quot;0&quot;,&quot;credit&quot;:&quot;IHA&quot;,&quot;camera&quot;:&quot;&quot;,&quot;caption&quot;:&quot;K\\u00dc\\u00c7\\u00dcK\\u00c7EKMECE BELED\\u0130YES\\u0130 CENNET K\\u00dcLT\\u00dcR VE SANAT MERKEZ\\u0130\\u2019NDE TARIK DEM\\u0130R MODERAT\\u00d6RL\\u00dc\\u011e\\u00dcNDE GER\\u00c7EKLE\\u015eEN S\\u00d6YLE\\u015e\\u0130YE KATILAN OG\\u00dcN TEM\\u0130ZKANO\\u011eLU, \\u00d6\\u011eRENC\\u0130LERLE B\\u0130R ARAYA GELD\\u0130. (\\u0130HA\\\/\\u0130STANBUL-\\u0130HA)&quot;,&quot;created_timestamp&quot;:&quot;0&quot;,&quot;copyright&quot;:&quot;\\u0130HLAS HABER AJANSI, www.iha.com.tr&quot;,&quot;focal_length&quot;:&quot;0&quot;,&quot;iso&quot;:&quot;0&quot;,&quot;shutter_speed&quot;:&quot;0&quot;,&quot;title&quot;:&quot;OG\\u00dcN TEM\\u0130ZKANO\\u011eLU\\u2019NDAN AL\\u0130 KO\\u00c7\\u2019A: \\u201cSAHAYA \\u0130NMEDEN, TR\\u0130B\\u00dcNDE OTURMAKLA OLMAZ\\u201d&quot;,&quot;orientation&quot;:&quot;0&quot;}\" data-image-title=\"Og\u00fcn Temizkano\u011flu\u2019ndan Ali Ko\u00e7\u2019a: \u201cSahaya inmeden, trib\u00fcnde oturmakla olmaz\u201d\" data-image-description=\"&lt;p&gt;Og\u00fcn Temizkano\u011flu\u2019ndan Ali Ko\u00e7\u2019a: \u201cSahaya inmeden, trib\u00fcnde oturmakla olmaz\u201d&lt;\/p&gt; \" data-medium-file=\"https:\/\/i0.wp.com\/www.tvturk.com\/wp-content\/uploads\/2019\/02\/ogun-temizkanoglundan-ali-koca-sahaya-inmeden-tribunde-oturmakla-olmaz_78e27f5.jpg?fit=300%2C200\" data-large-file=\"https:\/\/i0.wp.com\/www.tvturk.com\/wp-content\/uploads\/2019\/02\/ogun-temizkanoglundan-ali-koca-sahaya-inmeden-tribunde-oturmakla-olmaz_78e27f5.jpg?fit=1000%2C666\" src=\"https:\/\/i0.wp.com\/www.tvturk.com\/wp-content\/uploads\/2019\/02\/ogun-temizkanoglundan-ali-koca-sahaya-inmeden-tribunde-oturmakla-olmaz_78e27f5.jpg?w=162&#038;h=108\" srcset=\"https:\/\/i0.wp.com\/www.tvturk.com\/wp-content\/uploads\/2019\/02\/ogun-temizkanoglundan-ali-koca-sahaya-inmeden-tribunde-oturmakla-olmaz_78e27f5.jpg?w=1000 1000w, https:\/\/i0.wp.com\/www.tvturk.com\/wp-content\/uploads\/2019\/02\/ogun-temizkanoglundan-ali-koca-sahaya-inmeden-tribunde-oturmakla-olmaz_78e27f5.jpg?resize=150%2C100 150w, https:\/\/i0.wp.com\/www.tvturk.com\/wp-content\/uploads\/2019\/02\/ogun-temizkanoglundan-ali-koca-sahaya-inmeden-tribunde-oturmakla-olmaz_78e27f5.jpg?resize=300%2C200 300w, https:\/\/i0.wp.com\/www.tvturk.com\/wp-content\/uploads\/2019\/02\/ogun-temizkanoglundan-ali-koca-sahaya-inmeden-tribunde-oturmakla-olmaz_78e27f5.jpg?resize=768%2C511 768w, https:\/\/i0.wp.com\/www.tvturk.com\/wp-content\/uploads\/2019\/02\/ogun-temizkanoglundan-ali-koca-sahaya-inmeden-tribunde-oturmakla-olmaz_78e27f5.jpg?resize=170%2C113 170w, https:\/\/i0.wp.com\/www.tvturk.com\/wp-content\/uploads\/2019\/02\/ogun-temizkanoglundan-ali-koca-sahaya-inmeden-tribunde-oturmakla-olmaz_78e27f5.jpg?resize=120%2C80 120w\" width=\"162\" height=\"108\" loading=\"lazy\" data-original-width=\"162\" data-original-height=\"108\" itemprop=\"http:\/\/schema.org\/image\" title=\"Og\u00fcn Temizkano\u011flu\u2019ndan Ali Ko\u00e7\u2019a: \u201cSahaya inmeden, trib\u00fcnde oturmakla olmaz\u201d\" alt=\"Og\u00fcn Temizkano\u011flu\u2019ndan Ali Ko\u00e7\u2019a: \u201cSahaya inmeden, trib\u00fcnde oturmakla olmaz\u201d\" style=\"width: 162px; height: 108px;\" \/> <\/a> <\/div> <\/div> <!-- close group --> <\/div> <!-- close row --> <\/div><\/p>\n","protected":false},"excerpt":{"rendered":"<p>K\u00dc\u00c7\u00dcK\u00c7EKMECE BELED\u0130YES\u0130 CENNET K\u00dcLT\u00dcR VE SANAT MERKEZ\u0130\u2019NDE TARIK DEM\u0130R MODERAT\u00d6RL\u00dc\u011e\u00dcNDE GER\u00c7EKLE\u015eEN S\u00d6YLE\u015e\u0130YE KATILAN OG\u00dcN TEM\u0130ZKANO\u011eLU, \u00d6\u011eRENC\u0130LERLE B\u0130R ARAYA GELD\u0130.<\/p>\n","protected":false},"author":1,"featured_media":53764,"comment_status":"closed","ping_status":"open","sticky":false,"template":"","format":"standard","meta":{"jetpack_post_was_ever_published":false,"_jetpack_newsletter_access":"","_jetpack_dont_email_post_to_subs":false,"_jetpack_newsletter_tier_id":0,"_jetpack_memberships_contains_paywalled_content":false,"_jetpack_memberships_contains_paid_content":false,"footnotes":"","jetpack_publicize_message":"","jetpack_publicize_feature_enabled":true,"jetpack_social_post_already_shared":false,"jetpack_social_options":{"image_generator_settings":{"template":"highway","default_image_id":0,"font":"","enabled":false},"version":2}},"categories":[657],"tags":[625,17557,2154,17555,12753,17558,8048,17556,14960],"class_list":["post-53763","post","type-post","status-publish","format-standard","has-post-thumbnail","hentry","category-spor","tag-ali","tag-inmeden","tag-koca","tag-ogun","tag-olmaz","tag-oturmakla","tag-sahaya","tag-temizkanoglundan","tag-tribunde"],"jetpack_publicize_connections":[],"jetpack_featured_media_url":"https:\/\/i0.wp.com\/www.tvturk.com\/wp-content\/uploads\/2019\/02\/ogun-temizkanoglundan-ali-koca-sahaya-inmeden-tribunde-oturmakla-olmaz_aeeae15.jpg?fit=1000%2C666","jetpack_sharing_enabled":true,"jetpack_shortlink":"https:\/\/wp.me\/paKIfm-dZ9","_links":{"self":[{"href":"http:\/\/www.tvturk.com\/index.php\/wp-json\/wp\/v2\/posts\/53763","targetHints":{"allow":["GET"]}}],"collection":[{"href":"http:\/\/www.tvturk.com\/index.php\/wp-json\/wp\/v2\/posts"}],"about":[{"href":"http:\/\/www.tvturk.com\/index.php\/wp-json\/wp\/v2\/types\/post"}],"author":[{"embeddable":true,"href":"http:\/\/www.tvturk.com\/index.php\/wp-json\/wp\/v2\/users\/1"}],"replies":[{"embeddable":true,"href":"http:\/\/www.tvturk.com\/index.php\/wp-json\/wp\/v2\/comments?post=53763"}],"version-history":[{"count":1,"href":"http:\/\/www.tvturk.com\/index.php\/wp-json\/wp\/v2\/posts\/53763\/revisions"}],"predecessor-version":[{"id":53771,"href":"http:\/\/www.tvturk.com\/index.php\/wp-json\/wp\/v2\/posts\/53763\/revisions\/53771"}],"wp:featuredmedia":[{"embeddable":true,"href":"http:\/\/www.tvturk.com\/index.php\/wp-json\/wp\/v2\/media\/53764"}],"wp:attachment":[{"href":"http:\/\/www.tvturk.com\/index.php\/wp-json\/wp\/v2\/media?parent=53763"}],"wp:term":[{"taxonomy":"category","embeddable":true,"href":"http:\/\/www.tvturk.com\/index.php\/wp-json\/wp\/v2\/categories?post=53763"},{"taxonomy":"post_tag","embeddable":true,"href":"http:\/\/www.tvturk.com\/index.php\/wp-json\/wp\/v2\/tags?post=53763"}],"curies":[{"name":"wp","href":"https:\/\/api.w.org\/{rel}","templated":true}]}}