{"id":53948,"date":"2019-02-21T16:33:06","date_gmt":"2019-02-21T13:33:06","guid":{"rendered":"http:\/\/www.tvturk.com\/index.php\/besiktas-teknik-heyeti-ve-futbolculara-japon-yemegi\/"},"modified":"2019-02-21T16:33:10","modified_gmt":"2019-02-21T13:33:10","slug":"besiktas-teknik-heyeti-ve-futbolculara-japon-yemegi","status":"publish","type":"post","link":"http:\/\/www.tvturk.com\/index.php\/besiktas-teknik-heyeti-ve-futbolculara-japon-yemegi\/","title":{"rendered":"Be\u015fikta\u015f teknik heyeti ve futbolculara Japon yeme\u011fi"},"content":{"rendered":"<p>Spor Toto S\u00fcper Lig\u2019de bu hafta derbide Fenerbah\u00e7e ile kar\u015f\u0131la\u015facak olan Be\u015fikta\u015f\u2019ta y\u00f6netici Ahmet Kavalc\u0131, futbol tak\u0131m\u0131na yemek verdi. Yemekte Japon mutfa\u011f\u0131ndan lezzetler yer ald\u0131.<\/p>\n<p>BJK Nevzat Demir Tesisleri ve Futbol A Tak\u0131mdan Sorumlu Y\u00f6netim Kurulu \u00dcyesi Ahmet Kavalc\u0131, futbol tak\u0131m\u0131na yemek verdi. Asba\u015fkan, Transfer Komitesi Ba\u015fkan\u0131, Vodafone Park\u2019tan Sorumlu Y\u00f6netim Kurulu \u00dcyesi Umut G\u00fcner, Teknik Direkt\u00f6r \u015eenol G\u00fcne\u015f, teknik ekip ve futbolcular yemekte yer ald\u0131.<\/p>\n<p>S\u0131cak bir ortamda ge\u00e7en ve Japon mutfa\u011f\u0131ndan lezzetlerin yer ald\u0131\u011f\u0131 yemekte futbolcular keyifli vakit ge\u00e7irdi.<div class=\"tiled-gallery type-rectangular tiled-gallery-unresized\" data-original-width=\"500\" data-carousel-extra='null' itemscope itemtype=\"http:\/\/schema.org\/ImageGallery\" > <div class=\"gallery-row\" style=\"width: 500px; height: 226px;\" data-original-width=\"500\" data-original-height=\"226\" > <div class=\"gallery-group images-1\" style=\"width: 338px; height: 226px;\" data-original-width=\"338\" data-original-height=\"226\" > <div class=\"tiled-gallery-item tiled-gallery-item-large\" itemprop=\"associatedMedia\" itemscope itemtype=\"http:\/\/schema.org\/ImageObject\"> <a href=\"http:\/\/www.tvturk.com\/index.php\/besiktas-teknik-heyeti-ve-futbolculara-japon-yemegi\/besiktas-teknik-heyeti-ve-futbolculara-japon-yemegi-3\/\" border=\"0\" itemprop=\"url\"> <meta itemprop=\"width\" content=\"334\"> <meta itemprop=\"height\" content=\"222\"> <img decoding=\"async\" class=\"\" data-attachment-id=\"53950\" data-orig-file=\"http:\/\/www.tvturk.com\/wp-content\/uploads\/2019\/02\/besiktas-teknik-heyeti-ve-futbolculara-japon-yemegi_a0b7846.jpg\" data-orig-size=\"1000,666\" data-comments-opened=\"\" data-image-meta=\"{&quot;aperture&quot;:&quot;0&quot;,&quot;credit&quot;:&quot;IHA&quot;,&quot;camera&quot;:&quot;&quot;,&quot;caption&quot;:&quot;SPOR TOTO S\\u00dcPER L\\u0130G\\u0027DE BU HAFTA DERB\\u0130DE FENERBAH\\u00c7E \\u0130LE KAR\\u015eILA\\u015eACAK OLAN BE\\u015e\\u0130KTA\\u015e\\u0027TA Y\\u00d6NET\\u0130C\\u0130 AHMET KAVALCI, FUTBOL TAKIMINA YEMEK VERD\\u0130. YEMEKTE JAPON MUTFA\\u011eINDAN LEZZETLER YER ALDI. (\\u0130HA\\\/\\u0130STANBUL-\\u0130HA)&quot;,&quot;created_timestamp&quot;:&quot;0&quot;,&quot;copyright&quot;:&quot;\\u0130HLAS HABER AJANSI, www.iha.com.tr&quot;,&quot;focal_length&quot;:&quot;0&quot;,&quot;iso&quot;:&quot;0&quot;,&quot;shutter_speed&quot;:&quot;0&quot;,&quot;title&quot;:&quot;BE\\u015e\\u0130KTA\\u015e TEKN\\u0130K HEYET\\u0130 VE FUTBOLCULARA JAPON YEME\\u011e\\u0130&quot;,&quot;orientation&quot;:&quot;0&quot;}\" data-image-title=\"Be\u015fikta\u015f teknik heyeti ve futbolculara Japon yeme\u011fi\" data-image-description=\"&lt;p&gt;Be\u015fikta\u015f teknik heyeti ve futbolculara Japon yeme\u011fi&lt;\/p&gt; \" data-medium-file=\"https:\/\/i0.wp.com\/www.tvturk.com\/wp-content\/uploads\/2019\/02\/besiktas-teknik-heyeti-ve-futbolculara-japon-yemegi_a0b7846.jpg?fit=300%2C200\" data-large-file=\"https:\/\/i0.wp.com\/www.tvturk.com\/wp-content\/uploads\/2019\/02\/besiktas-teknik-heyeti-ve-futbolculara-japon-yemegi_a0b7846.jpg?fit=1000%2C666\" src=\"https:\/\/i0.wp.com\/www.tvturk.com\/wp-content\/uploads\/2019\/02\/besiktas-teknik-heyeti-ve-futbolculara-japon-yemegi_a0b7846.jpg?w=334&#038;h=222\" srcset=\"https:\/\/i0.wp.com\/www.tvturk.com\/wp-content\/uploads\/2019\/02\/besiktas-teknik-heyeti-ve-futbolculara-japon-yemegi_a0b7846.jpg?w=1000 1000w, https:\/\/i0.wp.com\/www.tvturk.com\/wp-content\/uploads\/2019\/02\/besiktas-teknik-heyeti-ve-futbolculara-japon-yemegi_a0b7846.jpg?resize=150%2C100 150w, https:\/\/i0.wp.com\/www.tvturk.com\/wp-content\/uploads\/2019\/02\/besiktas-teknik-heyeti-ve-futbolculara-japon-yemegi_a0b7846.jpg?resize=300%2C200 300w, https:\/\/i0.wp.com\/www.tvturk.com\/wp-content\/uploads\/2019\/02\/besiktas-teknik-heyeti-ve-futbolculara-japon-yemegi_a0b7846.jpg?resize=768%2C511 768w, https:\/\/i0.wp.com\/www.tvturk.com\/wp-content\/uploads\/2019\/02\/besiktas-teknik-heyeti-ve-futbolculara-japon-yemegi_a0b7846.jpg?resize=170%2C113 170w, https:\/\/i0.wp.com\/www.tvturk.com\/wp-content\/uploads\/2019\/02\/besiktas-teknik-heyeti-ve-futbolculara-japon-yemegi_a0b7846.jpg?resize=120%2C80 120w\" width=\"334\" height=\"222\" loading=\"lazy\" data-original-width=\"334\" data-original-height=\"222\" itemprop=\"http:\/\/schema.org\/image\" title=\"Be\u015fikta\u015f teknik heyeti ve futbolculara Japon yeme\u011fi\" alt=\"Be\u015fikta\u015f teknik heyeti ve futbolculara Japon yeme\u011fi\" style=\"width: 334px; height: 222px;\" \/> <\/a> <\/div> <\/div> <!-- close group --> <div class=\"gallery-group images-2\" style=\"width: 162px; height: 226px;\" data-original-width=\"162\" data-original-height=\"226\" > <div class=\"tiled-gallery-item tiled-gallery-item-small\" itemprop=\"associatedMedia\" itemscope itemtype=\"http:\/\/schema.org\/ImageObject\"> <a href=\"http:\/\/www.tvturk.com\/index.php\/besiktas-teknik-heyeti-ve-futbolculara-japon-yemegi\/besiktas-teknik-heyeti-ve-futbolculara-japon-yemegi-4\/\" border=\"0\" itemprop=\"url\"> <meta itemprop=\"width\" content=\"158\"> <meta itemprop=\"height\" content=\"116\"> <img decoding=\"async\" class=\"\" data-attachment-id=\"53951\" data-orig-file=\"http:\/\/www.tvturk.com\/wp-content\/uploads\/2019\/02\/besiktas-teknik-heyeti-ve-futbolculara-japon-yemegi_3dad999.jpg\" data-orig-size=\"1000,735\" data-comments-opened=\"\" data-image-meta=\"{&quot;aperture&quot;:&quot;0&quot;,&quot;credit&quot;:&quot;IHA&quot;,&quot;camera&quot;:&quot;&quot;,&quot;caption&quot;:&quot;SPOR TOTO S\\u00dcPER L\\u0130G\\u0027DE BU HAFTA DERB\\u0130DE FENERBAH\\u00c7E \\u0130LE KAR\\u015eILA\\u015eACAK OLAN BE\\u015e\\u0130KTA\\u015e\\u0027TA Y\\u00d6NET\\u0130C\\u0130 AHMET KAVALCI, FUTBOL TAKIMINA YEMEK VERD\\u0130. YEMEKTE JAPON MUTFA\\u011eINDAN LEZZETLER YER ALDI. (\\u0130HA\\\/\\u0130STANBUL-\\u0130HA)&quot;,&quot;created_timestamp&quot;:&quot;0&quot;,&quot;copyright&quot;:&quot;\\u0130HLAS HABER AJANSI, www.iha.com.tr&quot;,&quot;focal_length&quot;:&quot;0&quot;,&quot;iso&quot;:&quot;0&quot;,&quot;shutter_speed&quot;:&quot;0&quot;,&quot;title&quot;:&quot;BE\\u015e\\u0130KTA\\u015e TEKN\\u0130K HEYET\\u0130 VE FUTBOLCULARA JAPON YEME\\u011e\\u0130&quot;,&quot;orientation&quot;:&quot;0&quot;}\" data-image-title=\"Be\u015fikta\u015f teknik heyeti ve futbolculara Japon yeme\u011fi\" data-image-description=\"&lt;p&gt;Be\u015fikta\u015f teknik heyeti ve futbolculara Japon yeme\u011fi&lt;\/p&gt; \" data-medium-file=\"https:\/\/i0.wp.com\/www.tvturk.com\/wp-content\/uploads\/2019\/02\/besiktas-teknik-heyeti-ve-futbolculara-japon-yemegi_3dad999.jpg?fit=300%2C221\" data-large-file=\"https:\/\/i0.wp.com\/www.tvturk.com\/wp-content\/uploads\/2019\/02\/besiktas-teknik-heyeti-ve-futbolculara-japon-yemegi_3dad999.jpg?fit=1000%2C735\" src=\"https:\/\/i0.wp.com\/www.tvturk.com\/wp-content\/uploads\/2019\/02\/besiktas-teknik-heyeti-ve-futbolculara-japon-yemegi_3dad999.jpg?w=158&#038;h=116\" srcset=\"https:\/\/i0.wp.com\/www.tvturk.com\/wp-content\/uploads\/2019\/02\/besiktas-teknik-heyeti-ve-futbolculara-japon-yemegi_3dad999.jpg?w=1000 1000w, https:\/\/i0.wp.com\/www.tvturk.com\/wp-content\/uploads\/2019\/02\/besiktas-teknik-heyeti-ve-futbolculara-japon-yemegi_3dad999.jpg?resize=150%2C110 150w, https:\/\/i0.wp.com\/www.tvturk.com\/wp-content\/uploads\/2019\/02\/besiktas-teknik-heyeti-ve-futbolculara-japon-yemegi_3dad999.jpg?resize=300%2C221 300w, https:\/\/i0.wp.com\/www.tvturk.com\/wp-content\/uploads\/2019\/02\/besiktas-teknik-heyeti-ve-futbolculara-japon-yemegi_3dad999.jpg?resize=768%2C564 768w\" width=\"158\" height=\"116\" loading=\"lazy\" data-original-width=\"158\" data-original-height=\"116\" itemprop=\"http:\/\/schema.org\/image\" title=\"Be\u015fikta\u015f teknik heyeti ve futbolculara Japon yeme\u011fi\" alt=\"Be\u015fikta\u015f teknik heyeti ve futbolculara Japon yeme\u011fi\" style=\"width: 158px; height: 116px;\" \/> <\/a> <\/div> <div class=\"tiled-gallery-item tiled-gallery-item-small\" itemprop=\"associatedMedia\" itemscope itemtype=\"http:\/\/schema.org\/ImageObject\"> <a href=\"http:\/\/www.tvturk.com\/index.php\/besiktas-teknik-heyeti-ve-futbolculara-japon-yemegi\/besiktas-teknik-heyeti-ve-futbolculara-japon-yemegi-5\/\" border=\"0\" itemprop=\"url\"> <meta itemprop=\"width\" content=\"158\"> <meta itemprop=\"height\" content=\"102\"> <img decoding=\"async\" class=\"\" data-attachment-id=\"53952\" data-orig-file=\"http:\/\/www.tvturk.com\/wp-content\/uploads\/2019\/02\/besiktas-teknik-heyeti-ve-futbolculara-japon-yemegi_35b9c6c.jpg\" data-orig-size=\"1000,648\" data-comments-opened=\"\" data-image-meta=\"{&quot;aperture&quot;:&quot;0&quot;,&quot;credit&quot;:&quot;IHA&quot;,&quot;camera&quot;:&quot;&quot;,&quot;caption&quot;:&quot;SPOR TOTO S\\u00dcPER L\\u0130G\\u0027DE BU HAFTA DERB\\u0130DE FENERBAH\\u00c7E \\u0130LE KAR\\u015eILA\\u015eACAK OLAN BE\\u015e\\u0130KTA\\u015e\\u0027TA Y\\u00d6NET\\u0130C\\u0130 AHMET KAVALCI, FUTBOL TAKIMINA YEMEK VERD\\u0130. YEMEKTE JAPON MUTFA\\u011eINDAN LEZZETLER YER ALDI. (\\u0130HA\\\/\\u0130STANBUL-\\u0130HA)&quot;,&quot;created_timestamp&quot;:&quot;0&quot;,&quot;copyright&quot;:&quot;\\u0130HLAS HABER AJANSI, www.iha.com.tr&quot;,&quot;focal_length&quot;:&quot;0&quot;,&quot;iso&quot;:&quot;0&quot;,&quot;shutter_speed&quot;:&quot;0&quot;,&quot;title&quot;:&quot;BE\\u015e\\u0130KTA\\u015e TEKN\\u0130K HEYET\\u0130 VE FUTBOLCULARA JAPON YEME\\u011e\\u0130&quot;,&quot;orientation&quot;:&quot;0&quot;}\" data-image-title=\"Be\u015fikta\u015f teknik heyeti ve futbolculara Japon yeme\u011fi\" data-image-description=\"&lt;p&gt;Be\u015fikta\u015f teknik heyeti ve futbolculara Japon yeme\u011fi&lt;\/p&gt; \" data-medium-file=\"https:\/\/i0.wp.com\/www.tvturk.com\/wp-content\/uploads\/2019\/02\/besiktas-teknik-heyeti-ve-futbolculara-japon-yemegi_35b9c6c.jpg?fit=300%2C194\" data-large-file=\"https:\/\/i0.wp.com\/www.tvturk.com\/wp-content\/uploads\/2019\/02\/besiktas-teknik-heyeti-ve-futbolculara-japon-yemegi_35b9c6c.jpg?fit=1000%2C648\" src=\"https:\/\/i0.wp.com\/www.tvturk.com\/wp-content\/uploads\/2019\/02\/besiktas-teknik-heyeti-ve-futbolculara-japon-yemegi_35b9c6c.jpg?w=158&#038;h=102\" srcset=\"https:\/\/i0.wp.com\/www.tvturk.com\/wp-content\/uploads\/2019\/02\/besiktas-teknik-heyeti-ve-futbolculara-japon-yemegi_35b9c6c.jpg?w=1000 1000w, https:\/\/i0.wp.com\/www.tvturk.com\/wp-content\/uploads\/2019\/02\/besiktas-teknik-heyeti-ve-futbolculara-japon-yemegi_35b9c6c.jpg?resize=150%2C97 150w, https:\/\/i0.wp.com\/www.tvturk.com\/wp-content\/uploads\/2019\/02\/besiktas-teknik-heyeti-ve-futbolculara-japon-yemegi_35b9c6c.jpg?resize=300%2C194 300w, https:\/\/i0.wp.com\/www.tvturk.com\/wp-content\/uploads\/2019\/02\/besiktas-teknik-heyeti-ve-futbolculara-japon-yemegi_35b9c6c.jpg?resize=768%2C498 768w, https:\/\/i0.wp.com\/www.tvturk.com\/wp-content\/uploads\/2019\/02\/besiktas-teknik-heyeti-ve-futbolculara-japon-yemegi_35b9c6c.jpg?resize=510%2C330 510w\" width=\"158\" height=\"102\" loading=\"lazy\" data-original-width=\"158\" data-original-height=\"102\" itemprop=\"http:\/\/schema.org\/image\" title=\"Be\u015fikta\u015f teknik heyeti ve futbolculara Japon yeme\u011fi\" alt=\"Be\u015fikta\u015f teknik heyeti ve futbolculara Japon yeme\u011fi\" style=\"width: 158px; height: 102px;\" \/> <\/a> <\/div> <\/div> <!-- close group --> <\/div> <!-- close row --> <div class=\"gallery-row\" style=\"width: 500px; height: 172px;\" data-original-width=\"500\" data-original-height=\"172\" > <div class=\"gallery-group images-1\" style=\"width: 256px; height: 172px;\" data-original-width=\"256\" data-original-height=\"172\" > <div class=\"tiled-gallery-item tiled-gallery-item-large\" itemprop=\"associatedMedia\" itemscope itemtype=\"http:\/\/schema.org\/ImageObject\"> <a href=\"http:\/\/www.tvturk.com\/index.php\/besiktas-teknik-heyeti-ve-futbolculara-japon-yemegi\/besiktas-teknik-heyeti-ve-futbolculara-japon-yemegi-6\/\" border=\"0\" itemprop=\"url\"> <meta itemprop=\"width\" content=\"252\"> <meta itemprop=\"height\" content=\"168\"> <img decoding=\"async\" class=\"\" data-attachment-id=\"53953\" data-orig-file=\"http:\/\/www.tvturk.com\/wp-content\/uploads\/2019\/02\/besiktas-teknik-heyeti-ve-futbolculara-japon-yemegi_b46820b.jpg\" data-orig-size=\"1000,666\" data-comments-opened=\"\" data-image-meta=\"{&quot;aperture&quot;:&quot;0&quot;,&quot;credit&quot;:&quot;IHA&quot;,&quot;camera&quot;:&quot;&quot;,&quot;caption&quot;:&quot;SPOR TOTO S\\u00dcPER L\\u0130G\\u0027DE BU HAFTA DERB\\u0130DE FENERBAH\\u00c7E \\u0130LE KAR\\u015eILA\\u015eACAK OLAN BE\\u015e\\u0130KTA\\u015e\\u0027TA Y\\u00d6NET\\u0130C\\u0130 AHMET KAVALCI, FUTBOL TAKIMINA YEMEK VERD\\u0130. YEMEKTE JAPON MUTFA\\u011eINDAN LEZZETLER YER ALDI. (\\u0130HA\\\/\\u0130STANBUL-\\u0130HA)&quot;,&quot;created_timestamp&quot;:&quot;0&quot;,&quot;copyright&quot;:&quot;\\u0130HLAS HABER AJANSI, www.iha.com.tr&quot;,&quot;focal_length&quot;:&quot;0&quot;,&quot;iso&quot;:&quot;0&quot;,&quot;shutter_speed&quot;:&quot;0&quot;,&quot;title&quot;:&quot;BE\\u015e\\u0130KTA\\u015e TEKN\\u0130K HEYET\\u0130 VE FUTBOLCULARA JAPON YEME\\u011e\\u0130&quot;,&quot;orientation&quot;:&quot;0&quot;}\" data-image-title=\"Be\u015fikta\u015f teknik heyeti ve futbolculara Japon yeme\u011fi\" data-image-description=\"&lt;p&gt;Be\u015fikta\u015f teknik heyeti ve futbolculara Japon yeme\u011fi&lt;\/p&gt; \" data-medium-file=\"https:\/\/i0.wp.com\/www.tvturk.com\/wp-content\/uploads\/2019\/02\/besiktas-teknik-heyeti-ve-futbolculara-japon-yemegi_b46820b.jpg?fit=300%2C200\" data-large-file=\"https:\/\/i0.wp.com\/www.tvturk.com\/wp-content\/uploads\/2019\/02\/besiktas-teknik-heyeti-ve-futbolculara-japon-yemegi_b46820b.jpg?fit=1000%2C666\" src=\"https:\/\/i0.wp.com\/www.tvturk.com\/wp-content\/uploads\/2019\/02\/besiktas-teknik-heyeti-ve-futbolculara-japon-yemegi_b46820b.jpg?w=252&#038;h=168\" srcset=\"https:\/\/i0.wp.com\/www.tvturk.com\/wp-content\/uploads\/2019\/02\/besiktas-teknik-heyeti-ve-futbolculara-japon-yemegi_b46820b.jpg?w=1000 1000w, https:\/\/i0.wp.com\/www.tvturk.com\/wp-content\/uploads\/2019\/02\/besiktas-teknik-heyeti-ve-futbolculara-japon-yemegi_b46820b.jpg?resize=150%2C100 150w, https:\/\/i0.wp.com\/www.tvturk.com\/wp-content\/uploads\/2019\/02\/besiktas-teknik-heyeti-ve-futbolculara-japon-yemegi_b46820b.jpg?resize=300%2C200 300w, https:\/\/i0.wp.com\/www.tvturk.com\/wp-content\/uploads\/2019\/02\/besiktas-teknik-heyeti-ve-futbolculara-japon-yemegi_b46820b.jpg?resize=768%2C511 768w, https:\/\/i0.wp.com\/www.tvturk.com\/wp-content\/uploads\/2019\/02\/besiktas-teknik-heyeti-ve-futbolculara-japon-yemegi_b46820b.jpg?resize=170%2C113 170w, https:\/\/i0.wp.com\/www.tvturk.com\/wp-content\/uploads\/2019\/02\/besiktas-teknik-heyeti-ve-futbolculara-japon-yemegi_b46820b.jpg?resize=120%2C80 120w\" width=\"252\" height=\"168\" loading=\"lazy\" data-original-width=\"252\" data-original-height=\"168\" itemprop=\"http:\/\/schema.org\/image\" title=\"Be\u015fikta\u015f teknik heyeti ve futbolculara Japon yeme\u011fi\" alt=\"Be\u015fikta\u015f teknik heyeti ve futbolculara Japon yeme\u011fi\" style=\"width: 252px; height: 168px;\" \/> <\/a> <\/div> <\/div> <!-- close group --> <div class=\"gallery-group images-1\" style=\"width: 244px; height: 172px;\" data-original-width=\"244\" data-original-height=\"172\" > <div class=\"tiled-gallery-item tiled-gallery-item-small\" itemprop=\"associatedMedia\" itemscope itemtype=\"http:\/\/schema.org\/ImageObject\"> <a href=\"http:\/\/www.tvturk.com\/index.php\/besiktas-teknik-heyeti-ve-futbolculara-japon-yemegi\/besiktas-teknik-heyeti-ve-futbolculara-japon-yemegi-7\/\" border=\"0\" itemprop=\"url\"> <meta itemprop=\"width\" content=\"240\"> <meta itemprop=\"height\" content=\"168\"> <img decoding=\"async\" class=\"\" data-attachment-id=\"53954\" data-orig-file=\"http:\/\/www.tvturk.com\/wp-content\/uploads\/2019\/02\/besiktas-teknik-heyeti-ve-futbolculara-japon-yemegi_45a52bc.jpg\" data-orig-size=\"1000,701\" data-comments-opened=\"\" data-image-meta=\"{&quot;aperture&quot;:&quot;0&quot;,&quot;credit&quot;:&quot;IHA&quot;,&quot;camera&quot;:&quot;&quot;,&quot;caption&quot;:&quot;SPOR TOTO S\\u00dcPER L\\u0130G\\u0027DE BU HAFTA DERB\\u0130DE FENERBAH\\u00c7E \\u0130LE KAR\\u015eILA\\u015eACAK OLAN BE\\u015e\\u0130KTA\\u015e\\u0027TA Y\\u00d6NET\\u0130C\\u0130 AHMET KAVALCI, FUTBOL TAKIMINA YEMEK VERD\\u0130. YEMEKTE JAPON MUTFA\\u011eINDAN LEZZETLER YER ALDI. (\\u0130HA\\\/\\u0130STANBUL-\\u0130HA)&quot;,&quot;created_timestamp&quot;:&quot;0&quot;,&quot;copyright&quot;:&quot;\\u0130HLAS HABER AJANSI, www.iha.com.tr&quot;,&quot;focal_length&quot;:&quot;0&quot;,&quot;iso&quot;:&quot;0&quot;,&quot;shutter_speed&quot;:&quot;0&quot;,&quot;title&quot;:&quot;BE\\u015e\\u0130KTA\\u015e TEKN\\u0130K HEYET\\u0130 VE FUTBOLCULARA JAPON YEME\\u011e\\u0130&quot;,&quot;orientation&quot;:&quot;0&quot;}\" data-image-title=\"Be\u015fikta\u015f teknik heyeti ve futbolculara Japon yeme\u011fi\" data-image-description=\"&lt;p&gt;Be\u015fikta\u015f teknik heyeti ve futbolculara Japon yeme\u011fi&lt;\/p&gt; \" data-medium-file=\"https:\/\/i0.wp.com\/www.tvturk.com\/wp-content\/uploads\/2019\/02\/besiktas-teknik-heyeti-ve-futbolculara-japon-yemegi_45a52bc.jpg?fit=300%2C210\" data-large-file=\"https:\/\/i0.wp.com\/www.tvturk.com\/wp-content\/uploads\/2019\/02\/besiktas-teknik-heyeti-ve-futbolculara-japon-yemegi_45a52bc.jpg?fit=1000%2C701\" src=\"https:\/\/i0.wp.com\/www.tvturk.com\/wp-content\/uploads\/2019\/02\/besiktas-teknik-heyeti-ve-futbolculara-japon-yemegi_45a52bc.jpg?w=240&#038;h=168\" srcset=\"https:\/\/i0.wp.com\/www.tvturk.com\/wp-content\/uploads\/2019\/02\/besiktas-teknik-heyeti-ve-futbolculara-japon-yemegi_45a52bc.jpg?w=1000 1000w, https:\/\/i0.wp.com\/www.tvturk.com\/wp-content\/uploads\/2019\/02\/besiktas-teknik-heyeti-ve-futbolculara-japon-yemegi_45a52bc.jpg?resize=150%2C105 150w, https:\/\/i0.wp.com\/www.tvturk.com\/wp-content\/uploads\/2019\/02\/besiktas-teknik-heyeti-ve-futbolculara-japon-yemegi_45a52bc.jpg?resize=300%2C210 300w, https:\/\/i0.wp.com\/www.tvturk.com\/wp-content\/uploads\/2019\/02\/besiktas-teknik-heyeti-ve-futbolculara-japon-yemegi_45a52bc.jpg?resize=768%2C538 768w, https:\/\/i0.wp.com\/www.tvturk.com\/wp-content\/uploads\/2019\/02\/besiktas-teknik-heyeti-ve-futbolculara-japon-yemegi_45a52bc.jpg?resize=80%2C55 80w\" width=\"240\" height=\"168\" loading=\"lazy\" data-original-width=\"240\" data-original-height=\"168\" itemprop=\"http:\/\/schema.org\/image\" title=\"Be\u015fikta\u015f teknik heyeti ve futbolculara Japon yeme\u011fi\" alt=\"Be\u015fikta\u015f teknik heyeti ve futbolculara Japon yeme\u011fi\" style=\"width: 240px; height: 168px;\" \/> <\/a> <\/div> <\/div> <!-- close group --> <\/div> <!-- close row --> <\/div><\/p>\n","protected":false},"excerpt":{"rendered":"<p>SPOR TOTO S\u00dcPER L\u0130G&#8217;DE BU HAFTA DERB\u0130DE FENERBAH\u00c7E \u0130LE KAR\u015eILA\u015eACAK OLAN BE\u015e\u0130KTA\u015e&#8217;TA Y\u00d6NET\u0130C\u0130 AHMET KAVALCI, FUTBOL TAKIMINA YEMEK VERD\u0130. YEMEKTE JAPON MUTFA\u011eINDAN LEZZETLER YER ALDI.<\/p>\n","protected":false},"author":1,"featured_media":53949,"comment_status":"closed","ping_status":"open","sticky":false,"template":"","format":"standard","meta":{"jetpack_post_was_ever_published":false,"_jetpack_newsletter_access":"","_jetpack_dont_email_post_to_subs":false,"_jetpack_newsletter_tier_id":0,"_jetpack_memberships_contains_paywalled_content":false,"_jetpack_memberships_contains_paid_content":false,"footnotes":"","jetpack_publicize_message":"","jetpack_publicize_feature_enabled":true,"jetpack_social_post_already_shared":false,"jetpack_social_options":{"image_generator_settings":{"template":"highway","default_image_id":0,"font":"","enabled":false},"version":2}},"categories":[657],"tags":[2864,11133,615,1711,2082,6602],"class_list":["post-53948","post","type-post","status-publish","format-standard","has-post-thumbnail","hentry","category-spor","tag-besiktas","tag-futbolculara","tag-heyeti","tag-japon","tag-teknik","tag-yemegi"],"jetpack_publicize_connections":[],"jetpack_featured_media_url":"https:\/\/i0.wp.com\/www.tvturk.com\/wp-content\/uploads\/2019\/02\/besiktas-teknik-heyeti-ve-futbolculara-japon-yemegi_cc5d906.jpg?fit=1000%2C666","jetpack_sharing_enabled":true,"jetpack_shortlink":"https:\/\/wp.me\/paKIfm-e28","_links":{"self":[{"href":"http:\/\/www.tvturk.com\/index.php\/wp-json\/wp\/v2\/posts\/53948","targetHints":{"allow":["GET"]}}],"collection":[{"href":"http:\/\/www.tvturk.com\/index.php\/wp-json\/wp\/v2\/posts"}],"about":[{"href":"http:\/\/www.tvturk.com\/index.php\/wp-json\/wp\/v2\/types\/post"}],"author":[{"embeddable":true,"href":"http:\/\/www.tvturk.com\/index.php\/wp-json\/wp\/v2\/users\/1"}],"replies":[{"embeddable":true,"href":"http:\/\/www.tvturk.com\/index.php\/wp-json\/wp\/v2\/comments?post=53948"}],"version-history":[{"count":1,"href":"http:\/\/www.tvturk.com\/index.php\/wp-json\/wp\/v2\/posts\/53948\/revisions"}],"predecessor-version":[{"id":53955,"href":"http:\/\/www.tvturk.com\/index.php\/wp-json\/wp\/v2\/posts\/53948\/revisions\/53955"}],"wp:featuredmedia":[{"embeddable":true,"href":"http:\/\/www.tvturk.com\/index.php\/wp-json\/wp\/v2\/media\/53949"}],"wp:attachment":[{"href":"http:\/\/www.tvturk.com\/index.php\/wp-json\/wp\/v2\/media?parent=53948"}],"wp:term":[{"taxonomy":"category","embeddable":true,"href":"http:\/\/www.tvturk.com\/index.php\/wp-json\/wp\/v2\/categories?post=53948"},{"taxonomy":"post_tag","embeddable":true,"href":"http:\/\/www.tvturk.com\/index.php\/wp-json\/wp\/v2\/tags?post=53948"}],"curies":[{"name":"wp","href":"https:\/\/api.w.org\/{rel}","templated":true}]}}