{"id":54273,"date":"2019-02-21T21:53:54","date_gmt":"2019-02-21T18:53:54","guid":{"rendered":"http:\/\/www.tvturk.com\/index.php\/uefa-avrupa-ligi-zenit-2-fenerbahce-1-ilk-yari\/"},"modified":"2019-02-21T21:54:00","modified_gmt":"2019-02-21T18:54:00","slug":"uefa-avrupa-ligi-zenit-2-fenerbahce-1-ilk-yari","status":"publish","type":"post","link":"http:\/\/www.tvturk.com\/index.php\/uefa-avrupa-ligi-zenit-2-fenerbahce-1-ilk-yari\/","title":{"rendered":"UEFA Avrupa Ligi: Zenit: 2 &#8211; Fenerbah\u00e7e: 1 (\u0130lk yar\u0131)"},"content":{"rendered":"<p>UEFA Avrupa Ligi Son 32 Turu r\u00f6van\u015f ma\u00e7\u0131nda Fenerbah\u00e7e, deplasmanda Rus ekibi Zenit ile kar\u015f\u0131la\u015f\u0131yor. M\u00fccadelenin ilk yar\u0131s\u0131 ev sahibi ekibin 2-1 \u00fcst\u00fcnl\u00fc\u011f\u00fc ile sona erdi.<\/p>\n<p>Ma\u00e7tan dakikalar (\u0130lk yar\u0131)<\/p>\n<p>4. dakikada sa\u011f kanattan Driussi\u2019nin ortas\u0131nda Sad\u0131k\u2019tan seken topu Azmoun g\u00f6\u011fs\u00fcyle Ozdoev\u2019e indirdi. Bu oyuncunun \u015futunda me\u015fin yuvarlak filelerle bulu\u015ftu. 1-0<\/p>\n<p>11. dakikada ceza sahas\u0131 d\u0131\u015f\u0131 sol \u00e7apraz\u0131ndan Moses\u2019in \u015futu kaleci Lunev\u2019de kald\u0131.<\/p>\n<p>28. dakikada Moses\u2019in sol kanattan kulland\u0131\u011f\u0131 serbest vuru\u015fta ceza sahas\u0131 i\u00e7inde Ayew\u2019in kafa vuru\u015funda top auta gitti.<\/p>\n<p>37. dakikada Driussi\u2019nin sol kanattan ortas\u0131nda arka direkte topa iyi y\u00fckselen Azmoun kafayla me\u015fin yuvarla\u011f\u0131 a\u011flara g\u00f6nderdi. 2-0<\/p>\n<p>43. dakikada Alper\u2019in pas\u0131yla ceza sahas\u0131 d\u0131\u015f\u0131 sa\u011f \u00e7apraz\u0131nda topla bulu\u015fan Mehmet Topal\u2019\u0131n \u015f\u0131k vuru\u015funda me\u015fin yuvarlak filelerle bulu\u015ftu. 2-1<\/p>\n<p>Stat: Krestovsky<\/p>\n<p>Hakemler: Michael Oliver xxx, Stuart Burt xx, Simon Bennett xx<\/p>\n<p>Zenit: Andrei Lunev xx, Branislav Ivanovic xx, Igor Smolnikov xx, Aleksandr Anyukov xx, Yaroslav Rakitskyi xx, Hernani Junior xx, Wilmar Barrios xx, Magomed Ozdoev xx, Artem Dzyuba xx, Serdar Azmoun xx, Sebastian Driussi xx<\/p>\n<p>Yedekler: Mikhail Kerzhakov, Luis Neto, Elmir Nabiullin, Leon Musaev, Matias Kranevitter, Anton Zabolotny, Robert Mak<\/p>\n<p>Teknik Direkt\u00f6r: Sergei Semak<\/p>\n<p>Fenerbah\u00e7e: Harun xxx, Sad\u0131k x, \u015eener xx, Hasan Ali xx, Skrtel xx, Jailson xx, Eljif Elmas xx, Mehmet Topal xxx, Moses xx, Alper xx, Ayew xx<\/p>\n<p>Yedekler: Volkan Demirel, Neustadter, \u0130smail, Abdulcebrail Akbulut, Tolgay Arslan, Frey, Slimani<\/p>\n<p>Teknik Direkt\u00f6r: Ersun Yanal<\/p>\n<p>Goller: Ozdoev (dk. 4), Azmoun (dk. 37) (Zenit), Mehmet Topal (dk. 43) (Fenerbah\u00e7e)<\/p>\n<p>Sar\u0131 kartlar: Azmoun, Hernani Junior (Zenit), Alper Potuk, Skrtel (Fenerbah\u00e7e)<div class=\"tiled-gallery type-rectangular tiled-gallery-unresized\" data-original-width=\"500\" data-carousel-extra='null' itemscope itemtype=\"http:\/\/schema.org\/ImageGallery\" > <div class=\"gallery-row\" style=\"width: 500px; height: 227px;\" data-original-width=\"500\" data-original-height=\"227\" > <div class=\"gallery-group images-1\" style=\"width: 338px; height: 227px;\" data-original-width=\"338\" data-original-height=\"227\" > <div class=\"tiled-gallery-item tiled-gallery-item-large\" itemprop=\"associatedMedia\" itemscope itemtype=\"http:\/\/schema.org\/ImageObject\"> <a href=\"http:\/\/www.tvturk.com\/index.php\/uefa-avrupa-ligi-zenit-2-fenerbahce-1-ilk-yari\/uefa-avrupa-ligi-zenit-2-fenerbahce-1-ilk-yari-3\/\" border=\"0\" itemprop=\"url\"> <meta itemprop=\"width\" content=\"334\"> <meta itemprop=\"height\" content=\"223\"> <img decoding=\"async\" class=\"\" data-attachment-id=\"54275\" data-orig-file=\"http:\/\/www.tvturk.com\/wp-content\/uploads\/2019\/02\/uefa-avrupa-ligi-zenit-2-fenerbahce-1-ilk-yari_8b461bd.jpg\" data-orig-size=\"1000,667\" data-comments-opened=\"\" data-image-meta=\"{&quot;aperture&quot;:&quot;0&quot;,&quot;credit&quot;:&quot;IHA&quot;,&quot;camera&quot;:&quot;&quot;,&quot;caption&quot;:&quot;UEFA AVRUPA L\\u0130G\\u0130 SON 32 TURU R\\u00d6VAN\\u015e MA\\u00c7INDA FENERBAH\\u00c7E, DEPLASMANDA RUS EK\\u0130B\\u0130 ZEN\\u0130T \\u0130LE KAR\\u015eILA\\u015eIYOR. M\\u00dcCADELEN\\u0130N \\u0130LK YARISI EV SAH\\u0130B\\u0130 EK\\u0130B\\u0130N 2-1 \\u00dcST\\u00dcNL\\u00dc\\u011e\\u00dc \\u0130LE SONA ERD\\u0130. (EPA\\\/ST. PETERSBURG-EPA)&quot;,&quot;created_timestamp&quot;:&quot;0&quot;,&quot;copyright&quot;:&quot;\\u0130HLAS HABER AJANSI, www.iha.com.tr&quot;,&quot;focal_length&quot;:&quot;0&quot;,&quot;iso&quot;:&quot;0&quot;,&quot;shutter_speed&quot;:&quot;0&quot;,&quot;title&quot;:&quot;UEFA AVRUPA L\\u0130G\\u0130: ZEN\\u0130T: 2 - FENERBAH\\u00c7E: 1 (\\u0130LK YARI)&quot;,&quot;orientation&quot;:&quot;0&quot;}\" data-image-title=\"UEFA Avrupa Ligi: Zenit: 2 &amp;#8211; Fenerbah\u00e7e: 1 (\u0130lk yar\u0131)\" data-image-description=\"&lt;p&gt;UEFA Avrupa Ligi: Zenit: 2 &amp;#8211; Fenerbah\u00e7e: 1 (\u0130lk yar\u0131)&lt;\/p&gt; \" data-medium-file=\"https:\/\/i0.wp.com\/www.tvturk.com\/wp-content\/uploads\/2019\/02\/uefa-avrupa-ligi-zenit-2-fenerbahce-1-ilk-yari_8b461bd.jpg?fit=300%2C200\" data-large-file=\"https:\/\/i0.wp.com\/www.tvturk.com\/wp-content\/uploads\/2019\/02\/uefa-avrupa-ligi-zenit-2-fenerbahce-1-ilk-yari_8b461bd.jpg?fit=1000%2C667\" src=\"https:\/\/i0.wp.com\/www.tvturk.com\/wp-content\/uploads\/2019\/02\/uefa-avrupa-ligi-zenit-2-fenerbahce-1-ilk-yari_8b461bd.jpg?w=334&#038;h=223\" srcset=\"https:\/\/i0.wp.com\/www.tvturk.com\/wp-content\/uploads\/2019\/02\/uefa-avrupa-ligi-zenit-2-fenerbahce-1-ilk-yari_8b461bd.jpg?w=1000 1000w, https:\/\/i0.wp.com\/www.tvturk.com\/wp-content\/uploads\/2019\/02\/uefa-avrupa-ligi-zenit-2-fenerbahce-1-ilk-yari_8b461bd.jpg?resize=150%2C100 150w, https:\/\/i0.wp.com\/www.tvturk.com\/wp-content\/uploads\/2019\/02\/uefa-avrupa-ligi-zenit-2-fenerbahce-1-ilk-yari_8b461bd.jpg?resize=300%2C200 300w, https:\/\/i0.wp.com\/www.tvturk.com\/wp-content\/uploads\/2019\/02\/uefa-avrupa-ligi-zenit-2-fenerbahce-1-ilk-yari_8b461bd.jpg?resize=768%2C512 768w, https:\/\/i0.wp.com\/www.tvturk.com\/wp-content\/uploads\/2019\/02\/uefa-avrupa-ligi-zenit-2-fenerbahce-1-ilk-yari_8b461bd.jpg?resize=170%2C113 170w, https:\/\/i0.wp.com\/www.tvturk.com\/wp-content\/uploads\/2019\/02\/uefa-avrupa-ligi-zenit-2-fenerbahce-1-ilk-yari_8b461bd.jpg?resize=120%2C80 120w\" width=\"334\" height=\"223\" loading=\"lazy\" data-original-width=\"334\" data-original-height=\"223\" itemprop=\"http:\/\/schema.org\/image\" title=\"UEFA Avrupa Ligi: Zenit: 2 - Fenerbah\u00e7e: 1 (\u0130lk yar\u0131)\" alt=\"UEFA Avrupa Ligi: Zenit: 2 - Fenerbah\u00e7e: 1 (\u0130lk yar\u0131)\" style=\"width: 334px; height: 223px;\" \/> <\/a> <\/div> <\/div> <!-- close group --> <div class=\"gallery-group images-2\" style=\"width: 162px; height: 227px;\" data-original-width=\"162\" data-original-height=\"227\" > <div class=\"tiled-gallery-item tiled-gallery-item-small\" itemprop=\"associatedMedia\" itemscope itemtype=\"http:\/\/schema.org\/ImageObject\"> <a href=\"http:\/\/www.tvturk.com\/index.php\/uefa-avrupa-ligi-zenit-2-fenerbahce-1-ilk-yari\/uefa-avrupa-ligi-zenit-2-fenerbahce-1-ilk-yari-4\/\" border=\"0\" itemprop=\"url\"> <meta itemprop=\"width\" content=\"158\"> <meta itemprop=\"height\" content=\"120\"> <img decoding=\"async\" class=\"\" data-attachment-id=\"54276\" data-orig-file=\"http:\/\/www.tvturk.com\/wp-content\/uploads\/2019\/02\/uefa-avrupa-ligi-zenit-2-fenerbahce-1-ilk-yari_4a16930.jpg\" data-orig-size=\"1000,762\" data-comments-opened=\"\" data-image-meta=\"{&quot;aperture&quot;:&quot;0&quot;,&quot;credit&quot;:&quot;IHA&quot;,&quot;camera&quot;:&quot;&quot;,&quot;caption&quot;:&quot;UEFA AVRUPA L\\u0130G\\u0130 SON 32 TURU R\\u00d6VAN\\u015e MA\\u00c7INDA FENERBAH\\u00c7E, DEPLASMANDA RUS EK\\u0130B\\u0130 ZEN\\u0130T \\u0130LE KAR\\u015eILA\\u015eIYOR. M\\u00dcCADELEN\\u0130N \\u0130LK YARISI EV SAH\\u0130B\\u0130 EK\\u0130B\\u0130N 2-1 \\u00dcST\\u00dcNL\\u00dc\\u011e\\u00dc \\u0130LE SONA ERD\\u0130. (EPA\\\/ST. PETERSBURG-EPA)&quot;,&quot;created_timestamp&quot;:&quot;0&quot;,&quot;copyright&quot;:&quot;\\u0130HLAS HABER AJANSI, www.iha.com.tr&quot;,&quot;focal_length&quot;:&quot;0&quot;,&quot;iso&quot;:&quot;0&quot;,&quot;shutter_speed&quot;:&quot;0&quot;,&quot;title&quot;:&quot;UEFA AVRUPA L\\u0130G\\u0130: ZEN\\u0130T: 2 - FENERBAH\\u00c7E: 1 (\\u0130LK YARI)&quot;,&quot;orientation&quot;:&quot;0&quot;}\" data-image-title=\"UEFA Avrupa Ligi: Zenit: 2 &amp;#8211; Fenerbah\u00e7e: 1 (\u0130lk yar\u0131)\" data-image-description=\"&lt;p&gt;UEFA Avrupa Ligi: Zenit: 2 &amp;#8211; Fenerbah\u00e7e: 1 (\u0130lk yar\u0131)&lt;\/p&gt; \" data-medium-file=\"https:\/\/i0.wp.com\/www.tvturk.com\/wp-content\/uploads\/2019\/02\/uefa-avrupa-ligi-zenit-2-fenerbahce-1-ilk-yari_4a16930.jpg?fit=300%2C229\" data-large-file=\"https:\/\/i0.wp.com\/www.tvturk.com\/wp-content\/uploads\/2019\/02\/uefa-avrupa-ligi-zenit-2-fenerbahce-1-ilk-yari_4a16930.jpg?fit=1000%2C762\" src=\"https:\/\/i0.wp.com\/www.tvturk.com\/wp-content\/uploads\/2019\/02\/uefa-avrupa-ligi-zenit-2-fenerbahce-1-ilk-yari_4a16930.jpg?w=158&#038;h=120\" srcset=\"https:\/\/i0.wp.com\/www.tvturk.com\/wp-content\/uploads\/2019\/02\/uefa-avrupa-ligi-zenit-2-fenerbahce-1-ilk-yari_4a16930.jpg?w=1000 1000w, https:\/\/i0.wp.com\/www.tvturk.com\/wp-content\/uploads\/2019\/02\/uefa-avrupa-ligi-zenit-2-fenerbahce-1-ilk-yari_4a16930.jpg?resize=150%2C114 150w, https:\/\/i0.wp.com\/www.tvturk.com\/wp-content\/uploads\/2019\/02\/uefa-avrupa-ligi-zenit-2-fenerbahce-1-ilk-yari_4a16930.jpg?resize=300%2C229 300w, https:\/\/i0.wp.com\/www.tvturk.com\/wp-content\/uploads\/2019\/02\/uefa-avrupa-ligi-zenit-2-fenerbahce-1-ilk-yari_4a16930.jpg?resize=768%2C585 768w\" width=\"158\" height=\"120\" loading=\"lazy\" data-original-width=\"158\" data-original-height=\"120\" itemprop=\"http:\/\/schema.org\/image\" title=\"UEFA Avrupa Ligi: Zenit: 2 - Fenerbah\u00e7e: 1 (\u0130lk yar\u0131)\" alt=\"UEFA Avrupa Ligi: Zenit: 2 - Fenerbah\u00e7e: 1 (\u0130lk yar\u0131)\" style=\"width: 158px; height: 120px;\" \/> <\/a> <\/div> <div class=\"tiled-gallery-item tiled-gallery-item-small\" itemprop=\"associatedMedia\" itemscope itemtype=\"http:\/\/schema.org\/ImageObject\"> <a href=\"http:\/\/www.tvturk.com\/index.php\/uefa-avrupa-ligi-zenit-2-fenerbahce-1-ilk-yari\/uefa-avrupa-ligi-zenit-2-fenerbahce-1-ilk-yari-5\/\" border=\"0\" itemprop=\"url\"> <meta itemprop=\"width\" content=\"158\"> <meta itemprop=\"height\" content=\"99\"> <img decoding=\"async\" class=\"\" data-attachment-id=\"54277\" data-orig-file=\"http:\/\/www.tvturk.com\/wp-content\/uploads\/2019\/02\/uefa-avrupa-ligi-zenit-2-fenerbahce-1-ilk-yari_07a948f.jpg\" data-orig-size=\"1000,623\" data-comments-opened=\"\" data-image-meta=\"{&quot;aperture&quot;:&quot;0&quot;,&quot;credit&quot;:&quot;IHA&quot;,&quot;camera&quot;:&quot;&quot;,&quot;caption&quot;:&quot;UEFA AVRUPA L\\u0130G\\u0130 SON 32 TURU R\\u00d6VAN\\u015e MA\\u00c7INDA FENERBAH\\u00c7E, DEPLASMANDA RUS EK\\u0130B\\u0130 ZEN\\u0130T \\u0130LE KAR\\u015eILA\\u015eIYOR. M\\u00dcCADELEN\\u0130N \\u0130LK YARISI EV SAH\\u0130B\\u0130 EK\\u0130B\\u0130N 2-1 \\u00dcST\\u00dcNL\\u00dc\\u011e\\u00dc \\u0130LE SONA ERD\\u0130. (EPA\\\/ST. PETERSBURG-EPA)&quot;,&quot;created_timestamp&quot;:&quot;0&quot;,&quot;copyright&quot;:&quot;\\u0130HLAS HABER AJANSI, www.iha.com.tr&quot;,&quot;focal_length&quot;:&quot;0&quot;,&quot;iso&quot;:&quot;0&quot;,&quot;shutter_speed&quot;:&quot;0&quot;,&quot;title&quot;:&quot;UEFA AVRUPA L\\u0130G\\u0130: ZEN\\u0130T: 2 - FENERBAH\\u00c7E: 1 (\\u0130LK YARI)&quot;,&quot;orientation&quot;:&quot;0&quot;}\" data-image-title=\"UEFA Avrupa Ligi: Zenit: 2 &amp;#8211; Fenerbah\u00e7e: 1 (\u0130lk yar\u0131)\" data-image-description=\"&lt;p&gt;UEFA Avrupa Ligi: Zenit: 2 &amp;#8211; Fenerbah\u00e7e: 1 (\u0130lk yar\u0131)&lt;\/p&gt; \" data-medium-file=\"https:\/\/i0.wp.com\/www.tvturk.com\/wp-content\/uploads\/2019\/02\/uefa-avrupa-ligi-zenit-2-fenerbahce-1-ilk-yari_07a948f.jpg?fit=300%2C187\" data-large-file=\"https:\/\/i0.wp.com\/www.tvturk.com\/wp-content\/uploads\/2019\/02\/uefa-avrupa-ligi-zenit-2-fenerbahce-1-ilk-yari_07a948f.jpg?fit=1000%2C623\" src=\"https:\/\/i0.wp.com\/www.tvturk.com\/wp-content\/uploads\/2019\/02\/uefa-avrupa-ligi-zenit-2-fenerbahce-1-ilk-yari_07a948f.jpg?w=158&#038;h=99\" srcset=\"https:\/\/i0.wp.com\/www.tvturk.com\/wp-content\/uploads\/2019\/02\/uefa-avrupa-ligi-zenit-2-fenerbahce-1-ilk-yari_07a948f.jpg?w=1000 1000w, https:\/\/i0.wp.com\/www.tvturk.com\/wp-content\/uploads\/2019\/02\/uefa-avrupa-ligi-zenit-2-fenerbahce-1-ilk-yari_07a948f.jpg?resize=150%2C93 150w, https:\/\/i0.wp.com\/www.tvturk.com\/wp-content\/uploads\/2019\/02\/uefa-avrupa-ligi-zenit-2-fenerbahce-1-ilk-yari_07a948f.jpg?resize=300%2C187 300w, https:\/\/i0.wp.com\/www.tvturk.com\/wp-content\/uploads\/2019\/02\/uefa-avrupa-ligi-zenit-2-fenerbahce-1-ilk-yari_07a948f.jpg?resize=768%2C478 768w, https:\/\/i0.wp.com\/www.tvturk.com\/wp-content\/uploads\/2019\/02\/uefa-avrupa-ligi-zenit-2-fenerbahce-1-ilk-yari_07a948f.jpg?resize=243%2C150 243w, https:\/\/i0.wp.com\/www.tvturk.com\/wp-content\/uploads\/2019\/02\/uefa-avrupa-ligi-zenit-2-fenerbahce-1-ilk-yari_07a948f.jpg?resize=460%2C290 460w\" width=\"158\" height=\"99\" loading=\"lazy\" data-original-width=\"158\" data-original-height=\"99\" itemprop=\"http:\/\/schema.org\/image\" title=\"UEFA Avrupa Ligi: Zenit: 2 - Fenerbah\u00e7e: 1 (\u0130lk yar\u0131)\" alt=\"UEFA Avrupa Ligi: Zenit: 2 - Fenerbah\u00e7e: 1 (\u0130lk yar\u0131)\" style=\"width: 158px; height: 99px;\" \/> <\/a> <\/div> <\/div> <!-- close group --> <\/div> <!-- close row --> <div class=\"gallery-row\" style=\"width: 500px; height: 439px;\" data-original-width=\"500\" data-original-height=\"439\" > <div class=\"gallery-group images-3\" style=\"width: 193px; height: 439px;\" data-original-width=\"193\" data-original-height=\"439\" > <div class=\"tiled-gallery-item tiled-gallery-item-small\" itemprop=\"associatedMedia\" itemscope itemtype=\"http:\/\/schema.org\/ImageObject\"> <a href=\"http:\/\/www.tvturk.com\/index.php\/uefa-avrupa-ligi-zenit-2-fenerbahce-1-ilk-yari\/uefa-avrupa-ligi-zenit-2-fenerbahce-1-ilk-yari-6\/\" border=\"0\" itemprop=\"url\"> <meta itemprop=\"width\" content=\"189\"> <meta itemprop=\"height\" content=\"141\"> <img decoding=\"async\" class=\"\" data-attachment-id=\"54278\" data-orig-file=\"http:\/\/www.tvturk.com\/wp-content\/uploads\/2019\/02\/uefa-avrupa-ligi-zenit-2-fenerbahce-1-ilk-yari_a5b6365.jpg\" data-orig-size=\"1000,750\" data-comments-opened=\"\" data-image-meta=\"{&quot;aperture&quot;:&quot;0&quot;,&quot;credit&quot;:&quot;IHA&quot;,&quot;camera&quot;:&quot;&quot;,&quot;caption&quot;:&quot;UEFA AVRUPA L\\u0130G\\u0130 SON 32 TURU R\\u00d6VAN\\u015e MA\\u00c7INDA FENERBAH\\u00c7E, DEPLASMANDA RUS EK\\u0130B\\u0130 ZEN\\u0130T \\u0130LE KAR\\u015eILA\\u015eIYOR. M\\u00dcCADELEN\\u0130N \\u0130LK YARISI EV SAH\\u0130B\\u0130 EK\\u0130B\\u0130N 2-1 \\u00dcST\\u00dcNL\\u00dc\\u011e\\u00dc \\u0130LE SONA ERD\\u0130. (EPA\\\/ST. PETERSBURG-EPA)&quot;,&quot;created_timestamp&quot;:&quot;0&quot;,&quot;copyright&quot;:&quot;\\u0130HLAS HABER AJANSI, www.iha.com.tr&quot;,&quot;focal_length&quot;:&quot;0&quot;,&quot;iso&quot;:&quot;0&quot;,&quot;shutter_speed&quot;:&quot;0&quot;,&quot;title&quot;:&quot;UEFA AVRUPA L\\u0130G\\u0130: ZEN\\u0130T: 2 - FENERBAH\\u00c7E: 1 (\\u0130LK YARI)&quot;,&quot;orientation&quot;:&quot;0&quot;}\" data-image-title=\"UEFA Avrupa Ligi: Zenit: 2 &amp;#8211; Fenerbah\u00e7e: 1 (\u0130lk yar\u0131)\" data-image-description=\"&lt;p&gt;UEFA Avrupa Ligi: Zenit: 2 &amp;#8211; Fenerbah\u00e7e: 1 (\u0130lk yar\u0131)&lt;\/p&gt; \" data-medium-file=\"https:\/\/i0.wp.com\/www.tvturk.com\/wp-content\/uploads\/2019\/02\/uefa-avrupa-ligi-zenit-2-fenerbahce-1-ilk-yari_a5b6365.jpg?fit=300%2C225\" data-large-file=\"https:\/\/i0.wp.com\/www.tvturk.com\/wp-content\/uploads\/2019\/02\/uefa-avrupa-ligi-zenit-2-fenerbahce-1-ilk-yari_a5b6365.jpg?fit=1000%2C750\" src=\"https:\/\/i0.wp.com\/www.tvturk.com\/wp-content\/uploads\/2019\/02\/uefa-avrupa-ligi-zenit-2-fenerbahce-1-ilk-yari_a5b6365.jpg?w=189&#038;h=141\" srcset=\"https:\/\/i0.wp.com\/www.tvturk.com\/wp-content\/uploads\/2019\/02\/uefa-avrupa-ligi-zenit-2-fenerbahce-1-ilk-yari_a5b6365.jpg?w=1000 1000w, https:\/\/i0.wp.com\/www.tvturk.com\/wp-content\/uploads\/2019\/02\/uefa-avrupa-ligi-zenit-2-fenerbahce-1-ilk-yari_a5b6365.jpg?resize=150%2C113 150w, https:\/\/i0.wp.com\/www.tvturk.com\/wp-content\/uploads\/2019\/02\/uefa-avrupa-ligi-zenit-2-fenerbahce-1-ilk-yari_a5b6365.jpg?resize=300%2C225 300w, https:\/\/i0.wp.com\/www.tvturk.com\/wp-content\/uploads\/2019\/02\/uefa-avrupa-ligi-zenit-2-fenerbahce-1-ilk-yari_a5b6365.jpg?resize=768%2C576 768w\" width=\"189\" height=\"141\" loading=\"lazy\" data-original-width=\"189\" data-original-height=\"141\" itemprop=\"http:\/\/schema.org\/image\" title=\"UEFA Avrupa Ligi: Zenit: 2 - Fenerbah\u00e7e: 1 (\u0130lk yar\u0131)\" alt=\"UEFA Avrupa Ligi: Zenit: 2 - Fenerbah\u00e7e: 1 (\u0130lk yar\u0131)\" style=\"width: 189px; height: 141px;\" \/> <\/a> <\/div> <div class=\"tiled-gallery-item tiled-gallery-item-small\" itemprop=\"associatedMedia\" itemscope itemtype=\"http:\/\/schema.org\/ImageObject\"> <a href=\"http:\/\/www.tvturk.com\/index.php\/uefa-avrupa-ligi-zenit-2-fenerbahce-1-ilk-yari\/uefa-avrupa-ligi-zenit-2-fenerbahce-1-ilk-yari-7\/\" border=\"0\" itemprop=\"url\"> <meta itemprop=\"width\" content=\"189\"> <meta itemprop=\"height\" content=\"152\"> <img decoding=\"async\" class=\"\" data-attachment-id=\"54279\" data-orig-file=\"http:\/\/www.tvturk.com\/wp-content\/uploads\/2019\/02\/uefa-avrupa-ligi-zenit-2-fenerbahce-1-ilk-yari_a686b0a.jpg\" data-orig-size=\"1000,804\" data-comments-opened=\"\" data-image-meta=\"{&quot;aperture&quot;:&quot;0&quot;,&quot;credit&quot;:&quot;IHA&quot;,&quot;camera&quot;:&quot;&quot;,&quot;caption&quot;:&quot;UEFA AVRUPA L\\u0130G\\u0130 SON 32 TURU R\\u00d6VAN\\u015e MA\\u00c7INDA FENERBAH\\u00c7E, DEPLASMANDA RUS EK\\u0130B\\u0130 ZEN\\u0130T \\u0130LE KAR\\u015eILA\\u015eIYOR. M\\u00dcCADELEN\\u0130N \\u0130LK YARISI EV SAH\\u0130B\\u0130 EK\\u0130B\\u0130N 2-1 \\u00dcST\\u00dcNL\\u00dc\\u011e\\u00dc \\u0130LE SONA ERD\\u0130. (EPA\\\/ST. PETERSBURG-EPA)&quot;,&quot;created_timestamp&quot;:&quot;0&quot;,&quot;copyright&quot;:&quot;\\u0130HLAS HABER AJANSI, www.iha.com.tr&quot;,&quot;focal_length&quot;:&quot;0&quot;,&quot;iso&quot;:&quot;0&quot;,&quot;shutter_speed&quot;:&quot;0&quot;,&quot;title&quot;:&quot;UEFA AVRUPA L\\u0130G\\u0130: ZEN\\u0130T: 2 - FENERBAH\\u00c7E: 1 (\\u0130LK YARI)&quot;,&quot;orientation&quot;:&quot;0&quot;}\" data-image-title=\"UEFA Avrupa Ligi: Zenit: 2 &amp;#8211; Fenerbah\u00e7e: 1 (\u0130lk yar\u0131)\" data-image-description=\"&lt;p&gt;UEFA Avrupa Ligi: Zenit: 2 &amp;#8211; Fenerbah\u00e7e: 1 (\u0130lk yar\u0131)&lt;\/p&gt; \" data-medium-file=\"https:\/\/i0.wp.com\/www.tvturk.com\/wp-content\/uploads\/2019\/02\/uefa-avrupa-ligi-zenit-2-fenerbahce-1-ilk-yari_a686b0a.jpg?fit=300%2C241\" data-large-file=\"https:\/\/i0.wp.com\/www.tvturk.com\/wp-content\/uploads\/2019\/02\/uefa-avrupa-ligi-zenit-2-fenerbahce-1-ilk-yari_a686b0a.jpg?fit=1000%2C804\" src=\"https:\/\/i0.wp.com\/www.tvturk.com\/wp-content\/uploads\/2019\/02\/uefa-avrupa-ligi-zenit-2-fenerbahce-1-ilk-yari_a686b0a.jpg?w=189&#038;h=152\" srcset=\"https:\/\/i0.wp.com\/www.tvturk.com\/wp-content\/uploads\/2019\/02\/uefa-avrupa-ligi-zenit-2-fenerbahce-1-ilk-yari_a686b0a.jpg?w=1000 1000w, https:\/\/i0.wp.com\/www.tvturk.com\/wp-content\/uploads\/2019\/02\/uefa-avrupa-ligi-zenit-2-fenerbahce-1-ilk-yari_a686b0a.jpg?resize=150%2C121 150w, https:\/\/i0.wp.com\/www.tvturk.com\/wp-content\/uploads\/2019\/02\/uefa-avrupa-ligi-zenit-2-fenerbahce-1-ilk-yari_a686b0a.jpg?resize=300%2C241 300w, https:\/\/i0.wp.com\/www.tvturk.com\/wp-content\/uploads\/2019\/02\/uefa-avrupa-ligi-zenit-2-fenerbahce-1-ilk-yari_a686b0a.jpg?resize=768%2C617 768w\" width=\"189\" height=\"152\" loading=\"lazy\" data-original-width=\"189\" data-original-height=\"152\" itemprop=\"http:\/\/schema.org\/image\" title=\"UEFA Avrupa Ligi: Zenit: 2 - Fenerbah\u00e7e: 1 (\u0130lk yar\u0131)\" alt=\"UEFA Avrupa Ligi: Zenit: 2 - Fenerbah\u00e7e: 1 (\u0130lk yar\u0131)\" style=\"width: 189px; height: 152px;\" \/> <\/a> <\/div> <div class=\"tiled-gallery-item tiled-gallery-item-small\" itemprop=\"associatedMedia\" itemscope itemtype=\"http:\/\/schema.org\/ImageObject\"> <a href=\"http:\/\/www.tvturk.com\/index.php\/uefa-avrupa-ligi-zenit-2-fenerbahce-1-ilk-yari\/uefa-avrupa-ligi-zenit-2-fenerbahce-1-ilk-yari-8\/\" border=\"0\" itemprop=\"url\"> <meta itemprop=\"width\" content=\"189\"> <meta itemprop=\"height\" content=\"134\"> <img decoding=\"async\" class=\"\" data-attachment-id=\"54280\" data-orig-file=\"http:\/\/www.tvturk.com\/wp-content\/uploads\/2019\/02\/uefa-avrupa-ligi-zenit-2-fenerbahce-1-ilk-yari_91e0a65.jpg\" data-orig-size=\"1000,708\" data-comments-opened=\"\" data-image-meta=\"{&quot;aperture&quot;:&quot;0&quot;,&quot;credit&quot;:&quot;IHA&quot;,&quot;camera&quot;:&quot;&quot;,&quot;caption&quot;:&quot;UEFA AVRUPA L\\u0130G\\u0130 SON 32 TURU R\\u00d6VAN\\u015e MA\\u00c7INDA FENERBAH\\u00c7E, DEPLASMANDA RUS EK\\u0130B\\u0130 ZEN\\u0130T \\u0130LE KAR\\u015eILA\\u015eIYOR. M\\u00dcCADELEN\\u0130N \\u0130LK YARISI EV SAH\\u0130B\\u0130 EK\\u0130B\\u0130N 2-1 \\u00dcST\\u00dcNL\\u00dc\\u011e\\u00dc \\u0130LE SONA ERD\\u0130. (EPA\\\/ST. PETERSBURG-EPA)&quot;,&quot;created_timestamp&quot;:&quot;0&quot;,&quot;copyright&quot;:&quot;\\u0130HLAS HABER AJANSI, www.iha.com.tr&quot;,&quot;focal_length&quot;:&quot;0&quot;,&quot;iso&quot;:&quot;0&quot;,&quot;shutter_speed&quot;:&quot;0&quot;,&quot;title&quot;:&quot;UEFA AVRUPA L\\u0130G\\u0130: ZEN\\u0130T: 2 - FENERBAH\\u00c7E: 1 (\\u0130LK YARI)&quot;,&quot;orientation&quot;:&quot;0&quot;}\" data-image-title=\"UEFA Avrupa Ligi: Zenit: 2 &amp;#8211; Fenerbah\u00e7e: 1 (\u0130lk yar\u0131)\" data-image-description=\"&lt;p&gt;UEFA Avrupa Ligi: Zenit: 2 &amp;#8211; Fenerbah\u00e7e: 1 (\u0130lk yar\u0131)&lt;\/p&gt; \" data-medium-file=\"https:\/\/i0.wp.com\/www.tvturk.com\/wp-content\/uploads\/2019\/02\/uefa-avrupa-ligi-zenit-2-fenerbahce-1-ilk-yari_91e0a65.jpg?fit=300%2C212\" data-large-file=\"https:\/\/i0.wp.com\/www.tvturk.com\/wp-content\/uploads\/2019\/02\/uefa-avrupa-ligi-zenit-2-fenerbahce-1-ilk-yari_91e0a65.jpg?fit=1000%2C708\" src=\"https:\/\/i0.wp.com\/www.tvturk.com\/wp-content\/uploads\/2019\/02\/uefa-avrupa-ligi-zenit-2-fenerbahce-1-ilk-yari_91e0a65.jpg?w=189&#038;h=134\" srcset=\"https:\/\/i0.wp.com\/www.tvturk.com\/wp-content\/uploads\/2019\/02\/uefa-avrupa-ligi-zenit-2-fenerbahce-1-ilk-yari_91e0a65.jpg?w=1000 1000w, https:\/\/i0.wp.com\/www.tvturk.com\/wp-content\/uploads\/2019\/02\/uefa-avrupa-ligi-zenit-2-fenerbahce-1-ilk-yari_91e0a65.jpg?resize=150%2C106 150w, https:\/\/i0.wp.com\/www.tvturk.com\/wp-content\/uploads\/2019\/02\/uefa-avrupa-ligi-zenit-2-fenerbahce-1-ilk-yari_91e0a65.jpg?resize=300%2C212 300w, https:\/\/i0.wp.com\/www.tvturk.com\/wp-content\/uploads\/2019\/02\/uefa-avrupa-ligi-zenit-2-fenerbahce-1-ilk-yari_91e0a65.jpg?resize=768%2C544 768w\" width=\"189\" height=\"134\" loading=\"lazy\" data-original-width=\"189\" data-original-height=\"134\" itemprop=\"http:\/\/schema.org\/image\" title=\"UEFA Avrupa Ligi: Zenit: 2 - Fenerbah\u00e7e: 1 (\u0130lk yar\u0131)\" alt=\"UEFA Avrupa Ligi: Zenit: 2 - Fenerbah\u00e7e: 1 (\u0130lk yar\u0131)\" style=\"width: 189px; height: 134px;\" \/> <\/a> <\/div> <\/div> <!-- close group --> <div class=\"gallery-group images-1\" style=\"width: 307px; height: 439px;\" data-original-width=\"307\" data-original-height=\"439\" > <div class=\"tiled-gallery-item tiled-gallery-item-large\" itemprop=\"associatedMedia\" itemscope itemtype=\"http:\/\/schema.org\/ImageObject\"> <a href=\"http:\/\/www.tvturk.com\/index.php\/uefa-avrupa-ligi-zenit-2-fenerbahce-1-ilk-yari\/uefa-avrupa-ligi-zenit-2-fenerbahce-1-ilk-yari-9\/\" border=\"0\" itemprop=\"url\"> <meta itemprop=\"width\" content=\"303\"> <meta itemprop=\"height\" content=\"435\"> <img decoding=\"async\" class=\"\" data-attachment-id=\"54281\" data-orig-file=\"http:\/\/www.tvturk.com\/wp-content\/uploads\/2019\/02\/uefa-avrupa-ligi-zenit-2-fenerbahce-1-ilk-yari_621254f.jpg\" data-orig-size=\"696,1000\" data-comments-opened=\"\" data-image-meta=\"{&quot;aperture&quot;:&quot;0&quot;,&quot;credit&quot;:&quot;IHA&quot;,&quot;camera&quot;:&quot;&quot;,&quot;caption&quot;:&quot;UEFA AVRUPA L\\u0130G\\u0130 SON 32 TURU R\\u00d6VAN\\u015e MA\\u00c7INDA FENERBAH\\u00c7E, DEPLASMANDA RUS EK\\u0130B\\u0130 ZEN\\u0130T \\u0130LE KAR\\u015eILA\\u015eIYOR. M\\u00dcCADELEN\\u0130N \\u0130LK YARISI EV SAH\\u0130B\\u0130 EK\\u0130B\\u0130N 2-1 \\u00dcST\\u00dcNL\\u00dc\\u011e\\u00dc \\u0130LE SONA ERD\\u0130. (EPA\\\/ST. PETERSBURG-EPA)&quot;,&quot;created_timestamp&quot;:&quot;0&quot;,&quot;copyright&quot;:&quot;\\u0130HLAS HABER AJANSI, www.iha.com.tr&quot;,&quot;focal_length&quot;:&quot;0&quot;,&quot;iso&quot;:&quot;0&quot;,&quot;shutter_speed&quot;:&quot;0&quot;,&quot;title&quot;:&quot;UEFA AVRUPA L\\u0130G\\u0130: ZEN\\u0130T: 2 - FENERBAH\\u00c7E: 1 (\\u0130LK YARI)&quot;,&quot;orientation&quot;:&quot;0&quot;}\" data-image-title=\"UEFA Avrupa Ligi: Zenit: 2 &amp;#8211; Fenerbah\u00e7e: 1 (\u0130lk yar\u0131)\" data-image-description=\"&lt;p&gt;UEFA Avrupa Ligi: Zenit: 2 &amp;#8211; Fenerbah\u00e7e: 1 (\u0130lk yar\u0131)&lt;\/p&gt; \" data-medium-file=\"https:\/\/i0.wp.com\/www.tvturk.com\/wp-content\/uploads\/2019\/02\/uefa-avrupa-ligi-zenit-2-fenerbahce-1-ilk-yari_621254f.jpg?fit=209%2C300\" data-large-file=\"https:\/\/i0.wp.com\/www.tvturk.com\/wp-content\/uploads\/2019\/02\/uefa-avrupa-ligi-zenit-2-fenerbahce-1-ilk-yari_621254f.jpg?fit=696%2C1000\" src=\"https:\/\/i0.wp.com\/www.tvturk.com\/wp-content\/uploads\/2019\/02\/uefa-avrupa-ligi-zenit-2-fenerbahce-1-ilk-yari_621254f.jpg?w=303&#038;h=435\" srcset=\"https:\/\/i0.wp.com\/www.tvturk.com\/wp-content\/uploads\/2019\/02\/uefa-avrupa-ligi-zenit-2-fenerbahce-1-ilk-yari_621254f.jpg?w=696 696w, https:\/\/i0.wp.com\/www.tvturk.com\/wp-content\/uploads\/2019\/02\/uefa-avrupa-ligi-zenit-2-fenerbahce-1-ilk-yari_621254f.jpg?resize=104%2C150 104w, https:\/\/i0.wp.com\/www.tvturk.com\/wp-content\/uploads\/2019\/02\/uefa-avrupa-ligi-zenit-2-fenerbahce-1-ilk-yari_621254f.jpg?resize=209%2C300 209w\" width=\"303\" height=\"435\" loading=\"lazy\" data-original-width=\"303\" data-original-height=\"435\" itemprop=\"http:\/\/schema.org\/image\" title=\"UEFA Avrupa Ligi: Zenit: 2 - Fenerbah\u00e7e: 1 (\u0130lk yar\u0131)\" alt=\"UEFA Avrupa Ligi: Zenit: 2 - Fenerbah\u00e7e: 1 (\u0130lk yar\u0131)\" style=\"width: 303px; height: 435px;\" \/> <\/a> <\/div> <\/div> <!-- close group --> <\/div> <!-- close row --> <\/div><\/p>\n","protected":false},"excerpt":{"rendered":"<p>UEFA AVRUPA L\u0130G\u0130 SON 32 TURU R\u00d6VAN\u015e MA\u00c7INDA FENERBAH\u00c7E, DEPLASMANDA RUS EK\u0130B\u0130 ZEN\u0130T \u0130LE KAR\u015eILA\u015eIYOR. M\u00dcCADELEN\u0130N \u0130LK YARISI EV SAH\u0130B\u0130 EK\u0130B\u0130N 2-1 \u00dcST\u00dcNL\u00dc\u011e\u00dc \u0130LE SONA ERD\u0130.<\/p>\n","protected":false},"author":1,"featured_media":54274,"comment_status":"closed","ping_status":"open","sticky":false,"template":"","format":"standard","meta":{"jetpack_post_was_ever_published":false,"_jetpack_newsletter_access":"","_jetpack_dont_email_post_to_subs":false,"_jetpack_newsletter_tier_id":0,"_jetpack_memberships_contains_paywalled_content":false,"_jetpack_memberships_contains_paid_content":false,"footnotes":"","jetpack_publicize_message":"","jetpack_publicize_feature_enabled":true,"jetpack_social_post_already_shared":false,"jetpack_social_options":{"image_generator_settings":{"template":"highway","default_image_id":0,"font":"","enabled":false},"version":2}},"categories":[657],"tags":[392,2626,37,1717,1716,918,7472],"class_list":["post-54273","post","type-post","status-publish","format-standard","has-post-thumbnail","hentry","category-spor","tag-avrupa","tag-fenerbahce","tag-ilk","tag-ligi","tag-uefa","tag-yari","tag-zenit"],"jetpack_publicize_connections":[],"jetpack_featured_media_url":"https:\/\/i0.wp.com\/www.tvturk.com\/wp-content\/uploads\/2019\/02\/uefa-avrupa-ligi-zenit-2-fenerbahce-1-ilk-yari_6a067a3.jpg?fit=1000%2C793","jetpack_sharing_enabled":true,"jetpack_shortlink":"https:\/\/wp.me\/paKIfm-e7n","_links":{"self":[{"href":"http:\/\/www.tvturk.com\/index.php\/wp-json\/wp\/v2\/posts\/54273","targetHints":{"allow":["GET"]}}],"collection":[{"href":"http:\/\/www.tvturk.com\/index.php\/wp-json\/wp\/v2\/posts"}],"about":[{"href":"http:\/\/www.tvturk.com\/index.php\/wp-json\/wp\/v2\/types\/post"}],"author":[{"embeddable":true,"href":"http:\/\/www.tvturk.com\/index.php\/wp-json\/wp\/v2\/users\/1"}],"replies":[{"embeddable":true,"href":"http:\/\/www.tvturk.com\/index.php\/wp-json\/wp\/v2\/comments?post=54273"}],"version-history":[{"count":1,"href":"http:\/\/www.tvturk.com\/index.php\/wp-json\/wp\/v2\/posts\/54273\/revisions"}],"predecessor-version":[{"id":54282,"href":"http:\/\/www.tvturk.com\/index.php\/wp-json\/wp\/v2\/posts\/54273\/revisions\/54282"}],"wp:featuredmedia":[{"embeddable":true,"href":"http:\/\/www.tvturk.com\/index.php\/wp-json\/wp\/v2\/media\/54274"}],"wp:attachment":[{"href":"http:\/\/www.tvturk.com\/index.php\/wp-json\/wp\/v2\/media?parent=54273"}],"wp:term":[{"taxonomy":"category","embeddable":true,"href":"http:\/\/www.tvturk.com\/index.php\/wp-json\/wp\/v2\/categories?post=54273"},{"taxonomy":"post_tag","embeddable":true,"href":"http:\/\/www.tvturk.com\/index.php\/wp-json\/wp\/v2\/tags?post=54273"}],"curies":[{"name":"wp","href":"https:\/\/api.w.org\/{rel}","templated":true}]}}