{"id":54588,"date":"2019-02-22T10:44:58","date_gmt":"2019-02-22T07:44:58","guid":{"rendered":"http:\/\/www.tvturk.com\/index.php\/kasimpasa-alanyaspor-deplasmaninda\/"},"modified":"2019-02-22T10:45:00","modified_gmt":"2019-02-22T07:45:00","slug":"kasimpasa-alanyaspor-deplasmaninda","status":"publish","type":"post","link":"http:\/\/www.tvturk.com\/index.php\/kasimpasa-alanyaspor-deplasmaninda\/","title":{"rendered":"Kas\u0131mpa\u015fa, Alanyaspor deplasman\u0131nda"},"content":{"rendered":"<p>Kas\u0131mpa\u015fa, Spor Toto S\u00fcper Lig\u2019in 23. haftas\u0131nda kar\u015f\u0131 kar\u015f\u0131ya gelece\u011fi Aytemiz Alanyaspor ile S\u00fcper Lig tarihinde 6. kez m\u00fccadele edecek. Bu ma\u00e7larda Kas\u0131mpa\u015fa\u2019n\u0131n 3 galibiyeti bulunurken, Alanyaspor ise 2 kez kazand\u0131.<\/p>\n<p>Kas\u0131mpa\u015fa, Spor Toto S\u00fcper Lig\u2019in 23. haftas\u0131nda yar\u0131n deplasmanda Aytemiz Alanyaspor ile kar\u015f\u0131 kar\u015f\u0131ya gelecek. Bu m\u00fcsabaka ile iki ekip S\u00fcper Lig\u2019de 6. kez kozlar\u0131n\u0131 payla\u015fm\u0131\u015f olacak. Kas\u0131mpa\u015fa, ligde geride kalan 22 haftada 9 galibiyet 2 beraberlik ve 11 ma\u011flubiyet ile toplad\u0131\u011f\u0131 29 puanla 8. s\u0131rada yer al\u0131rken, Akdeniz ekibi ise 8 galibiyet, 4 beraberlik ve 10 ma\u011flubiyetle 10. s\u0131rada bulunuyor.<\/p>\n<p>Pa\u015fa galibiyete hasret<\/p>\n<p>Son 5 haftada oynad\u0131\u011f\u0131 ma\u00e7lardan puans\u0131z ayr\u0131lan Kas\u0131mpa\u015fa, son 8 haftada 1 galibiyet 7 ma\u011flubiyetlik bir istatistik ortaya \u00e7\u0131kard\u0131. Lacivert-beyazl\u0131 ekip, Alanya deplasman\u0131nda 3 puan hedefiyle sahaya \u00e7\u0131karak, ma\u011flubiyet serisinden kurtulman\u0131n hesaplar\u0131n\u0131 yap\u0131yor. Mustafa Denizli\u2019nin \u00f6\u011frencileri, Alanyaspor m\u00fcsabakas\u0131ndan 3 puanla ayr\u0131l\u0131p, \u00e7\u0131k\u0131\u015f yakalaman\u0131n pe\u015finde.<\/p>\n<p>Pa\u015fa\u2019da 3 eksik<\/p>\n<p>Kas\u0131mpa\u015fa Alanya deplasman\u0131nda 3 oyuncudan faydalanamayacak. Lacivert-beyazl\u0131larda Heintz ve Josue Sa sakatl\u0131\u011f\u0131ndan dolay\u0131 m\u00fccadelede forma giyemeyecek. Sakatl\u0131\u011f\u0131 bulunan oyuncular\u0131n yan\u0131 s\u0131ra orta sahan\u0131n deneyimli oyuncusu David Pavelka da sar\u0131 kart cezal\u0131s\u0131 oldu\u011fu i\u00e7in Alanyaspor kar\u015f\u0131s\u0131nda g\u00f6rev alamayacak. \u00d6te yandan lacivert-beyazl\u0131larda 3 futbolcu da sar\u0131 kart ceza s\u0131n\u0131r\u0131nda bulunuyor. Tarkan Serbest, Ben Youssef ve Koita Alanyaspor ma\u00e7\u0131nda sar\u0131 kart g\u00f6rmeleri durumunda 24. haftada oynanacak olan Trabzonspor ma\u00e7\u0131nda sahada olamayacak.<\/p>\n<p>D\u00fcd\u00fck Abdulkadir Bitigen\u2019de<\/p>\n<p>Bah\u00e7e\u015fehir Okullar Stad\u0131\u2019nda yar\u0131n saat 16.00\u2019da oynanacak m\u00fccadelede hakem Abd\u00fclkadir Bitigen g\u00f6rev alacak. Bitigen\u2019in yard\u0131mc\u0131l\u0131klar\u0131n\u0131 Erdin\u00e7 Sezertam ve Ali Sayg\u0131n \u00d6gel yapacak. Kar\u015f\u0131la\u015fman\u0131n d\u00f6rd\u00fcnc\u00fc hakemi ise B\u00fclent Birincio\u011flu olacak.<div class=\"tiled-gallery type-rectangular tiled-gallery-unresized\" data-original-width=\"500\" data-carousel-extra='null' itemscope itemtype=\"http:\/\/schema.org\/ImageGallery\" > <div class=\"gallery-row\" style=\"width: 500px; height: 339px;\" data-original-width=\"500\" data-original-height=\"339\" > <div class=\"gallery-group images-1\" style=\"width: 500px; height: 339px;\" data-original-width=\"500\" data-original-height=\"339\" > <div class=\"tiled-gallery-item tiled-gallery-item-large\" itemprop=\"associatedMedia\" itemscope itemtype=\"http:\/\/schema.org\/ImageObject\"> <a href=\"http:\/\/www.tvturk.com\/index.php\/kasimpasa-alanyaspor-deplasmaninda\/kasimpasa-alanyaspor-deplasmaninda-3\/\" border=\"0\" itemprop=\"url\"> <meta itemprop=\"width\" content=\"496\"> <meta itemprop=\"height\" content=\"335\"> <img decoding=\"async\" class=\"\" data-attachment-id=\"54590\" data-orig-file=\"http:\/\/www.tvturk.com\/wp-content\/uploads\/2019\/02\/kasimpasa-alanyaspor-deplasmaninda_b6fb5fb.jpg\" data-orig-size=\"1000,675\" data-comments-opened=\"\" data-image-meta=\"{&quot;aperture&quot;:&quot;0&quot;,&quot;credit&quot;:&quot;IHA&quot;,&quot;camera&quot;:&quot;&quot;,&quot;caption&quot;:&quot;KASIMPA\\u015eA, SPOR TOTO S\\u00dcPER L\\u0130G\\u2019\\u0130N 23. HAFTASINDA YARIN DEPLASMANDA AYTEM\\u0130Z ALANYASPOR \\u0130LE KAR\\u015eILA\\u015eACAK. (MEHMET \\u015e\\u0130R\\u0130N TOPALO\\u011eLU\\\/\\u0130STANBUL-\\u0130HA)&quot;,&quot;created_timestamp&quot;:&quot;0&quot;,&quot;copyright&quot;:&quot;\\u0130HLAS HABER AJANSI, www.iha.com.tr&quot;,&quot;focal_length&quot;:&quot;0&quot;,&quot;iso&quot;:&quot;0&quot;,&quot;shutter_speed&quot;:&quot;0&quot;,&quot;title&quot;:&quot;KASIMPA\\u015eA, ALANYASPOR DEPLASMANINDA&quot;,&quot;orientation&quot;:&quot;0&quot;}\" data-image-title=\"Kas\u0131mpa\u015fa, Alanyaspor deplasman\u0131nda\" data-image-description=\"&lt;p&gt;Kas\u0131mpa\u015fa, Alanyaspor deplasman\u0131nda&lt;\/p&gt; \" data-medium-file=\"https:\/\/i0.wp.com\/www.tvturk.com\/wp-content\/uploads\/2019\/02\/kasimpasa-alanyaspor-deplasmaninda_b6fb5fb.jpg?fit=300%2C203\" data-large-file=\"https:\/\/i0.wp.com\/www.tvturk.com\/wp-content\/uploads\/2019\/02\/kasimpasa-alanyaspor-deplasmaninda_b6fb5fb.jpg?fit=1000%2C675\" src=\"https:\/\/i0.wp.com\/www.tvturk.com\/wp-content\/uploads\/2019\/02\/kasimpasa-alanyaspor-deplasmaninda_b6fb5fb.jpg?w=496&#038;h=335\" srcset=\"https:\/\/i0.wp.com\/www.tvturk.com\/wp-content\/uploads\/2019\/02\/kasimpasa-alanyaspor-deplasmaninda_b6fb5fb.jpg?w=1000 1000w, https:\/\/i0.wp.com\/www.tvturk.com\/wp-content\/uploads\/2019\/02\/kasimpasa-alanyaspor-deplasmaninda_b6fb5fb.jpg?resize=150%2C101 150w, https:\/\/i0.wp.com\/www.tvturk.com\/wp-content\/uploads\/2019\/02\/kasimpasa-alanyaspor-deplasmaninda_b6fb5fb.jpg?resize=300%2C203 300w, https:\/\/i0.wp.com\/www.tvturk.com\/wp-content\/uploads\/2019\/02\/kasimpasa-alanyaspor-deplasmaninda_b6fb5fb.jpg?resize=768%2C518 768w, https:\/\/i0.wp.com\/www.tvturk.com\/wp-content\/uploads\/2019\/02\/kasimpasa-alanyaspor-deplasmaninda_b6fb5fb.jpg?resize=120%2C80 120w, https:\/\/i0.wp.com\/www.tvturk.com\/wp-content\/uploads\/2019\/02\/kasimpasa-alanyaspor-deplasmaninda_b6fb5fb.jpg?resize=80%2C55 80w\" width=\"496\" height=\"335\" loading=\"lazy\" data-original-width=\"496\" data-original-height=\"335\" itemprop=\"http:\/\/schema.org\/image\" title=\"Kas\u0131mpa\u015fa, Alanyaspor deplasman\u0131nda\" alt=\"Kas\u0131mpa\u015fa, Alanyaspor deplasman\u0131nda\" style=\"width: 496px; height: 335px;\" \/> <\/a> <\/div> <\/div> <!-- close group --> <\/div> <!-- close row --> <\/div><\/p>\n","protected":false},"excerpt":{"rendered":"<p>KASIMPA\u015eA, SPOR TOTO S\u00dcPER L\u0130G\u2019\u0130N 23. HAFTASINDA YARIN DEPLASMANDA AYTEM\u0130Z ALANYASPOR \u0130LE KAR\u015eILA\u015eACAK.<\/p>\n","protected":false},"author":1,"featured_media":54589,"comment_status":"closed","ping_status":"open","sticky":false,"template":"","format":"standard","meta":{"jetpack_post_was_ever_published":false,"_jetpack_newsletter_access":"","_jetpack_dont_email_post_to_subs":false,"_jetpack_newsletter_tier_id":0,"_jetpack_memberships_contains_paywalled_content":false,"_jetpack_memberships_contains_paid_content":false,"footnotes":"","jetpack_publicize_message":"","jetpack_publicize_feature_enabled":true,"jetpack_social_post_already_shared":false,"jetpack_social_options":{"image_generator_settings":{"template":"highway","default_image_id":0,"font":"","enabled":false},"version":2}},"categories":[657],"tags":[6138,14064,1789],"class_list":["post-54588","post","type-post","status-publish","format-standard","has-post-thumbnail","hentry","category-spor","tag-alanyaspor","tag-deplasmaninda","tag-kasimpasa"],"jetpack_publicize_connections":[],"jetpack_featured_media_url":"https:\/\/i0.wp.com\/www.tvturk.com\/wp-content\/uploads\/2019\/02\/kasimpasa-alanyaspor-deplasmaninda_186e18d.jpg?fit=1000%2C978","jetpack_sharing_enabled":true,"jetpack_shortlink":"https:\/\/wp.me\/paKIfm-ecs","_links":{"self":[{"href":"http:\/\/www.tvturk.com\/index.php\/wp-json\/wp\/v2\/posts\/54588","targetHints":{"allow":["GET"]}}],"collection":[{"href":"http:\/\/www.tvturk.com\/index.php\/wp-json\/wp\/v2\/posts"}],"about":[{"href":"http:\/\/www.tvturk.com\/index.php\/wp-json\/wp\/v2\/types\/post"}],"author":[{"embeddable":true,"href":"http:\/\/www.tvturk.com\/index.php\/wp-json\/wp\/v2\/users\/1"}],"replies":[{"embeddable":true,"href":"http:\/\/www.tvturk.com\/index.php\/wp-json\/wp\/v2\/comments?post=54588"}],"version-history":[{"count":1,"href":"http:\/\/www.tvturk.com\/index.php\/wp-json\/wp\/v2\/posts\/54588\/revisions"}],"predecessor-version":[{"id":54591,"href":"http:\/\/www.tvturk.com\/index.php\/wp-json\/wp\/v2\/posts\/54588\/revisions\/54591"}],"wp:featuredmedia":[{"embeddable":true,"href":"http:\/\/www.tvturk.com\/index.php\/wp-json\/wp\/v2\/media\/54589"}],"wp:attachment":[{"href":"http:\/\/www.tvturk.com\/index.php\/wp-json\/wp\/v2\/media?parent=54588"}],"wp:term":[{"taxonomy":"category","embeddable":true,"href":"http:\/\/www.tvturk.com\/index.php\/wp-json\/wp\/v2\/categories?post=54588"},{"taxonomy":"post_tag","embeddable":true,"href":"http:\/\/www.tvturk.com\/index.php\/wp-json\/wp\/v2\/tags?post=54588"}],"curies":[{"name":"wp","href":"https:\/\/api.w.org\/{rel}","templated":true}]}}