{"id":54963,"date":"2019-02-22T13:19:51","date_gmt":"2019-02-22T10:19:51","guid":{"rendered":"http:\/\/www.tvturk.com\/index.php\/saat-kulesinin-salteri-yanmis\/"},"modified":"2019-02-22T13:19:54","modified_gmt":"2019-02-22T10:19:54","slug":"saat-kulesinin-salteri-yanmis","status":"publish","type":"post","link":"http:\/\/www.tvturk.com\/index.php\/saat-kulesinin-salteri-yanmis\/","title":{"rendered":"Saat kulesinin \u015falteri yanm\u0131\u015f"},"content":{"rendered":"<p>Bursa\u2019n\u0131n \u0130znik il\u00e7esinde bir y\u0131ld\u0131r saatleri \u00e7al\u0131\u015fmayan saat kulesinin \u015falterinin yand\u0131\u011f\u0131 bildirildi.<\/p>\n<p>240 bin liraya mal olan, 4 cephesinde \u00e7iniler ile 4 medeniyetin izlerini ta\u015f\u0131yan saat kulesi, bug\u00fcn mimarisini \u00fcstlenen \u015firket yetkililerince onar\u0131lmaya ba\u015fland\u0131. \u0130lgili \u015firketin mimar\u0131 P\u0131nar Vural, &#8220;Saatler ile alakal\u0131 ar\u0131zay\u0131 tespit ettik. Elektrik kesintileri \u015falterin yanmas\u0131na sebebiyet vermi\u015f. Bug\u00fcn de\u011fi\u015fimi yap\u0131lacak. Yeniden \u00e7al\u0131\u015facak&#8221; dedi.<\/p>\n<p>Saat kulesi, 6 metre y\u00fcksekli\u011finde ve mermer kaplama. Kenar \u00e7izgilerinde gotik i\u015fleme ni\u015fler bulunuyor. Kulede 4 medeniyeti temsilen \u00e7iniler mevcut.<div class=\"tiled-gallery type-rectangular tiled-gallery-unresized\" data-original-width=\"500\" data-carousel-extra='null' itemscope itemtype=\"http:\/\/schema.org\/ImageGallery\" > <div class=\"gallery-row\" style=\"width: 500px; height: 189px;\" data-original-width=\"500\" data-original-height=\"189\" > <div class=\"gallery-group images-1\" style=\"width: 250px; height: 189px;\" data-original-width=\"250\" data-original-height=\"189\" > <div class=\"tiled-gallery-item tiled-gallery-item-small\" itemprop=\"associatedMedia\" itemscope itemtype=\"http:\/\/schema.org\/ImageObject\"> <a href=\"http:\/\/www.tvturk.com\/index.php\/saat-kulesinin-salteri-yanmis\/saat-kulesinin-salteri-yanmis-3\/\" border=\"0\" itemprop=\"url\"> <meta itemprop=\"width\" content=\"246\"> <meta itemprop=\"height\" content=\"185\"> <img decoding=\"async\" class=\"\" data-attachment-id=\"54965\" data-orig-file=\"http:\/\/www.tvturk.com\/wp-content\/uploads\/2019\/02\/saat-kulesinin-salteri-yanmis_355a333.jpg\" data-orig-size=\"1000,750\" data-comments-opened=\"\" data-image-meta=\"{&quot;aperture&quot;:&quot;0&quot;,&quot;credit&quot;:&quot;IHA&quot;,&quot;camera&quot;:&quot;&quot;,&quot;caption&quot;:&quot;BURSA\\u0027NIN \\u0130ZN\\u0130K \\u0130L\\u00c7ES\\u0130NDE B\\u0130R YILDIR SAATLER\\u0130 \\u00c7ALI\\u015eMAYAN SAAT KULES\\u0130N\\u0130N \\u015eALTER\\u0130 YANMI\\u015e. (HAL\\u0130L ATA\\u015e\\\/BURSA-\\u0130HA)&quot;,&quot;created_timestamp&quot;:&quot;0&quot;,&quot;copyright&quot;:&quot;\\u0130HLAS HABER AJANSI, www.iha.com.tr&quot;,&quot;focal_length&quot;:&quot;0&quot;,&quot;iso&quot;:&quot;0&quot;,&quot;shutter_speed&quot;:&quot;0&quot;,&quot;title&quot;:&quot;SAAT KULES\\u0130N\\u0130N \\u015eALTER\\u0130 YANMI\\u015e&quot;,&quot;orientation&quot;:&quot;0&quot;}\" data-image-title=\"Saat kulesinin \u015falteri yanm\u0131\u015f\" data-image-description=\"&lt;p&gt;Saat kulesinin \u015falteri yanm\u0131\u015f&lt;\/p&gt; \" data-medium-file=\"https:\/\/i0.wp.com\/www.tvturk.com\/wp-content\/uploads\/2019\/02\/saat-kulesinin-salteri-yanmis_355a333.jpg?fit=300%2C225\" data-large-file=\"https:\/\/i0.wp.com\/www.tvturk.com\/wp-content\/uploads\/2019\/02\/saat-kulesinin-salteri-yanmis_355a333.jpg?fit=1000%2C750\" src=\"https:\/\/i0.wp.com\/www.tvturk.com\/wp-content\/uploads\/2019\/02\/saat-kulesinin-salteri-yanmis_355a333.jpg?w=246&#038;h=185\" srcset=\"https:\/\/i0.wp.com\/www.tvturk.com\/wp-content\/uploads\/2019\/02\/saat-kulesinin-salteri-yanmis_355a333.jpg?w=1000 1000w, https:\/\/i0.wp.com\/www.tvturk.com\/wp-content\/uploads\/2019\/02\/saat-kulesinin-salteri-yanmis_355a333.jpg?resize=150%2C113 150w, https:\/\/i0.wp.com\/www.tvturk.com\/wp-content\/uploads\/2019\/02\/saat-kulesinin-salteri-yanmis_355a333.jpg?resize=300%2C225 300w, https:\/\/i0.wp.com\/www.tvturk.com\/wp-content\/uploads\/2019\/02\/saat-kulesinin-salteri-yanmis_355a333.jpg?resize=768%2C576 768w\" width=\"246\" height=\"185\" loading=\"lazy\" data-original-width=\"246\" data-original-height=\"185\" itemprop=\"http:\/\/schema.org\/image\" title=\"Saat kulesinin \u015falteri yanm\u0131\u015f\" alt=\"Saat kulesinin \u015falteri yanm\u0131\u015f\" style=\"width: 246px; height: 185px;\" \/> <\/a> <\/div> <\/div> <!-- close group --> <div class=\"gallery-group images-1\" style=\"width: 250px; height: 189px;\" data-original-width=\"250\" data-original-height=\"189\" > <div class=\"tiled-gallery-item tiled-gallery-item-small\" itemprop=\"associatedMedia\" itemscope itemtype=\"http:\/\/schema.org\/ImageObject\"> <a href=\"http:\/\/www.tvturk.com\/index.php\/saat-kulesinin-salteri-yanmis\/saat-kulesinin-salteri-yanmis-4\/\" border=\"0\" itemprop=\"url\"> <meta itemprop=\"width\" content=\"246\"> <meta itemprop=\"height\" content=\"185\"> <img decoding=\"async\" class=\"\" data-attachment-id=\"54966\" data-orig-file=\"http:\/\/www.tvturk.com\/wp-content\/uploads\/2019\/02\/saat-kulesinin-salteri-yanmis_5bc903a.jpg\" data-orig-size=\"1000,750\" data-comments-opened=\"\" data-image-meta=\"{&quot;aperture&quot;:&quot;0&quot;,&quot;credit&quot;:&quot;IHA&quot;,&quot;camera&quot;:&quot;&quot;,&quot;caption&quot;:&quot;BURSA\\u0027NIN \\u0130ZN\\u0130K \\u0130L\\u00c7ES\\u0130NDE B\\u0130R YILDIR SAATLER\\u0130 \\u00c7ALI\\u015eMAYAN SAAT KULES\\u0130N\\u0130N \\u015eALTER\\u0130 YANMI\\u015e. (HAL\\u0130L ATA\\u015e\\\/BURSA-\\u0130HA)&quot;,&quot;created_timestamp&quot;:&quot;0&quot;,&quot;copyright&quot;:&quot;\\u0130HLAS HABER AJANSI, www.iha.com.tr&quot;,&quot;focal_length&quot;:&quot;0&quot;,&quot;iso&quot;:&quot;0&quot;,&quot;shutter_speed&quot;:&quot;0&quot;,&quot;title&quot;:&quot;SAAT KULES\\u0130N\\u0130N \\u015eALTER\\u0130 YANMI\\u015e&quot;,&quot;orientation&quot;:&quot;0&quot;}\" data-image-title=\"Saat kulesinin \u015falteri yanm\u0131\u015f\" data-image-description=\"&lt;p&gt;Saat kulesinin \u015falteri yanm\u0131\u015f&lt;\/p&gt; \" data-medium-file=\"https:\/\/i0.wp.com\/www.tvturk.com\/wp-content\/uploads\/2019\/02\/saat-kulesinin-salteri-yanmis_5bc903a.jpg?fit=300%2C225\" data-large-file=\"https:\/\/i0.wp.com\/www.tvturk.com\/wp-content\/uploads\/2019\/02\/saat-kulesinin-salteri-yanmis_5bc903a.jpg?fit=1000%2C750\" src=\"https:\/\/i0.wp.com\/www.tvturk.com\/wp-content\/uploads\/2019\/02\/saat-kulesinin-salteri-yanmis_5bc903a.jpg?w=246&#038;h=185\" srcset=\"https:\/\/i0.wp.com\/www.tvturk.com\/wp-content\/uploads\/2019\/02\/saat-kulesinin-salteri-yanmis_5bc903a.jpg?w=1000 1000w, https:\/\/i0.wp.com\/www.tvturk.com\/wp-content\/uploads\/2019\/02\/saat-kulesinin-salteri-yanmis_5bc903a.jpg?resize=150%2C113 150w, https:\/\/i0.wp.com\/www.tvturk.com\/wp-content\/uploads\/2019\/02\/saat-kulesinin-salteri-yanmis_5bc903a.jpg?resize=300%2C225 300w, https:\/\/i0.wp.com\/www.tvturk.com\/wp-content\/uploads\/2019\/02\/saat-kulesinin-salteri-yanmis_5bc903a.jpg?resize=768%2C576 768w\" width=\"246\" height=\"185\" loading=\"lazy\" data-original-width=\"246\" data-original-height=\"185\" itemprop=\"http:\/\/schema.org\/image\" title=\"Saat kulesinin \u015falteri yanm\u0131\u015f\" alt=\"Saat kulesinin \u015falteri yanm\u0131\u015f\" style=\"width: 246px; height: 185px;\" \/> <\/a> <\/div> <\/div> <!-- close group --> <\/div> <!-- close row --> <\/div><\/p>\n","protected":false},"excerpt":{"rendered":"<p>BURSA&#8217;NIN \u0130ZN\u0130K \u0130L\u00c7ES\u0130NDE B\u0130R YILDIR SAATLER\u0130 \u00c7ALI\u015eMAYAN SAAT KULES\u0130N\u0130N \u015eALTER\u0130 YANMI\u015e.<\/p>\n","protected":false},"author":1,"featured_media":54964,"comment_status":"closed","ping_status":"open","sticky":false,"template":"","format":"standard","meta":{"jetpack_post_was_ever_published":false,"_jetpack_newsletter_access":"","_jetpack_dont_email_post_to_subs":false,"_jetpack_newsletter_tier_id":0,"_jetpack_memberships_contains_paywalled_content":false,"_jetpack_memberships_contains_paid_content":false,"footnotes":"","jetpack_publicize_message":"","jetpack_publicize_feature_enabled":true,"jetpack_social_post_already_shared":false,"jetpack_social_options":{"image_generator_settings":{"template":"highway","default_image_id":0,"font":"","enabled":false},"version":2}},"categories":[1],"tags":[17832,902,17833,17834],"class_list":["post-54963","post","type-post","status-publish","format-standard","has-post-thumbnail","hentry","category-genel","tag-kulesinin","tag-saat","tag-salteri","tag-yanmis"],"jetpack_publicize_connections":[],"jetpack_featured_media_url":"https:\/\/i0.wp.com\/www.tvturk.com\/wp-content\/uploads\/2019\/02\/saat-kulesinin-salteri-yanmis_dbb6f6f.jpg?fit=1000%2C750","jetpack_sharing_enabled":true,"jetpack_shortlink":"https:\/\/wp.me\/paKIfm-eiv","_links":{"self":[{"href":"http:\/\/www.tvturk.com\/index.php\/wp-json\/wp\/v2\/posts\/54963","targetHints":{"allow":["GET"]}}],"collection":[{"href":"http:\/\/www.tvturk.com\/index.php\/wp-json\/wp\/v2\/posts"}],"about":[{"href":"http:\/\/www.tvturk.com\/index.php\/wp-json\/wp\/v2\/types\/post"}],"author":[{"embeddable":true,"href":"http:\/\/www.tvturk.com\/index.php\/wp-json\/wp\/v2\/users\/1"}],"replies":[{"embeddable":true,"href":"http:\/\/www.tvturk.com\/index.php\/wp-json\/wp\/v2\/comments?post=54963"}],"version-history":[{"count":1,"href":"http:\/\/www.tvturk.com\/index.php\/wp-json\/wp\/v2\/posts\/54963\/revisions"}],"predecessor-version":[{"id":54967,"href":"http:\/\/www.tvturk.com\/index.php\/wp-json\/wp\/v2\/posts\/54963\/revisions\/54967"}],"wp:featuredmedia":[{"embeddable":true,"href":"http:\/\/www.tvturk.com\/index.php\/wp-json\/wp\/v2\/media\/54964"}],"wp:attachment":[{"href":"http:\/\/www.tvturk.com\/index.php\/wp-json\/wp\/v2\/media?parent=54963"}],"wp:term":[{"taxonomy":"category","embeddable":true,"href":"http:\/\/www.tvturk.com\/index.php\/wp-json\/wp\/v2\/categories?post=54963"},{"taxonomy":"post_tag","embeddable":true,"href":"http:\/\/www.tvturk.com\/index.php\/wp-json\/wp\/v2\/tags?post=54963"}],"curies":[{"name":"wp","href":"https:\/\/api.w.org\/{rel}","templated":true}]}}