{"id":5504,"date":"2019-02-06T16:45:06","date_gmt":"2019-02-06T13:45:06","guid":{"rendered":"http:\/\/www.tvturk.com\/index.php\/2019\/02\/06\/sirbistan-basbakani-demokratik-ozgurluklerle-ilgili-raporu-reddetti\/"},"modified":"2019-02-06T16:45:07","modified_gmt":"2019-02-06T13:45:07","slug":"sirbistan-basbakani-demokratik-ozgurluklerle-ilgili-raporu-reddetti","status":"publish","type":"post","link":"http:\/\/www.tvturk.com\/index.php\/sirbistan-basbakani-demokratik-ozgurluklerle-ilgili-raporu-reddetti\/","title":{"rendered":"S\u0131rbistan Ba\u015fbakan\u0131 demokratik \u00f6zg\u00fcrl\u00fcklerle ilgili raporu reddetti"},"content":{"rendered":"<p>S\u0131rbistan Ba\u015fbakan\u0131 Ana Brnabic, ABD merkezli d\u00fc\u015f\u00fcnce kurulu\u015fu Freedom House\u2019un \u00fclkeyi \u2019\u00f6zg\u00fcr\u2019den \u2019k\u0131smen serbest\u2019e indirgeyen raporunu reddetti.<\/p>\n<p>S\u0131rp Ba\u015fbakan Ana Brnabic, ABD\u2019li d\u00fc\u015f\u00fcnce kurulu\u015fu Freedom House\u2019un S\u0131rbistan\u2019daki demokratik \u00f6zg\u00fcrl\u00fcklerle ilgili raporunu de\u011ferlendirdi. Brnabic yapt\u0131\u011f\u0131 a\u00e7\u0131klamada, &#8220;K\u0131smen \u00f6zg\u00fcr bir \u00fclkede ya\u015fad\u0131\u011f\u0131m\u0131 kesinlikle d\u00fc\u015f\u00fcnm\u00fcyorum ya da hissetmiyorum, ancak birka\u00e7 y\u0131l \u00f6nce daha \u00f6zg\u00fcr bir \u00fclkede ya\u015fad\u0131\u011f\u0131m\u0131 d\u00fc\u015f\u00fcn\u00fcyordum&#8221; dedi.<\/p>\n<p>Freedom House\u2019un bu hafta ba\u015flar\u0131nda yay\u0131nlanan y\u0131ll\u0131k k\u00fcresel raporunda, S\u0131rbistan\u2019\u0131n stat\u00fcs\u00fcn\u00fcn se\u00e7imlerdeki bozulma, h\u00fck\u00fcmetin ve m\u00fcttefik medya kurulu\u015flar\u0131n\u0131n yasal taciz ve karalama kampanyalar\u0131 yoluyla ba\u011f\u0131ms\u0131z gazetecileri baltalama giri\u015fimleri nedeniyle azald\u0131\u011f\u0131 belirtildi. Raporda, S\u0131rbistan Cumhurba\u015fkan\u0131 Aleksandar Vuci\u00e7\u2019in anayasal rol\u00fcyle \u00e7eli\u015fen y\u00fcr\u00fctme yetkilerini kendinde toplad\u0131\u011f\u0131 da kaydedildi.<div class=\"tiled-gallery type-rectangular tiled-gallery-unresized\" data-original-width=\"500\" data-carousel-extra='null' itemscope itemtype=\"http:\/\/schema.org\/ImageGallery\" > <div class=\"gallery-row\" style=\"width: 500px; height: 620px;\" data-original-width=\"500\" data-original-height=\"620\" > <div class=\"gallery-group images-1\" style=\"width: 500px; height: 620px;\" data-original-width=\"500\" data-original-height=\"620\" > <div class=\"tiled-gallery-item tiled-gallery-item-large\" itemprop=\"associatedMedia\" itemscope itemtype=\"http:\/\/schema.org\/ImageObject\"> <a href=\"http:\/\/www.tvturk.com\/index.php\/sirbistan-basbakani-demokratik-ozgurluklerle-ilgili-raporu-reddetti\/sirbistan-basbakani-demokratik-ozgurluklerle-ilgili-raporu-reddetti-3\/\" border=\"0\" itemprop=\"url\"> <meta itemprop=\"width\" content=\"496\"> <meta itemprop=\"height\" content=\"616\"> <img decoding=\"async\" class=\"\" data-attachment-id=\"5506\" data-orig-file=\"http:\/\/www.tvturk.com\/wp-content\/uploads\/2019\/02\/sirbistan-basbakani-demokratik-ozgurluklerle-ilgili-raporu-reddetti_173d08e.jpg\" data-orig-size=\"805,1000\" data-comments-opened=\"\" data-image-meta=\"{&quot;aperture&quot;:&quot;0&quot;,&quot;credit&quot;:&quot;IHA&quot;,&quot;camera&quot;:&quot;&quot;,&quot;caption&quot;:&quot;SIRP BA\\u015eBAKANI ANA BRNAB\\u0130C, ABD MERKEZL\\u0130 D\\u00dc\\u015e\\u00dcNCE KURULU\\u015eU FREEDOM HOUSE\\u0027UN BALKAN \\u00dcLKES\\u0130N\\u0130 \\u0027\\u00d6ZG\\u00dcR\\u0027 DEN \\u0027KISMEN SERBEST\\u0027 E \\u0130ND\\u0130RGEYEN RAPORUNU REDDETT\\u0130. (AR\\u015e\\u0130V) (\\u0130HA\\\/BELGRAT-EPA)&quot;,&quot;created_timestamp&quot;:&quot;0&quot;,&quot;copyright&quot;:&quot;\\u0130HLAS HABER AJANSI, www.iha.com.tr&quot;,&quot;focal_length&quot;:&quot;0&quot;,&quot;iso&quot;:&quot;0&quot;,&quot;shutter_speed&quot;:&quot;0&quot;,&quot;title&quot;:&quot;SIRB\\u0130STAN BA\\u015eBAKANI DEMOKRAT\\u0130K \\u00d6ZG\\u00dcRL\\u00dcKLERLE \\u0130LG\\u0130L\\u0130 RAPORU REDDETT\\u0130&quot;,&quot;orientation&quot;:&quot;0&quot;}\" data-image-title=\"S\u0131rbistan Ba\u015fbakan\u0131 demokratik \u00f6zg\u00fcrl\u00fcklerle ilgili raporu reddetti\" data-image-description=\"&lt;p&gt;S\u0131rbistan Ba\u015fbakan\u0131 demokratik \u00f6zg\u00fcrl\u00fcklerle ilgili raporu reddetti&lt;\/p&gt; \" data-medium-file=\"https:\/\/i0.wp.com\/www.tvturk.com\/wp-content\/uploads\/2019\/02\/sirbistan-basbakani-demokratik-ozgurluklerle-ilgili-raporu-reddetti_173d08e.jpg?fit=242%2C300\" data-large-file=\"https:\/\/i0.wp.com\/www.tvturk.com\/wp-content\/uploads\/2019\/02\/sirbistan-basbakani-demokratik-ozgurluklerle-ilgili-raporu-reddetti_173d08e.jpg?fit=805%2C1000\" src=\"https:\/\/i0.wp.com\/www.tvturk.com\/wp-content\/uploads\/2019\/02\/sirbistan-basbakani-demokratik-ozgurluklerle-ilgili-raporu-reddetti_173d08e.jpg?w=496&#038;h=616\" srcset=\"https:\/\/i0.wp.com\/www.tvturk.com\/wp-content\/uploads\/2019\/02\/sirbistan-basbakani-demokratik-ozgurluklerle-ilgili-raporu-reddetti_173d08e.jpg?w=805 805w, https:\/\/i0.wp.com\/www.tvturk.com\/wp-content\/uploads\/2019\/02\/sirbistan-basbakani-demokratik-ozgurluklerle-ilgili-raporu-reddetti_173d08e.jpg?resize=121%2C150 121w, https:\/\/i0.wp.com\/www.tvturk.com\/wp-content\/uploads\/2019\/02\/sirbistan-basbakani-demokratik-ozgurluklerle-ilgili-raporu-reddetti_173d08e.jpg?resize=242%2C300 242w, https:\/\/i0.wp.com\/www.tvturk.com\/wp-content\/uploads\/2019\/02\/sirbistan-basbakani-demokratik-ozgurluklerle-ilgili-raporu-reddetti_173d08e.jpg?resize=768%2C954 768w\" width=\"496\" height=\"616\" loading=\"lazy\" data-original-width=\"496\" data-original-height=\"616\" itemprop=\"http:\/\/schema.org\/image\" title=\"S\u0131rbistan Ba\u015fbakan\u0131 demokratik \u00f6zg\u00fcrl\u00fcklerle ilgili raporu reddetti\" alt=\"S\u0131rbistan Ba\u015fbakan\u0131 demokratik \u00f6zg\u00fcrl\u00fcklerle ilgili raporu reddetti\" style=\"width: 496px; height: 616px;\" \/> <\/a> <\/div> <\/div> <!-- close group --> <\/div> <!-- close row --> <\/div><\/p>\n","protected":false},"excerpt":{"rendered":"<p>SIRP BA\u015eBAKANI ANA BRNAB\u0130C,  ABD MERKEZL\u0130 D\u00dc\u015e\u00dcNCE KURULU\u015eU  FREEDOM HOUSE&#8217;UN  BALKAN \u00dcLKES\u0130N\u0130 &#8216;\u00d6ZG\u00dcR&#8217; DEN &#8216;KISMEN SERBEST&#8217; E \u0130ND\u0130RGEYEN RAPORUNU REDDETT\u0130.  (AR\u015e\u0130V)<\/p>\n","protected":false},"author":1,"featured_media":5505,"comment_status":"closed","ping_status":"open","sticky":false,"template":"","format":"standard","meta":{"jetpack_post_was_ever_published":false,"_jetpack_newsletter_access":"","_jetpack_dont_email_post_to_subs":false,"_jetpack_newsletter_tier_id":0,"_jetpack_memberships_contains_paywalled_content":false,"_jetpack_memberships_contains_paid_content":false,"footnotes":"","jetpack_publicize_message":"","jetpack_publicize_feature_enabled":true,"jetpack_social_post_already_shared":false,"jetpack_social_options":{"image_generator_settings":{"template":"highway","default_image_id":0,"font":"","enabled":false},"version":2}},"categories":[9],"tags":[651,3010,3012,3011,741,3013,3009],"class_list":["post-5504","post","type-post","status-publish","format-standard","has-post-thumbnail","hentry","category-siyaset","tag-basbakani","tag-demokratik","tag-ilgili","tag-ozgurluklerle","tag-raporu","tag-reddetti","tag-sirbistan"],"jetpack_publicize_connections":[],"jetpack_featured_media_url":"https:\/\/i0.wp.com\/www.tvturk.com\/wp-content\/uploads\/2019\/02\/sirbistan-basbakani-demokratik-ozgurluklerle-ilgili-raporu-reddetti_20e7b5e.jpg?fit=857%2C1000","jetpack_sharing_enabled":true,"jetpack_shortlink":"https:\/\/wp.me\/paKIfm-1qM","_links":{"self":[{"href":"http:\/\/www.tvturk.com\/index.php\/wp-json\/wp\/v2\/posts\/5504","targetHints":{"allow":["GET"]}}],"collection":[{"href":"http:\/\/www.tvturk.com\/index.php\/wp-json\/wp\/v2\/posts"}],"about":[{"href":"http:\/\/www.tvturk.com\/index.php\/wp-json\/wp\/v2\/types\/post"}],"author":[{"embeddable":true,"href":"http:\/\/www.tvturk.com\/index.php\/wp-json\/wp\/v2\/users\/1"}],"replies":[{"embeddable":true,"href":"http:\/\/www.tvturk.com\/index.php\/wp-json\/wp\/v2\/comments?post=5504"}],"version-history":[{"count":1,"href":"http:\/\/www.tvturk.com\/index.php\/wp-json\/wp\/v2\/posts\/5504\/revisions"}],"predecessor-version":[{"id":5507,"href":"http:\/\/www.tvturk.com\/index.php\/wp-json\/wp\/v2\/posts\/5504\/revisions\/5507"}],"wp:featuredmedia":[{"embeddable":true,"href":"http:\/\/www.tvturk.com\/index.php\/wp-json\/wp\/v2\/media\/5505"}],"wp:attachment":[{"href":"http:\/\/www.tvturk.com\/index.php\/wp-json\/wp\/v2\/media?parent=5504"}],"wp:term":[{"taxonomy":"category","embeddable":true,"href":"http:\/\/www.tvturk.com\/index.php\/wp-json\/wp\/v2\/categories?post=5504"},{"taxonomy":"post_tag","embeddable":true,"href":"http:\/\/www.tvturk.com\/index.php\/wp-json\/wp\/v2\/tags?post=5504"}],"curies":[{"name":"wp","href":"https:\/\/api.w.org\/{rel}","templated":true}]}}