{"id":55076,"date":"2019-02-22T14:06:52","date_gmt":"2019-02-22T11:06:52","guid":{"rendered":"http:\/\/www.tvturk.com\/index.php\/karacide-5-cocuk-gida-zehirlenmesinden-oldu\/"},"modified":"2019-02-22T14:06:56","modified_gmt":"2019-02-22T11:06:56","slug":"karacide-5-cocuk-gida-zehirlenmesinden-oldu","status":"publish","type":"post","link":"http:\/\/www.tvturk.com\/index.php\/karacide-5-cocuk-gida-zehirlenmesinden-oldu\/","title":{"rendered":"Kara\u00e7i\u2019de 5 \u00e7ocuk g\u0131da zehirlenmesinden \u00f6ld\u00fc"},"content":{"rendered":"<p>Pakistan\u2019\u0131n Sindh vilayetine ba\u011fl\u0131 Kara\u00e7i \u015fehrinde bir restoranda ailesiyle yemek yiyen 5 \u00e7ocuk g\u0131da zehirlenmesinden hayat\u0131n\u0131 kaybetti.<\/p>\n<p>Pakistan\u2019\u0131n Sindt vilayetine ba\u011fl\u0131 Kara\u00e7i \u015fehrinde bir aile d\u00fcn gece Saddar b\u00f6lgesinde bulunan bir restoranda ak\u015fam yeme\u011fi yedi. Aile yemekten sonra hastaneye kald\u0131r\u0131ld\u0131. Hastane personeli 1,5 ve 6 ya\u015flar\u0131 aras\u0131ndaki 5 \u00e7ocu\u011fu kurtaramad\u0131. \u00c7ocuklar\u0131n annelerinin sa\u011fl\u0131k durumunun kritik oldu\u011fu ve tedavisinin devam etti\u011fi bildirildi.<\/p>\n<p>5 \u00e7ocu\u011fu zehirlenen ailenin daha \u00f6nce de Belucistan vilayetine ba\u011fl\u0131 Khuzdar \u015fehrinde yemek yedi\u011fi \u00f6\u011frenildi.<\/p>\n<p>M\u00fcfetti\u015f Polis Gulshan Tahir Noorani, olayla ilgili yap\u0131lan ilk soru\u015fturmaya g\u00f6re \u00e7ocuklar\u0131n \u00f6l\u00fcm\u00fcn\u00fcn nedeninin g\u0131da zehirlenmesi gibi g\u00f6r\u00fcnd\u00fc\u011f\u00fcn\u00fc s\u00f6yledi. Noorani soru\u015fturman\u0131n devam etti\u011fini bildirdi.<\/p>\n<p>Saddar\u2019daki restoran Sindh G\u0131da Kurumu taraf\u0131ndan ge\u00e7ici olarak kapat\u0131ld\u0131. \u0130nceleme i\u00e7in restorandan g\u0131da \u00f6rnekleri al\u0131nd\u0131.<div class=\"tiled-gallery type-rectangular tiled-gallery-unresized\" data-original-width=\"500\" data-carousel-extra='null' itemscope itemtype=\"http:\/\/schema.org\/ImageGallery\" > <div class=\"gallery-row\" style=\"width: 500px; height: 142px;\" data-original-width=\"500\" data-original-height=\"142\" > <div class=\"gallery-group images-1\" style=\"width: 250px; height: 142px;\" data-original-width=\"250\" data-original-height=\"142\" > <div class=\"tiled-gallery-item tiled-gallery-item-small\" itemprop=\"associatedMedia\" itemscope itemtype=\"http:\/\/schema.org\/ImageObject\"> <a href=\"http:\/\/www.tvturk.com\/index.php\/karacide-5-cocuk-gida-zehirlenmesinden-oldu\/karacide-5-cocuk-gida-zehirlenmesinden-oldu-3\/\" border=\"0\" itemprop=\"url\"> <meta itemprop=\"width\" content=\"246\"> <meta itemprop=\"height\" content=\"138\"> <img decoding=\"async\" class=\"\" data-attachment-id=\"55078\" data-orig-file=\"http:\/\/www.tvturk.com\/wp-content\/uploads\/2019\/02\/karacide-5-cocuk-gida-zehirlenmesinden-oldu_3727917.jpg\" data-orig-size=\"1000,561\" data-comments-opened=\"\" data-image-meta=\"{&quot;aperture&quot;:&quot;0&quot;,&quot;credit&quot;:&quot;IHA&quot;,&quot;camera&quot;:&quot;&quot;,&quot;caption&quot;:&quot;PAK\\u0130STAN\\u0027IN S\\u0130NDH V\\u0130LAYET\\u0130NE BA\\u011eLI KARA\\u00c7\\u0130 \\u015eEHR\\u0130NDE B\\u0130R RESTORANDA A\\u0130LES\\u0130 \\u0130LE YEMEK Y\\u0130YEN 5 \\u00c7OCUK GIDA ZEH\\u0130RLENMES\\u0130NDEN HAYATINI KAYBETT\\u0130. (\\u0130HA\\\/KARA\\u00c7\\u0130-\\u0130HA)&quot;,&quot;created_timestamp&quot;:&quot;0&quot;,&quot;copyright&quot;:&quot;\\u0130HLAS HABER AJANSI, www.iha.com.tr&quot;,&quot;focal_length&quot;:&quot;0&quot;,&quot;iso&quot;:&quot;0&quot;,&quot;shutter_speed&quot;:&quot;0&quot;,&quot;title&quot;:&quot;KARA\\u00c7\\u0130\\u0027DE 5 \\u00c7OCUK GIDA ZEH\\u0130RLENMES\\u0130NDEN \\u00d6LD\\u00dc&quot;,&quot;orientation&quot;:&quot;0&quot;}\" data-image-title=\"Kara\u00e7i\u2019de 5 \u00e7ocuk g\u0131da zehirlenmesinden \u00f6ld\u00fc\" data-image-description=\"&lt;p&gt;Kara\u00e7i\u2019de 5 \u00e7ocuk g\u0131da zehirlenmesinden \u00f6ld\u00fc&lt;\/p&gt; \" data-medium-file=\"https:\/\/i0.wp.com\/www.tvturk.com\/wp-content\/uploads\/2019\/02\/karacide-5-cocuk-gida-zehirlenmesinden-oldu_3727917.jpg?fit=300%2C168\" data-large-file=\"https:\/\/i0.wp.com\/www.tvturk.com\/wp-content\/uploads\/2019\/02\/karacide-5-cocuk-gida-zehirlenmesinden-oldu_3727917.jpg?fit=1000%2C561\" src=\"https:\/\/i0.wp.com\/www.tvturk.com\/wp-content\/uploads\/2019\/02\/karacide-5-cocuk-gida-zehirlenmesinden-oldu_3727917.jpg?w=246&#038;h=138\" srcset=\"https:\/\/i0.wp.com\/www.tvturk.com\/wp-content\/uploads\/2019\/02\/karacide-5-cocuk-gida-zehirlenmesinden-oldu_3727917.jpg?w=1000 1000w, https:\/\/i0.wp.com\/www.tvturk.com\/wp-content\/uploads\/2019\/02\/karacide-5-cocuk-gida-zehirlenmesinden-oldu_3727917.jpg?resize=150%2C84 150w, https:\/\/i0.wp.com\/www.tvturk.com\/wp-content\/uploads\/2019\/02\/karacide-5-cocuk-gida-zehirlenmesinden-oldu_3727917.jpg?resize=300%2C168 300w, https:\/\/i0.wp.com\/www.tvturk.com\/wp-content\/uploads\/2019\/02\/karacide-5-cocuk-gida-zehirlenmesinden-oldu_3727917.jpg?resize=768%2C431 768w, https:\/\/i0.wp.com\/www.tvturk.com\/wp-content\/uploads\/2019\/02\/karacide-5-cocuk-gida-zehirlenmesinden-oldu_3727917.jpg?resize=200%2C113 200w\" width=\"246\" height=\"138\" loading=\"lazy\" data-original-width=\"246\" data-original-height=\"138\" itemprop=\"http:\/\/schema.org\/image\" title=\"Kara\u00e7i\u2019de 5 \u00e7ocuk g\u0131da zehirlenmesinden \u00f6ld\u00fc\" alt=\"Kara\u00e7i\u2019de 5 \u00e7ocuk g\u0131da zehirlenmesinden \u00f6ld\u00fc\" style=\"width: 246px; height: 138px;\" \/> <\/a> <\/div> <\/div> <!-- close group --> <div class=\"gallery-group images-1\" style=\"width: 250px; height: 142px;\" data-original-width=\"250\" data-original-height=\"142\" > <div class=\"tiled-gallery-item tiled-gallery-item-small\" itemprop=\"associatedMedia\" itemscope itemtype=\"http:\/\/schema.org\/ImageObject\"> <a href=\"http:\/\/www.tvturk.com\/index.php\/karacide-5-cocuk-gida-zehirlenmesinden-oldu\/karacide-5-cocuk-gida-zehirlenmesinden-oldu-4\/\" border=\"0\" itemprop=\"url\"> <meta itemprop=\"width\" content=\"246\"> <meta itemprop=\"height\" content=\"138\"> <img decoding=\"async\" class=\"\" data-attachment-id=\"55079\" data-orig-file=\"http:\/\/www.tvturk.com\/wp-content\/uploads\/2019\/02\/karacide-5-cocuk-gida-zehirlenmesinden-oldu_3c5a5bf.jpg\" data-orig-size=\"1000,561\" data-comments-opened=\"\" data-image-meta=\"{&quot;aperture&quot;:&quot;0&quot;,&quot;credit&quot;:&quot;IHA&quot;,&quot;camera&quot;:&quot;&quot;,&quot;caption&quot;:&quot;PAK\\u0130STAN\\u0027IN S\\u0130NDH V\\u0130LAYET\\u0130NE BA\\u011eLI KARA\\u00c7\\u0130 \\u015eEHR\\u0130NDE B\\u0130R RESTORANDA A\\u0130LES\\u0130 \\u0130LE YEMEK Y\\u0130YEN 5 \\u00c7OCUK GIDA ZEH\\u0130RLENMES\\u0130NDEN HAYATINI KAYBETT\\u0130. (\\u0130HA\\\/KARA\\u00c7\\u0130-\\u0130HA)&quot;,&quot;created_timestamp&quot;:&quot;0&quot;,&quot;copyright&quot;:&quot;\\u0130HLAS HABER AJANSI, www.iha.com.tr&quot;,&quot;focal_length&quot;:&quot;0&quot;,&quot;iso&quot;:&quot;0&quot;,&quot;shutter_speed&quot;:&quot;0&quot;,&quot;title&quot;:&quot;KARA\\u00c7\\u0130\\u0027DE 5 \\u00c7OCUK GIDA ZEH\\u0130RLENMES\\u0130NDEN \\u00d6LD\\u00dc&quot;,&quot;orientation&quot;:&quot;0&quot;}\" data-image-title=\"Kara\u00e7i\u2019de 5 \u00e7ocuk g\u0131da zehirlenmesinden \u00f6ld\u00fc\" data-image-description=\"&lt;p&gt;Kara\u00e7i\u2019de 5 \u00e7ocuk g\u0131da zehirlenmesinden \u00f6ld\u00fc&lt;\/p&gt; \" data-medium-file=\"https:\/\/i0.wp.com\/www.tvturk.com\/wp-content\/uploads\/2019\/02\/karacide-5-cocuk-gida-zehirlenmesinden-oldu_3c5a5bf.jpg?fit=300%2C168\" data-large-file=\"https:\/\/i0.wp.com\/www.tvturk.com\/wp-content\/uploads\/2019\/02\/karacide-5-cocuk-gida-zehirlenmesinden-oldu_3c5a5bf.jpg?fit=1000%2C561\" src=\"https:\/\/i0.wp.com\/www.tvturk.com\/wp-content\/uploads\/2019\/02\/karacide-5-cocuk-gida-zehirlenmesinden-oldu_3c5a5bf.jpg?w=246&#038;h=138\" srcset=\"https:\/\/i0.wp.com\/www.tvturk.com\/wp-content\/uploads\/2019\/02\/karacide-5-cocuk-gida-zehirlenmesinden-oldu_3c5a5bf.jpg?w=1000 1000w, https:\/\/i0.wp.com\/www.tvturk.com\/wp-content\/uploads\/2019\/02\/karacide-5-cocuk-gida-zehirlenmesinden-oldu_3c5a5bf.jpg?resize=150%2C84 150w, https:\/\/i0.wp.com\/www.tvturk.com\/wp-content\/uploads\/2019\/02\/karacide-5-cocuk-gida-zehirlenmesinden-oldu_3c5a5bf.jpg?resize=300%2C168 300w, https:\/\/i0.wp.com\/www.tvturk.com\/wp-content\/uploads\/2019\/02\/karacide-5-cocuk-gida-zehirlenmesinden-oldu_3c5a5bf.jpg?resize=768%2C431 768w, https:\/\/i0.wp.com\/www.tvturk.com\/wp-content\/uploads\/2019\/02\/karacide-5-cocuk-gida-zehirlenmesinden-oldu_3c5a5bf.jpg?resize=200%2C113 200w\" width=\"246\" height=\"138\" loading=\"lazy\" data-original-width=\"246\" data-original-height=\"138\" itemprop=\"http:\/\/schema.org\/image\" title=\"Kara\u00e7i\u2019de 5 \u00e7ocuk g\u0131da zehirlenmesinden \u00f6ld\u00fc\" alt=\"Kara\u00e7i\u2019de 5 \u00e7ocuk g\u0131da zehirlenmesinden \u00f6ld\u00fc\" style=\"width: 246px; height: 138px;\" \/> <\/a> <\/div> <\/div> <!-- close group --> <\/div> <!-- close row --> <div class=\"gallery-row\" style=\"width: 500px; height: 142px;\" data-original-width=\"500\" data-original-height=\"142\" > <div class=\"gallery-group images-1\" style=\"width: 250px; height: 142px;\" data-original-width=\"250\" data-original-height=\"142\" > <div class=\"tiled-gallery-item tiled-gallery-item-small\" itemprop=\"associatedMedia\" itemscope itemtype=\"http:\/\/schema.org\/ImageObject\"> <a href=\"http:\/\/www.tvturk.com\/index.php\/karacide-5-cocuk-gida-zehirlenmesinden-oldu\/karacide-5-cocuk-gida-zehirlenmesinden-oldu-5\/\" border=\"0\" itemprop=\"url\"> <meta itemprop=\"width\" content=\"246\"> <meta itemprop=\"height\" content=\"138\"> <img decoding=\"async\" class=\"\" data-attachment-id=\"55080\" data-orig-file=\"http:\/\/www.tvturk.com\/wp-content\/uploads\/2019\/02\/karacide-5-cocuk-gida-zehirlenmesinden-oldu_6d458ab.jpg\" data-orig-size=\"1000,561\" data-comments-opened=\"\" data-image-meta=\"{&quot;aperture&quot;:&quot;0&quot;,&quot;credit&quot;:&quot;IHA&quot;,&quot;camera&quot;:&quot;&quot;,&quot;caption&quot;:&quot;PAK\\u0130STAN\\u0027IN S\\u0130NDH V\\u0130LAYET\\u0130NE BA\\u011eLI KARA\\u00c7\\u0130 \\u015eEHR\\u0130NDE B\\u0130R RESTORANDA A\\u0130LES\\u0130 \\u0130LE YEMEK Y\\u0130YEN 5 \\u00c7OCUK GIDA ZEH\\u0130RLENMES\\u0130NDEN HAYATINI KAYBETT\\u0130. (\\u0130HA\\\/KARA\\u00c7\\u0130-\\u0130HA)&quot;,&quot;created_timestamp&quot;:&quot;0&quot;,&quot;copyright&quot;:&quot;\\u0130HLAS HABER AJANSI, www.iha.com.tr&quot;,&quot;focal_length&quot;:&quot;0&quot;,&quot;iso&quot;:&quot;0&quot;,&quot;shutter_speed&quot;:&quot;0&quot;,&quot;title&quot;:&quot;KARA\\u00c7\\u0130\\u0027DE 5 \\u00c7OCUK GIDA ZEH\\u0130RLENMES\\u0130NDEN \\u00d6LD\\u00dc&quot;,&quot;orientation&quot;:&quot;0&quot;}\" data-image-title=\"Kara\u00e7i\u2019de 5 \u00e7ocuk g\u0131da zehirlenmesinden \u00f6ld\u00fc\" data-image-description=\"&lt;p&gt;Kara\u00e7i\u2019de 5 \u00e7ocuk g\u0131da zehirlenmesinden \u00f6ld\u00fc&lt;\/p&gt; \" data-medium-file=\"https:\/\/i0.wp.com\/www.tvturk.com\/wp-content\/uploads\/2019\/02\/karacide-5-cocuk-gida-zehirlenmesinden-oldu_6d458ab.jpg?fit=300%2C168\" data-large-file=\"https:\/\/i0.wp.com\/www.tvturk.com\/wp-content\/uploads\/2019\/02\/karacide-5-cocuk-gida-zehirlenmesinden-oldu_6d458ab.jpg?fit=1000%2C561\" src=\"https:\/\/i0.wp.com\/www.tvturk.com\/wp-content\/uploads\/2019\/02\/karacide-5-cocuk-gida-zehirlenmesinden-oldu_6d458ab.jpg?w=246&#038;h=138\" srcset=\"https:\/\/i0.wp.com\/www.tvturk.com\/wp-content\/uploads\/2019\/02\/karacide-5-cocuk-gida-zehirlenmesinden-oldu_6d458ab.jpg?w=1000 1000w, https:\/\/i0.wp.com\/www.tvturk.com\/wp-content\/uploads\/2019\/02\/karacide-5-cocuk-gida-zehirlenmesinden-oldu_6d458ab.jpg?resize=150%2C84 150w, https:\/\/i0.wp.com\/www.tvturk.com\/wp-content\/uploads\/2019\/02\/karacide-5-cocuk-gida-zehirlenmesinden-oldu_6d458ab.jpg?resize=300%2C168 300w, https:\/\/i0.wp.com\/www.tvturk.com\/wp-content\/uploads\/2019\/02\/karacide-5-cocuk-gida-zehirlenmesinden-oldu_6d458ab.jpg?resize=768%2C431 768w, https:\/\/i0.wp.com\/www.tvturk.com\/wp-content\/uploads\/2019\/02\/karacide-5-cocuk-gida-zehirlenmesinden-oldu_6d458ab.jpg?resize=200%2C113 200w\" width=\"246\" height=\"138\" loading=\"lazy\" data-original-width=\"246\" data-original-height=\"138\" itemprop=\"http:\/\/schema.org\/image\" title=\"Kara\u00e7i\u2019de 5 \u00e7ocuk g\u0131da zehirlenmesinden \u00f6ld\u00fc\" alt=\"Kara\u00e7i\u2019de 5 \u00e7ocuk g\u0131da zehirlenmesinden \u00f6ld\u00fc\" style=\"width: 246px; height: 138px;\" \/> <\/a> <\/div> <\/div> <!-- close group --> <div class=\"gallery-group images-1\" style=\"width: 250px; height: 142px;\" data-original-width=\"250\" data-original-height=\"142\" > <div class=\"tiled-gallery-item tiled-gallery-item-small\" itemprop=\"associatedMedia\" itemscope itemtype=\"http:\/\/schema.org\/ImageObject\"> <a href=\"http:\/\/www.tvturk.com\/index.php\/karacide-5-cocuk-gida-zehirlenmesinden-oldu\/karacide-5-cocuk-gida-zehirlenmesinden-oldu-6\/\" border=\"0\" itemprop=\"url\"> <meta itemprop=\"width\" content=\"246\"> <meta itemprop=\"height\" content=\"138\"> <img decoding=\"async\" class=\"\" data-attachment-id=\"55081\" data-orig-file=\"http:\/\/www.tvturk.com\/wp-content\/uploads\/2019\/02\/karacide-5-cocuk-gida-zehirlenmesinden-oldu_9f2a697.jpg\" data-orig-size=\"1000,561\" data-comments-opened=\"\" data-image-meta=\"{&quot;aperture&quot;:&quot;0&quot;,&quot;credit&quot;:&quot;IHA&quot;,&quot;camera&quot;:&quot;&quot;,&quot;caption&quot;:&quot;PAK\\u0130STAN\\u0027IN S\\u0130NDH V\\u0130LAYET\\u0130NE BA\\u011eLI KARA\\u00c7\\u0130 \\u015eEHR\\u0130NDE B\\u0130R RESTORANDA A\\u0130LES\\u0130 \\u0130LE YEMEK Y\\u0130YEN 5 \\u00c7OCUK GIDA ZEH\\u0130RLENMES\\u0130NDEN HAYATINI KAYBETT\\u0130. (\\u0130HA\\\/KARA\\u00c7\\u0130-\\u0130HA)&quot;,&quot;created_timestamp&quot;:&quot;0&quot;,&quot;copyright&quot;:&quot;\\u0130HLAS HABER AJANSI, www.iha.com.tr&quot;,&quot;focal_length&quot;:&quot;0&quot;,&quot;iso&quot;:&quot;0&quot;,&quot;shutter_speed&quot;:&quot;0&quot;,&quot;title&quot;:&quot;KARA\\u00c7\\u0130\\u0027DE 5 \\u00c7OCUK GIDA ZEH\\u0130RLENMES\\u0130NDEN \\u00d6LD\\u00dc&quot;,&quot;orientation&quot;:&quot;0&quot;}\" data-image-title=\"Kara\u00e7i\u2019de 5 \u00e7ocuk g\u0131da zehirlenmesinden \u00f6ld\u00fc\" data-image-description=\"&lt;p&gt;Kara\u00e7i\u2019de 5 \u00e7ocuk g\u0131da zehirlenmesinden \u00f6ld\u00fc&lt;\/p&gt; \" data-medium-file=\"https:\/\/i0.wp.com\/www.tvturk.com\/wp-content\/uploads\/2019\/02\/karacide-5-cocuk-gida-zehirlenmesinden-oldu_9f2a697.jpg?fit=300%2C168\" data-large-file=\"https:\/\/i0.wp.com\/www.tvturk.com\/wp-content\/uploads\/2019\/02\/karacide-5-cocuk-gida-zehirlenmesinden-oldu_9f2a697.jpg?fit=1000%2C561\" src=\"https:\/\/i0.wp.com\/www.tvturk.com\/wp-content\/uploads\/2019\/02\/karacide-5-cocuk-gida-zehirlenmesinden-oldu_9f2a697.jpg?w=246&#038;h=138\" srcset=\"https:\/\/i0.wp.com\/www.tvturk.com\/wp-content\/uploads\/2019\/02\/karacide-5-cocuk-gida-zehirlenmesinden-oldu_9f2a697.jpg?w=1000 1000w, https:\/\/i0.wp.com\/www.tvturk.com\/wp-content\/uploads\/2019\/02\/karacide-5-cocuk-gida-zehirlenmesinden-oldu_9f2a697.jpg?resize=150%2C84 150w, https:\/\/i0.wp.com\/www.tvturk.com\/wp-content\/uploads\/2019\/02\/karacide-5-cocuk-gida-zehirlenmesinden-oldu_9f2a697.jpg?resize=300%2C168 300w, https:\/\/i0.wp.com\/www.tvturk.com\/wp-content\/uploads\/2019\/02\/karacide-5-cocuk-gida-zehirlenmesinden-oldu_9f2a697.jpg?resize=768%2C431 768w, https:\/\/i0.wp.com\/www.tvturk.com\/wp-content\/uploads\/2019\/02\/karacide-5-cocuk-gida-zehirlenmesinden-oldu_9f2a697.jpg?resize=200%2C113 200w\" width=\"246\" height=\"138\" loading=\"lazy\" data-original-width=\"246\" data-original-height=\"138\" itemprop=\"http:\/\/schema.org\/image\" title=\"Kara\u00e7i\u2019de 5 \u00e7ocuk g\u0131da zehirlenmesinden \u00f6ld\u00fc\" alt=\"Kara\u00e7i\u2019de 5 \u00e7ocuk g\u0131da zehirlenmesinden \u00f6ld\u00fc\" style=\"width: 246px; height: 138px;\" \/> <\/a> <\/div> <\/div> <!-- close group --> <\/div> <!-- close row --> <\/div><\/p>\n","protected":false},"excerpt":{"rendered":"<p>PAK\u0130STAN&#8217;IN S\u0130NDH V\u0130LAYET\u0130NE BA\u011eLI KARA\u00c7\u0130 \u015eEHR\u0130NDE B\u0130R RESTORANDA A\u0130LES\u0130 \u0130LE YEMEK Y\u0130YEN 5 \u00c7OCUK GIDA ZEH\u0130RLENMES\u0130NDEN HAYATINI KAYBETT\u0130.<\/p>\n","protected":false},"author":1,"featured_media":55077,"comment_status":"closed","ping_status":"open","sticky":false,"template":"","format":"standard","meta":{"jetpack_post_was_ever_published":false,"_jetpack_newsletter_access":"","_jetpack_dont_email_post_to_subs":false,"_jetpack_newsletter_tier_id":0,"_jetpack_memberships_contains_paywalled_content":false,"_jetpack_memberships_contains_paid_content":false,"footnotes":"","jetpack_publicize_message":"","jetpack_publicize_feature_enabled":true,"jetpack_social_post_already_shared":false,"jetpack_social_options":{"image_generator_settings":{"template":"highway","default_image_id":0,"font":"","enabled":false},"version":2}},"categories":[10],"tags":[1008,507,17857,77,17858],"class_list":["post-55076","post","type-post","status-publish","format-standard","has-post-thumbnail","hentry","category-dunya","tag-cocuk","tag-gida","tag-karacide","tag-oldu","tag-zehirlenmesinden"],"jetpack_publicize_connections":[],"jetpack_featured_media_url":"https:\/\/i0.wp.com\/www.tvturk.com\/wp-content\/uploads\/2019\/02\/karacide-5-cocuk-gida-zehirlenmesinden-oldu_70712a2.jpg?fit=1000%2C561","jetpack_sharing_enabled":true,"jetpack_shortlink":"https:\/\/wp.me\/paKIfm-ekk","_links":{"self":[{"href":"http:\/\/www.tvturk.com\/index.php\/wp-json\/wp\/v2\/posts\/55076","targetHints":{"allow":["GET"]}}],"collection":[{"href":"http:\/\/www.tvturk.com\/index.php\/wp-json\/wp\/v2\/posts"}],"about":[{"href":"http:\/\/www.tvturk.com\/index.php\/wp-json\/wp\/v2\/types\/post"}],"author":[{"embeddable":true,"href":"http:\/\/www.tvturk.com\/index.php\/wp-json\/wp\/v2\/users\/1"}],"replies":[{"embeddable":true,"href":"http:\/\/www.tvturk.com\/index.php\/wp-json\/wp\/v2\/comments?post=55076"}],"version-history":[{"count":1,"href":"http:\/\/www.tvturk.com\/index.php\/wp-json\/wp\/v2\/posts\/55076\/revisions"}],"predecessor-version":[{"id":55082,"href":"http:\/\/www.tvturk.com\/index.php\/wp-json\/wp\/v2\/posts\/55076\/revisions\/55082"}],"wp:featuredmedia":[{"embeddable":true,"href":"http:\/\/www.tvturk.com\/index.php\/wp-json\/wp\/v2\/media\/55077"}],"wp:attachment":[{"href":"http:\/\/www.tvturk.com\/index.php\/wp-json\/wp\/v2\/media?parent=55076"}],"wp:term":[{"taxonomy":"category","embeddable":true,"href":"http:\/\/www.tvturk.com\/index.php\/wp-json\/wp\/v2\/categories?post=55076"},{"taxonomy":"post_tag","embeddable":true,"href":"http:\/\/www.tvturk.com\/index.php\/wp-json\/wp\/v2\/tags?post=55076"}],"curies":[{"name":"wp","href":"https:\/\/api.w.org\/{rel}","templated":true}]}}