{"id":55181,"date":"2019-02-22T15:05:53","date_gmt":"2019-02-22T12:05:53","guid":{"rendered":"http:\/\/www.tvturk.com\/index.php\/giresunda-cikan-yangin-korkuttu\/"},"modified":"2019-02-22T15:05:54","modified_gmt":"2019-02-22T12:05:54","slug":"giresunda-cikan-yangin-korkuttu","status":"publish","type":"post","link":"http:\/\/www.tvturk.com\/index.php\/giresunda-cikan-yangin-korkuttu\/","title":{"rendered":"Giresun\u2019da \u00e7\u0131kan yang\u0131n korkuttu"},"content":{"rendered":"<p>Giresun\u2019un Espiye il\u00e7esinde bir apartman\u0131n 2. kat\u0131nda \u00e7\u0131kan yang\u0131n korku dolu anlar\u0131n ya\u015fanmas\u0131na sebep oldu.<\/p>\n<p>Edinilen bilgiye g\u00f6re, Merkez Mahallesi\u2019nde bir apartmanda M.K.\u2019ye ait daireden \u00e7\u0131kan dumanlar\u0131 g\u00f6ren vatanda\u015flar, itfaiyeye haber verdi. K\u0131sa s\u00fcrede olay yerine gelen Espiye Belediyesi itfaiye ekiplerinin m\u00fcdahalesi sonucunda yang\u0131n di\u011fer dairelere ula\u015fmadan s\u00f6nd\u00fcr\u00fcld\u00fc. Yang\u0131nda evin oturma odas\u0131 ve mutfak b\u00f6l\u00fcm\u00fc tamamen yanarak kullan\u0131lamaz hale gelirken, di\u011fer odalar da yo\u011fun dumandan dolay\u0131 zarar g\u00f6rd\u00fc. Yang\u0131n esnas\u0131nda evde kimsenin olmamas\u0131 ise yaralanma ve can kayb\u0131n\u0131 \u00f6nledi.<div class=\"tiled-gallery type-rectangular tiled-gallery-unresized\" data-original-width=\"500\" data-carousel-extra='null' itemscope itemtype=\"http:\/\/schema.org\/ImageGallery\" > <div class=\"gallery-row\" style=\"width: 500px; height: 335px;\" data-original-width=\"500\" data-original-height=\"335\" > <div class=\"gallery-group images-1\" style=\"width: 500px; height: 335px;\" data-original-width=\"500\" data-original-height=\"335\" > <div class=\"tiled-gallery-item tiled-gallery-item-large\" itemprop=\"associatedMedia\" itemscope itemtype=\"http:\/\/schema.org\/ImageObject\"> <a href=\"http:\/\/www.tvturk.com\/index.php\/giresunda-cikan-yangin-korkuttu\/giresunda-cikan-yangin-korkuttu-3\/\" border=\"0\" itemprop=\"url\"> <meta itemprop=\"width\" content=\"496\"> <meta itemprop=\"height\" content=\"331\"> <img decoding=\"async\" class=\"\" data-attachment-id=\"55183\" data-orig-file=\"http:\/\/www.tvturk.com\/wp-content\/uploads\/2019\/02\/giresunda-cikan-yangin-korkuttu_9869055.jpg\" data-orig-size=\"960,640\" data-comments-opened=\"\" data-image-meta=\"{&quot;aperture&quot;:&quot;0&quot;,&quot;credit&quot;:&quot;IHA&quot;,&quot;camera&quot;:&quot;&quot;,&quot;caption&quot;:&quot;G\\u0130RESUN\\u0027UN ESP\\u0130YE \\u0130L\\u00c7ES\\u0130NDE B\\u0130R APARTMANIN 2. KATINDA \\u00c7IKAN YANGIN KORKU DOLU ANLARIN YA\\u015eANMASINA SEBEP OLDU. (F\\u0130KRET BIYIK\\\/G\\u0130RESUN-\\u0130HA)&quot;,&quot;created_timestamp&quot;:&quot;1550876640&quot;,&quot;copyright&quot;:&quot;\\u0130HLAS HABER AJANSI, www.iha.com.tr&quot;,&quot;focal_length&quot;:&quot;0&quot;,&quot;iso&quot;:&quot;0&quot;,&quot;shutter_speed&quot;:&quot;0&quot;,&quot;title&quot;:&quot;G\\u0130RESUN\\u2019DA \\u00c7IKAN YANGIN KORKUTTU&quot;,&quot;orientation&quot;:&quot;0&quot;}\" data-image-title=\"Giresun\u2019da \u00e7\u0131kan yang\u0131n korkuttu\" data-image-description=\"&lt;p&gt;Giresun\u2019da \u00e7\u0131kan yang\u0131n korkuttu&lt;\/p&gt; \" data-medium-file=\"https:\/\/i0.wp.com\/www.tvturk.com\/wp-content\/uploads\/2019\/02\/giresunda-cikan-yangin-korkuttu_9869055.jpg?fit=300%2C200\" data-large-file=\"https:\/\/i0.wp.com\/www.tvturk.com\/wp-content\/uploads\/2019\/02\/giresunda-cikan-yangin-korkuttu_9869055.jpg?fit=960%2C640\" src=\"https:\/\/i0.wp.com\/www.tvturk.com\/wp-content\/uploads\/2019\/02\/giresunda-cikan-yangin-korkuttu_9869055.jpg?w=496&#038;h=331\" srcset=\"https:\/\/i0.wp.com\/www.tvturk.com\/wp-content\/uploads\/2019\/02\/giresunda-cikan-yangin-korkuttu_9869055.jpg?w=960 960w, https:\/\/i0.wp.com\/www.tvturk.com\/wp-content\/uploads\/2019\/02\/giresunda-cikan-yangin-korkuttu_9869055.jpg?resize=150%2C100 150w, https:\/\/i0.wp.com\/www.tvturk.com\/wp-content\/uploads\/2019\/02\/giresunda-cikan-yangin-korkuttu_9869055.jpg?resize=300%2C200 300w, https:\/\/i0.wp.com\/www.tvturk.com\/wp-content\/uploads\/2019\/02\/giresunda-cikan-yangin-korkuttu_9869055.jpg?resize=768%2C512 768w, https:\/\/i0.wp.com\/www.tvturk.com\/wp-content\/uploads\/2019\/02\/giresunda-cikan-yangin-korkuttu_9869055.jpg?resize=170%2C113 170w, https:\/\/i0.wp.com\/www.tvturk.com\/wp-content\/uploads\/2019\/02\/giresunda-cikan-yangin-korkuttu_9869055.jpg?resize=120%2C80 120w\" width=\"496\" height=\"331\" loading=\"lazy\" data-original-width=\"496\" data-original-height=\"331\" itemprop=\"http:\/\/schema.org\/image\" title=\"Giresun\u2019da \u00e7\u0131kan yang\u0131n korkuttu\" alt=\"Giresun\u2019da \u00e7\u0131kan yang\u0131n korkuttu\" style=\"width: 496px; height: 331px;\" \/> <\/a> <\/div> <\/div> <!-- close group --> <\/div> <!-- close row --> <\/div><\/p>\n","protected":false},"excerpt":{"rendered":"<p>G\u0130RESUN&#8217;UN ESP\u0130YE \u0130L\u00c7ES\u0130NDE B\u0130R APARTMANIN 2. KATINDA \u00c7IKAN YANGIN KORKU DOLU ANLARIN YA\u015eANMASINA SEBEP OLDU.<\/p>\n","protected":false},"author":1,"featured_media":55182,"comment_status":"closed","ping_status":"open","sticky":false,"template":"","format":"standard","meta":{"jetpack_post_was_ever_published":false,"_jetpack_newsletter_access":"","_jetpack_dont_email_post_to_subs":false,"_jetpack_newsletter_tier_id":0,"_jetpack_memberships_contains_paywalled_content":false,"_jetpack_memberships_contains_paid_content":false,"footnotes":"","jetpack_publicize_message":"","jetpack_publicize_feature_enabled":true,"jetpack_social_post_already_shared":false,"jetpack_social_options":{"image_generator_settings":{"template":"highway","default_image_id":0,"font":"","enabled":false},"version":2}},"categories":[655],"tags":[2114,850,4877,1617],"class_list":["post-55181","post","type-post","status-publish","format-standard","has-post-thumbnail","hentry","category-son-dakika","tag-cikan","tag-giresunda","tag-korkuttu","tag-yangin"],"jetpack_publicize_connections":[],"jetpack_featured_media_url":"https:\/\/i0.wp.com\/www.tvturk.com\/wp-content\/uploads\/2019\/02\/giresunda-cikan-yangin-korkuttu_49d808e.jpg?fit=960%2C640","jetpack_sharing_enabled":true,"jetpack_shortlink":"https:\/\/wp.me\/paKIfm-em1","_links":{"self":[{"href":"http:\/\/www.tvturk.com\/index.php\/wp-json\/wp\/v2\/posts\/55181","targetHints":{"allow":["GET"]}}],"collection":[{"href":"http:\/\/www.tvturk.com\/index.php\/wp-json\/wp\/v2\/posts"}],"about":[{"href":"http:\/\/www.tvturk.com\/index.php\/wp-json\/wp\/v2\/types\/post"}],"author":[{"embeddable":true,"href":"http:\/\/www.tvturk.com\/index.php\/wp-json\/wp\/v2\/users\/1"}],"replies":[{"embeddable":true,"href":"http:\/\/www.tvturk.com\/index.php\/wp-json\/wp\/v2\/comments?post=55181"}],"version-history":[{"count":1,"href":"http:\/\/www.tvturk.com\/index.php\/wp-json\/wp\/v2\/posts\/55181\/revisions"}],"predecessor-version":[{"id":55184,"href":"http:\/\/www.tvturk.com\/index.php\/wp-json\/wp\/v2\/posts\/55181\/revisions\/55184"}],"wp:featuredmedia":[{"embeddable":true,"href":"http:\/\/www.tvturk.com\/index.php\/wp-json\/wp\/v2\/media\/55182"}],"wp:attachment":[{"href":"http:\/\/www.tvturk.com\/index.php\/wp-json\/wp\/v2\/media?parent=55181"}],"wp:term":[{"taxonomy":"category","embeddable":true,"href":"http:\/\/www.tvturk.com\/index.php\/wp-json\/wp\/v2\/categories?post=55181"},{"taxonomy":"post_tag","embeddable":true,"href":"http:\/\/www.tvturk.com\/index.php\/wp-json\/wp\/v2\/tags?post=55181"}],"curies":[{"name":"wp","href":"https:\/\/api.w.org\/{rel}","templated":true}]}}