{"id":5522,"date":"2019-02-06T16:47:56","date_gmt":"2019-02-06T13:47:56","guid":{"rendered":"http:\/\/www.tvturk.com\/index.php\/2019\/02\/06\/edirnede-yaya-oncelikli-trafik-uygulamasi\/"},"modified":"2019-02-06T16:47:59","modified_gmt":"2019-02-06T13:47:59","slug":"edirnede-yaya-oncelikli-trafik-uygulamasi","status":"publish","type":"post","link":"http:\/\/www.tvturk.com\/index.php\/edirnede-yaya-oncelikli-trafik-uygulamasi\/","title":{"rendered":"Edirne\u2019de \u201cYaya \u00d6ncelikli Trafik\u201d uygulamas\u0131"},"content":{"rendered":"<p>Edirne\u2019nin Ke\u015fan il\u00e7esinde yaya ge\u00e7itlerinde Ke\u015fan \u0130l\u00e7e Emniyet M\u00fcd\u00fcrl\u00fc\u011f\u00fc ekipleri taraf\u0131ndan denetim yap\u0131ld\u0131. Denetimlere Ke\u015fan Kaymakam\u0131 Nuri \u00d6zder ile \u0130l\u00e7e Emniyet M\u00fcd\u00fcr\u00fc Mehmet Tekin de kat\u0131ld\u0131.<\/p>\n<p>2918 say\u0131l\u0131 Karayollar\u0131 Trafik Kanunun 74. Maddesinde \u201c S\u00fcr\u00fcc\u00fcler, g\u00f6revli bir ki\u015fi veya \u0131\u015f\u0131kl\u0131 trafik i\u015fareti bulunmayan ancak, trafik i\u015fareti veya levha ile belirlenmi\u015f kav\u015fak giri\u015f ve \u00e7\u0131k\u0131\u015flar\u0131 ile yaya ve okul ge\u00e7itlerine yakla\u015f\u0131rken yava\u015flamak buralardan ge\u00e7en veya ge\u00e7mek \u00fczere bulanan yayalara durarak ilk ge\u00e7i\u015f hakk\u0131 vermek zorundad\u0131rlar\u201d h\u00fckm\u00fc bulunuyor.<\/p>\n<p>Bu kapsamda Ke\u015fan\u2019da yaya kazalar\u0131na ve trafik g\u00fcvenli\u011fe dikkat \u00e7ekmek, kazalar\u0131 en aza indirerek, \u201cYaya \u00d6ncelikli Trafik \u201c alg\u0131s\u0131 olu\u015fturma amac\u0131yla yaya ve okul ge\u00e7itlerimizin bulundu\u011fu 4 ayr\u0131 noktada toplam 30 personel ile denetim yap\u0131ld\u0131.<\/p>\n<p>Yaya ve okul ge\u00e7itleri \u00fczerindeki yayalara ilk ge\u00e7i\u015f hakk\u0131 tan\u0131mayan s\u00fcr\u00fcc\u00fclere, gerekli ikazlar yap\u0131larak, yaya \u00f6ncelikli trafikle alakal\u0131 bro\u015f\u00fcrler bilgilendirme ama\u00e7l\u0131 olarak s\u00fcr\u00fcc\u00fclere, vatanda\u015flara ve \u00e7evredeki i\u015f yerlerine da\u011f\u0131t\u0131ld\u0131.<div class=\"tiled-gallery type-rectangular tiled-gallery-unresized\" data-original-width=\"500\" data-carousel-extra='null' itemscope itemtype=\"http:\/\/schema.org\/ImageGallery\" > <div class=\"gallery-row\" style=\"width: 500px; height: 196px;\" data-original-width=\"500\" data-original-height=\"196\" > <div class=\"gallery-group images-1\" style=\"width: 345px; height: 196px;\" data-original-width=\"345\" data-original-height=\"196\" > <div class=\"tiled-gallery-item tiled-gallery-item-large\" itemprop=\"associatedMedia\" itemscope itemtype=\"http:\/\/schema.org\/ImageObject\"> <a href=\"http:\/\/www.tvturk.com\/index.php\/edirnede-yaya-oncelikli-trafik-uygulamasi\/edirnede-yaya-oncelikli-trafik-uygulamasi-3\/\" border=\"0\" itemprop=\"url\"> <meta itemprop=\"width\" content=\"341\"> <meta itemprop=\"height\" content=\"192\"> <img decoding=\"async\" class=\"\" data-attachment-id=\"5524\" data-orig-file=\"http:\/\/www.tvturk.com\/wp-content\/uploads\/2019\/02\/edirnede-yaya-oncelikli-trafik-uygulamasi_61594b1.jpg\" data-orig-size=\"1000,562\" data-comments-opened=\"\" data-image-meta=\"{&quot;aperture&quot;:&quot;0&quot;,&quot;credit&quot;:&quot;IHA&quot;,&quot;camera&quot;:&quot;&quot;,&quot;caption&quot;:&quot;DENET\\u0130MLERE KE\\u015eAN KAYMAKAMI NUR\\u0130 \\u00d6ZDER \\u0130LE \\u0130L\\u00c7E EMN\\u0130YET M\\u00dcD\\u00dcR\\u00dc MEHMET TEK\\u0130N DE KATILDI. (AYHAN G\\u00dcLVER\\\/ED\\u0130RNE-\\u0130HA)&quot;,&quot;created_timestamp&quot;:&quot;0&quot;,&quot;copyright&quot;:&quot;\\u0130HLAS HABER AJANSI, www.iha.com.tr&quot;,&quot;focal_length&quot;:&quot;0&quot;,&quot;iso&quot;:&quot;0&quot;,&quot;shutter_speed&quot;:&quot;0&quot;,&quot;title&quot;:&quot;ED\\u0130RNE\\u2019DE \\u201cYAYA \\u00d6NCEL\\u0130KL\\u0130 TRAF\\u0130K\\u201d UYGULAMASI&quot;,&quot;orientation&quot;:&quot;0&quot;}\" data-image-title=\"Edirne\u2019de \u201cYaya \u00d6ncelikli Trafik\u201d uygulamas\u0131\" data-image-description=\"&lt;p&gt;Edirne\u2019de \u201cYaya \u00d6ncelikli Trafik\u201d uygulamas\u0131&lt;\/p&gt; \" data-medium-file=\"https:\/\/i0.wp.com\/www.tvturk.com\/wp-content\/uploads\/2019\/02\/edirnede-yaya-oncelikli-trafik-uygulamasi_61594b1.jpg?fit=300%2C169\" data-large-file=\"https:\/\/i0.wp.com\/www.tvturk.com\/wp-content\/uploads\/2019\/02\/edirnede-yaya-oncelikli-trafik-uygulamasi_61594b1.jpg?fit=1000%2C562\" src=\"https:\/\/i0.wp.com\/www.tvturk.com\/wp-content\/uploads\/2019\/02\/edirnede-yaya-oncelikli-trafik-uygulamasi_61594b1.jpg?w=341&#038;h=192\" srcset=\"https:\/\/i0.wp.com\/www.tvturk.com\/wp-content\/uploads\/2019\/02\/edirnede-yaya-oncelikli-trafik-uygulamasi_61594b1.jpg?w=1000 1000w, https:\/\/i0.wp.com\/www.tvturk.com\/wp-content\/uploads\/2019\/02\/edirnede-yaya-oncelikli-trafik-uygulamasi_61594b1.jpg?resize=150%2C84 150w, https:\/\/i0.wp.com\/www.tvturk.com\/wp-content\/uploads\/2019\/02\/edirnede-yaya-oncelikli-trafik-uygulamasi_61594b1.jpg?resize=300%2C169 300w, https:\/\/i0.wp.com\/www.tvturk.com\/wp-content\/uploads\/2019\/02\/edirnede-yaya-oncelikli-trafik-uygulamasi_61594b1.jpg?resize=768%2C432 768w, https:\/\/i0.wp.com\/www.tvturk.com\/wp-content\/uploads\/2019\/02\/edirnede-yaya-oncelikli-trafik-uygulamasi_61594b1.jpg?resize=200%2C113 200w\" width=\"341\" height=\"192\" loading=\"lazy\" data-original-width=\"341\" data-original-height=\"192\" itemprop=\"http:\/\/schema.org\/image\" title=\"Edirne\u2019de \u201cYaya \u00d6ncelikli Trafik\u201d uygulamas\u0131\" alt=\"Edirne\u2019de \u201cYaya \u00d6ncelikli Trafik\u201d uygulamas\u0131\" style=\"width: 341px; height: 192px;\" \/> <\/a> <\/div> <\/div> <!-- close group --> <div class=\"gallery-group images-1\" style=\"width: 155px; height: 196px;\" data-original-width=\"155\" data-original-height=\"196\" > <div class=\"tiled-gallery-item tiled-gallery-item-small\" itemprop=\"associatedMedia\" itemscope itemtype=\"http:\/\/schema.org\/ImageObject\"> <a href=\"http:\/\/www.tvturk.com\/index.php\/edirnede-yaya-oncelikli-trafik-uygulamasi\/edirnede-yaya-oncelikli-trafik-uygulamasi-4\/\" border=\"0\" itemprop=\"url\"> <meta itemprop=\"width\" content=\"151\"> <meta itemprop=\"height\" content=\"192\"> <img decoding=\"async\" class=\"\" data-attachment-id=\"5525\" data-orig-file=\"http:\/\/www.tvturk.com\/wp-content\/uploads\/2019\/02\/edirnede-yaya-oncelikli-trafik-uygulamasi_eff8baf.jpg\" data-orig-size=\"785,1000\" data-comments-opened=\"\" data-image-meta=\"{&quot;aperture&quot;:&quot;0&quot;,&quot;credit&quot;:&quot;IHA&quot;,&quot;camera&quot;:&quot;&quot;,&quot;caption&quot;:&quot;ED\\u0130RNE\\u2019N\\u0130N KE\\u015eAN \\u0130L\\u00c7ES\\u0130NDE YAYA GE\\u00c7\\u0130TLER\\u0130NDE KE\\u015eAN \\u0130L\\u00c7E EMN\\u0130YET M\\u00dcD\\u00dcRL\\u00dc\\u011e\\u00dc EK\\u0130PLER\\u0130 TARAFINDAN DENET\\u0130M YAPILDI. (AYHAN G\\u00dcLVER\\\/ED\\u0130RNE-\\u0130HA)&quot;,&quot;created_timestamp&quot;:&quot;0&quot;,&quot;copyright&quot;:&quot;\\u0130HLAS HABER AJANSI, www.iha.com.tr&quot;,&quot;focal_length&quot;:&quot;0&quot;,&quot;iso&quot;:&quot;0&quot;,&quot;shutter_speed&quot;:&quot;0&quot;,&quot;title&quot;:&quot;ED\\u0130RNE\\u2019DE \\u201cYAYA \\u00d6NCEL\\u0130KL\\u0130 TRAF\\u0130K\\u201d UYGULAMASI&quot;,&quot;orientation&quot;:&quot;0&quot;}\" data-image-title=\"Edirne\u2019de \u201cYaya \u00d6ncelikli Trafik\u201d uygulamas\u0131\" data-image-description=\"&lt;p&gt;Edirne\u2019de \u201cYaya \u00d6ncelikli Trafik\u201d uygulamas\u0131&lt;\/p&gt; \" data-medium-file=\"https:\/\/i0.wp.com\/www.tvturk.com\/wp-content\/uploads\/2019\/02\/edirnede-yaya-oncelikli-trafik-uygulamasi_eff8baf.jpg?fit=236%2C300\" data-large-file=\"https:\/\/i0.wp.com\/www.tvturk.com\/wp-content\/uploads\/2019\/02\/edirnede-yaya-oncelikli-trafik-uygulamasi_eff8baf.jpg?fit=785%2C1000\" src=\"https:\/\/i0.wp.com\/www.tvturk.com\/wp-content\/uploads\/2019\/02\/edirnede-yaya-oncelikli-trafik-uygulamasi_eff8baf.jpg?w=151&#038;h=192\" srcset=\"https:\/\/i0.wp.com\/www.tvturk.com\/wp-content\/uploads\/2019\/02\/edirnede-yaya-oncelikli-trafik-uygulamasi_eff8baf.jpg?w=785 785w, https:\/\/i0.wp.com\/www.tvturk.com\/wp-content\/uploads\/2019\/02\/edirnede-yaya-oncelikli-trafik-uygulamasi_eff8baf.jpg?resize=118%2C150 118w, https:\/\/i0.wp.com\/www.tvturk.com\/wp-content\/uploads\/2019\/02\/edirnede-yaya-oncelikli-trafik-uygulamasi_eff8baf.jpg?resize=236%2C300 236w, https:\/\/i0.wp.com\/www.tvturk.com\/wp-content\/uploads\/2019\/02\/edirnede-yaya-oncelikli-trafik-uygulamasi_eff8baf.jpg?resize=768%2C978 768w\" width=\"151\" height=\"192\" loading=\"lazy\" data-original-width=\"151\" data-original-height=\"192\" itemprop=\"http:\/\/schema.org\/image\" title=\"Edirne\u2019de \u201cYaya \u00d6ncelikli Trafik\u201d uygulamas\u0131\" alt=\"Edirne\u2019de \u201cYaya \u00d6ncelikli Trafik\u201d uygulamas\u0131\" style=\"width: 151px; height: 192px;\" \/> <\/a> <\/div> <\/div> <!-- close group --> <\/div> <!-- close row --> <div class=\"gallery-row\" style=\"width: 500px; height: 996px;\" data-original-width=\"500\" data-original-height=\"996\" > <div class=\"gallery-group images-1\" style=\"width: 500px; height: 996px;\" data-original-width=\"500\" data-original-height=\"996\" > <div class=\"tiled-gallery-item tiled-gallery-item-large\" itemprop=\"associatedMedia\" itemscope itemtype=\"http:\/\/schema.org\/ImageObject\"> <a href=\"http:\/\/www.tvturk.com\/index.php\/edirnede-yaya-oncelikli-trafik-uygulamasi\/edirnede-yaya-oncelikli-trafik-uygulamasi-5\/\" border=\"0\" itemprop=\"url\"> <meta itemprop=\"width\" content=\"496\"> <meta itemprop=\"height\" content=\"992\"> <img decoding=\"async\" class=\"\" data-attachment-id=\"5526\" data-orig-file=\"http:\/\/www.tvturk.com\/wp-content\/uploads\/2019\/02\/edirnede-yaya-oncelikli-trafik-uygulamasi_08dd322.jpg\" data-orig-size=\"500,1000\" data-comments-opened=\"\" data-image-meta=\"{&quot;aperture&quot;:&quot;0&quot;,&quot;credit&quot;:&quot;IHA&quot;,&quot;camera&quot;:&quot;&quot;,&quot;caption&quot;:&quot;YAYA \\u00d6NCEL\\u0130KL\\u0130 TRAF\\u0130KLE ALAKALI BRO\\u015e\\u00dcRLER B\\u0130LG\\u0130LEND\\u0130RME AMA\\u00c7LI OLARAK S\\u00dcR\\u00dcC\\u00dcLERE, VATANDA\\u015eLARA VE \\u00c7EVREDEK\\u0130 \\u0130\\u015eYERLER\\u0130NE DA\\u011eITILDI. (AYHAN G\\u00dcLVER\\\/ED\\u0130RNE-\\u0130HA)&quot;,&quot;created_timestamp&quot;:&quot;0&quot;,&quot;copyright&quot;:&quot;\\u0130HLAS HABER AJANSI, www.iha.com.tr&quot;,&quot;focal_length&quot;:&quot;0&quot;,&quot;iso&quot;:&quot;0&quot;,&quot;shutter_speed&quot;:&quot;0&quot;,&quot;title&quot;:&quot;ED\\u0130RNE\\u2019DE \\u201cYAYA \\u00d6NCEL\\u0130KL\\u0130 TRAF\\u0130K\\u201d UYGULAMASI&quot;,&quot;orientation&quot;:&quot;0&quot;}\" data-image-title=\"Edirne\u2019de \u201cYaya \u00d6ncelikli Trafik\u201d uygulamas\u0131\" data-image-description=\"&lt;p&gt;Edirne\u2019de \u201cYaya \u00d6ncelikli Trafik\u201d uygulamas\u0131&lt;\/p&gt; \" data-medium-file=\"https:\/\/i0.wp.com\/www.tvturk.com\/wp-content\/uploads\/2019\/02\/edirnede-yaya-oncelikli-trafik-uygulamasi_08dd322.jpg?fit=150%2C300\" data-large-file=\"https:\/\/i0.wp.com\/www.tvturk.com\/wp-content\/uploads\/2019\/02\/edirnede-yaya-oncelikli-trafik-uygulamasi_08dd322.jpg?fit=500%2C1000\" src=\"https:\/\/i0.wp.com\/www.tvturk.com\/wp-content\/uploads\/2019\/02\/edirnede-yaya-oncelikli-trafik-uygulamasi_08dd322.jpg?w=496&#038;h=992\" srcset=\"https:\/\/i0.wp.com\/www.tvturk.com\/wp-content\/uploads\/2019\/02\/edirnede-yaya-oncelikli-trafik-uygulamasi_08dd322.jpg?w=500 500w, https:\/\/i0.wp.com\/www.tvturk.com\/wp-content\/uploads\/2019\/02\/edirnede-yaya-oncelikli-trafik-uygulamasi_08dd322.jpg?resize=75%2C150 75w, https:\/\/i0.wp.com\/www.tvturk.com\/wp-content\/uploads\/2019\/02\/edirnede-yaya-oncelikli-trafik-uygulamasi_08dd322.jpg?resize=150%2C300 150w\" width=\"496\" height=\"992\" loading=\"lazy\" data-original-width=\"496\" data-original-height=\"992\" itemprop=\"http:\/\/schema.org\/image\" title=\"Edirne\u2019de \u201cYaya \u00d6ncelikli Trafik\u201d uygulamas\u0131\" alt=\"Edirne\u2019de \u201cYaya \u00d6ncelikli Trafik\u201d uygulamas\u0131\" style=\"width: 496px; height: 992px;\" \/> <\/a> <\/div> <\/div> <!-- close group --> <\/div> <!-- close row --> <\/div><\/p>\n","protected":false},"excerpt":{"rendered":"<p>DENET\u0130MLERE KE\u015eAN KAYMAKAMI NUR\u0130 \u00d6ZDER \u0130LE \u0130L\u00c7E EMN\u0130YET M\u00dcD\u00dcR\u00dc MEHMET TEK\u0130N DE KATILDI.<\/p>\n","protected":false},"author":1,"featured_media":5523,"comment_status":"closed","ping_status":"open","sticky":false,"template":"","format":"standard","meta":{"jetpack_post_was_ever_published":false,"_jetpack_newsletter_access":"","_jetpack_dont_email_post_to_subs":false,"_jetpack_newsletter_tier_id":0,"_jetpack_memberships_contains_paywalled_content":false,"_jetpack_memberships_contains_paid_content":false,"footnotes":"","jetpack_publicize_message":"","jetpack_publicize_feature_enabled":true,"jetpack_social_post_already_shared":false,"jetpack_social_options":{"image_generator_settings":{"template":"highway","default_image_id":0,"font":"","enabled":false},"version":2}},"categories":[1],"tags":[2608,2197,131,861,1279],"class_list":["post-5522","post","type-post","status-publish","format-standard","has-post-thumbnail","hentry","category-genel","tag-edirnede","tag-oncelikli","tag-trafik","tag-uygulamasi","tag-yaya"],"jetpack_publicize_connections":[],"jetpack_featured_media_url":"https:\/\/i0.wp.com\/www.tvturk.com\/wp-content\/uploads\/2019\/02\/edirnede-yaya-oncelikli-trafik-uygulamasi_fb873ea.jpg?fit=1000%2C562","jetpack_sharing_enabled":true,"jetpack_shortlink":"https:\/\/wp.me\/paKIfm-1r4","_links":{"self":[{"href":"http:\/\/www.tvturk.com\/index.php\/wp-json\/wp\/v2\/posts\/5522","targetHints":{"allow":["GET"]}}],"collection":[{"href":"http:\/\/www.tvturk.com\/index.php\/wp-json\/wp\/v2\/posts"}],"about":[{"href":"http:\/\/www.tvturk.com\/index.php\/wp-json\/wp\/v2\/types\/post"}],"author":[{"embeddable":true,"href":"http:\/\/www.tvturk.com\/index.php\/wp-json\/wp\/v2\/users\/1"}],"replies":[{"embeddable":true,"href":"http:\/\/www.tvturk.com\/index.php\/wp-json\/wp\/v2\/comments?post=5522"}],"version-history":[{"count":1,"href":"http:\/\/www.tvturk.com\/index.php\/wp-json\/wp\/v2\/posts\/5522\/revisions"}],"predecessor-version":[{"id":5527,"href":"http:\/\/www.tvturk.com\/index.php\/wp-json\/wp\/v2\/posts\/5522\/revisions\/5527"}],"wp:featuredmedia":[{"embeddable":true,"href":"http:\/\/www.tvturk.com\/index.php\/wp-json\/wp\/v2\/media\/5523"}],"wp:attachment":[{"href":"http:\/\/www.tvturk.com\/index.php\/wp-json\/wp\/v2\/media?parent=5522"}],"wp:term":[{"taxonomy":"category","embeddable":true,"href":"http:\/\/www.tvturk.com\/index.php\/wp-json\/wp\/v2\/categories?post=5522"},{"taxonomy":"post_tag","embeddable":true,"href":"http:\/\/www.tvturk.com\/index.php\/wp-json\/wp\/v2\/tags?post=5522"}],"curies":[{"name":"wp","href":"https:\/\/api.w.org\/{rel}","templated":true}]}}