{"id":55440,"date":"2019-02-22T16:39:56","date_gmt":"2019-02-22T13:39:56","guid":{"rendered":"http:\/\/www.tvturk.com\/index.php\/kocamazin-dpden-adaylik-basvurusu-kabul-edildi\/"},"modified":"2019-02-22T16:39:57","modified_gmt":"2019-02-22T13:39:57","slug":"kocamazin-dpden-adaylik-basvurusu-kabul-edildi","status":"publish","type":"post","link":"http:\/\/www.tvturk.com\/index.php\/kocamazin-dpden-adaylik-basvurusu-kabul-edildi\/","title":{"rendered":"Kocamaz\u2019\u0131n DP\u2019den adayl\u0131k ba\u015fvurusu kabul edildi"},"content":{"rendered":"<p>MERS\u0130N (\u0130HA) \u2013 Evrak\u0131n\u0131n ge\u00e7 teslim edilmesi nedeniyle \u0130Y\u0130 Parti\u2019den aday olamayan Mersin B\u00fcy\u00fck\u015fehir Belediye Ba\u015fkan\u0131 Burhanettin Kocamaz\u2019\u0131n, d\u00fcn Demokrat Parti\u2019den (DP) B\u00fcy\u00fck\u015fehir aday\u0131 olarak yapt\u0131\u011f\u0131 ba\u015fvuru \u0130l Se\u00e7im Kurulu taraf\u0131ndan kabul edildi.<\/p>\n<p>\u0130l Se\u00e7im Kurulu, 31 Mart yerel se\u00e7imlerinde Mersin\u2019den aday olacak isimlerin listesini se\u00e7im kuruluna ast\u0131. \u0130l Se\u00e7im Kurulu\u2019nun listesinde, Burhanettin Kocamaz DP Mersin B\u00fcy\u00fck\u015fehir Belediye Ba\u015fkan Aday\u0131 olarak yer ald\u0131.<\/p>\n<p>MHP\u2019den aday g\u00f6sterilmeyince partiden istifa ederek \u0130Y\u0130 Parti\u2019ye ge\u00e7en ve Mersin B\u00fcy\u00fck\u015fehir Aday\u0131 olan Kocamaz, 19 \u015eubat\u2019ta evrak\u0131n\u0131n \u0130Y\u0130 Parti taraf\u0131ndan yetkilendirilen ki\u015filer taraf\u0131ndan \u0130l Se\u00e7im Kurulu\u2019na ge\u00e7 verilmesi \u00fczerine aday olamam\u0131\u015ft\u0131. Bunun \u00fczerine aday olma form\u00fclleri ortaya at\u0131lm\u0131\u015f ve \u00e7\u00f6z\u00fcm DP\u2019de bulunmu\u015ftu. Ankara\u2019da yap\u0131lan g\u00f6r\u00fc\u015fmelerin ard\u0131ndan Kocamaz, d\u00fcn Mersin\u2019e gelerek ba\u015fvuru evrak\u0131n\u0131, DP Mersin \u0130l Ba\u015fkan\u0131 Tural Kad\u0131zade ile birlikte bizzat \u0130l Se\u00e7im Kurulu\u2019na teslim etmi\u015fti.<div class=\"tiled-gallery type-rectangular tiled-gallery-unresized\" data-original-width=\"500\" data-carousel-extra='null' itemscope itemtype=\"http:\/\/schema.org\/ImageGallery\" > <div class=\"gallery-row\" style=\"width: 500px; height: 500px;\" data-original-width=\"500\" data-original-height=\"500\" > <div class=\"gallery-group images-1\" style=\"width: 500px; height: 500px;\" data-original-width=\"500\" data-original-height=\"500\" > <div class=\"tiled-gallery-item tiled-gallery-item-large\" itemprop=\"associatedMedia\" itemscope itemtype=\"http:\/\/schema.org\/ImageObject\"> <a href=\"http:\/\/www.tvturk.com\/index.php\/kocamazin-dpden-adaylik-basvurusu-kabul-edildi\/kocamazin-dpden-adaylik-basvurusu-kabul-edildi-3\/\" border=\"0\" itemprop=\"url\"> <meta itemprop=\"width\" content=\"496\"> <meta itemprop=\"height\" content=\"496\"> <img decoding=\"async\" class=\"\" data-attachment-id=\"55442\" data-orig-file=\"http:\/\/www.tvturk.com\/wp-content\/uploads\/2019\/02\/kocamazin-dpden-adaylik-basvurusu-kabul-edildi_d4d76fe.jpg\" data-orig-size=\"720,720\" data-comments-opened=\"\" data-image-meta=\"{&quot;aperture&quot;:&quot;0&quot;,&quot;credit&quot;:&quot;IHA&quot;,&quot;camera&quot;:&quot;&quot;,&quot;caption&quot;:&quot;EVRAKININ GE\\u00c7 TESL\\u0130M ED\\u0130LMES\\u0130 NEDEN\\u0130YLE \\u0130Y\\u0130 PART\\u0130\\u2019DEN ADAY OLAMAYAN MERS\\u0130N B\\u00dcY\\u00dcK\\u015eEH\\u0130R BELED\\u0130YE BA\\u015eKANI BURHANETT\\u0130N KOCAMAZ\\u2019IN, D\\u00dcN DEMOKRAT PART\\u0130\\u2019DEN (DP) B\\u00dcY\\u00dcK\\u015eEH\\u0130R ADAYI OLARAK YAPTI\\u011eI BA\\u015eVURU \\u0130L SE\\u00c7\\u0130M KURULU TARAFINDAN KABUL ED\\u0130LD\\u0130. (KIYMET G\\u00d6K\\u00c7E\\\/MERS\\u0130N-\\u0130HA)&quot;,&quot;created_timestamp&quot;:&quot;1550882160&quot;,&quot;copyright&quot;:&quot;\\u0130HLAS HABER AJANSI, www.iha.com.tr&quot;,&quot;focal_length&quot;:&quot;0&quot;,&quot;iso&quot;:&quot;0&quot;,&quot;shutter_speed&quot;:&quot;0&quot;,&quot;title&quot;:&quot;KOCAMAZ\\u0027IN DP\\u0027DEN ADAYLIK BA\\u015eVURUSU KABUL ED\\u0130LD\\u0130&quot;,&quot;orientation&quot;:&quot;0&quot;}\" data-image-title=\"Kocamaz\u2019\u0131n DP\u2019den adayl\u0131k ba\u015fvurusu kabul edildi\" data-image-description=\"&lt;p&gt;Kocamaz\u2019\u0131n DP\u2019den adayl\u0131k ba\u015fvurusu kabul edildi&lt;\/p&gt; \" data-medium-file=\"https:\/\/i0.wp.com\/www.tvturk.com\/wp-content\/uploads\/2019\/02\/kocamazin-dpden-adaylik-basvurusu-kabul-edildi_d4d76fe.jpg?fit=300%2C300\" data-large-file=\"https:\/\/i0.wp.com\/www.tvturk.com\/wp-content\/uploads\/2019\/02\/kocamazin-dpden-adaylik-basvurusu-kabul-edildi_d4d76fe.jpg?fit=720%2C720\" src=\"https:\/\/i0.wp.com\/www.tvturk.com\/wp-content\/uploads\/2019\/02\/kocamazin-dpden-adaylik-basvurusu-kabul-edildi_d4d76fe.jpg?w=496&#038;h=496&#038;crop=1\" srcset=\"https:\/\/i0.wp.com\/www.tvturk.com\/wp-content\/uploads\/2019\/02\/kocamazin-dpden-adaylik-basvurusu-kabul-edildi_d4d76fe.jpg?w=720 720w, https:\/\/i0.wp.com\/www.tvturk.com\/wp-content\/uploads\/2019\/02\/kocamazin-dpden-adaylik-basvurusu-kabul-edildi_d4d76fe.jpg?resize=150%2C150 150w, https:\/\/i0.wp.com\/www.tvturk.com\/wp-content\/uploads\/2019\/02\/kocamazin-dpden-adaylik-basvurusu-kabul-edildi_d4d76fe.jpg?resize=300%2C300 300w\" width=\"496\" height=\"496\" loading=\"lazy\" data-original-width=\"496\" data-original-height=\"496\" itemprop=\"http:\/\/schema.org\/image\" title=\"Kocamaz\u2019\u0131n DP\u2019den adayl\u0131k ba\u015fvurusu kabul edildi\" alt=\"Kocamaz\u2019\u0131n DP\u2019den adayl\u0131k ba\u015fvurusu kabul edildi\" style=\"width: 496px; height: 496px;\" \/> <\/a> <\/div> <\/div> <!-- close group --> <\/div> <!-- close row --> <\/div><\/p>\n","protected":false},"excerpt":{"rendered":"<p>EVRAKININ GE\u00c7 TESL\u0130M ED\u0130LMES\u0130 NEDEN\u0130YLE \u0130Y\u0130 PART\u0130\u2019DEN ADAY OLAMAYAN MERS\u0130N B\u00dcY\u00dcK\u015eEH\u0130R BELED\u0130YE BA\u015eKANI BURHANETT\u0130N KOCAMAZ\u2019IN, D\u00dcN DEMOKRAT PART\u0130\u2019DEN (DP) B\u00dcY\u00dcK\u015eEH\u0130R ADAYI OLARAK YAPTI\u011eI BA\u015eVURU \u0130L SE\u00c7\u0130M KURULU TARAFINDAN KABUL ED\u0130LD\u0130.<\/p>\n","protected":false},"author":1,"featured_media":55441,"comment_status":"closed","ping_status":"open","sticky":false,"template":"","format":"standard","meta":{"jetpack_post_was_ever_published":false,"_jetpack_newsletter_access":"","_jetpack_dont_email_post_to_subs":false,"_jetpack_newsletter_tier_id":0,"_jetpack_memberships_contains_paywalled_content":false,"_jetpack_memberships_contains_paid_content":false,"footnotes":"","jetpack_publicize_message":"","jetpack_publicize_feature_enabled":true,"jetpack_social_post_already_shared":false,"jetpack_social_options":{"image_generator_settings":{"template":"highway","default_image_id":0,"font":"","enabled":false},"version":2}},"categories":[9],"tags":[15505,8422,17947,857,654,16501],"class_list":["post-55440","post","type-post","status-publish","format-standard","has-post-thumbnail","hentry","category-siyaset","tag-adaylik","tag-basvurusu","tag-dpden","tag-edildi","tag-kabul","tag-kocamazin"],"jetpack_publicize_connections":[],"jetpack_featured_media_url":"https:\/\/i0.wp.com\/www.tvturk.com\/wp-content\/uploads\/2019\/02\/kocamazin-dpden-adaylik-basvurusu-kabul-edildi_32849d2.jpg?fit=1000%2C680","jetpack_sharing_enabled":true,"jetpack_shortlink":"https:\/\/wp.me\/paKIfm-eqc","_links":{"self":[{"href":"http:\/\/www.tvturk.com\/index.php\/wp-json\/wp\/v2\/posts\/55440","targetHints":{"allow":["GET"]}}],"collection":[{"href":"http:\/\/www.tvturk.com\/index.php\/wp-json\/wp\/v2\/posts"}],"about":[{"href":"http:\/\/www.tvturk.com\/index.php\/wp-json\/wp\/v2\/types\/post"}],"author":[{"embeddable":true,"href":"http:\/\/www.tvturk.com\/index.php\/wp-json\/wp\/v2\/users\/1"}],"replies":[{"embeddable":true,"href":"http:\/\/www.tvturk.com\/index.php\/wp-json\/wp\/v2\/comments?post=55440"}],"version-history":[{"count":1,"href":"http:\/\/www.tvturk.com\/index.php\/wp-json\/wp\/v2\/posts\/55440\/revisions"}],"predecessor-version":[{"id":55443,"href":"http:\/\/www.tvturk.com\/index.php\/wp-json\/wp\/v2\/posts\/55440\/revisions\/55443"}],"wp:featuredmedia":[{"embeddable":true,"href":"http:\/\/www.tvturk.com\/index.php\/wp-json\/wp\/v2\/media\/55441"}],"wp:attachment":[{"href":"http:\/\/www.tvturk.com\/index.php\/wp-json\/wp\/v2\/media?parent=55440"}],"wp:term":[{"taxonomy":"category","embeddable":true,"href":"http:\/\/www.tvturk.com\/index.php\/wp-json\/wp\/v2\/categories?post=55440"},{"taxonomy":"post_tag","embeddable":true,"href":"http:\/\/www.tvturk.com\/index.php\/wp-json\/wp\/v2\/tags?post=55440"}],"curies":[{"name":"wp","href":"https:\/\/api.w.org\/{rel}","templated":true}]}}