{"id":55698,"date":"2019-02-22T20:58:49","date_gmt":"2019-02-22T17:58:49","guid":{"rendered":"http:\/\/www.tvturk.com\/index.php\/israil-askerleri-1-filistinli-cocugu-sehit-etti-30-kisi-yaralandi\/"},"modified":"2019-02-22T20:58:53","modified_gmt":"2019-02-22T17:58:53","slug":"israil-askerleri-1-filistinli-cocugu-sehit-etti-30-kisi-yaralandi","status":"publish","type":"post","link":"http:\/\/www.tvturk.com\/index.php\/israil-askerleri-1-filistinli-cocugu-sehit-etti-30-kisi-yaralandi\/","title":{"rendered":"\u0130srail askerleri 1 Filistinli \u00e7ocu\u011fu \u015fehit etti, 30 ki\u015fi yaraland\u0131"},"content":{"rendered":"<p>Filistinlilerin Gazze-\u0130srail s\u0131n\u0131r\u0131nda devam ettikleri B\u00fcy\u00fck Geri D\u00f6n\u00fc\u015f Y\u00fcr\u00fcy\u00fc\u015f\u00fcne \u0130srail askerlerinin m\u00fcdahalesi sonucu 1 \u00e7ocuk \u015fehit oldu, 30 ki\u015fi yaraland\u0131.<\/p>\n<p>Filistinlilerin Gazze-\u0130srail s\u0131n\u0131r\u0131nda i\u015fgale kar\u015f\u0131 s\u00fcrd\u00fcrd\u00fckleri B\u00fcy\u00fck Geri D\u00f6n\u00fc\u015f Y\u00fcr\u00fcy\u00fc\u015f\u00fc g\u00f6sterilerine \u0130srail askerlerinin sald\u0131r\u0131s\u0131 sonucu 1 ki\u015fi \u015fehit oldu, 30 ki\u015fi ise yaraland\u0131. Gazze\u2019deki Filistin Sa\u011fl\u0131k Bakanl\u0131\u011f\u0131 S\u00f6zc\u00fcs\u00fc E\u015fref el Kudra yapt\u0131\u011f\u0131 a\u00e7\u0131klamada \u00f6len ki\u015finin kimli\u011fini Yousef Said al-Daya (14) olarak a\u00e7\u0131klayarak yar\u0131lardan 3 ki\u015finin durumunun a\u011f\u0131r oldu\u011funu kaydetti.<\/p>\n<p>Ge\u00e7ti\u011fimiz y\u0131l 30 Mart Toprak G\u00fcn\u00fc\u2019nde g\u00f6sterilerine ba\u015flayan Filistinliler protestolar\u0131n\u0131n 48\u2019inci haftas\u0131na girdi. Yakla\u015f\u0131k bir y\u0131ld\u0131r devam eden protestolarda \u015fuana kadar 200\u2019den fazla ki\u015fi hayat\u0131n\u0131 kaybetti on binlerce ki\u015fi de yaraland\u0131.<div class=\"tiled-gallery type-rectangular tiled-gallery-unresized\" data-original-width=\"500\" data-carousel-extra='null' itemscope itemtype=\"http:\/\/schema.org\/ImageGallery\" > <div class=\"gallery-row\" style=\"width: 500px; height: 224px;\" data-original-width=\"500\" data-original-height=\"224\" > <div class=\"gallery-group images-1\" style=\"width: 334px; height: 224px;\" data-original-width=\"334\" data-original-height=\"224\" > <div class=\"tiled-gallery-item tiled-gallery-item-large\" itemprop=\"associatedMedia\" itemscope itemtype=\"http:\/\/schema.org\/ImageObject\"> <a href=\"http:\/\/www.tvturk.com\/index.php\/israil-askerleri-1-filistinli-cocugu-sehit-etti-30-kisi-yaralandi\/israil-askerleri-1-filistinli-cocugu-sehit-etti-30-kisi-yaralandi-3\/\" border=\"0\" itemprop=\"url\"> <meta itemprop=\"width\" content=\"330\"> <meta itemprop=\"height\" content=\"220\"> <img decoding=\"async\" class=\"\" data-attachment-id=\"55700\" data-orig-file=\"http:\/\/www.tvturk.com\/wp-content\/uploads\/2019\/02\/israil-askerleri-1-filistinli-cocugu-sehit-etti-30-kisi-yaralandi_ac23b95.jpg\" data-orig-size=\"1000,666\" data-comments-opened=\"\" data-image-meta=\"{&quot;aperture&quot;:&quot;0&quot;,&quot;credit&quot;:&quot;IHA&quot;,&quot;camera&quot;:&quot;&quot;,&quot;caption&quot;:&quot;F\\u0130L\\u0130ST\\u0130NL\\u0130LER\\u0130N GAZZE-\\u0130SRA\\u0130L SINIRINDA DEVAM ETT\\u0130KLER\\u0130 B\\u00dcY\\u00dcK GER\\u0130 D\\u00d6N\\u00dc\\u015e Y\\u00dcR\\u00dcY\\u00dc\\u015e\\u00dcNE \\u0130SRA\\u0130L ASKERLER\\u0130N\\u0130N M\\u00dcDAHALES\\u0130 SONUCU 1 \\u00c7OCUK \\u015eEH\\u0130T OLDU, 30 K\\u0130\\u015e\\u0130 YARALANDI. (MUHAMMED RABAH\\\/GAZZE-\\u0130HA)&quot;,&quot;created_timestamp&quot;:&quot;0&quot;,&quot;copyright&quot;:&quot;\\u0130HLAS HABER AJANSI, www.iha.com.tr&quot;,&quot;focal_length&quot;:&quot;0&quot;,&quot;iso&quot;:&quot;0&quot;,&quot;shutter_speed&quot;:&quot;0&quot;,&quot;title&quot;:&quot;\\u0130SRA\\u0130L ASKERLER\\u0130 1 F\\u0130L\\u0130ST\\u0130NL\\u0130 \\u00c7OCU\\u011eU \\u015eEH\\u0130T ETT\\u0130, 30 K\\u0130\\u015e\\u0130 YARALANDI&quot;,&quot;orientation&quot;:&quot;0&quot;}\" data-image-title=\"\u0130srail askerleri 1 Filistinli \u00e7ocu\u011fu \u015fehit etti, 30 ki\u015fi yaraland\u0131\" data-image-description=\"&lt;p&gt;\u0130srail askerleri 1 Filistinli \u00e7ocu\u011fu \u015fehit etti, 30 ki\u015fi yaraland\u0131&lt;\/p&gt; \" data-medium-file=\"https:\/\/i0.wp.com\/www.tvturk.com\/wp-content\/uploads\/2019\/02\/israil-askerleri-1-filistinli-cocugu-sehit-etti-30-kisi-yaralandi_ac23b95.jpg?fit=300%2C200\" data-large-file=\"https:\/\/i0.wp.com\/www.tvturk.com\/wp-content\/uploads\/2019\/02\/israil-askerleri-1-filistinli-cocugu-sehit-etti-30-kisi-yaralandi_ac23b95.jpg?fit=1000%2C666\" src=\"https:\/\/i0.wp.com\/www.tvturk.com\/wp-content\/uploads\/2019\/02\/israil-askerleri-1-filistinli-cocugu-sehit-etti-30-kisi-yaralandi_ac23b95.jpg?w=330&#038;h=220\" srcset=\"https:\/\/i0.wp.com\/www.tvturk.com\/wp-content\/uploads\/2019\/02\/israil-askerleri-1-filistinli-cocugu-sehit-etti-30-kisi-yaralandi_ac23b95.jpg?w=1000 1000w, https:\/\/i0.wp.com\/www.tvturk.com\/wp-content\/uploads\/2019\/02\/israil-askerleri-1-filistinli-cocugu-sehit-etti-30-kisi-yaralandi_ac23b95.jpg?resize=150%2C100 150w, https:\/\/i0.wp.com\/www.tvturk.com\/wp-content\/uploads\/2019\/02\/israil-askerleri-1-filistinli-cocugu-sehit-etti-30-kisi-yaralandi_ac23b95.jpg?resize=300%2C200 300w, https:\/\/i0.wp.com\/www.tvturk.com\/wp-content\/uploads\/2019\/02\/israil-askerleri-1-filistinli-cocugu-sehit-etti-30-kisi-yaralandi_ac23b95.jpg?resize=768%2C511 768w, https:\/\/i0.wp.com\/www.tvturk.com\/wp-content\/uploads\/2019\/02\/israil-askerleri-1-filistinli-cocugu-sehit-etti-30-kisi-yaralandi_ac23b95.jpg?resize=170%2C113 170w, https:\/\/i0.wp.com\/www.tvturk.com\/wp-content\/uploads\/2019\/02\/israil-askerleri-1-filistinli-cocugu-sehit-etti-30-kisi-yaralandi_ac23b95.jpg?resize=120%2C80 120w\" width=\"330\" height=\"220\" loading=\"lazy\" data-original-width=\"330\" data-original-height=\"220\" itemprop=\"http:\/\/schema.org\/image\" title=\"\u0130srail askerleri 1 Filistinli \u00e7ocu\u011fu \u015fehit etti, 30 ki\u015fi yaraland\u0131\" alt=\"\u0130srail askerleri 1 Filistinli \u00e7ocu\u011fu \u015fehit etti, 30 ki\u015fi yaraland\u0131\" style=\"width: 330px; height: 220px;\" \/> <\/a> <\/div> <\/div> <!-- close group --> <div class=\"gallery-group images-2\" style=\"width: 166px; height: 224px;\" data-original-width=\"166\" data-original-height=\"224\" > <div class=\"tiled-gallery-item tiled-gallery-item-small\" itemprop=\"associatedMedia\" itemscope itemtype=\"http:\/\/schema.org\/ImageObject\"> <a href=\"http:\/\/www.tvturk.com\/index.php\/israil-askerleri-1-filistinli-cocugu-sehit-etti-30-kisi-yaralandi\/israil-askerleri-1-filistinli-cocugu-sehit-etti-30-kisi-yaralandi-4\/\" border=\"0\" itemprop=\"url\"> <meta itemprop=\"width\" content=\"162\"> <meta itemprop=\"height\" content=\"108\"> <img decoding=\"async\" class=\"\" data-attachment-id=\"55701\" data-orig-file=\"http:\/\/www.tvturk.com\/wp-content\/uploads\/2019\/02\/israil-askerleri-1-filistinli-cocugu-sehit-etti-30-kisi-yaralandi_51a19d8.jpg\" data-orig-size=\"1000,666\" data-comments-opened=\"\" data-image-meta=\"{&quot;aperture&quot;:&quot;0&quot;,&quot;credit&quot;:&quot;IHA&quot;,&quot;camera&quot;:&quot;&quot;,&quot;caption&quot;:&quot;F\\u0130L\\u0130ST\\u0130NL\\u0130LER\\u0130N GAZZE-\\u0130SRA\\u0130L SINIRINDA DEVAM ETT\\u0130KLER\\u0130 B\\u00dcY\\u00dcK GER\\u0130 D\\u00d6N\\u00dc\\u015e Y\\u00dcR\\u00dcY\\u00dc\\u015e\\u00dcNE \\u0130SRA\\u0130L ASKERLER\\u0130N\\u0130N M\\u00dcDAHALES\\u0130 SONUCU 1 \\u00c7OCUK \\u015eEH\\u0130T OLDU, 30 K\\u0130\\u015e\\u0130 YARALANDI. (MUHAMMED RABAH\\\/GAZZE-\\u0130HA)&quot;,&quot;created_timestamp&quot;:&quot;0&quot;,&quot;copyright&quot;:&quot;\\u0130HLAS HABER AJANSI, www.iha.com.tr&quot;,&quot;focal_length&quot;:&quot;0&quot;,&quot;iso&quot;:&quot;0&quot;,&quot;shutter_speed&quot;:&quot;0&quot;,&quot;title&quot;:&quot;\\u0130SRA\\u0130L ASKERLER\\u0130 1 F\\u0130L\\u0130ST\\u0130NL\\u0130 \\u00c7OCU\\u011eU \\u015eEH\\u0130T ETT\\u0130, 30 K\\u0130\\u015e\\u0130 YARALANDI&quot;,&quot;orientation&quot;:&quot;0&quot;}\" data-image-title=\"\u0130srail askerleri 1 Filistinli \u00e7ocu\u011fu \u015fehit etti, 30 ki\u015fi yaraland\u0131\" data-image-description=\"&lt;p&gt;\u0130srail askerleri 1 Filistinli \u00e7ocu\u011fu \u015fehit etti, 30 ki\u015fi yaraland\u0131&lt;\/p&gt; \" data-medium-file=\"https:\/\/i0.wp.com\/www.tvturk.com\/wp-content\/uploads\/2019\/02\/israil-askerleri-1-filistinli-cocugu-sehit-etti-30-kisi-yaralandi_51a19d8.jpg?fit=300%2C200\" data-large-file=\"https:\/\/i0.wp.com\/www.tvturk.com\/wp-content\/uploads\/2019\/02\/israil-askerleri-1-filistinli-cocugu-sehit-etti-30-kisi-yaralandi_51a19d8.jpg?fit=1000%2C666\" src=\"https:\/\/i0.wp.com\/www.tvturk.com\/wp-content\/uploads\/2019\/02\/israil-askerleri-1-filistinli-cocugu-sehit-etti-30-kisi-yaralandi_51a19d8.jpg?w=162&#038;h=108\" srcset=\"https:\/\/i0.wp.com\/www.tvturk.com\/wp-content\/uploads\/2019\/02\/israil-askerleri-1-filistinli-cocugu-sehit-etti-30-kisi-yaralandi_51a19d8.jpg?w=1000 1000w, https:\/\/i0.wp.com\/www.tvturk.com\/wp-content\/uploads\/2019\/02\/israil-askerleri-1-filistinli-cocugu-sehit-etti-30-kisi-yaralandi_51a19d8.jpg?resize=150%2C100 150w, https:\/\/i0.wp.com\/www.tvturk.com\/wp-content\/uploads\/2019\/02\/israil-askerleri-1-filistinli-cocugu-sehit-etti-30-kisi-yaralandi_51a19d8.jpg?resize=300%2C200 300w, https:\/\/i0.wp.com\/www.tvturk.com\/wp-content\/uploads\/2019\/02\/israil-askerleri-1-filistinli-cocugu-sehit-etti-30-kisi-yaralandi_51a19d8.jpg?resize=768%2C511 768w, https:\/\/i0.wp.com\/www.tvturk.com\/wp-content\/uploads\/2019\/02\/israil-askerleri-1-filistinli-cocugu-sehit-etti-30-kisi-yaralandi_51a19d8.jpg?resize=170%2C113 170w, https:\/\/i0.wp.com\/www.tvturk.com\/wp-content\/uploads\/2019\/02\/israil-askerleri-1-filistinli-cocugu-sehit-etti-30-kisi-yaralandi_51a19d8.jpg?resize=120%2C80 120w\" width=\"162\" height=\"108\" loading=\"lazy\" data-original-width=\"162\" data-original-height=\"108\" itemprop=\"http:\/\/schema.org\/image\" title=\"\u0130srail askerleri 1 Filistinli \u00e7ocu\u011fu \u015fehit etti, 30 ki\u015fi yaraland\u0131\" alt=\"\u0130srail askerleri 1 Filistinli \u00e7ocu\u011fu \u015fehit etti, 30 ki\u015fi yaraland\u0131\" style=\"width: 162px; height: 108px;\" \/> <\/a> <\/div> <div class=\"tiled-gallery-item tiled-gallery-item-small\" itemprop=\"associatedMedia\" itemscope itemtype=\"http:\/\/schema.org\/ImageObject\"> <a href=\"http:\/\/www.tvturk.com\/index.php\/israil-askerleri-1-filistinli-cocugu-sehit-etti-30-kisi-yaralandi\/israil-askerleri-1-filistinli-cocugu-sehit-etti-30-kisi-yaralandi-5\/\" border=\"0\" itemprop=\"url\"> <meta itemprop=\"width\" content=\"162\"> <meta itemprop=\"height\" content=\"108\"> <img decoding=\"async\" class=\"\" data-attachment-id=\"55702\" data-orig-file=\"http:\/\/www.tvturk.com\/wp-content\/uploads\/2019\/02\/israil-askerleri-1-filistinli-cocugu-sehit-etti-30-kisi-yaralandi_7062e9a.jpg\" data-orig-size=\"1000,666\" data-comments-opened=\"\" data-image-meta=\"{&quot;aperture&quot;:&quot;0&quot;,&quot;credit&quot;:&quot;IHA&quot;,&quot;camera&quot;:&quot;&quot;,&quot;caption&quot;:&quot;F\\u0130L\\u0130ST\\u0130NL\\u0130LER\\u0130N GAZZE-\\u0130SRA\\u0130L SINIRINDA DEVAM ETT\\u0130KLER\\u0130 B\\u00dcY\\u00dcK GER\\u0130 D\\u00d6N\\u00dc\\u015e Y\\u00dcR\\u00dcY\\u00dc\\u015e\\u00dcNE \\u0130SRA\\u0130L ASKERLER\\u0130N\\u0130N M\\u00dcDAHALES\\u0130 SONUCU 1 \\u00c7OCUK \\u015eEH\\u0130T OLDU, 30 K\\u0130\\u015e\\u0130 YARALANDI. (MUHAMMED RABAH\\\/GAZZE-\\u0130HA)&quot;,&quot;created_timestamp&quot;:&quot;0&quot;,&quot;copyright&quot;:&quot;\\u0130HLAS HABER AJANSI, www.iha.com.tr&quot;,&quot;focal_length&quot;:&quot;0&quot;,&quot;iso&quot;:&quot;0&quot;,&quot;shutter_speed&quot;:&quot;0&quot;,&quot;title&quot;:&quot;\\u0130SRA\\u0130L ASKERLER\\u0130 1 F\\u0130L\\u0130ST\\u0130NL\\u0130 \\u00c7OCU\\u011eU \\u015eEH\\u0130T ETT\\u0130, 30 K\\u0130\\u015e\\u0130 YARALANDI&quot;,&quot;orientation&quot;:&quot;0&quot;}\" data-image-title=\"\u0130srail askerleri 1 Filistinli \u00e7ocu\u011fu \u015fehit etti, 30 ki\u015fi yaraland\u0131\" data-image-description=\"&lt;p&gt;\u0130srail askerleri 1 Filistinli \u00e7ocu\u011fu \u015fehit etti, 30 ki\u015fi yaraland\u0131&lt;\/p&gt; \" data-medium-file=\"https:\/\/i0.wp.com\/www.tvturk.com\/wp-content\/uploads\/2019\/02\/israil-askerleri-1-filistinli-cocugu-sehit-etti-30-kisi-yaralandi_7062e9a.jpg?fit=300%2C200\" data-large-file=\"https:\/\/i0.wp.com\/www.tvturk.com\/wp-content\/uploads\/2019\/02\/israil-askerleri-1-filistinli-cocugu-sehit-etti-30-kisi-yaralandi_7062e9a.jpg?fit=1000%2C666\" src=\"https:\/\/i0.wp.com\/www.tvturk.com\/wp-content\/uploads\/2019\/02\/israil-askerleri-1-filistinli-cocugu-sehit-etti-30-kisi-yaralandi_7062e9a.jpg?w=162&#038;h=108\" srcset=\"https:\/\/i0.wp.com\/www.tvturk.com\/wp-content\/uploads\/2019\/02\/israil-askerleri-1-filistinli-cocugu-sehit-etti-30-kisi-yaralandi_7062e9a.jpg?w=1000 1000w, https:\/\/i0.wp.com\/www.tvturk.com\/wp-content\/uploads\/2019\/02\/israil-askerleri-1-filistinli-cocugu-sehit-etti-30-kisi-yaralandi_7062e9a.jpg?resize=150%2C100 150w, https:\/\/i0.wp.com\/www.tvturk.com\/wp-content\/uploads\/2019\/02\/israil-askerleri-1-filistinli-cocugu-sehit-etti-30-kisi-yaralandi_7062e9a.jpg?resize=300%2C200 300w, https:\/\/i0.wp.com\/www.tvturk.com\/wp-content\/uploads\/2019\/02\/israil-askerleri-1-filistinli-cocugu-sehit-etti-30-kisi-yaralandi_7062e9a.jpg?resize=768%2C511 768w, https:\/\/i0.wp.com\/www.tvturk.com\/wp-content\/uploads\/2019\/02\/israil-askerleri-1-filistinli-cocugu-sehit-etti-30-kisi-yaralandi_7062e9a.jpg?resize=170%2C113 170w, https:\/\/i0.wp.com\/www.tvturk.com\/wp-content\/uploads\/2019\/02\/israil-askerleri-1-filistinli-cocugu-sehit-etti-30-kisi-yaralandi_7062e9a.jpg?resize=120%2C80 120w\" width=\"162\" height=\"108\" loading=\"lazy\" data-original-width=\"162\" data-original-height=\"108\" itemprop=\"http:\/\/schema.org\/image\" title=\"\u0130srail askerleri 1 Filistinli \u00e7ocu\u011fu \u015fehit etti, 30 ki\u015fi yaraland\u0131\" alt=\"\u0130srail askerleri 1 Filistinli \u00e7ocu\u011fu \u015fehit etti, 30 ki\u015fi yaraland\u0131\" style=\"width: 162px; height: 108px;\" \/> <\/a> <\/div> <\/div> <!-- close group --> <\/div> <!-- close row --> <div class=\"gallery-row\" style=\"width: 500px; height: 334px;\" data-original-width=\"500\" data-original-height=\"334\" > <div class=\"gallery-group images-1\" style=\"width: 500px; height: 334px;\" data-original-width=\"500\" data-original-height=\"334\" > <div class=\"tiled-gallery-item tiled-gallery-item-large\" itemprop=\"associatedMedia\" itemscope itemtype=\"http:\/\/schema.org\/ImageObject\"> <a href=\"http:\/\/www.tvturk.com\/index.php\/israil-askerleri-1-filistinli-cocugu-sehit-etti-30-kisi-yaralandi\/israil-askerleri-1-filistinli-cocugu-sehit-etti-30-kisi-yaralandi-6\/\" border=\"0\" itemprop=\"url\"> <meta itemprop=\"width\" content=\"496\"> <meta itemprop=\"height\" content=\"330\"> <img decoding=\"async\" class=\"\" data-attachment-id=\"55703\" data-orig-file=\"http:\/\/www.tvturk.com\/wp-content\/uploads\/2019\/02\/israil-askerleri-1-filistinli-cocugu-sehit-etti-30-kisi-yaralandi_39bcaec.jpg\" data-orig-size=\"1000,666\" data-comments-opened=\"\" data-image-meta=\"{&quot;aperture&quot;:&quot;0&quot;,&quot;credit&quot;:&quot;IHA&quot;,&quot;camera&quot;:&quot;&quot;,&quot;caption&quot;:&quot;F\\u0130L\\u0130ST\\u0130NL\\u0130LER\\u0130N GAZZE-\\u0130SRA\\u0130L SINIRINDA DEVAM ETT\\u0130KLER\\u0130 B\\u00dcY\\u00dcK GER\\u0130 D\\u00d6N\\u00dc\\u015e Y\\u00dcR\\u00dcY\\u00dc\\u015e\\u00dcNE \\u0130SRA\\u0130L ASKERLER\\u0130N\\u0130N M\\u00dcDAHALES\\u0130 SONUCU 1 \\u00c7OCUK \\u015eEH\\u0130T OLDU, 30 K\\u0130\\u015e\\u0130 YARALANDI. (MUHAMMED RABAH\\\/GAZZE-\\u0130HA)&quot;,&quot;created_timestamp&quot;:&quot;0&quot;,&quot;copyright&quot;:&quot;\\u0130HLAS HABER AJANSI, www.iha.com.tr&quot;,&quot;focal_length&quot;:&quot;0&quot;,&quot;iso&quot;:&quot;0&quot;,&quot;shutter_speed&quot;:&quot;0&quot;,&quot;title&quot;:&quot;\\u0130SRA\\u0130L ASKERLER\\u0130 1 F\\u0130L\\u0130ST\\u0130NL\\u0130 \\u00c7OCU\\u011eU \\u015eEH\\u0130T ETT\\u0130, 30 K\\u0130\\u015e\\u0130 YARALANDI&quot;,&quot;orientation&quot;:&quot;0&quot;}\" data-image-title=\"\u0130srail askerleri 1 Filistinli \u00e7ocu\u011fu \u015fehit etti, 30 ki\u015fi yaraland\u0131\" data-image-description=\"&lt;p&gt;\u0130srail askerleri 1 Filistinli \u00e7ocu\u011fu \u015fehit etti, 30 ki\u015fi yaraland\u0131&lt;\/p&gt; \" data-medium-file=\"https:\/\/i0.wp.com\/www.tvturk.com\/wp-content\/uploads\/2019\/02\/israil-askerleri-1-filistinli-cocugu-sehit-etti-30-kisi-yaralandi_39bcaec.jpg?fit=300%2C200\" data-large-file=\"https:\/\/i0.wp.com\/www.tvturk.com\/wp-content\/uploads\/2019\/02\/israil-askerleri-1-filistinli-cocugu-sehit-etti-30-kisi-yaralandi_39bcaec.jpg?fit=1000%2C666\" src=\"https:\/\/i0.wp.com\/www.tvturk.com\/wp-content\/uploads\/2019\/02\/israil-askerleri-1-filistinli-cocugu-sehit-etti-30-kisi-yaralandi_39bcaec.jpg?w=496&#038;h=330\" srcset=\"https:\/\/i0.wp.com\/www.tvturk.com\/wp-content\/uploads\/2019\/02\/israil-askerleri-1-filistinli-cocugu-sehit-etti-30-kisi-yaralandi_39bcaec.jpg?w=1000 1000w, https:\/\/i0.wp.com\/www.tvturk.com\/wp-content\/uploads\/2019\/02\/israil-askerleri-1-filistinli-cocugu-sehit-etti-30-kisi-yaralandi_39bcaec.jpg?resize=150%2C100 150w, https:\/\/i0.wp.com\/www.tvturk.com\/wp-content\/uploads\/2019\/02\/israil-askerleri-1-filistinli-cocugu-sehit-etti-30-kisi-yaralandi_39bcaec.jpg?resize=300%2C200 300w, https:\/\/i0.wp.com\/www.tvturk.com\/wp-content\/uploads\/2019\/02\/israil-askerleri-1-filistinli-cocugu-sehit-etti-30-kisi-yaralandi_39bcaec.jpg?resize=768%2C511 768w, https:\/\/i0.wp.com\/www.tvturk.com\/wp-content\/uploads\/2019\/02\/israil-askerleri-1-filistinli-cocugu-sehit-etti-30-kisi-yaralandi_39bcaec.jpg?resize=170%2C113 170w, https:\/\/i0.wp.com\/www.tvturk.com\/wp-content\/uploads\/2019\/02\/israil-askerleri-1-filistinli-cocugu-sehit-etti-30-kisi-yaralandi_39bcaec.jpg?resize=120%2C80 120w\" width=\"496\" height=\"330\" loading=\"lazy\" data-original-width=\"496\" data-original-height=\"330\" itemprop=\"http:\/\/schema.org\/image\" title=\"\u0130srail askerleri 1 Filistinli \u00e7ocu\u011fu \u015fehit etti, 30 ki\u015fi yaraland\u0131\" alt=\"\u0130srail askerleri 1 Filistinli \u00e7ocu\u011fu \u015fehit etti, 30 ki\u015fi yaraland\u0131\" style=\"width: 496px; height: 330px;\" \/> <\/a> <\/div> <\/div> <!-- close group --> <\/div> <!-- close row --> <\/div><\/p>\n","protected":false},"excerpt":{"rendered":"<p>F\u0130L\u0130ST\u0130NL\u0130LER\u0130N GAZZE-\u0130SRA\u0130L SINIRINDA DEVAM ETT\u0130KLER\u0130 B\u00dcY\u00dcK GER\u0130 D\u00d6N\u00dc\u015e Y\u00dcR\u00dcY\u00dc\u015e\u00dcNE \u0130SRA\u0130L ASKERLER\u0130N\u0130N M\u00dcDAHALES\u0130 SONUCU 1 \u00c7OCUK \u015eEH\u0130T OLDU, 30 K\u0130\u015e\u0130 YARALANDI.<\/p>\n","protected":false},"author":1,"featured_media":55699,"comment_status":"closed","ping_status":"open","sticky":false,"template":"","format":"standard","meta":{"jetpack_post_was_ever_published":false,"_jetpack_newsletter_access":"","_jetpack_dont_email_post_to_subs":false,"_jetpack_newsletter_tier_id":0,"_jetpack_memberships_contains_paywalled_content":false,"_jetpack_memberships_contains_paid_content":false,"footnotes":"","jetpack_publicize_message":"","jetpack_publicize_feature_enabled":true,"jetpack_social_post_already_shared":false,"jetpack_social_options":{"image_generator_settings":{"template":"highway","default_image_id":0,"font":"","enabled":false},"version":2}},"categories":[10],"tags":[7858,3647,207,17996,8494,1012,237,6701],"class_list":["post-55698","post","type-post","status-publish","format-standard","has-post-thumbnail","hentry","category-dunya","tag-askerleri","tag-cocugu","tag-etti","tag-filistinli","tag-israil","tag-kisi","tag-sehit","tag-yaralandi"],"jetpack_publicize_connections":[],"jetpack_featured_media_url":"https:\/\/i0.wp.com\/www.tvturk.com\/wp-content\/uploads\/2019\/02\/israil-askerleri-1-filistinli-cocugu-sehit-etti-30-kisi-yaralandi_4bdb65b.jpg?fit=1000%2C666","jetpack_sharing_enabled":true,"jetpack_shortlink":"https:\/\/wp.me\/paKIfm-eum","_links":{"self":[{"href":"http:\/\/www.tvturk.com\/index.php\/wp-json\/wp\/v2\/posts\/55698","targetHints":{"allow":["GET"]}}],"collection":[{"href":"http:\/\/www.tvturk.com\/index.php\/wp-json\/wp\/v2\/posts"}],"about":[{"href":"http:\/\/www.tvturk.com\/index.php\/wp-json\/wp\/v2\/types\/post"}],"author":[{"embeddable":true,"href":"http:\/\/www.tvturk.com\/index.php\/wp-json\/wp\/v2\/users\/1"}],"replies":[{"embeddable":true,"href":"http:\/\/www.tvturk.com\/index.php\/wp-json\/wp\/v2\/comments?post=55698"}],"version-history":[{"count":1,"href":"http:\/\/www.tvturk.com\/index.php\/wp-json\/wp\/v2\/posts\/55698\/revisions"}],"predecessor-version":[{"id":55704,"href":"http:\/\/www.tvturk.com\/index.php\/wp-json\/wp\/v2\/posts\/55698\/revisions\/55704"}],"wp:featuredmedia":[{"embeddable":true,"href":"http:\/\/www.tvturk.com\/index.php\/wp-json\/wp\/v2\/media\/55699"}],"wp:attachment":[{"href":"http:\/\/www.tvturk.com\/index.php\/wp-json\/wp\/v2\/media?parent=55698"}],"wp:term":[{"taxonomy":"category","embeddable":true,"href":"http:\/\/www.tvturk.com\/index.php\/wp-json\/wp\/v2\/categories?post=55698"},{"taxonomy":"post_tag","embeddable":true,"href":"http:\/\/www.tvturk.com\/index.php\/wp-json\/wp\/v2\/tags?post=55698"}],"curies":[{"name":"wp","href":"https:\/\/api.w.org\/{rel}","templated":true}]}}