{"id":55782,"date":"2019-02-22T22:21:56","date_gmt":"2019-02-22T19:21:56","guid":{"rendered":"http:\/\/www.tvturk.com\/index.php\/binali-yildirim-sultanbeylilerin-tapu-sevincine-ortak-oldu\/"},"modified":"2019-02-22T22:22:00","modified_gmt":"2019-02-22T19:22:00","slug":"binali-yildirim-sultanbeylilerin-tapu-sevincine-ortak-oldu","status":"publish","type":"post","link":"http:\/\/www.tvturk.com\/index.php\/binali-yildirim-sultanbeylilerin-tapu-sevincine-ortak-oldu\/","title":{"rendered":"Binali Y\u0131ld\u0131r\u0131m Sultanbeylilerin tapu sevincine ortak oldu"},"content":{"rendered":"<p>AK Parti \u0130stanbul B\u00fcy\u00fck\u015fehir Belediye Ba\u015fkan aday\u0131 Binali Y\u0131ld\u0131r\u0131m, Sultanbeyli\u2019de vatanda\u015flar\u0131n tapu sevincine ortak oldu.<\/p>\n<p>AK Parti \u0130stanbul B\u00fcy\u00fck\u015fehir Belediye Ba\u015fkan aday\u0131 Binali Y\u0131ld\u0131r\u0131m, Sultanbeyli\u2019de bir dizi ziyarette bulundu. Sabah kanaat \u00f6nderleriyle bir araya gelen Y\u0131ld\u0131r\u0131m, ard\u0131ndan AK Parti \u0130l\u00e7e Ba\u015fkanl\u0131\u011f\u0131n\u0131 ziyaret etti. Daha sonra Bilim ve Teknoloji Merkezi\u2019nin a\u00e7\u0131l\u0131\u015f\u0131n\u0131 yapan Y\u0131ld\u0131r\u0131m, Sultanbeyli Belediyesi M\u00fclkiyet Ofisi\u2019nde tebligatlar\u0131n\u0131 alan ve i\u015flemlerini yapan hak sahiplerinin tapu sevincine ortak oldu. Hak sahiplerine tapular\u0131n\u0131 takdim eden Binali Y\u0131ld\u0131r\u0131m, Sultanbeyli\u2019nin bu sorununun \u00e7\u00f6z\u00fcm\u00fc i\u00e7in ger\u00e7ekle\u015ftirilen \u00e7al\u0131\u015fmalar\u0131 hat\u0131rlatt\u0131. Tapular\u0131n hay\u0131rl\u0131 olmas\u0131n\u0131 dileyen Y\u0131ld\u0131r\u0131m, vatanda\u015flarla foto\u011fraf da \u00e7ekindi.<\/p>\n<p>Belediye Ba\u015fkan\u0131 H\u00fcseyin Keskin de tapu alan vatanda\u015flara hay\u0131rl\u0131 olsun dileklerini iletti. M\u00fclkiyet ofisinde \u00e7al\u0131\u015fmalar\u0131n h\u0131zla s\u00fcrd\u00fc\u011f\u00fcn\u00fc kaydeden Ba\u015fkan Keskin, tapu teslimatlar\u0131na devam ettiklerini belirterek, Sultanbeyli\u2019nin tapu sorunu kalmad\u0131\u011f\u0131n\u0131n alt\u0131n\u0131 \u00e7izdi.<div class=\"tiled-gallery type-rectangular tiled-gallery-unresized\" data-original-width=\"500\" data-carousel-extra='null' itemscope itemtype=\"http:\/\/schema.org\/ImageGallery\" > <div class=\"gallery-row\" style=\"width: 500px; height: 277px;\" data-original-width=\"500\" data-original-height=\"277\" > <div class=\"gallery-group images-1\" style=\"width: 308px; height: 277px;\" data-original-width=\"308\" data-original-height=\"277\" > <div class=\"tiled-gallery-item tiled-gallery-item-large\" itemprop=\"associatedMedia\" itemscope itemtype=\"http:\/\/schema.org\/ImageObject\"> <a href=\"http:\/\/www.tvturk.com\/index.php\/binali-yildirim-sultanbeylilerin-tapu-sevincine-ortak-oldu\/binali-yildirim-sultanbeylilerin-tapu-sevincine-ortak-oldu-3\/\" border=\"0\" itemprop=\"url\"> <meta itemprop=\"width\" content=\"304\"> <meta itemprop=\"height\" content=\"273\"> <img decoding=\"async\" class=\"\" data-attachment-id=\"55784\" data-orig-file=\"http:\/\/www.tvturk.com\/wp-content\/uploads\/2019\/02\/binali-yildirim-sultanbeylilerin-tapu-sevincine-ortak-oldu_d7e04a4.jpg\" data-orig-size=\"1000,898\" data-comments-opened=\"\" data-image-meta=\"{&quot;aperture&quot;:&quot;0&quot;,&quot;credit&quot;:&quot;IHA&quot;,&quot;camera&quot;:&quot;&quot;,&quot;caption&quot;:&quot;AK PART\\u0130 \\u0130STANBUL B\\u00dcY\\u00dcK\\u015eEH\\u0130R BELED\\u0130YE BA\\u015eKAN ADAYI B\\u0130NAL\\u0130 YILDIRIM, SULTANBEYL\\u0130\\u0027DE VATANDA\\u015eLARIN TAPU SEV\\u0130NC\\u0130NE ORTAK OLDU. (\\u0130HA\\\/\\u0130STANBUL-\\u0130HA)&quot;,&quot;created_timestamp&quot;:&quot;0&quot;,&quot;copyright&quot;:&quot;\\u0130HLAS HABER AJANSI, www.iha.com.tr&quot;,&quot;focal_length&quot;:&quot;0&quot;,&quot;iso&quot;:&quot;0&quot;,&quot;shutter_speed&quot;:&quot;0&quot;,&quot;title&quot;:&quot;B\\u0130NAL\\u0130 YILDIRIM SULTANBEYL\\u0130LER\\u0130N TAPU SEV\\u0130NC\\u0130NE ORTAK OLDU&quot;,&quot;orientation&quot;:&quot;0&quot;}\" data-image-title=\"Binali Y\u0131ld\u0131r\u0131m Sultanbeylilerin tapu sevincine ortak oldu\" data-image-description=\"&lt;p&gt;Binali Y\u0131ld\u0131r\u0131m Sultanbeylilerin tapu sevincine ortak oldu&lt;\/p&gt; \" data-medium-file=\"https:\/\/i0.wp.com\/www.tvturk.com\/wp-content\/uploads\/2019\/02\/binali-yildirim-sultanbeylilerin-tapu-sevincine-ortak-oldu_d7e04a4.jpg?fit=300%2C269\" data-large-file=\"https:\/\/i0.wp.com\/www.tvturk.com\/wp-content\/uploads\/2019\/02\/binali-yildirim-sultanbeylilerin-tapu-sevincine-ortak-oldu_d7e04a4.jpg?fit=1000%2C898\" src=\"https:\/\/i0.wp.com\/www.tvturk.com\/wp-content\/uploads\/2019\/02\/binali-yildirim-sultanbeylilerin-tapu-sevincine-ortak-oldu_d7e04a4.jpg?w=304&#038;h=273\" srcset=\"https:\/\/i0.wp.com\/www.tvturk.com\/wp-content\/uploads\/2019\/02\/binali-yildirim-sultanbeylilerin-tapu-sevincine-ortak-oldu_d7e04a4.jpg?w=1000 1000w, https:\/\/i0.wp.com\/www.tvturk.com\/wp-content\/uploads\/2019\/02\/binali-yildirim-sultanbeylilerin-tapu-sevincine-ortak-oldu_d7e04a4.jpg?resize=150%2C135 150w, https:\/\/i0.wp.com\/www.tvturk.com\/wp-content\/uploads\/2019\/02\/binali-yildirim-sultanbeylilerin-tapu-sevincine-ortak-oldu_d7e04a4.jpg?resize=300%2C269 300w, https:\/\/i0.wp.com\/www.tvturk.com\/wp-content\/uploads\/2019\/02\/binali-yildirim-sultanbeylilerin-tapu-sevincine-ortak-oldu_d7e04a4.jpg?resize=768%2C690 768w, https:\/\/i0.wp.com\/www.tvturk.com\/wp-content\/uploads\/2019\/02\/binali-yildirim-sultanbeylilerin-tapu-sevincine-ortak-oldu_d7e04a4.jpg?resize=324%2C290 324w\" width=\"304\" height=\"273\" loading=\"lazy\" data-original-width=\"304\" data-original-height=\"273\" itemprop=\"http:\/\/schema.org\/image\" title=\"Binali Y\u0131ld\u0131r\u0131m Sultanbeylilerin tapu sevincine ortak oldu\" alt=\"Binali Y\u0131ld\u0131r\u0131m Sultanbeylilerin tapu sevincine ortak oldu\" style=\"width: 304px; height: 273px;\" \/> <\/a> <\/div> <\/div> <!-- close group --> <div class=\"gallery-group images-2\" style=\"width: 192px; height: 277px;\" data-original-width=\"192\" data-original-height=\"277\" > <div class=\"tiled-gallery-item tiled-gallery-item-small\" itemprop=\"associatedMedia\" itemscope itemtype=\"http:\/\/schema.org\/ImageObject\"> <a href=\"http:\/\/www.tvturk.com\/index.php\/binali-yildirim-sultanbeylilerin-tapu-sevincine-ortak-oldu\/binali-yildirim-sultanbeylilerin-tapu-sevincine-ortak-oldu-4\/\" border=\"0\" itemprop=\"url\"> <meta itemprop=\"width\" content=\"188\"> <meta itemprop=\"height\" content=\"144\"> <img decoding=\"async\" class=\"\" data-attachment-id=\"55785\" data-orig-file=\"http:\/\/www.tvturk.com\/wp-content\/uploads\/2019\/02\/binali-yildirim-sultanbeylilerin-tapu-sevincine-ortak-oldu_0bc60ac.jpg\" data-orig-size=\"1000,767\" data-comments-opened=\"\" data-image-meta=\"{&quot;aperture&quot;:&quot;0&quot;,&quot;credit&quot;:&quot;IHA&quot;,&quot;camera&quot;:&quot;&quot;,&quot;caption&quot;:&quot;AK PART\\u0130 \\u0130STANBUL B\\u00dcY\\u00dcK\\u015eEH\\u0130R BELED\\u0130YE BA\\u015eKAN ADAYI B\\u0130NAL\\u0130 YILDIRIM, SULTANBEYL\\u0130\\u0027DE VATANDA\\u015eLARIN TAPU SEV\\u0130NC\\u0130NE ORTAK OLDU. (\\u0130HA\\\/\\u0130STANBUL-\\u0130HA)&quot;,&quot;created_timestamp&quot;:&quot;0&quot;,&quot;copyright&quot;:&quot;\\u0130HLAS HABER AJANSI, www.iha.com.tr&quot;,&quot;focal_length&quot;:&quot;0&quot;,&quot;iso&quot;:&quot;0&quot;,&quot;shutter_speed&quot;:&quot;0&quot;,&quot;title&quot;:&quot;B\\u0130NAL\\u0130 YILDIRIM SULTANBEYL\\u0130LER\\u0130N TAPU SEV\\u0130NC\\u0130NE ORTAK OLDU&quot;,&quot;orientation&quot;:&quot;0&quot;}\" data-image-title=\"Binali Y\u0131ld\u0131r\u0131m Sultanbeylilerin tapu sevincine ortak oldu\" data-image-description=\"&lt;p&gt;Binali Y\u0131ld\u0131r\u0131m Sultanbeylilerin tapu sevincine ortak oldu&lt;\/p&gt; \" data-medium-file=\"https:\/\/i0.wp.com\/www.tvturk.com\/wp-content\/uploads\/2019\/02\/binali-yildirim-sultanbeylilerin-tapu-sevincine-ortak-oldu_0bc60ac.jpg?fit=300%2C230\" data-large-file=\"https:\/\/i0.wp.com\/www.tvturk.com\/wp-content\/uploads\/2019\/02\/binali-yildirim-sultanbeylilerin-tapu-sevincine-ortak-oldu_0bc60ac.jpg?fit=1000%2C767\" src=\"https:\/\/i0.wp.com\/www.tvturk.com\/wp-content\/uploads\/2019\/02\/binali-yildirim-sultanbeylilerin-tapu-sevincine-ortak-oldu_0bc60ac.jpg?w=188&#038;h=144\" srcset=\"https:\/\/i0.wp.com\/www.tvturk.com\/wp-content\/uploads\/2019\/02\/binali-yildirim-sultanbeylilerin-tapu-sevincine-ortak-oldu_0bc60ac.jpg?w=1000 1000w, https:\/\/i0.wp.com\/www.tvturk.com\/wp-content\/uploads\/2019\/02\/binali-yildirim-sultanbeylilerin-tapu-sevincine-ortak-oldu_0bc60ac.jpg?resize=150%2C115 150w, https:\/\/i0.wp.com\/www.tvturk.com\/wp-content\/uploads\/2019\/02\/binali-yildirim-sultanbeylilerin-tapu-sevincine-ortak-oldu_0bc60ac.jpg?resize=300%2C230 300w, https:\/\/i0.wp.com\/www.tvturk.com\/wp-content\/uploads\/2019\/02\/binali-yildirim-sultanbeylilerin-tapu-sevincine-ortak-oldu_0bc60ac.jpg?resize=768%2C589 768w\" width=\"188\" height=\"144\" loading=\"lazy\" data-original-width=\"188\" data-original-height=\"144\" itemprop=\"http:\/\/schema.org\/image\" title=\"Binali Y\u0131ld\u0131r\u0131m Sultanbeylilerin tapu sevincine ortak oldu\" alt=\"Binali Y\u0131ld\u0131r\u0131m Sultanbeylilerin tapu sevincine ortak oldu\" style=\"width: 188px; height: 144px;\" \/> <\/a> <\/div> <div class=\"tiled-gallery-item tiled-gallery-item-small\" itemprop=\"associatedMedia\" itemscope itemtype=\"http:\/\/schema.org\/ImageObject\"> <a href=\"http:\/\/www.tvturk.com\/index.php\/binali-yildirim-sultanbeylilerin-tapu-sevincine-ortak-oldu\/binali-yildirim-sultanbeylilerin-tapu-sevincine-ortak-oldu-5\/\" border=\"0\" itemprop=\"url\"> <meta itemprop=\"width\" content=\"188\"> <meta itemprop=\"height\" content=\"125\"> <img decoding=\"async\" class=\"\" data-attachment-id=\"55786\" data-orig-file=\"http:\/\/www.tvturk.com\/wp-content\/uploads\/2019\/02\/binali-yildirim-sultanbeylilerin-tapu-sevincine-ortak-oldu_4e127b9.jpg\" data-orig-size=\"1000,666\" data-comments-opened=\"\" data-image-meta=\"{&quot;aperture&quot;:&quot;0&quot;,&quot;credit&quot;:&quot;IHA&quot;,&quot;camera&quot;:&quot;&quot;,&quot;caption&quot;:&quot;AK PART\\u0130 \\u0130STANBUL B\\u00dcY\\u00dcK\\u015eEH\\u0130R BELED\\u0130YE BA\\u015eKAN ADAYI B\\u0130NAL\\u0130 YILDIRIM, SULTANBEYL\\u0130\\u0027DE VATANDA\\u015eLARIN TAPU SEV\\u0130NC\\u0130NE ORTAK OLDU. (\\u0130HA\\\/\\u0130STANBUL-\\u0130HA)&quot;,&quot;created_timestamp&quot;:&quot;0&quot;,&quot;copyright&quot;:&quot;\\u0130HLAS HABER AJANSI, www.iha.com.tr&quot;,&quot;focal_length&quot;:&quot;0&quot;,&quot;iso&quot;:&quot;0&quot;,&quot;shutter_speed&quot;:&quot;0&quot;,&quot;title&quot;:&quot;B\\u0130NAL\\u0130 YILDIRIM SULTANBEYL\\u0130LER\\u0130N TAPU SEV\\u0130NC\\u0130NE ORTAK OLDU&quot;,&quot;orientation&quot;:&quot;0&quot;}\" data-image-title=\"Binali Y\u0131ld\u0131r\u0131m Sultanbeylilerin tapu sevincine ortak oldu\" data-image-description=\"&lt;p&gt;Binali Y\u0131ld\u0131r\u0131m Sultanbeylilerin tapu sevincine ortak oldu&lt;\/p&gt; \" data-medium-file=\"https:\/\/i0.wp.com\/www.tvturk.com\/wp-content\/uploads\/2019\/02\/binali-yildirim-sultanbeylilerin-tapu-sevincine-ortak-oldu_4e127b9.jpg?fit=300%2C200\" data-large-file=\"https:\/\/i0.wp.com\/www.tvturk.com\/wp-content\/uploads\/2019\/02\/binali-yildirim-sultanbeylilerin-tapu-sevincine-ortak-oldu_4e127b9.jpg?fit=1000%2C666\" src=\"https:\/\/i0.wp.com\/www.tvturk.com\/wp-content\/uploads\/2019\/02\/binali-yildirim-sultanbeylilerin-tapu-sevincine-ortak-oldu_4e127b9.jpg?w=188&#038;h=125\" srcset=\"https:\/\/i0.wp.com\/www.tvturk.com\/wp-content\/uploads\/2019\/02\/binali-yildirim-sultanbeylilerin-tapu-sevincine-ortak-oldu_4e127b9.jpg?w=1000 1000w, https:\/\/i0.wp.com\/www.tvturk.com\/wp-content\/uploads\/2019\/02\/binali-yildirim-sultanbeylilerin-tapu-sevincine-ortak-oldu_4e127b9.jpg?resize=150%2C100 150w, https:\/\/i0.wp.com\/www.tvturk.com\/wp-content\/uploads\/2019\/02\/binali-yildirim-sultanbeylilerin-tapu-sevincine-ortak-oldu_4e127b9.jpg?resize=300%2C200 300w, https:\/\/i0.wp.com\/www.tvturk.com\/wp-content\/uploads\/2019\/02\/binali-yildirim-sultanbeylilerin-tapu-sevincine-ortak-oldu_4e127b9.jpg?resize=768%2C511 768w, https:\/\/i0.wp.com\/www.tvturk.com\/wp-content\/uploads\/2019\/02\/binali-yildirim-sultanbeylilerin-tapu-sevincine-ortak-oldu_4e127b9.jpg?resize=170%2C113 170w, https:\/\/i0.wp.com\/www.tvturk.com\/wp-content\/uploads\/2019\/02\/binali-yildirim-sultanbeylilerin-tapu-sevincine-ortak-oldu_4e127b9.jpg?resize=120%2C80 120w\" width=\"188\" height=\"125\" loading=\"lazy\" data-original-width=\"188\" data-original-height=\"125\" itemprop=\"http:\/\/schema.org\/image\" title=\"Binali Y\u0131ld\u0131r\u0131m Sultanbeylilerin tapu sevincine ortak oldu\" alt=\"Binali Y\u0131ld\u0131r\u0131m Sultanbeylilerin tapu sevincine ortak oldu\" style=\"width: 188px; height: 125px;\" \/> <\/a> <\/div> <\/div> <!-- close group --> <\/div> <!-- close row --> <div class=\"gallery-row\" style=\"width: 500px; height: 188px;\" data-original-width=\"500\" data-original-height=\"188\" > <div class=\"gallery-group images-1\" style=\"width: 241px; height: 188px;\" data-original-width=\"241\" data-original-height=\"188\" > <div class=\"tiled-gallery-item tiled-gallery-item-small\" itemprop=\"associatedMedia\" itemscope itemtype=\"http:\/\/schema.org\/ImageObject\"> <a href=\"http:\/\/www.tvturk.com\/index.php\/binali-yildirim-sultanbeylilerin-tapu-sevincine-ortak-oldu\/binali-yildirim-sultanbeylilerin-tapu-sevincine-ortak-oldu-6\/\" border=\"0\" itemprop=\"url\"> <meta itemprop=\"width\" content=\"237\"> <meta itemprop=\"height\" content=\"184\"> <img decoding=\"async\" class=\"\" data-attachment-id=\"55787\" data-orig-file=\"http:\/\/www.tvturk.com\/wp-content\/uploads\/2019\/02\/binali-yildirim-sultanbeylilerin-tapu-sevincine-ortak-oldu_5bc903a.jpg\" data-orig-size=\"1000,778\" data-comments-opened=\"\" data-image-meta=\"{&quot;aperture&quot;:&quot;0&quot;,&quot;credit&quot;:&quot;IHA&quot;,&quot;camera&quot;:&quot;&quot;,&quot;caption&quot;:&quot;AK PART\\u0130 \\u0130STANBUL B\\u00dcY\\u00dcK\\u015eEH\\u0130R BELED\\u0130YE BA\\u015eKAN ADAYI B\\u0130NAL\\u0130 YILDIRIM, SULTANBEYL\\u0130\\u2019N\\u0130N BU SORUNUNUN \\u00c7\\u00d6Z\\u00dcM\\u00dc \\u0130\\u00c7\\u0130N GER\\u00c7EKLE\\u015eT\\u0130R\\u0130LEN \\u00c7ALI\\u015eMALARI HATIRLATTI. (\\u0130HA\\\/\\u0130STANBUL-\\u0130HA)&quot;,&quot;created_timestamp&quot;:&quot;0&quot;,&quot;copyright&quot;:&quot;\\u0130HLAS HABER AJANSI, www.iha.com.tr&quot;,&quot;focal_length&quot;:&quot;0&quot;,&quot;iso&quot;:&quot;0&quot;,&quot;shutter_speed&quot;:&quot;0&quot;,&quot;title&quot;:&quot;B\\u0130NAL\\u0130 YILDIRIM SULTANBEYL\\u0130LER\\u0130N TAPU SEV\\u0130NC\\u0130NE ORTAK OLDU&quot;,&quot;orientation&quot;:&quot;0&quot;}\" data-image-title=\"Binali Y\u0131ld\u0131r\u0131m Sultanbeylilerin tapu sevincine ortak oldu\" data-image-description=\"&lt;p&gt;Binali Y\u0131ld\u0131r\u0131m Sultanbeylilerin tapu sevincine ortak oldu&lt;\/p&gt; \" data-medium-file=\"https:\/\/i0.wp.com\/www.tvturk.com\/wp-content\/uploads\/2019\/02\/binali-yildirim-sultanbeylilerin-tapu-sevincine-ortak-oldu_5bc903a.jpg?fit=300%2C233\" data-large-file=\"https:\/\/i0.wp.com\/www.tvturk.com\/wp-content\/uploads\/2019\/02\/binali-yildirim-sultanbeylilerin-tapu-sevincine-ortak-oldu_5bc903a.jpg?fit=1000%2C778\" src=\"https:\/\/i0.wp.com\/www.tvturk.com\/wp-content\/uploads\/2019\/02\/binali-yildirim-sultanbeylilerin-tapu-sevincine-ortak-oldu_5bc903a.jpg?w=237&#038;h=184\" srcset=\"https:\/\/i0.wp.com\/www.tvturk.com\/wp-content\/uploads\/2019\/02\/binali-yildirim-sultanbeylilerin-tapu-sevincine-ortak-oldu_5bc903a.jpg?w=1000 1000w, https:\/\/i0.wp.com\/www.tvturk.com\/wp-content\/uploads\/2019\/02\/binali-yildirim-sultanbeylilerin-tapu-sevincine-ortak-oldu_5bc903a.jpg?resize=150%2C117 150w, https:\/\/i0.wp.com\/www.tvturk.com\/wp-content\/uploads\/2019\/02\/binali-yildirim-sultanbeylilerin-tapu-sevincine-ortak-oldu_5bc903a.jpg?resize=300%2C233 300w, https:\/\/i0.wp.com\/www.tvturk.com\/wp-content\/uploads\/2019\/02\/binali-yildirim-sultanbeylilerin-tapu-sevincine-ortak-oldu_5bc903a.jpg?resize=768%2C598 768w\" width=\"237\" height=\"184\" loading=\"lazy\" data-original-width=\"237\" data-original-height=\"184\" itemprop=\"http:\/\/schema.org\/image\" title=\"Binali Y\u0131ld\u0131r\u0131m Sultanbeylilerin tapu sevincine ortak oldu\" alt=\"Binali Y\u0131ld\u0131r\u0131m Sultanbeylilerin tapu sevincine ortak oldu\" style=\"width: 237px; height: 184px;\" \/> <\/a> <\/div> <\/div> <!-- close group --> <div class=\"gallery-group images-1\" style=\"width: 259px; height: 188px;\" data-original-width=\"259\" data-original-height=\"188\" > <div class=\"tiled-gallery-item tiled-gallery-item-large\" itemprop=\"associatedMedia\" itemscope itemtype=\"http:\/\/schema.org\/ImageObject\"> <a href=\"http:\/\/www.tvturk.com\/index.php\/binali-yildirim-sultanbeylilerin-tapu-sevincine-ortak-oldu\/binali-yildirim-sultanbeylilerin-tapu-sevincine-ortak-oldu-7\/\" border=\"0\" itemprop=\"url\"> <meta itemprop=\"width\" content=\"255\"> <meta itemprop=\"height\" content=\"184\"> <img decoding=\"async\" class=\"\" data-attachment-id=\"55788\" data-orig-file=\"http:\/\/www.tvturk.com\/wp-content\/uploads\/2019\/02\/binali-yildirim-sultanbeylilerin-tapu-sevincine-ortak-oldu_e29e6da.jpg\" data-orig-size=\"1000,721\" data-comments-opened=\"\" data-image-meta=\"{&quot;aperture&quot;:&quot;0&quot;,&quot;credit&quot;:&quot;IHA&quot;,&quot;camera&quot;:&quot;&quot;,&quot;caption&quot;:&quot;AK PART\\u0130 \\u0130STANBUL B\\u00dcY\\u00dcK\\u015eEH\\u0130R BELED\\u0130YE BA\\u015eKAN ADAYI B\\u0130NAL\\u0130 YILDIRIM, SULTANBEYL\\u0130\\u0027DE VATANDA\\u015eLARIN TAPU SEV\\u0130NC\\u0130NE ORTAK OLDU. (\\u0130HA\\\/\\u0130STANBUL-\\u0130HA)&quot;,&quot;created_timestamp&quot;:&quot;0&quot;,&quot;copyright&quot;:&quot;\\u0130HLAS HABER AJANSI, www.iha.com.tr&quot;,&quot;focal_length&quot;:&quot;0&quot;,&quot;iso&quot;:&quot;0&quot;,&quot;shutter_speed&quot;:&quot;0&quot;,&quot;title&quot;:&quot;B\\u0130NAL\\u0130 YILDIRIM SULTANBEYL\\u0130LER\\u0130N TAPU SEV\\u0130NC\\u0130NE ORTAK OLDU&quot;,&quot;orientation&quot;:&quot;0&quot;}\" data-image-title=\"Binali Y\u0131ld\u0131r\u0131m Sultanbeylilerin tapu sevincine ortak oldu\" data-image-description=\"&lt;p&gt;Binali Y\u0131ld\u0131r\u0131m Sultanbeylilerin tapu sevincine ortak oldu&lt;\/p&gt; \" data-medium-file=\"https:\/\/i0.wp.com\/www.tvturk.com\/wp-content\/uploads\/2019\/02\/binali-yildirim-sultanbeylilerin-tapu-sevincine-ortak-oldu_e29e6da.jpg?fit=300%2C216\" data-large-file=\"https:\/\/i0.wp.com\/www.tvturk.com\/wp-content\/uploads\/2019\/02\/binali-yildirim-sultanbeylilerin-tapu-sevincine-ortak-oldu_e29e6da.jpg?fit=1000%2C721\" src=\"https:\/\/i0.wp.com\/www.tvturk.com\/wp-content\/uploads\/2019\/02\/binali-yildirim-sultanbeylilerin-tapu-sevincine-ortak-oldu_e29e6da.jpg?w=255&#038;h=184\" srcset=\"https:\/\/i0.wp.com\/www.tvturk.com\/wp-content\/uploads\/2019\/02\/binali-yildirim-sultanbeylilerin-tapu-sevincine-ortak-oldu_e29e6da.jpg?w=1000 1000w, https:\/\/i0.wp.com\/www.tvturk.com\/wp-content\/uploads\/2019\/02\/binali-yildirim-sultanbeylilerin-tapu-sevincine-ortak-oldu_e29e6da.jpg?resize=150%2C108 150w, https:\/\/i0.wp.com\/www.tvturk.com\/wp-content\/uploads\/2019\/02\/binali-yildirim-sultanbeylilerin-tapu-sevincine-ortak-oldu_e29e6da.jpg?resize=300%2C216 300w, https:\/\/i0.wp.com\/www.tvturk.com\/wp-content\/uploads\/2019\/02\/binali-yildirim-sultanbeylilerin-tapu-sevincine-ortak-oldu_e29e6da.jpg?resize=768%2C554 768w\" width=\"255\" height=\"184\" loading=\"lazy\" data-original-width=\"255\" data-original-height=\"184\" itemprop=\"http:\/\/schema.org\/image\" title=\"Binali Y\u0131ld\u0131r\u0131m Sultanbeylilerin tapu sevincine ortak oldu\" alt=\"Binali Y\u0131ld\u0131r\u0131m Sultanbeylilerin tapu sevincine ortak oldu\" style=\"width: 255px; height: 184px;\" \/> <\/a> <\/div> <\/div> <!-- close group --> <\/div> <!-- close row --> <\/div><\/p>\n","protected":false},"excerpt":{"rendered":"<p>AK PART\u0130 \u0130STANBUL B\u00dcY\u00dcK\u015eEH\u0130R BELED\u0130YE BA\u015eKAN ADAYI B\u0130NAL\u0130 YILDIRIM, SULTANBEYL\u0130&#8217;DE VATANDA\u015eLARIN TAPU SEV\u0130NC\u0130NE ORTAK OLDU.<\/p>\n","protected":false},"author":1,"featured_media":55783,"comment_status":"closed","ping_status":"open","sticky":false,"template":"","format":"standard","meta":{"jetpack_post_was_ever_published":false,"_jetpack_newsletter_access":"","_jetpack_dont_email_post_to_subs":false,"_jetpack_newsletter_tier_id":0,"_jetpack_memberships_contains_paywalled_content":false,"_jetpack_memberships_contains_paid_content":false,"footnotes":"","jetpack_publicize_message":"","jetpack_publicize_feature_enabled":true,"jetpack_social_post_already_shared":false,"jetpack_social_options":{"image_generator_settings":{"template":"highway","default_image_id":0,"font":"","enabled":false},"version":2}},"categories":[9],"tags":[3333,77,947,18014,18013,3988,376],"class_list":["post-55782","post","type-post","status-publish","format-standard","has-post-thumbnail","hentry","category-siyaset","tag-binali","tag-oldu","tag-ortak","tag-sevincine","tag-sultanbeylilerin","tag-tapu","tag-yildirim"],"jetpack_publicize_connections":[],"jetpack_featured_media_url":"https:\/\/i0.wp.com\/www.tvturk.com\/wp-content\/uploads\/2019\/02\/binali-yildirim-sultanbeylilerin-tapu-sevincine-ortak-oldu_09bf894.jpg?fit=1000%2C666","jetpack_sharing_enabled":true,"jetpack_shortlink":"https:\/\/wp.me\/paKIfm-evI","_links":{"self":[{"href":"http:\/\/www.tvturk.com\/index.php\/wp-json\/wp\/v2\/posts\/55782","targetHints":{"allow":["GET"]}}],"collection":[{"href":"http:\/\/www.tvturk.com\/index.php\/wp-json\/wp\/v2\/posts"}],"about":[{"href":"http:\/\/www.tvturk.com\/index.php\/wp-json\/wp\/v2\/types\/post"}],"author":[{"embeddable":true,"href":"http:\/\/www.tvturk.com\/index.php\/wp-json\/wp\/v2\/users\/1"}],"replies":[{"embeddable":true,"href":"http:\/\/www.tvturk.com\/index.php\/wp-json\/wp\/v2\/comments?post=55782"}],"version-history":[{"count":1,"href":"http:\/\/www.tvturk.com\/index.php\/wp-json\/wp\/v2\/posts\/55782\/revisions"}],"predecessor-version":[{"id":55789,"href":"http:\/\/www.tvturk.com\/index.php\/wp-json\/wp\/v2\/posts\/55782\/revisions\/55789"}],"wp:featuredmedia":[{"embeddable":true,"href":"http:\/\/www.tvturk.com\/index.php\/wp-json\/wp\/v2\/media\/55783"}],"wp:attachment":[{"href":"http:\/\/www.tvturk.com\/index.php\/wp-json\/wp\/v2\/media?parent=55782"}],"wp:term":[{"taxonomy":"category","embeddable":true,"href":"http:\/\/www.tvturk.com\/index.php\/wp-json\/wp\/v2\/categories?post=55782"},{"taxonomy":"post_tag","embeddable":true,"href":"http:\/\/www.tvturk.com\/index.php\/wp-json\/wp\/v2\/tags?post=55782"}],"curies":[{"name":"wp","href":"https:\/\/api.w.org\/{rel}","templated":true}]}}