{"id":55824,"date":"2019-02-22T23:02:56","date_gmt":"2019-02-22T20:02:56","guid":{"rendered":"http:\/\/www.tvturk.com\/index.php\/erol-bulut-adalet-diyorum-gerisini-siz-doldurun\/"},"modified":"2019-02-22T23:02:56","modified_gmt":"2019-02-22T20:02:56","slug":"erol-bulut-adalet-diyorum-gerisini-siz-doldurun","status":"publish","type":"post","link":"http:\/\/www.tvturk.com\/index.php\/erol-bulut-adalet-diyorum-gerisini-siz-doldurun\/","title":{"rendered":"Erol Bulut: \u201cAdalet diyorum gerisini siz doldurun\u201d"},"content":{"rendered":"<p>Spor Toto S\u00fcper Lig\u2019in 23. haftas\u0131nda \u00c7aykur Rizespor\u2019un evinde Evkur Yeni Malatyaspor\u2019u 3-0 ma\u011flup etti\u011fi ma\u00e7\u0131n ard\u0131ndan konu\u015fan Evkur Yeni Malatyaspor Teknik Direkt\u00f6r\u00fc Erol Bulut, \u201cFazla uzun tutmayaca\u011f\u0131m, soru da almayaca\u011f\u0131m. Adalet diyorum, gerisini siz doldurun\u201d diyerek, bas\u0131n toplant\u0131s\u0131n\u0131 sonland\u0131rd\u0131.<\/p>\n","protected":false},"excerpt":{"rendered":"<p>EVKUR YEN\u0130 MALATYASPOR TEKN\u0130K D\u0130REKT\u00d6R\u00dc EROL BULUT: \u201cADALET D\u0130YORUM GER\u0130S\u0130N\u0130 S\u0130Z DOLDURUN\u201d<\/p>\n","protected":false},"author":1,"featured_media":55825,"comment_status":"closed","ping_status":"open","sticky":false,"template":"","format":"standard","meta":{"jetpack_post_was_ever_published":false,"_jetpack_newsletter_access":"","_jetpack_dont_email_post_to_subs":false,"_jetpack_newsletter_tier_id":0,"_jetpack_memberships_contains_paywalled_content":false,"_jetpack_memberships_contains_paid_content":false,"footnotes":"","jetpack_publicize_message":"","jetpack_publicize_feature_enabled":true,"jetpack_social_post_already_shared":false,"jetpack_social_options":{"image_generator_settings":{"template":"highway","default_image_id":0,"font":"","enabled":false},"version":2}},"categories":[657],"tags":[171,8519,18015,18016,8518,14784,12704],"class_list":["post-55824","post","type-post","status-publish","format-standard","has-post-thumbnail","hentry","category-spor","tag-adalet","tag-bulut","tag-diyorum","tag-doldurun","tag-erol","tag-gerisini","tag-siz"],"jetpack_publicize_connections":[],"jetpack_featured_media_url":"https:\/\/i0.wp.com\/www.tvturk.com\/wp-content\/uploads\/2019\/02\/erol-bulut-adalet-diyorum-gerisini-siz-doldurun_6fede9a.jpg?fit=1000%2C562","jetpack_sharing_enabled":true,"jetpack_shortlink":"https:\/\/wp.me\/paKIfm-ewo","_links":{"self":[{"href":"http:\/\/www.tvturk.com\/index.php\/wp-json\/wp\/v2\/posts\/55824","targetHints":{"allow":["GET"]}}],"collection":[{"href":"http:\/\/www.tvturk.com\/index.php\/wp-json\/wp\/v2\/posts"}],"about":[{"href":"http:\/\/www.tvturk.com\/index.php\/wp-json\/wp\/v2\/types\/post"}],"author":[{"embeddable":true,"href":"http:\/\/www.tvturk.com\/index.php\/wp-json\/wp\/v2\/users\/1"}],"replies":[{"embeddable":true,"href":"http:\/\/www.tvturk.com\/index.php\/wp-json\/wp\/v2\/comments?post=55824"}],"version-history":[{"count":0,"href":"http:\/\/www.tvturk.com\/index.php\/wp-json\/wp\/v2\/posts\/55824\/revisions"}],"wp:featuredmedia":[{"embeddable":true,"href":"http:\/\/www.tvturk.com\/index.php\/wp-json\/wp\/v2\/media\/55825"}],"wp:attachment":[{"href":"http:\/\/www.tvturk.com\/index.php\/wp-json\/wp\/v2\/media?parent=55824"}],"wp:term":[{"taxonomy":"category","embeddable":true,"href":"http:\/\/www.tvturk.com\/index.php\/wp-json\/wp\/v2\/categories?post=55824"},{"taxonomy":"post_tag","embeddable":true,"href":"http:\/\/www.tvturk.com\/index.php\/wp-json\/wp\/v2\/tags?post=55824"}],"curies":[{"name":"wp","href":"https:\/\/api.w.org\/{rel}","templated":true}]}}