{"id":5583,"date":"2019-02-06T16:55:05","date_gmt":"2019-02-06T13:55:05","guid":{"rendered":"http:\/\/www.tvturk.com\/index.php\/2019\/02\/06\/jandarma-koy-okul-onlerinde-oncelik-hayatin-oncelik-yayanin-uygulamasi-yapti\/"},"modified":"2019-02-06T16:55:07","modified_gmt":"2019-02-06T13:55:07","slug":"jandarma-koy-okul-onlerinde-oncelik-hayatin-oncelik-yayanin-uygulamasi-yapti","status":"publish","type":"post","link":"http:\/\/www.tvturk.com\/index.php\/jandarma-koy-okul-onlerinde-oncelik-hayatin-oncelik-yayanin-uygulamasi-yapti\/","title":{"rendered":"Jandarma k\u00f6y okul \u00f6nlerinde \u2019\u00d6ncelik hayat\u0131n, \u00f6ncelik yayan\u0131n\u2019 uygulamas\u0131 yapt\u0131"},"content":{"rendered":"<p>Bilecik\u2019in Osmaneli \u0130l\u00e7e Jandarma Komutanl\u0131\u011f\u0131\u2019na ba\u011fl\u0131 ekipler k\u00f6y okul \u00f6nlerinde okul \u00e7\u0131k\u0131\u015f saatlerin de \u2019\u00d6ncelik hayat\u0131n, \u00f6ncelik yayan\u0131n\u2019 uygulamas\u0131 yapt\u0131.<\/p>\n<p>K\u00f6y okullar\u0131 \u00f6n\u00fcnde yap\u0131lan uygulamada, \u00f6\u011frencilerinin okul \u00e7\u0131k\u0131\u015f\u0131 yaya ge\u00e7idinden ge\u00e7i\u015fleri esnas\u0131nda jandarma ekipleri \u00f6\u011frencilere yard\u0131mc\u0131 olurken, s\u00fcr\u00fcc\u00fcler yaya ge\u00e7i\u015f \u00fcst\u00fcnl\u00fc\u011f\u00fc konusunda hem uyar\u0131ld\u0131, hem de yaya ge\u00e7i\u015finin \u00f6nceli\u011fini hat\u0131rlat\u0131ld\u0131.<\/p>\n<p>&#8220;2019 y\u0131l\u0131n\u0131n \u2018Yaya \u00f6ncelikli Trafik\u2019 y\u0131l\u0131 ilan edilmesinin ard\u0131ndan T\u00fcrkiye genelinde ger\u00e7ekle\u015ftirilen genel uygulaman\u0131n ilkini bug\u00fcn k\u00f6y okullar\u0131 \u00f6n\u00fcnde yapt\u0131k&#8221; diyen Jandarma Karakol Komutan\u0131 Feramuz Y\u0131ld\u0131z, \u201cK\u00f6y okullar\u0131m\u0131z \u00f6n\u00fcnde jandarma ekiplerimiz ile birlikte yaya ge\u00e7i\u015flerinde ve okul \u00f6nlerinde yayalar\u0131n ge\u00e7i\u015f \u00fcst\u00fcnl\u00fc\u011f\u00fc konusunda s\u00fcr\u00fcc\u00fclere yayalara ge\u00e7i\u015f \u00fcst\u00fcnl\u00fc\u011f\u00fcn\u00fcn verilmesi konusunda uyar\u0131da bulununduk. Yaya ge\u00e7i\u015f \u00fcst\u00fcnl\u00fc\u011f\u00fcn\u00fcn fark\u0131ndal\u0131k olu\u015fturmas\u0131n\u0131 ama\u00e7layan uygulama esnas\u0131nda hem s\u00fcr\u00fcc\u00fclere, hem de yayalara bro\u015f\u00fcr da\u011f\u0131t\u0131larak bilgilendirme yapt\u0131k\u201d dedi.<\/p>\n<p>Y\u0131ld\u0131z, \u2018\u00d6ncelik hayat\u0131n, \u00f6ncelik yayan\u0131n\u2019 slogan\u0131 ile ger\u00e7ekle\u015ftirilen etkinli\u011fin Karayollar\u0131 Trafik Kanununda yap\u0131lan de\u011fi\u015fiklik ile \u2018S\u00fcr\u00fcc\u00fcler, g\u00f6revli bir ki\u015fi veya \u0131\u015f\u0131kl\u0131 trafik i\u015fareti bulunmayan, ancak trafik i\u015fareti ve levhalar\u0131yla belirlenmi\u015f kav\u015fak giri\u015f ve \u00e7\u0131k\u0131\u015flar\u0131 ile yaya ve okul ge\u00e7itlerine yakla\u015f\u0131rken yava\u015flamak, varsa buralardan ge\u00e7en veya ge\u00e7mek \u00fczere bulunan yayalara durarak ilk ge\u00e7i\u015f hakk\u0131n\u0131 vermek zorundad\u0131r\u201d dedi.<div class=\"tiled-gallery type-rectangular tiled-gallery-unresized\" data-original-width=\"500\" data-carousel-extra='null' itemscope itemtype=\"http:\/\/schema.org\/ImageGallery\" > <div class=\"gallery-row\" style=\"width: 500px; height: 442px;\" data-original-width=\"500\" data-original-height=\"442\" > <div class=\"gallery-group images-1\" style=\"width: 250px; height: 442px;\" data-original-width=\"250\" data-original-height=\"442\" > <div class=\"tiled-gallery-item tiled-gallery-item-small\" itemprop=\"associatedMedia\" itemscope itemtype=\"http:\/\/schema.org\/ImageObject\"> <a href=\"http:\/\/www.tvturk.com\/index.php\/jandarma-koy-okul-onlerinde-oncelik-hayatin-oncelik-yayanin-uygulamasi-yapti\/jandarma-koy-okul-onlerinde-oncelik-hayatin-oncelik-yayanin-uygulamasi-yapti-3\/\" border=\"0\" itemprop=\"url\"> <meta itemprop=\"width\" content=\"246\"> <meta itemprop=\"height\" content=\"438\"> <img decoding=\"async\" class=\"\" data-attachment-id=\"5585\" data-orig-file=\"http:\/\/www.tvturk.com\/wp-content\/uploads\/2019\/02\/jandarma-koy-okul-onlerinde-oncelik-hayatin-oncelik-yayanin-uygulamasi-yapti_90d8267.jpg\" data-orig-size=\"562,1000\" data-comments-opened=\"\" data-image-meta=\"{&quot;aperture&quot;:&quot;0&quot;,&quot;credit&quot;:&quot;IHA&quot;,&quot;camera&quot;:&quot;&quot;,&quot;caption&quot;:&quot;B\\u0130LEC\\u0130K\\u2019\\u0130N OSMANEL\\u0130 \\u0130L\\u00c7E JANDARMA KOMUTANLI\\u011eI\\u2019NA BA\\u011eLI EK\\u0130PLER K\\u00d6Y OKUL \\u00d6NLER\\u0130NDE OKUL \\u00c7IKI\\u015e SAATLER\\u0130N DE \\u00d6NCEL\\u0130K HAYATIN \\u00d6NCEL\\u0130K YAYANIN UYGULAMASI YAPTI (ZUHAL ZENG\\u0130N\\\/B\\u0130LEC\\u0130K-\\u0130HA)&quot;,&quot;created_timestamp&quot;:&quot;0&quot;,&quot;copyright&quot;:&quot;\\u0130HLAS HABER AJANSI, www.iha.com.tr&quot;,&quot;focal_length&quot;:&quot;0&quot;,&quot;iso&quot;:&quot;0&quot;,&quot;shutter_speed&quot;:&quot;0&quot;,&quot;title&quot;:&quot;JANDARMA K\\u00d6Y OKUL \\u00d6NLER\\u0130NDE \\u0027\\u00d6NCEL\\u0130K HAYATIN, \\u00d6NCEL\\u0130K YAYANIN\\u0027 UYGULAMASI YAPTI&quot;,&quot;orientation&quot;:&quot;0&quot;}\" data-image-title=\"Jandarma k\u00f6y okul \u00f6nlerinde \u2019\u00d6ncelik hayat\u0131n, \u00f6ncelik yayan\u0131n\u2019 uygulamas\u0131 yapt\u0131\" data-image-description=\"&lt;p&gt;Jandarma k\u00f6y okul \u00f6nlerinde \u2019\u00d6ncelik hayat\u0131n, \u00f6ncelik yayan\u0131n\u2019 uygulamas\u0131 yapt\u0131&lt;\/p&gt; \" data-medium-file=\"https:\/\/i0.wp.com\/www.tvturk.com\/wp-content\/uploads\/2019\/02\/jandarma-koy-okul-onlerinde-oncelik-hayatin-oncelik-yayanin-uygulamasi-yapti_90d8267.jpg?fit=169%2C300\" data-large-file=\"https:\/\/i0.wp.com\/www.tvturk.com\/wp-content\/uploads\/2019\/02\/jandarma-koy-okul-onlerinde-oncelik-hayatin-oncelik-yayanin-uygulamasi-yapti_90d8267.jpg?fit=562%2C1000\" src=\"https:\/\/i0.wp.com\/www.tvturk.com\/wp-content\/uploads\/2019\/02\/jandarma-koy-okul-onlerinde-oncelik-hayatin-oncelik-yayanin-uygulamasi-yapti_90d8267.jpg?w=246&#038;h=438\" srcset=\"https:\/\/i0.wp.com\/www.tvturk.com\/wp-content\/uploads\/2019\/02\/jandarma-koy-okul-onlerinde-oncelik-hayatin-oncelik-yayanin-uygulamasi-yapti_90d8267.jpg?w=562 562w, https:\/\/i0.wp.com\/www.tvturk.com\/wp-content\/uploads\/2019\/02\/jandarma-koy-okul-onlerinde-oncelik-hayatin-oncelik-yayanin-uygulamasi-yapti_90d8267.jpg?resize=84%2C150 84w, https:\/\/i0.wp.com\/www.tvturk.com\/wp-content\/uploads\/2019\/02\/jandarma-koy-okul-onlerinde-oncelik-hayatin-oncelik-yayanin-uygulamasi-yapti_90d8267.jpg?resize=169%2C300 169w\" width=\"246\" height=\"438\" loading=\"lazy\" data-original-width=\"246\" data-original-height=\"438\" itemprop=\"http:\/\/schema.org\/image\" title=\"Jandarma k\u00f6y okul \u00f6nlerinde \u2019\u00d6ncelik hayat\u0131n, \u00f6ncelik yayan\u0131n\u2019 uygulamas\u0131 yapt\u0131\" alt=\"Jandarma k\u00f6y okul \u00f6nlerinde \u2019\u00d6ncelik hayat\u0131n, \u00f6ncelik yayan\u0131n\u2019 uygulamas\u0131 yapt\u0131\" style=\"width: 246px; height: 438px;\" \/> <\/a> <\/div> <\/div> <!-- close group --> <div class=\"gallery-group images-1\" style=\"width: 250px; height: 442px;\" data-original-width=\"250\" data-original-height=\"442\" > <div class=\"tiled-gallery-item tiled-gallery-item-small\" itemprop=\"associatedMedia\" itemscope itemtype=\"http:\/\/schema.org\/ImageObject\"> <a href=\"http:\/\/www.tvturk.com\/index.php\/jandarma-koy-okul-onlerinde-oncelik-hayatin-oncelik-yayanin-uygulamasi-yapti\/jandarma-koy-okul-onlerinde-oncelik-hayatin-oncelik-yayanin-uygulamasi-yapti-4\/\" border=\"0\" itemprop=\"url\"> <meta itemprop=\"width\" content=\"246\"> <meta itemprop=\"height\" content=\"438\"> <img decoding=\"async\" class=\"\" data-attachment-id=\"5586\" data-orig-file=\"http:\/\/www.tvturk.com\/wp-content\/uploads\/2019\/02\/jandarma-koy-okul-onlerinde-oncelik-hayatin-oncelik-yayanin-uygulamasi-yapti_a45f1df.jpg\" data-orig-size=\"562,1000\" data-comments-opened=\"\" data-image-meta=\"{&quot;aperture&quot;:&quot;0&quot;,&quot;credit&quot;:&quot;IHA&quot;,&quot;camera&quot;:&quot;&quot;,&quot;caption&quot;:&quot;B\\u0130LEC\\u0130K\\u2019\\u0130N OSMANEL\\u0130 \\u0130L\\u00c7E JANDARMA KOMUTANLI\\u011eI\\u2019NA BA\\u011eLI EK\\u0130PLER K\\u00d6Y OKUL \\u00d6NLER\\u0130NDE OKUL \\u00c7IKI\\u015e SAATLER\\u0130N DE \\u00d6NCEL\\u0130K HAYATIN \\u00d6NCEL\\u0130K YAYANIN UYGULAMASI YAPTI (ZUHAL ZENG\\u0130N\\\/B\\u0130LEC\\u0130K-\\u0130HA)&quot;,&quot;created_timestamp&quot;:&quot;0&quot;,&quot;copyright&quot;:&quot;\\u0130HLAS HABER AJANSI, www.iha.com.tr&quot;,&quot;focal_length&quot;:&quot;0&quot;,&quot;iso&quot;:&quot;0&quot;,&quot;shutter_speed&quot;:&quot;0&quot;,&quot;title&quot;:&quot;JANDARMA K\\u00d6Y OKUL \\u00d6NLER\\u0130NDE \\u0027\\u00d6NCEL\\u0130K HAYATIN, \\u00d6NCEL\\u0130K YAYANIN\\u0027 UYGULAMASI YAPTI&quot;,&quot;orientation&quot;:&quot;0&quot;}\" data-image-title=\"Jandarma k\u00f6y okul \u00f6nlerinde \u2019\u00d6ncelik hayat\u0131n, \u00f6ncelik yayan\u0131n\u2019 uygulamas\u0131 yapt\u0131\" data-image-description=\"&lt;p&gt;Jandarma k\u00f6y okul \u00f6nlerinde \u2019\u00d6ncelik hayat\u0131n, \u00f6ncelik yayan\u0131n\u2019 uygulamas\u0131 yapt\u0131&lt;\/p&gt; \" data-medium-file=\"https:\/\/i0.wp.com\/www.tvturk.com\/wp-content\/uploads\/2019\/02\/jandarma-koy-okul-onlerinde-oncelik-hayatin-oncelik-yayanin-uygulamasi-yapti_a45f1df.jpg?fit=169%2C300\" data-large-file=\"https:\/\/i0.wp.com\/www.tvturk.com\/wp-content\/uploads\/2019\/02\/jandarma-koy-okul-onlerinde-oncelik-hayatin-oncelik-yayanin-uygulamasi-yapti_a45f1df.jpg?fit=562%2C1000\" src=\"https:\/\/i0.wp.com\/www.tvturk.com\/wp-content\/uploads\/2019\/02\/jandarma-koy-okul-onlerinde-oncelik-hayatin-oncelik-yayanin-uygulamasi-yapti_a45f1df.jpg?w=246&#038;h=438\" srcset=\"https:\/\/i0.wp.com\/www.tvturk.com\/wp-content\/uploads\/2019\/02\/jandarma-koy-okul-onlerinde-oncelik-hayatin-oncelik-yayanin-uygulamasi-yapti_a45f1df.jpg?w=562 562w, https:\/\/i0.wp.com\/www.tvturk.com\/wp-content\/uploads\/2019\/02\/jandarma-koy-okul-onlerinde-oncelik-hayatin-oncelik-yayanin-uygulamasi-yapti_a45f1df.jpg?resize=84%2C150 84w, https:\/\/i0.wp.com\/www.tvturk.com\/wp-content\/uploads\/2019\/02\/jandarma-koy-okul-onlerinde-oncelik-hayatin-oncelik-yayanin-uygulamasi-yapti_a45f1df.jpg?resize=169%2C300 169w\" width=\"246\" height=\"438\" loading=\"lazy\" data-original-width=\"246\" data-original-height=\"438\" itemprop=\"http:\/\/schema.org\/image\" title=\"Jandarma k\u00f6y okul \u00f6nlerinde \u2019\u00d6ncelik hayat\u0131n, \u00f6ncelik yayan\u0131n\u2019 uygulamas\u0131 yapt\u0131\" alt=\"Jandarma k\u00f6y okul \u00f6nlerinde \u2019\u00d6ncelik hayat\u0131n, \u00f6ncelik yayan\u0131n\u2019 uygulamas\u0131 yapt\u0131\" style=\"width: 246px; height: 438px;\" \/> <\/a> <\/div> <\/div> <!-- close group --> <\/div> <!-- close row --> <\/div><\/p>\n","protected":false},"excerpt":{"rendered":"<p>B\u0130LEC\u0130K\u2019\u0130N OSMANEL\u0130 \u0130L\u00c7E JANDARMA KOMUTANLI\u011eI\u2019NA BA\u011eLI EK\u0130PLER K\u00d6Y OKUL \u00d6NLER\u0130NDE OKUL \u00c7IKI\u015e SAATLER\u0130N DE \u00d6NCEL\u0130K HAYATIN \u00d6NCEL\u0130K YAYANIN UYGULAMASI YAPTI<\/p>\n","protected":false},"author":1,"featured_media":5584,"comment_status":"closed","ping_status":"open","sticky":false,"template":"","format":"standard","meta":{"jetpack_post_was_ever_published":false,"_jetpack_newsletter_access":"","_jetpack_dont_email_post_to_subs":false,"_jetpack_newsletter_tier_id":0,"_jetpack_memberships_contains_paywalled_content":false,"_jetpack_memberships_contains_paid_content":false,"footnotes":"","jetpack_publicize_message":"","jetpack_publicize_feature_enabled":true,"jetpack_social_post_already_shared":false,"jetpack_social_options":{"image_generator_settings":{"template":"highway","default_image_id":0,"font":"","enabled":false},"version":2}},"categories":[1],"tags":[1962,1963,942,1703,120,3036,861,292,1964],"class_list":["post-5583","post","type-post","status-publish","format-standard","has-post-thumbnail","hentry","category-genel","tag-oncelik","tag-hayatin","tag-jandarma","tag-koy","tag-okul","tag-onlerinde","tag-uygulamasi","tag-yapti","tag-yayanin"],"jetpack_publicize_connections":[],"jetpack_featured_media_url":"https:\/\/i0.wp.com\/www.tvturk.com\/wp-content\/uploads\/2019\/02\/jandarma-koy-okul-onlerinde-oncelik-hayatin-oncelik-yayanin-uygulamasi-yapti_c28c52d.jpg?fit=1000%2C747","jetpack_sharing_enabled":true,"jetpack_shortlink":"https:\/\/wp.me\/paKIfm-1s3","_links":{"self":[{"href":"http:\/\/www.tvturk.com\/index.php\/wp-json\/wp\/v2\/posts\/5583","targetHints":{"allow":["GET"]}}],"collection":[{"href":"http:\/\/www.tvturk.com\/index.php\/wp-json\/wp\/v2\/posts"}],"about":[{"href":"http:\/\/www.tvturk.com\/index.php\/wp-json\/wp\/v2\/types\/post"}],"author":[{"embeddable":true,"href":"http:\/\/www.tvturk.com\/index.php\/wp-json\/wp\/v2\/users\/1"}],"replies":[{"embeddable":true,"href":"http:\/\/www.tvturk.com\/index.php\/wp-json\/wp\/v2\/comments?post=5583"}],"version-history":[{"count":1,"href":"http:\/\/www.tvturk.com\/index.php\/wp-json\/wp\/v2\/posts\/5583\/revisions"}],"predecessor-version":[{"id":5587,"href":"http:\/\/www.tvturk.com\/index.php\/wp-json\/wp\/v2\/posts\/5583\/revisions\/5587"}],"wp:featuredmedia":[{"embeddable":true,"href":"http:\/\/www.tvturk.com\/index.php\/wp-json\/wp\/v2\/media\/5584"}],"wp:attachment":[{"href":"http:\/\/www.tvturk.com\/index.php\/wp-json\/wp\/v2\/media?parent=5583"}],"wp:term":[{"taxonomy":"category","embeddable":true,"href":"http:\/\/www.tvturk.com\/index.php\/wp-json\/wp\/v2\/categories?post=5583"},{"taxonomy":"post_tag","embeddable":true,"href":"http:\/\/www.tvturk.com\/index.php\/wp-json\/wp\/v2\/tags?post=5583"}],"curies":[{"name":"wp","href":"https:\/\/api.w.org\/{rel}","templated":true}]}}