{"id":55948,"date":"2019-02-23T09:13:22","date_gmt":"2019-02-23T06:13:22","guid":{"rendered":"http:\/\/www.tvturk.com\/index.php\/milli-savunma-bakani-akar-abdde\/"},"modified":"2019-02-23T09:13:25","modified_gmt":"2019-02-23T06:13:25","slug":"milli-savunma-bakani-akar-abdde","status":"publish","type":"post","link":"http:\/\/www.tvturk.com\/index.php\/milli-savunma-bakani-akar-abdde\/","title":{"rendered":"Milli Savunma Bakan\u0131 Akar ABD\u2019de"},"content":{"rendered":"<p>Milli Savunma Bakan\u0131 Hulusi Akar ve ABD Savunma Bakan Vekili Patrick Shanahan, Pentagon\u2019da bir araya geldi.<\/p>\n<p>ABD\u2019ye ziyaret d\u00fczenleyen Mill\u00ee Savunma Bakan\u0131 Hulusi Akar ve Genelkurmay Ba\u015fkan\u0131 Orgeneral Ya\u015far G\u00fcler, Pentagon\u2019a geli\u015flerinde ABD Savunma Bakan vekili Patrick Shanahan, ABD Genelkurmay Ba\u015fkan\u0131 Orgeneral Joseph Dunford ve di\u011fer yetkililerce askeri t\u00f6renle kar\u015f\u0131land\u0131. Resmi t\u00f6ren sonras\u0131 Akar program\u0131 kapsam\u0131nda ABD Savunma Bakan Vekili Patrick Shanahan ile ABD Savunma Bakanl\u0131\u011f\u0131 Pentagon\u2019da bir araya geldi. \u0130kili, g\u00f6r\u00fc\u015fmede savunma i\u015fbirli\u011fi konular\u0131, Suriye\u2019de DEA\u015e\u2019a kar\u015f\u0131 y\u00fcr\u00fct\u00fclen operasyonlar, ABD taraf\u0131ndan YPG\/PYD\u2019ye verilen destekle ilgili T\u00fcrkiye\u2019nin endi\u015feleri de dahil olmak \u00fczere \u00e7e\u015fitli konular\u0131 ele ald\u0131.<\/p>\n<p>Milli Savunma Bakanl\u0131\u011f\u0131 taraf\u0131ndan yap\u0131lan a\u00e7\u0131klamada, &#8220;Suriye\u2019nin siyasi birli\u011fi ve toprak b\u00fct\u00fcnl\u00fc\u011f\u00fcn\u00fcn sa\u011flanmas\u0131na y\u00f6nelik i\u015fbirli\u011finin \u00f6nemine de\u011finen Bakan Akar, T\u00fcrkiye\u2019nin  PKK, YPG, PYD, DEA\u015e ve FET\u00d6 dahil t\u00fcm ter\u00f6r \u00f6rg\u00fctleri ile m\u00fccadelesindeki kararl\u0131l\u0131\u011f\u0131n\u0131 vurgulad\u0131. \u0130ki Bakan, g\u00f6r\u00fc\u015fmede, \u00fclkeleri aras\u0131nda k\u00f6kl\u00fc ge\u00e7mi\u015fe sahip stratejik ortakl\u0131\u011f\u0131n ve Afganistan, Kosova, Irak ve NATO\u2019nun Deniz Faaliyetleri dahil olmak \u00fczere NATO ittifak\u0131 i\u00e7erisinde devam eden i\u015fbirli\u011finin \u00f6nemini yineledi&#8221; denildi<div class=\"tiled-gallery type-rectangular tiled-gallery-unresized\" data-original-width=\"500\" data-carousel-extra='null' itemscope itemtype=\"http:\/\/schema.org\/ImageGallery\" > <div class=\"gallery-row\" style=\"width: 500px; height: 224px;\" data-original-width=\"500\" data-original-height=\"224\" > <div class=\"gallery-group images-1\" style=\"width: 335px; height: 224px;\" data-original-width=\"335\" data-original-height=\"224\" > <div class=\"tiled-gallery-item tiled-gallery-item-large\" itemprop=\"associatedMedia\" itemscope itemtype=\"http:\/\/schema.org\/ImageObject\"> <a href=\"http:\/\/www.tvturk.com\/index.php\/milli-savunma-bakani-akar-abdde\/milli-savunma-bakani-akar-abdde-3\/\" border=\"0\" itemprop=\"url\"> <meta itemprop=\"width\" content=\"331\"> <meta itemprop=\"height\" content=\"220\"> <img decoding=\"async\" class=\"\" data-attachment-id=\"55950\" data-orig-file=\"http:\/\/www.tvturk.com\/wp-content\/uploads\/2019\/02\/milli-savunma-bakani-akar-abdde_d761491.jpg\" data-orig-size=\"1000,666\" data-comments-opened=\"\" data-image-meta=\"{&quot;aperture&quot;:&quot;0&quot;,&quot;credit&quot;:&quot;IHA&quot;,&quot;camera&quot;:&quot;&quot;,&quot;caption&quot;:&quot;M\\u0130LL\\u0130 SAVUNMA BAKANI HULUS\\u0130 AKAR VE ABD SAVUNMA BAKAN VEK\\u0130L\\u0130 PATR\\u0130CK SHANAHAN, PENTAGON\\u0027DA B\\u0130R ARAYA GELD\\u0130. (\\u0130HA\\\/WASHINGTON-\\u0130HA)&quot;,&quot;created_timestamp&quot;:&quot;0&quot;,&quot;copyright&quot;:&quot;\\u0130HLAS HABER AJANSI, www.iha.com.tr&quot;,&quot;focal_length&quot;:&quot;0&quot;,&quot;iso&quot;:&quot;0&quot;,&quot;shutter_speed&quot;:&quot;0&quot;,&quot;title&quot;:&quot;M\\u0130LL\\u0130 SAVUNMA BAKANI AKAR ABD\\u0027DE M\\u0130LL\\u0130 SAVUNMA BAKANI AKAR, ABD SAVUNMA BAKANI VEK\\u0130L\\u0130 SHANAHAN \\u0130LE G\\u00d6R\\u00dc\\u015eT\\u00dc&quot;,&quot;orientation&quot;:&quot;0&quot;}\" data-image-title=\"Milli Savunma Bakan\u0131 Akar ABD\u2019de\" data-image-description=\"&lt;p&gt;Milli Savunma Bakan\u0131 Akar ABD\u2019de&lt;\/p&gt; \" data-medium-file=\"https:\/\/i0.wp.com\/www.tvturk.com\/wp-content\/uploads\/2019\/02\/milli-savunma-bakani-akar-abdde_d761491.jpg?fit=300%2C200\" data-large-file=\"https:\/\/i0.wp.com\/www.tvturk.com\/wp-content\/uploads\/2019\/02\/milli-savunma-bakani-akar-abdde_d761491.jpg?fit=1000%2C666\" src=\"https:\/\/i0.wp.com\/www.tvturk.com\/wp-content\/uploads\/2019\/02\/milli-savunma-bakani-akar-abdde_d761491.jpg?w=331&#038;h=220\" srcset=\"https:\/\/i0.wp.com\/www.tvturk.com\/wp-content\/uploads\/2019\/02\/milli-savunma-bakani-akar-abdde_d761491.jpg?w=1000 1000w, https:\/\/i0.wp.com\/www.tvturk.com\/wp-content\/uploads\/2019\/02\/milli-savunma-bakani-akar-abdde_d761491.jpg?resize=150%2C100 150w, https:\/\/i0.wp.com\/www.tvturk.com\/wp-content\/uploads\/2019\/02\/milli-savunma-bakani-akar-abdde_d761491.jpg?resize=300%2C200 300w, https:\/\/i0.wp.com\/www.tvturk.com\/wp-content\/uploads\/2019\/02\/milli-savunma-bakani-akar-abdde_d761491.jpg?resize=768%2C511 768w, https:\/\/i0.wp.com\/www.tvturk.com\/wp-content\/uploads\/2019\/02\/milli-savunma-bakani-akar-abdde_d761491.jpg?resize=170%2C113 170w, https:\/\/i0.wp.com\/www.tvturk.com\/wp-content\/uploads\/2019\/02\/milli-savunma-bakani-akar-abdde_d761491.jpg?resize=120%2C80 120w\" width=\"331\" height=\"220\" loading=\"lazy\" data-original-width=\"331\" data-original-height=\"220\" itemprop=\"http:\/\/schema.org\/image\" title=\"Milli Savunma Bakan\u0131 Akar ABD\u2019de\" alt=\"Milli Savunma Bakan\u0131 Akar ABD\u2019de\" style=\"width: 331px; height: 220px;\" \/> <\/a> <\/div> <\/div> <!-- close group --> <div class=\"gallery-group images-2\" style=\"width: 165px; height: 224px;\" data-original-width=\"165\" data-original-height=\"224\" > <div class=\"tiled-gallery-item tiled-gallery-item-small\" itemprop=\"associatedMedia\" itemscope itemtype=\"http:\/\/schema.org\/ImageObject\"> <a href=\"http:\/\/www.tvturk.com\/index.php\/milli-savunma-bakani-akar-abdde\/milli-savunma-bakani-akar-abdde-4\/\" border=\"0\" itemprop=\"url\"> <meta itemprop=\"width\" content=\"161\"> <meta itemprop=\"height\" content=\"109\"> <img decoding=\"async\" class=\"\" data-attachment-id=\"55951\" data-orig-file=\"http:\/\/www.tvturk.com\/wp-content\/uploads\/2019\/02\/milli-savunma-bakani-akar-abdde_f77d528.jpg\" data-orig-size=\"1000,679\" data-comments-opened=\"\" data-image-meta=\"{&quot;aperture&quot;:&quot;0&quot;,&quot;credit&quot;:&quot;IHA&quot;,&quot;camera&quot;:&quot;&quot;,&quot;caption&quot;:&quot;M\\u0130LL\\u0130 SAVUNMA BAKANI HULUS\\u0130 AKAR VE ABD SAVUNMA BAKAN VEK\\u0130L\\u0130 PATR\\u0130CK SHANAHAN, PENTAGON\\u0027DA B\\u0130R ARAYA GELD\\u0130. (\\u0130HA\\\/WASHINGTON-\\u0130HA)&quot;,&quot;created_timestamp&quot;:&quot;0&quot;,&quot;copyright&quot;:&quot;\\u0130HLAS HABER AJANSI, www.iha.com.tr&quot;,&quot;focal_length&quot;:&quot;0&quot;,&quot;iso&quot;:&quot;0&quot;,&quot;shutter_speed&quot;:&quot;0&quot;,&quot;title&quot;:&quot;M\\u0130LL\\u0130 SAVUNMA BAKANI AKAR ABD\\u0027DE M\\u0130LL\\u0130 SAVUNMA BAKANI AKAR, ABD SAVUNMA BAKANI VEK\\u0130L\\u0130 SHANAHAN \\u0130LE G\\u00d6R\\u00dc\\u015eT\\u00dc&quot;,&quot;orientation&quot;:&quot;0&quot;}\" data-image-title=\"Milli Savunma Bakan\u0131 Akar ABD\u2019de\" data-image-description=\"&lt;p&gt;Milli Savunma Bakan\u0131 Akar ABD\u2019de&lt;\/p&gt; \" data-medium-file=\"https:\/\/i0.wp.com\/www.tvturk.com\/wp-content\/uploads\/2019\/02\/milli-savunma-bakani-akar-abdde_f77d528.jpg?fit=300%2C204\" data-large-file=\"https:\/\/i0.wp.com\/www.tvturk.com\/wp-content\/uploads\/2019\/02\/milli-savunma-bakani-akar-abdde_f77d528.jpg?fit=1000%2C679\" src=\"https:\/\/i0.wp.com\/www.tvturk.com\/wp-content\/uploads\/2019\/02\/milli-savunma-bakani-akar-abdde_f77d528.jpg?w=161&#038;h=109\" srcset=\"https:\/\/i0.wp.com\/www.tvturk.com\/wp-content\/uploads\/2019\/02\/milli-savunma-bakani-akar-abdde_f77d528.jpg?w=1000 1000w, https:\/\/i0.wp.com\/www.tvturk.com\/wp-content\/uploads\/2019\/02\/milli-savunma-bakani-akar-abdde_f77d528.jpg?resize=150%2C102 150w, https:\/\/i0.wp.com\/www.tvturk.com\/wp-content\/uploads\/2019\/02\/milli-savunma-bakani-akar-abdde_f77d528.jpg?resize=300%2C204 300w, https:\/\/i0.wp.com\/www.tvturk.com\/wp-content\/uploads\/2019\/02\/milli-savunma-bakani-akar-abdde_f77d528.jpg?resize=768%2C521 768w, https:\/\/i0.wp.com\/www.tvturk.com\/wp-content\/uploads\/2019\/02\/milli-savunma-bakani-akar-abdde_f77d528.jpg?resize=120%2C80 120w, https:\/\/i0.wp.com\/www.tvturk.com\/wp-content\/uploads\/2019\/02\/milli-savunma-bakani-akar-abdde_f77d528.jpg?resize=80%2C55 80w\" width=\"161\" height=\"109\" loading=\"lazy\" data-original-width=\"161\" data-original-height=\"109\" itemprop=\"http:\/\/schema.org\/image\" title=\"Milli Savunma Bakan\u0131 Akar ABD\u2019de\" alt=\"Milli Savunma Bakan\u0131 Akar ABD\u2019de\" style=\"width: 161px; height: 109px;\" \/> <\/a> <\/div> <div class=\"tiled-gallery-item tiled-gallery-item-small\" itemprop=\"associatedMedia\" itemscope itemtype=\"http:\/\/schema.org\/ImageObject\"> <a href=\"http:\/\/www.tvturk.com\/index.php\/milli-savunma-bakani-akar-abdde\/milli-savunma-bakani-akar-abdde-5\/\" border=\"0\" itemprop=\"url\"> <meta itemprop=\"width\" content=\"161\"> <meta itemprop=\"height\" content=\"107\"> <img decoding=\"async\" class=\"\" data-attachment-id=\"55952\" data-orig-file=\"http:\/\/www.tvturk.com\/wp-content\/uploads\/2019\/02\/milli-savunma-bakani-akar-abdde_966fd8f.jpg\" data-orig-size=\"1000,666\" data-comments-opened=\"\" data-image-meta=\"{&quot;aperture&quot;:&quot;0&quot;,&quot;credit&quot;:&quot;IHA&quot;,&quot;camera&quot;:&quot;&quot;,&quot;caption&quot;:&quot;M\\u0130LL\\u0130 SAVUNMA BAKANI HULUS\\u0130 AKAR VE ABD SAVUNMA BAKAN VEK\\u0130L\\u0130 PATR\\u0130CK SHANAHAN, PENTAGON\\u0027DA B\\u0130R ARAYA GELD\\u0130. (\\u0130HA\\\/WASHINGTON-\\u0130HA)&quot;,&quot;created_timestamp&quot;:&quot;0&quot;,&quot;copyright&quot;:&quot;\\u0130HLAS HABER AJANSI, www.iha.com.tr&quot;,&quot;focal_length&quot;:&quot;0&quot;,&quot;iso&quot;:&quot;0&quot;,&quot;shutter_speed&quot;:&quot;0&quot;,&quot;title&quot;:&quot;M\\u0130LL\\u0130 SAVUNMA BAKANI AKAR ABD\\u0027DE M\\u0130LL\\u0130 SAVUNMA BAKANI AKAR, ABD SAVUNMA BAKANI VEK\\u0130L\\u0130 SHANAHAN \\u0130LE G\\u00d6R\\u00dc\\u015eT\\u00dc&quot;,&quot;orientation&quot;:&quot;0&quot;}\" data-image-title=\"Milli Savunma Bakan\u0131 Akar ABD\u2019de\" data-image-description=\"&lt;p&gt;Milli Savunma Bakan\u0131 Akar ABD\u2019de&lt;\/p&gt; \" data-medium-file=\"https:\/\/i0.wp.com\/www.tvturk.com\/wp-content\/uploads\/2019\/02\/milli-savunma-bakani-akar-abdde_966fd8f.jpg?fit=300%2C200\" data-large-file=\"https:\/\/i0.wp.com\/www.tvturk.com\/wp-content\/uploads\/2019\/02\/milli-savunma-bakani-akar-abdde_966fd8f.jpg?fit=1000%2C666\" src=\"https:\/\/i0.wp.com\/www.tvturk.com\/wp-content\/uploads\/2019\/02\/milli-savunma-bakani-akar-abdde_966fd8f.jpg?w=161&#038;h=107\" srcset=\"https:\/\/i0.wp.com\/www.tvturk.com\/wp-content\/uploads\/2019\/02\/milli-savunma-bakani-akar-abdde_966fd8f.jpg?w=1000 1000w, https:\/\/i0.wp.com\/www.tvturk.com\/wp-content\/uploads\/2019\/02\/milli-savunma-bakani-akar-abdde_966fd8f.jpg?resize=150%2C100 150w, https:\/\/i0.wp.com\/www.tvturk.com\/wp-content\/uploads\/2019\/02\/milli-savunma-bakani-akar-abdde_966fd8f.jpg?resize=300%2C200 300w, https:\/\/i0.wp.com\/www.tvturk.com\/wp-content\/uploads\/2019\/02\/milli-savunma-bakani-akar-abdde_966fd8f.jpg?resize=768%2C511 768w, https:\/\/i0.wp.com\/www.tvturk.com\/wp-content\/uploads\/2019\/02\/milli-savunma-bakani-akar-abdde_966fd8f.jpg?resize=170%2C113 170w, https:\/\/i0.wp.com\/www.tvturk.com\/wp-content\/uploads\/2019\/02\/milli-savunma-bakani-akar-abdde_966fd8f.jpg?resize=120%2C80 120w\" width=\"161\" height=\"107\" loading=\"lazy\" data-original-width=\"161\" data-original-height=\"107\" itemprop=\"http:\/\/schema.org\/image\" title=\"Milli Savunma Bakan\u0131 Akar ABD\u2019de\" alt=\"Milli Savunma Bakan\u0131 Akar ABD\u2019de\" style=\"width: 161px; height: 107px;\" \/> <\/a> <\/div> <\/div> <!-- close group --> <\/div> <!-- close row --> <div class=\"gallery-row\" style=\"width: 500px; height: 335px;\" data-original-width=\"500\" data-original-height=\"335\" > <div class=\"gallery-group images-1\" style=\"width: 500px; height: 335px;\" data-original-width=\"500\" data-original-height=\"335\" > <div class=\"tiled-gallery-item tiled-gallery-item-large\" itemprop=\"associatedMedia\" itemscope itemtype=\"http:\/\/schema.org\/ImageObject\"> <a href=\"http:\/\/www.tvturk.com\/index.php\/milli-savunma-bakani-akar-abdde\/milli-savunma-bakani-akar-abdde-6\/\" border=\"0\" itemprop=\"url\"> <meta itemprop=\"width\" content=\"496\"> <meta itemprop=\"height\" content=\"331\"> <img decoding=\"async\" class=\"\" data-attachment-id=\"55953\" data-orig-file=\"http:\/\/www.tvturk.com\/wp-content\/uploads\/2019\/02\/milli-savunma-bakani-akar-abdde_97b01ea.jpg\" data-orig-size=\"900,600\" data-comments-opened=\"\" data-image-meta=\"{&quot;aperture&quot;:&quot;0&quot;,&quot;credit&quot;:&quot;IHA&quot;,&quot;camera&quot;:&quot;&quot;,&quot;caption&quot;:&quot;M\\u0130LL\\u0130 SAVUNMA BAKANI HULUS\\u0130 AKAR VE ABD SAVUNMA BAKAN VEK\\u0130L\\u0130 PATR\\u0130CK SHANAHAN, PENTAGON\\u0027DA B\\u0130R ARAYA GELD\\u0130. (\\u0130HA\\\/WASHINGTON-\\u0130HA)&quot;,&quot;created_timestamp&quot;:&quot;0&quot;,&quot;copyright&quot;:&quot;\\u0130HLAS HABER AJANSI, www.iha.com.tr&quot;,&quot;focal_length&quot;:&quot;0&quot;,&quot;iso&quot;:&quot;0&quot;,&quot;shutter_speed&quot;:&quot;0&quot;,&quot;title&quot;:&quot;M\\u0130LL\\u0130 SAVUNMA BAKANI AKAR ABD\\u0027DE M\\u0130LL\\u0130 SAVUNMA BAKANI AKAR, ABD SAVUNMA BAKANI VEK\\u0130L\\u0130 SHANAHAN \\u0130LE G\\u00d6R\\u00dc\\u015eT\\u00dc&quot;,&quot;orientation&quot;:&quot;0&quot;}\" data-image-title=\"Milli Savunma Bakan\u0131 Akar ABD\u2019de\" data-image-description=\"&lt;p&gt;Milli Savunma Bakan\u0131 Akar ABD\u2019de&lt;\/p&gt; \" data-medium-file=\"https:\/\/i0.wp.com\/www.tvturk.com\/wp-content\/uploads\/2019\/02\/milli-savunma-bakani-akar-abdde_97b01ea.jpg?fit=300%2C200\" data-large-file=\"https:\/\/i0.wp.com\/www.tvturk.com\/wp-content\/uploads\/2019\/02\/milli-savunma-bakani-akar-abdde_97b01ea.jpg?fit=900%2C600\" src=\"https:\/\/i0.wp.com\/www.tvturk.com\/wp-content\/uploads\/2019\/02\/milli-savunma-bakani-akar-abdde_97b01ea.jpg?w=496&#038;h=331\" srcset=\"https:\/\/i0.wp.com\/www.tvturk.com\/wp-content\/uploads\/2019\/02\/milli-savunma-bakani-akar-abdde_97b01ea.jpg?w=900 900w, https:\/\/i0.wp.com\/www.tvturk.com\/wp-content\/uploads\/2019\/02\/milli-savunma-bakani-akar-abdde_97b01ea.jpg?resize=150%2C100 150w, https:\/\/i0.wp.com\/www.tvturk.com\/wp-content\/uploads\/2019\/02\/milli-savunma-bakani-akar-abdde_97b01ea.jpg?resize=300%2C200 300w, https:\/\/i0.wp.com\/www.tvturk.com\/wp-content\/uploads\/2019\/02\/milli-savunma-bakani-akar-abdde_97b01ea.jpg?resize=768%2C512 768w, https:\/\/i0.wp.com\/www.tvturk.com\/wp-content\/uploads\/2019\/02\/milli-savunma-bakani-akar-abdde_97b01ea.jpg?resize=170%2C113 170w, https:\/\/i0.wp.com\/www.tvturk.com\/wp-content\/uploads\/2019\/02\/milli-savunma-bakani-akar-abdde_97b01ea.jpg?resize=120%2C80 120w\" width=\"496\" height=\"331\" loading=\"lazy\" data-original-width=\"496\" data-original-height=\"331\" itemprop=\"http:\/\/schema.org\/image\" title=\"Milli Savunma Bakan\u0131 Akar ABD\u2019de\" alt=\"Milli Savunma Bakan\u0131 Akar ABD\u2019de\" style=\"width: 496px; height: 331px;\" \/> <\/a> <\/div> <\/div> <!-- close group --> <\/div> <!-- close row --> <\/div><\/p>\n","protected":false},"excerpt":{"rendered":"<p>M\u0130LL\u0130 SAVUNMA BAKANI HULUS\u0130 AKAR VE ABD SAVUNMA BAKAN VEK\u0130L\u0130 PATR\u0130CK SHANAHAN, PENTAGON&#8217;DA B\u0130R ARAYA GELD\u0130.<\/p>\n","protected":false},"author":1,"featured_media":55949,"comment_status":"closed","ping_status":"open","sticky":false,"template":"","format":"standard","meta":{"jetpack_post_was_ever_published":false,"_jetpack_newsletter_access":"","_jetpack_dont_email_post_to_subs":false,"_jetpack_newsletter_tier_id":0,"_jetpack_memberships_contains_paywalled_content":false,"_jetpack_memberships_contains_paid_content":false,"footnotes":"","jetpack_publicize_message":"","jetpack_publicize_feature_enabled":true,"jetpack_social_post_already_shared":false,"jetpack_social_options":{"image_generator_settings":{"template":"highway","default_image_id":0,"font":"","enabled":false},"version":2}},"categories":[10],"tags":[5035,11703,933,429,33],"class_list":["post-55948","post","type-post","status-publish","format-standard","has-post-thumbnail","hentry","category-dunya","tag-abdde","tag-akar","tag-bakani","tag-milli","tag-savunma"],"jetpack_publicize_connections":[],"jetpack_featured_media_url":"https:\/\/i0.wp.com\/www.tvturk.com\/wp-content\/uploads\/2019\/02\/milli-savunma-bakani-akar-abdde_49a23f6.jpg?fit=1000%2C651","jetpack_sharing_enabled":true,"jetpack_shortlink":"https:\/\/wp.me\/paKIfm-eyo","_links":{"self":[{"href":"http:\/\/www.tvturk.com\/index.php\/wp-json\/wp\/v2\/posts\/55948","targetHints":{"allow":["GET"]}}],"collection":[{"href":"http:\/\/www.tvturk.com\/index.php\/wp-json\/wp\/v2\/posts"}],"about":[{"href":"http:\/\/www.tvturk.com\/index.php\/wp-json\/wp\/v2\/types\/post"}],"author":[{"embeddable":true,"href":"http:\/\/www.tvturk.com\/index.php\/wp-json\/wp\/v2\/users\/1"}],"replies":[{"embeddable":true,"href":"http:\/\/www.tvturk.com\/index.php\/wp-json\/wp\/v2\/comments?post=55948"}],"version-history":[{"count":1,"href":"http:\/\/www.tvturk.com\/index.php\/wp-json\/wp\/v2\/posts\/55948\/revisions"}],"predecessor-version":[{"id":55954,"href":"http:\/\/www.tvturk.com\/index.php\/wp-json\/wp\/v2\/posts\/55948\/revisions\/55954"}],"wp:featuredmedia":[{"embeddable":true,"href":"http:\/\/www.tvturk.com\/index.php\/wp-json\/wp\/v2\/media\/55949"}],"wp:attachment":[{"href":"http:\/\/www.tvturk.com\/index.php\/wp-json\/wp\/v2\/media?parent=55948"}],"wp:term":[{"taxonomy":"category","embeddable":true,"href":"http:\/\/www.tvturk.com\/index.php\/wp-json\/wp\/v2\/categories?post=55948"},{"taxonomy":"post_tag","embeddable":true,"href":"http:\/\/www.tvturk.com\/index.php\/wp-json\/wp\/v2\/tags?post=55948"}],"curies":[{"name":"wp","href":"https:\/\/api.w.org\/{rel}","templated":true}]}}