{"id":55999,"date":"2019-02-23T09:48:55","date_gmt":"2019-02-23T06:48:55","guid":{"rendered":"http:\/\/www.tvturk.com\/index.php\/balkonda-intihar-girisimi-son-anda-onlendi\/"},"modified":"2019-02-23T09:48:58","modified_gmt":"2019-02-23T06:48:58","slug":"balkonda-intihar-girisimi-son-anda-onlendi","status":"publish","type":"post","link":"http:\/\/www.tvturk.com\/index.php\/balkonda-intihar-girisimi-son-anda-onlendi\/","title":{"rendered":"Balkonda intihar giri\u015fimi son anda \u00f6nlendi"},"content":{"rendered":"<p>Hatay\u2019da, ailesiyle tart\u0131\u015fan ve intihara kalkan \u015fah\u0131s, yak\u0131nlar\u0131 ve polisin ikna etmesi \u00fczerine eyleminden vazge\u00e7ti.<\/p>\n<p>Olay, Antakya il\u00e7esi \u00dcrgenpa\u015fa Mahallesi\u2019nde meydana geldi. Edinilen bilgiye g\u00f6re, ailesiyle tart\u0131\u015fan 32 ya\u015f\u0131ndaki Mustafa \u00c7, evinin balkonuna \u00e7\u0131karak intihara kalk\u0131\u015ft\u0131. \u0130hbar \u00fczerine olay yerine \u00e7ok say\u0131da polis, itfaiye ve sa\u011fl\u0131k personeli sevk edildi. Yak\u0131nlar\u0131 ve polis taraf\u0131ndan yakla\u015f\u0131k 1 saatlik \u00e7aba sonucu ikna edilen Mustafa \u00c7. \u00f6nce hastaneye, ard\u0131ndan emniyete g\u00f6t\u00fcr\u00fcld\u00fc.<\/p>\n<p>Emniyette ifadesi al\u0131nan Mustafa \u00c7. daha sonra serbest b\u0131rak\u0131ld\u0131.<div class=\"tiled-gallery type-rectangular tiled-gallery-unresized\" data-original-width=\"500\" data-carousel-extra='null' itemscope itemtype=\"http:\/\/schema.org\/ImageGallery\" > <div class=\"gallery-row\" style=\"width: 500px; height: 223px;\" data-original-width=\"500\" data-original-height=\"223\" > <div class=\"gallery-group images-1\" style=\"width: 333px; height: 223px;\" data-original-width=\"333\" data-original-height=\"223\" > <div class=\"tiled-gallery-item tiled-gallery-item-large\" itemprop=\"associatedMedia\" itemscope itemtype=\"http:\/\/schema.org\/ImageObject\"> <a href=\"http:\/\/www.tvturk.com\/index.php\/balkonda-intihar-girisimi-son-anda-onlendi\/balkonda-intihar-girisimi-son-anda-onlendi-3\/\" border=\"0\" itemprop=\"url\"> <meta itemprop=\"width\" content=\"329\"> <meta itemprop=\"height\" content=\"219\"> <img decoding=\"async\" class=\"\" data-attachment-id=\"56001\" data-orig-file=\"http:\/\/www.tvturk.com\/wp-content\/uploads\/2019\/02\/balkonda-intihar-girisimi-son-anda-onlendi_be24560.jpg\" data-orig-size=\"1000,666\" data-comments-opened=\"\" data-image-meta=\"{&quot;aperture&quot;:&quot;0&quot;,&quot;credit&quot;:&quot;IHA&quot;,&quot;camera&quot;:&quot;&quot;,&quot;caption&quot;:&quot;HATAY\\u2019DA, A\\u0130LES\\u0130YLE TARTI\\u015eAN VE \\u0130NT\\u0130HARA KALKAN \\u015eAHIS, YAKINLARI VE POL\\u0130S\\u0130N \\u0130KNA ETMES\\u0130 \\u00dcZER\\u0130NE EYLEM\\u0130NDEN VAZGE\\u00c7T\\u0130. (MEHMET BAYRAK\\\/HATAY-\\u0130HA)&quot;,&quot;created_timestamp&quot;:&quot;0&quot;,&quot;copyright&quot;:&quot;\\u0130HLAS HABER AJANSI, www.iha.com.tr&quot;,&quot;focal_length&quot;:&quot;0&quot;,&quot;iso&quot;:&quot;0&quot;,&quot;shutter_speed&quot;:&quot;0&quot;,&quot;title&quot;:&quot;BALKONDA \\u0130NT\\u0130HAR G\\u0130R\\u0130\\u015e\\u0130M\\u0130 SON ANDA \\u00d6NLEND\\u0130 A\\u0130LES\\u0130YLE TARTI\\u015eTI \\u0130NT\\u0130HARA KALKI\\u015eTI, YAKINLARI \\u0130KNA ETT\\u0130&quot;,&quot;orientation&quot;:&quot;0&quot;}\" data-image-title=\"Balkonda intihar giri\u015fimi son anda \u00f6nlendi\" data-image-description=\"&lt;p&gt;Balkonda intihar giri\u015fimi son anda \u00f6nlendi&lt;\/p&gt; \" data-medium-file=\"https:\/\/i0.wp.com\/www.tvturk.com\/wp-content\/uploads\/2019\/02\/balkonda-intihar-girisimi-son-anda-onlendi_be24560.jpg?fit=300%2C200\" data-large-file=\"https:\/\/i0.wp.com\/www.tvturk.com\/wp-content\/uploads\/2019\/02\/balkonda-intihar-girisimi-son-anda-onlendi_be24560.jpg?fit=1000%2C666\" src=\"https:\/\/i0.wp.com\/www.tvturk.com\/wp-content\/uploads\/2019\/02\/balkonda-intihar-girisimi-son-anda-onlendi_be24560.jpg?w=329&#038;h=219\" srcset=\"https:\/\/i0.wp.com\/www.tvturk.com\/wp-content\/uploads\/2019\/02\/balkonda-intihar-girisimi-son-anda-onlendi_be24560.jpg?w=1000 1000w, https:\/\/i0.wp.com\/www.tvturk.com\/wp-content\/uploads\/2019\/02\/balkonda-intihar-girisimi-son-anda-onlendi_be24560.jpg?resize=150%2C100 150w, https:\/\/i0.wp.com\/www.tvturk.com\/wp-content\/uploads\/2019\/02\/balkonda-intihar-girisimi-son-anda-onlendi_be24560.jpg?resize=300%2C200 300w, https:\/\/i0.wp.com\/www.tvturk.com\/wp-content\/uploads\/2019\/02\/balkonda-intihar-girisimi-son-anda-onlendi_be24560.jpg?resize=768%2C511 768w, https:\/\/i0.wp.com\/www.tvturk.com\/wp-content\/uploads\/2019\/02\/balkonda-intihar-girisimi-son-anda-onlendi_be24560.jpg?resize=170%2C113 170w, https:\/\/i0.wp.com\/www.tvturk.com\/wp-content\/uploads\/2019\/02\/balkonda-intihar-girisimi-son-anda-onlendi_be24560.jpg?resize=120%2C80 120w\" width=\"329\" height=\"219\" loading=\"lazy\" data-original-width=\"329\" data-original-height=\"219\" itemprop=\"http:\/\/schema.org\/image\" title=\"Balkonda intihar giri\u015fimi son anda \u00f6nlendi\" alt=\"Balkonda intihar giri\u015fimi son anda \u00f6nlendi\" style=\"width: 329px; height: 219px;\" \/> <\/a> <\/div> <\/div> <!-- close group --> <div class=\"gallery-group images-2\" style=\"width: 167px; height: 223px;\" data-original-width=\"167\" data-original-height=\"223\" > <div class=\"tiled-gallery-item tiled-gallery-item-small\" itemprop=\"associatedMedia\" itemscope itemtype=\"http:\/\/schema.org\/ImageObject\"> <a href=\"http:\/\/www.tvturk.com\/index.php\/balkonda-intihar-girisimi-son-anda-onlendi\/balkonda-intihar-girisimi-son-anda-onlendi-4\/\" border=\"0\" itemprop=\"url\"> <meta itemprop=\"width\" content=\"163\"> <meta itemprop=\"height\" content=\"109\"> <img decoding=\"async\" class=\"\" data-attachment-id=\"56002\" data-orig-file=\"http:\/\/www.tvturk.com\/wp-content\/uploads\/2019\/02\/balkonda-intihar-girisimi-son-anda-onlendi_b15733f.jpg\" data-orig-size=\"1000,666\" data-comments-opened=\"\" data-image-meta=\"{&quot;aperture&quot;:&quot;0&quot;,&quot;credit&quot;:&quot;IHA&quot;,&quot;camera&quot;:&quot;&quot;,&quot;caption&quot;:&quot;HATAY\\u2019DA, A\\u0130LES\\u0130YLE TARTI\\u015eAN VE \\u0130NT\\u0130HARA KALKAN \\u015eAHIS, YAKINLARI VE POL\\u0130S\\u0130N \\u0130KNA ETMES\\u0130 \\u00dcZER\\u0130NE EYLEM\\u0130NDEN VAZGE\\u00c7T\\u0130. (MEHMET BAYRAK\\\/HATAY-\\u0130HA)&quot;,&quot;created_timestamp&quot;:&quot;0&quot;,&quot;copyright&quot;:&quot;\\u0130HLAS HABER AJANSI, www.iha.com.tr&quot;,&quot;focal_length&quot;:&quot;0&quot;,&quot;iso&quot;:&quot;0&quot;,&quot;shutter_speed&quot;:&quot;0&quot;,&quot;title&quot;:&quot;BALKONDA \\u0130NT\\u0130HAR G\\u0130R\\u0130\\u015e\\u0130M\\u0130 SON ANDA \\u00d6NLEND\\u0130 A\\u0130LES\\u0130YLE TARTI\\u015eTI \\u0130NT\\u0130HARA KALKI\\u015eTI, YAKINLARI \\u0130KNA ETT\\u0130&quot;,&quot;orientation&quot;:&quot;0&quot;}\" data-image-title=\"Balkonda intihar giri\u015fimi son anda \u00f6nlendi\" data-image-description=\"&lt;p&gt;Balkonda intihar giri\u015fimi son anda \u00f6nlendi&lt;\/p&gt; \" data-medium-file=\"https:\/\/i0.wp.com\/www.tvturk.com\/wp-content\/uploads\/2019\/02\/balkonda-intihar-girisimi-son-anda-onlendi_b15733f.jpg?fit=300%2C200\" data-large-file=\"https:\/\/i0.wp.com\/www.tvturk.com\/wp-content\/uploads\/2019\/02\/balkonda-intihar-girisimi-son-anda-onlendi_b15733f.jpg?fit=1000%2C666\" src=\"https:\/\/i0.wp.com\/www.tvturk.com\/wp-content\/uploads\/2019\/02\/balkonda-intihar-girisimi-son-anda-onlendi_b15733f.jpg?w=163&#038;h=109\" srcset=\"https:\/\/i0.wp.com\/www.tvturk.com\/wp-content\/uploads\/2019\/02\/balkonda-intihar-girisimi-son-anda-onlendi_b15733f.jpg?w=1000 1000w, https:\/\/i0.wp.com\/www.tvturk.com\/wp-content\/uploads\/2019\/02\/balkonda-intihar-girisimi-son-anda-onlendi_b15733f.jpg?resize=150%2C100 150w, https:\/\/i0.wp.com\/www.tvturk.com\/wp-content\/uploads\/2019\/02\/balkonda-intihar-girisimi-son-anda-onlendi_b15733f.jpg?resize=300%2C200 300w, https:\/\/i0.wp.com\/www.tvturk.com\/wp-content\/uploads\/2019\/02\/balkonda-intihar-girisimi-son-anda-onlendi_b15733f.jpg?resize=768%2C511 768w, https:\/\/i0.wp.com\/www.tvturk.com\/wp-content\/uploads\/2019\/02\/balkonda-intihar-girisimi-son-anda-onlendi_b15733f.jpg?resize=170%2C113 170w, https:\/\/i0.wp.com\/www.tvturk.com\/wp-content\/uploads\/2019\/02\/balkonda-intihar-girisimi-son-anda-onlendi_b15733f.jpg?resize=120%2C80 120w\" width=\"163\" height=\"109\" loading=\"lazy\" data-original-width=\"163\" data-original-height=\"109\" itemprop=\"http:\/\/schema.org\/image\" title=\"Balkonda intihar giri\u015fimi son anda \u00f6nlendi\" alt=\"Balkonda intihar giri\u015fimi son anda \u00f6nlendi\" style=\"width: 163px; height: 109px;\" \/> <\/a> <\/div> <div class=\"tiled-gallery-item tiled-gallery-item-small\" itemprop=\"associatedMedia\" itemscope itemtype=\"http:\/\/schema.org\/ImageObject\"> <a href=\"http:\/\/www.tvturk.com\/index.php\/balkonda-intihar-girisimi-son-anda-onlendi\/balkonda-intihar-girisimi-son-anda-onlendi-5\/\" border=\"0\" itemprop=\"url\"> <meta itemprop=\"width\" content=\"163\"> <meta itemprop=\"height\" content=\"106\"> <img decoding=\"async\" class=\"\" data-attachment-id=\"56003\" data-orig-file=\"http:\/\/www.tvturk.com\/wp-content\/uploads\/2019\/02\/balkonda-intihar-girisimi-son-anda-onlendi_c61acd0.jpg\" data-orig-size=\"1000,653\" data-comments-opened=\"\" data-image-meta=\"{&quot;aperture&quot;:&quot;0&quot;,&quot;credit&quot;:&quot;IHA&quot;,&quot;camera&quot;:&quot;&quot;,&quot;caption&quot;:&quot;HATAY\\u2019DA, A\\u0130LES\\u0130YLE TARTI\\u015eAN VE \\u0130NT\\u0130HARA KALKAN \\u015eAHIS, YAKINLARI VE POL\\u0130S\\u0130N \\u0130KNA ETMES\\u0130 \\u00dcZER\\u0130NE EYLEM\\u0130NDEN VAZGE\\u00c7T\\u0130. (MEHMET BAYRAK\\\/HATAY-\\u0130HA)&quot;,&quot;created_timestamp&quot;:&quot;0&quot;,&quot;copyright&quot;:&quot;\\u0130HLAS HABER AJANSI, www.iha.com.tr&quot;,&quot;focal_length&quot;:&quot;0&quot;,&quot;iso&quot;:&quot;0&quot;,&quot;shutter_speed&quot;:&quot;0&quot;,&quot;title&quot;:&quot;BALKONDA \\u0130NT\\u0130HAR G\\u0130R\\u0130\\u015e\\u0130M\\u0130 SON ANDA \\u00d6NLEND\\u0130 A\\u0130LES\\u0130YLE TARTI\\u015eTI \\u0130NT\\u0130HARA KALKI\\u015eTI, YAKINLARI \\u0130KNA ETT\\u0130&quot;,&quot;orientation&quot;:&quot;0&quot;}\" data-image-title=\"Balkonda intihar giri\u015fimi son anda \u00f6nlendi\" data-image-description=\"&lt;p&gt;Balkonda intihar giri\u015fimi son anda \u00f6nlendi&lt;\/p&gt; \" data-medium-file=\"https:\/\/i0.wp.com\/www.tvturk.com\/wp-content\/uploads\/2019\/02\/balkonda-intihar-girisimi-son-anda-onlendi_c61acd0.jpg?fit=300%2C196\" data-large-file=\"https:\/\/i0.wp.com\/www.tvturk.com\/wp-content\/uploads\/2019\/02\/balkonda-intihar-girisimi-son-anda-onlendi_c61acd0.jpg?fit=1000%2C653\" src=\"https:\/\/i0.wp.com\/www.tvturk.com\/wp-content\/uploads\/2019\/02\/balkonda-intihar-girisimi-son-anda-onlendi_c61acd0.jpg?w=163&#038;h=106\" srcset=\"https:\/\/i0.wp.com\/www.tvturk.com\/wp-content\/uploads\/2019\/02\/balkonda-intihar-girisimi-son-anda-onlendi_c61acd0.jpg?w=1000 1000w, https:\/\/i0.wp.com\/www.tvturk.com\/wp-content\/uploads\/2019\/02\/balkonda-intihar-girisimi-son-anda-onlendi_c61acd0.jpg?resize=150%2C98 150w, https:\/\/i0.wp.com\/www.tvturk.com\/wp-content\/uploads\/2019\/02\/balkonda-intihar-girisimi-son-anda-onlendi_c61acd0.jpg?resize=300%2C196 300w, https:\/\/i0.wp.com\/www.tvturk.com\/wp-content\/uploads\/2019\/02\/balkonda-intihar-girisimi-son-anda-onlendi_c61acd0.jpg?resize=768%2C502 768w, https:\/\/i0.wp.com\/www.tvturk.com\/wp-content\/uploads\/2019\/02\/balkonda-intihar-girisimi-son-anda-onlendi_c61acd0.jpg?resize=510%2C330 510w\" width=\"163\" height=\"106\" loading=\"lazy\" data-original-width=\"163\" data-original-height=\"106\" itemprop=\"http:\/\/schema.org\/image\" title=\"Balkonda intihar giri\u015fimi son anda \u00f6nlendi\" alt=\"Balkonda intihar giri\u015fimi son anda \u00f6nlendi\" style=\"width: 163px; height: 106px;\" \/> <\/a> <\/div> <\/div> <!-- close group --> <\/div> <!-- close row --> <\/div><\/p>\n","protected":false},"excerpt":{"rendered":"<p>HATAY\u2019DA, A\u0130LES\u0130YLE TARTI\u015eAN VE \u0130NT\u0130HARA KALKAN \u015eAHIS, YAKINLARI VE POL\u0130S\u0130N \u0130KNA ETMES\u0130 \u00dcZER\u0130NE EYLEM\u0130NDEN VAZGE\u00c7T\u0130.<\/p>\n","protected":false},"author":1,"featured_media":56000,"comment_status":"closed","ping_status":"open","sticky":false,"template":"","format":"standard","meta":{"jetpack_post_was_ever_published":false,"_jetpack_newsletter_access":"","_jetpack_dont_email_post_to_subs":false,"_jetpack_newsletter_tier_id":0,"_jetpack_memberships_contains_paywalled_content":false,"_jetpack_memberships_contains_paid_content":false,"footnotes":"","jetpack_publicize_message":"","jetpack_publicize_feature_enabled":true,"jetpack_social_post_already_shared":false,"jetpack_social_options":{"image_generator_settings":{"template":"highway","default_image_id":0,"font":"","enabled":false},"version":2}},"categories":[655],"tags":[1241,18055,5824,4706,14842,1240],"class_list":["post-55999","post","type-post","status-publish","format-standard","has-post-thumbnail","hentry","category-son-dakika","tag-anda","tag-balkonda","tag-girisimi","tag-intihar","tag-onlendi","tag-son"],"jetpack_publicize_connections":[],"jetpack_featured_media_url":"https:\/\/i0.wp.com\/www.tvturk.com\/wp-content\/uploads\/2019\/02\/balkonda-intihar-girisimi-son-anda-onlendi_8ccb37d.jpg?fit=1000%2C572","jetpack_sharing_enabled":true,"jetpack_shortlink":"https:\/\/wp.me\/paKIfm-ezd","_links":{"self":[{"href":"http:\/\/www.tvturk.com\/index.php\/wp-json\/wp\/v2\/posts\/55999","targetHints":{"allow":["GET"]}}],"collection":[{"href":"http:\/\/www.tvturk.com\/index.php\/wp-json\/wp\/v2\/posts"}],"about":[{"href":"http:\/\/www.tvturk.com\/index.php\/wp-json\/wp\/v2\/types\/post"}],"author":[{"embeddable":true,"href":"http:\/\/www.tvturk.com\/index.php\/wp-json\/wp\/v2\/users\/1"}],"replies":[{"embeddable":true,"href":"http:\/\/www.tvturk.com\/index.php\/wp-json\/wp\/v2\/comments?post=55999"}],"version-history":[{"count":1,"href":"http:\/\/www.tvturk.com\/index.php\/wp-json\/wp\/v2\/posts\/55999\/revisions"}],"predecessor-version":[{"id":56004,"href":"http:\/\/www.tvturk.com\/index.php\/wp-json\/wp\/v2\/posts\/55999\/revisions\/56004"}],"wp:featuredmedia":[{"embeddable":true,"href":"http:\/\/www.tvturk.com\/index.php\/wp-json\/wp\/v2\/media\/56000"}],"wp:attachment":[{"href":"http:\/\/www.tvturk.com\/index.php\/wp-json\/wp\/v2\/media?parent=55999"}],"wp:term":[{"taxonomy":"category","embeddable":true,"href":"http:\/\/www.tvturk.com\/index.php\/wp-json\/wp\/v2\/categories?post=55999"},{"taxonomy":"post_tag","embeddable":true,"href":"http:\/\/www.tvturk.com\/index.php\/wp-json\/wp\/v2\/tags?post=55999"}],"curies":[{"name":"wp","href":"https:\/\/api.w.org\/{rel}","templated":true}]}}