{"id":56182,"date":"2019-02-23T11:09:51","date_gmt":"2019-02-23T08:09:51","guid":{"rendered":"http:\/\/www.tvturk.com\/index.php\/yangin-sebebiyle-5-katta-mahsur-kalan-vatandas-itfaiye-tarafindan-kurtarildi\/"},"modified":"2019-02-23T11:09:55","modified_gmt":"2019-02-23T08:09:55","slug":"yangin-sebebiyle-5-katta-mahsur-kalan-vatandas-itfaiye-tarafindan-kurtarildi","status":"publish","type":"post","link":"http:\/\/www.tvturk.com\/index.php\/yangin-sebebiyle-5-katta-mahsur-kalan-vatandas-itfaiye-tarafindan-kurtarildi\/","title":{"rendered":"Yang\u0131n sebebiyle 5. katta mahsur kalan vatanda\u015f itfaiye taraf\u0131ndan kurtar\u0131ld\u0131"},"content":{"rendered":"<p>Antalya\u2019da 10 katl\u0131 bir binada \u00e7\u0131kan yang\u0131nda 5. katta mahsur kalan 1 ki\u015fi itfaiye ekipleri taraf\u0131ndan kurtar\u0131ld\u0131. Mahallede k\u0131sa s\u00fcreli pani\u011fe sebep olan yang\u0131nda apartman sakinleri h\u0131zla binay\u0131 bo\u015falt\u0131rken yang\u0131n\u0131n \u00e7\u0131kt\u0131\u011f\u0131 daire kullan\u0131lmaz hale geldi.<\/p>\n<p>Yang\u0131n saat 08.30\u2019da Kepez il\u00e7esi \u015eafak Mahallesi 4286 Sokak \u00fczerindeki 10 katl\u0131 bir binan\u0131n 5\u2019inci kat\u0131nda  Hakan Uslu\u2019ya ait dairede \u00e7\u0131kt\u0131.  Binadan alevlerin y\u00fckseldi\u011fini g\u00f6renler durumu 112 Acil \u00c7a\u011fr\u0131 Merkezi\u2019ne bildirdi. Bina sakinleri ise do\u011falgaz\u0131 ve elektri\u011fi kapat\u0131p binay\u0131 bo\u015faltt\u0131.  Hakan Uslu ve ailesinin yang\u0131n s\u0131ras\u0131nda evre bulunmad\u0131\u011f\u0131 \u00f6\u011frenilirken yang\u0131n\u0131n \u00e7\u0131kt\u0131\u011f\u0131 ve yan binadaki vatanda\u015flar soka\u011fa d\u00f6k\u00fcld\u00fc. Apartman dairesinin yatak odas\u0131ndan ba\u015flayan yang\u0131n h\u0131zla evin di\u011fer odalar\u0131na da yay\u0131ld\u0131. K\u0131sa s\u00fcrede olay yerine gelen Antalya B\u00fcy\u00fck\u015fehir Belediyesi itfaiye ekipleri, yanan dairenin biti\u015fi\u011findeki di\u011fer dairedeki evinde mahsur kalan 1 ki\u015fi oldu\u011funu \u00f6\u011frenince kurtarma \u00e7al\u0131\u015fmas\u0131 ba\u015flatt\u0131. Bir g\u00f6revli itfaiye merdiveniyle ula\u015ft\u0131\u011f\u0131 5. katta, penceresinden alevler y\u00fckselen dairenin biti\u015fi\u011findeki pencereden Ali \u0130hsan O\u011fuz isimli vatanda\u015f\u0131 al\u0131p a\u015fa\u011f\u0131 indirdi. Vatanda\u015f\u0131n kurtar\u0131lmas\u0131n\u0131n ard\u0131ndan ekipler  yang\u0131na m\u00fcdahale etti. Hakan Uslu ve ailesinin evde olmad\u0131\u011f\u0131 s\u0131rada elektrikli \u0131s\u0131t\u0131c\u0131dan \u00e7\u0131kt\u0131\u011f\u0131 tahmin edilen yang\u0131nda ev kullan\u0131lamaz hale geldi. \u0130tfaiye ekiplerinin \u00e7al\u0131\u015fmas\u0131 s\u0131ras\u0131nda ise ilk \u015foku atlatan vatanda\u015flar, cep telefonlar\u0131yla yang\u0131n\u0131 kaydedip \u00e7al\u0131\u015fmalar\u0131 izledi.<\/p>\n<p>\u0130tfaiyenin kurtard\u0131\u011f\u0131 Ali \u0130hsan O\u011fuz, \u201c Ben televizyon seyrediyordum. Yang\u0131n oldu\u011funu s\u00f6ylediler, yard\u0131m etmek i\u00e7in ko\u015ftum. Su tutmak istedim. T\u00fcm daireyi sard\u0131 yang\u0131n.\u201ddedi.<div class=\"tiled-gallery type-rectangular tiled-gallery-unresized\" data-original-width=\"500\" data-carousel-extra='null' itemscope itemtype=\"http:\/\/schema.org\/ImageGallery\" > <div class=\"gallery-row\" style=\"width: 500px; height: 224px;\" data-original-width=\"500\" data-original-height=\"224\" > <div class=\"gallery-group images-1\" style=\"width: 334px; height: 224px;\" data-original-width=\"334\" data-original-height=\"224\" > <div class=\"tiled-gallery-item tiled-gallery-item-large\" itemprop=\"associatedMedia\" itemscope itemtype=\"http:\/\/schema.org\/ImageObject\"> <a href=\"http:\/\/www.tvturk.com\/index.php\/yangin-sebebiyle-5-katta-mahsur-kalan-vatandas-itfaiye-tarafindan-kurtarildi\/yangin-sebebiyle-5-katta-mahsur-kalan-vatandas-itfaiye-tarafindan-kurtarildi-3\/\" border=\"0\" itemprop=\"url\"> <meta itemprop=\"width\" content=\"330\"> <meta itemprop=\"height\" content=\"220\"> <img decoding=\"async\" class=\"\" data-attachment-id=\"56184\" data-orig-file=\"http:\/\/www.tvturk.com\/wp-content\/uploads\/2019\/02\/yangin-sebebiyle-5-katta-mahsur-kalan-vatandas-itfaiye-tarafindan-kurtarildi_8a43b24.jpg\" data-orig-size=\"1000,666\" data-comments-opened=\"\" data-image-meta=\"{&quot;aperture&quot;:&quot;0&quot;,&quot;credit&quot;:&quot;IHA&quot;,&quot;camera&quot;:&quot;&quot;,&quot;caption&quot;:&quot;ANTALYA\\u2019DA 10 KATLI B\\u0130R B\\u0130NADA YANGIN \\u00c7IKTI. B\\u0130NADA MAHSUR KALAN B\\u0130R K\\u0130\\u015e\\u0130 MERD\\u0130VENL\\u0130 \\u0130TFA\\u0130YE YARDIMIYLA KURTARILIRKEN, EV \\u0130SE KULLANILAMAZ HALE GELD\\u0130. (\\u0130SA AKAR\\\/ANTALYA-\\u0130HA)&quot;,&quot;created_timestamp&quot;:&quot;0&quot;,&quot;copyright&quot;:&quot;\\u0130HLAS HABER AJANSI, www.iha.com.tr&quot;,&quot;focal_length&quot;:&quot;0&quot;,&quot;iso&quot;:&quot;0&quot;,&quot;shutter_speed&quot;:&quot;0&quot;,&quot;title&quot;:&quot;YANGIN SEBEB\\u0130YLE 5. KATTA MAHSUR KALAN VATANDA\\u015e \\u0130TFA\\u0130YE TARAFINDAN KURTARILDI 10 KATLI APARTMANIN 5. KATINDA \\u00c7IKAN YANGIN MAHALLEL\\u0130Y\\u0130 SOKA\\u011eA D\\u00d6KT\\u00dc \\u0130TFA\\u0130YE EK\\u0130PLER\\u0130 \\u00c7ALI\\u015eIRKEN VATANDA\\u015e SOSYAL MEDYADAN CANLI YAYIN YAPTI&quot;,&quot;orientation&quot;:&quot;0&quot;}\" data-image-title=\"Yang\u0131n sebebiyle 5. katta mahsur kalan vatanda\u015f itfaiye taraf\u0131ndan kurtar\u0131ld\u0131\" data-image-description=\"&lt;p&gt;Yang\u0131n sebebiyle 5. katta mahsur kalan vatanda\u015f itfaiye taraf\u0131ndan kurtar\u0131ld\u0131&lt;\/p&gt; \" data-medium-file=\"https:\/\/i0.wp.com\/www.tvturk.com\/wp-content\/uploads\/2019\/02\/yangin-sebebiyle-5-katta-mahsur-kalan-vatandas-itfaiye-tarafindan-kurtarildi_8a43b24.jpg?fit=300%2C200\" data-large-file=\"https:\/\/i0.wp.com\/www.tvturk.com\/wp-content\/uploads\/2019\/02\/yangin-sebebiyle-5-katta-mahsur-kalan-vatandas-itfaiye-tarafindan-kurtarildi_8a43b24.jpg?fit=1000%2C666\" src=\"https:\/\/i0.wp.com\/www.tvturk.com\/wp-content\/uploads\/2019\/02\/yangin-sebebiyle-5-katta-mahsur-kalan-vatandas-itfaiye-tarafindan-kurtarildi_8a43b24.jpg?w=330&#038;h=220\" srcset=\"https:\/\/i0.wp.com\/www.tvturk.com\/wp-content\/uploads\/2019\/02\/yangin-sebebiyle-5-katta-mahsur-kalan-vatandas-itfaiye-tarafindan-kurtarildi_8a43b24.jpg?w=1000 1000w, https:\/\/i0.wp.com\/www.tvturk.com\/wp-content\/uploads\/2019\/02\/yangin-sebebiyle-5-katta-mahsur-kalan-vatandas-itfaiye-tarafindan-kurtarildi_8a43b24.jpg?resize=150%2C100 150w, https:\/\/i0.wp.com\/www.tvturk.com\/wp-content\/uploads\/2019\/02\/yangin-sebebiyle-5-katta-mahsur-kalan-vatandas-itfaiye-tarafindan-kurtarildi_8a43b24.jpg?resize=300%2C200 300w, https:\/\/i0.wp.com\/www.tvturk.com\/wp-content\/uploads\/2019\/02\/yangin-sebebiyle-5-katta-mahsur-kalan-vatandas-itfaiye-tarafindan-kurtarildi_8a43b24.jpg?resize=768%2C511 768w, https:\/\/i0.wp.com\/www.tvturk.com\/wp-content\/uploads\/2019\/02\/yangin-sebebiyle-5-katta-mahsur-kalan-vatandas-itfaiye-tarafindan-kurtarildi_8a43b24.jpg?resize=170%2C113 170w, https:\/\/i0.wp.com\/www.tvturk.com\/wp-content\/uploads\/2019\/02\/yangin-sebebiyle-5-katta-mahsur-kalan-vatandas-itfaiye-tarafindan-kurtarildi_8a43b24.jpg?resize=120%2C80 120w\" width=\"330\" height=\"220\" loading=\"lazy\" data-original-width=\"330\" data-original-height=\"220\" itemprop=\"http:\/\/schema.org\/image\" title=\"Yang\u0131n sebebiyle 5. katta mahsur kalan vatanda\u015f itfaiye taraf\u0131ndan kurtar\u0131ld\u0131\" alt=\"Yang\u0131n sebebiyle 5. katta mahsur kalan vatanda\u015f itfaiye taraf\u0131ndan kurtar\u0131ld\u0131\" style=\"width: 330px; height: 220px;\" \/> <\/a> <\/div> <\/div> <!-- close group --> <div class=\"gallery-group images-2\" style=\"width: 166px; height: 224px;\" data-original-width=\"166\" data-original-height=\"224\" > <div class=\"tiled-gallery-item tiled-gallery-item-small\" itemprop=\"associatedMedia\" itemscope itemtype=\"http:\/\/schema.org\/ImageObject\"> <a href=\"http:\/\/www.tvturk.com\/index.php\/yangin-sebebiyle-5-katta-mahsur-kalan-vatandas-itfaiye-tarafindan-kurtarildi\/yangin-sebebiyle-5-katta-mahsur-kalan-vatandas-itfaiye-tarafindan-kurtarildi-4\/\" border=\"0\" itemprop=\"url\"> <meta itemprop=\"width\" content=\"162\"> <meta itemprop=\"height\" content=\"108\"> <img decoding=\"async\" class=\"\" data-attachment-id=\"56185\" data-orig-file=\"http:\/\/www.tvturk.com\/wp-content\/uploads\/2019\/02\/yangin-sebebiyle-5-katta-mahsur-kalan-vatandas-itfaiye-tarafindan-kurtarildi_fe07399.jpg\" data-orig-size=\"1000,666\" data-comments-opened=\"\" data-image-meta=\"{&quot;aperture&quot;:&quot;0&quot;,&quot;credit&quot;:&quot;IHA&quot;,&quot;camera&quot;:&quot;&quot;,&quot;caption&quot;:&quot;ANTALYA\\u2019DA 10 KATLI B\\u0130R B\\u0130NADA YANGIN \\u00c7IKTI. B\\u0130NADA MAHSUR KALAN B\\u0130R K\\u0130\\u015e\\u0130 MERD\\u0130VENL\\u0130 \\u0130TFA\\u0130YE YARDIMIYLA KURTARILIRKEN, EV \\u0130SE KULLANILAMAZ HALE GELD\\u0130. (\\u0130SA AKAR\\\/ANTALYA-\\u0130HA)&quot;,&quot;created_timestamp&quot;:&quot;0&quot;,&quot;copyright&quot;:&quot;\\u0130HLAS HABER AJANSI, www.iha.com.tr&quot;,&quot;focal_length&quot;:&quot;0&quot;,&quot;iso&quot;:&quot;0&quot;,&quot;shutter_speed&quot;:&quot;0&quot;,&quot;title&quot;:&quot;YANGIN SEBEB\\u0130YLE 5. KATTA MAHSUR KALAN VATANDA\\u015e \\u0130TFA\\u0130YE TARAFINDAN KURTARILDI 10 KATLI APARTMANIN 5. KATINDA \\u00c7IKAN YANGIN MAHALLEL\\u0130Y\\u0130 SOKA\\u011eA D\\u00d6KT\\u00dc \\u0130TFA\\u0130YE EK\\u0130PLER\\u0130 \\u00c7ALI\\u015eIRKEN VATANDA\\u015e SOSYAL MEDYADAN CANLI YAYIN YAPTI&quot;,&quot;orientation&quot;:&quot;0&quot;}\" data-image-title=\"Yang\u0131n sebebiyle 5. katta mahsur kalan vatanda\u015f itfaiye taraf\u0131ndan kurtar\u0131ld\u0131\" data-image-description=\"&lt;p&gt;Yang\u0131n sebebiyle 5. katta mahsur kalan vatanda\u015f itfaiye taraf\u0131ndan kurtar\u0131ld\u0131&lt;\/p&gt; \" data-medium-file=\"https:\/\/i0.wp.com\/www.tvturk.com\/wp-content\/uploads\/2019\/02\/yangin-sebebiyle-5-katta-mahsur-kalan-vatandas-itfaiye-tarafindan-kurtarildi_fe07399.jpg?fit=300%2C200\" data-large-file=\"https:\/\/i0.wp.com\/www.tvturk.com\/wp-content\/uploads\/2019\/02\/yangin-sebebiyle-5-katta-mahsur-kalan-vatandas-itfaiye-tarafindan-kurtarildi_fe07399.jpg?fit=1000%2C666\" src=\"https:\/\/i0.wp.com\/www.tvturk.com\/wp-content\/uploads\/2019\/02\/yangin-sebebiyle-5-katta-mahsur-kalan-vatandas-itfaiye-tarafindan-kurtarildi_fe07399.jpg?w=162&#038;h=108\" srcset=\"https:\/\/i0.wp.com\/www.tvturk.com\/wp-content\/uploads\/2019\/02\/yangin-sebebiyle-5-katta-mahsur-kalan-vatandas-itfaiye-tarafindan-kurtarildi_fe07399.jpg?w=1000 1000w, https:\/\/i0.wp.com\/www.tvturk.com\/wp-content\/uploads\/2019\/02\/yangin-sebebiyle-5-katta-mahsur-kalan-vatandas-itfaiye-tarafindan-kurtarildi_fe07399.jpg?resize=150%2C100 150w, https:\/\/i0.wp.com\/www.tvturk.com\/wp-content\/uploads\/2019\/02\/yangin-sebebiyle-5-katta-mahsur-kalan-vatandas-itfaiye-tarafindan-kurtarildi_fe07399.jpg?resize=300%2C200 300w, https:\/\/i0.wp.com\/www.tvturk.com\/wp-content\/uploads\/2019\/02\/yangin-sebebiyle-5-katta-mahsur-kalan-vatandas-itfaiye-tarafindan-kurtarildi_fe07399.jpg?resize=768%2C511 768w, https:\/\/i0.wp.com\/www.tvturk.com\/wp-content\/uploads\/2019\/02\/yangin-sebebiyle-5-katta-mahsur-kalan-vatandas-itfaiye-tarafindan-kurtarildi_fe07399.jpg?resize=170%2C113 170w, https:\/\/i0.wp.com\/www.tvturk.com\/wp-content\/uploads\/2019\/02\/yangin-sebebiyle-5-katta-mahsur-kalan-vatandas-itfaiye-tarafindan-kurtarildi_fe07399.jpg?resize=120%2C80 120w\" width=\"162\" height=\"108\" loading=\"lazy\" data-original-width=\"162\" data-original-height=\"108\" itemprop=\"http:\/\/schema.org\/image\" title=\"Yang\u0131n sebebiyle 5. katta mahsur kalan vatanda\u015f itfaiye taraf\u0131ndan kurtar\u0131ld\u0131\" alt=\"Yang\u0131n sebebiyle 5. katta mahsur kalan vatanda\u015f itfaiye taraf\u0131ndan kurtar\u0131ld\u0131\" style=\"width: 162px; height: 108px;\" \/> <\/a> <\/div> <div class=\"tiled-gallery-item tiled-gallery-item-small\" itemprop=\"associatedMedia\" itemscope itemtype=\"http:\/\/schema.org\/ImageObject\"> <a href=\"http:\/\/www.tvturk.com\/index.php\/yangin-sebebiyle-5-katta-mahsur-kalan-vatandas-itfaiye-tarafindan-kurtarildi\/yangin-sebebiyle-5-katta-mahsur-kalan-vatandas-itfaiye-tarafindan-kurtarildi-5\/\" border=\"0\" itemprop=\"url\"> <meta itemprop=\"width\" content=\"162\"> <meta itemprop=\"height\" content=\"108\"> <img decoding=\"async\" class=\"\" data-attachment-id=\"56186\" data-orig-file=\"http:\/\/www.tvturk.com\/wp-content\/uploads\/2019\/02\/yangin-sebebiyle-5-katta-mahsur-kalan-vatandas-itfaiye-tarafindan-kurtarildi_085a27a.jpg\" data-orig-size=\"1000,666\" data-comments-opened=\"\" data-image-meta=\"{&quot;aperture&quot;:&quot;0&quot;,&quot;credit&quot;:&quot;IHA&quot;,&quot;camera&quot;:&quot;&quot;,&quot;caption&quot;:&quot;ANTALYA\\u2019DA 10 KATLI B\\u0130R B\\u0130NADA YANGIN \\u00c7IKTI. B\\u0130NADA MAHSUR KALAN B\\u0130R K\\u0130\\u015e\\u0130 MERD\\u0130VENL\\u0130 \\u0130TFA\\u0130YE YARDIMIYLA KURTARILIRKEN, EV \\u0130SE KULLANILAMAZ HALE GELD\\u0130. (\\u0130SA AKAR\\\/ANTALYA-\\u0130HA)&quot;,&quot;created_timestamp&quot;:&quot;0&quot;,&quot;copyright&quot;:&quot;\\u0130HLAS HABER AJANSI, www.iha.com.tr&quot;,&quot;focal_length&quot;:&quot;0&quot;,&quot;iso&quot;:&quot;0&quot;,&quot;shutter_speed&quot;:&quot;0&quot;,&quot;title&quot;:&quot;YANGIN SEBEB\\u0130YLE 5. KATTA MAHSUR KALAN VATANDA\\u015e \\u0130TFA\\u0130YE TARAFINDAN KURTARILDI 10 KATLI APARTMANIN 5. KATINDA \\u00c7IKAN YANGIN MAHALLEL\\u0130Y\\u0130 SOKA\\u011eA D\\u00d6KT\\u00dc \\u0130TFA\\u0130YE EK\\u0130PLER\\u0130 \\u00c7ALI\\u015eIRKEN VATANDA\\u015e SOSYAL MEDYADAN CANLI YAYIN YAPTI&quot;,&quot;orientation&quot;:&quot;0&quot;}\" data-image-title=\"Yang\u0131n sebebiyle 5. katta mahsur kalan vatanda\u015f itfaiye taraf\u0131ndan kurtar\u0131ld\u0131\" data-image-description=\"&lt;p&gt;Yang\u0131n sebebiyle 5. katta mahsur kalan vatanda\u015f itfaiye taraf\u0131ndan kurtar\u0131ld\u0131&lt;\/p&gt; \" data-medium-file=\"https:\/\/i0.wp.com\/www.tvturk.com\/wp-content\/uploads\/2019\/02\/yangin-sebebiyle-5-katta-mahsur-kalan-vatandas-itfaiye-tarafindan-kurtarildi_085a27a.jpg?fit=300%2C200\" data-large-file=\"https:\/\/i0.wp.com\/www.tvturk.com\/wp-content\/uploads\/2019\/02\/yangin-sebebiyle-5-katta-mahsur-kalan-vatandas-itfaiye-tarafindan-kurtarildi_085a27a.jpg?fit=1000%2C666\" src=\"https:\/\/i0.wp.com\/www.tvturk.com\/wp-content\/uploads\/2019\/02\/yangin-sebebiyle-5-katta-mahsur-kalan-vatandas-itfaiye-tarafindan-kurtarildi_085a27a.jpg?w=162&#038;h=108\" srcset=\"https:\/\/i0.wp.com\/www.tvturk.com\/wp-content\/uploads\/2019\/02\/yangin-sebebiyle-5-katta-mahsur-kalan-vatandas-itfaiye-tarafindan-kurtarildi_085a27a.jpg?w=1000 1000w, https:\/\/i0.wp.com\/www.tvturk.com\/wp-content\/uploads\/2019\/02\/yangin-sebebiyle-5-katta-mahsur-kalan-vatandas-itfaiye-tarafindan-kurtarildi_085a27a.jpg?resize=150%2C100 150w, https:\/\/i0.wp.com\/www.tvturk.com\/wp-content\/uploads\/2019\/02\/yangin-sebebiyle-5-katta-mahsur-kalan-vatandas-itfaiye-tarafindan-kurtarildi_085a27a.jpg?resize=300%2C200 300w, https:\/\/i0.wp.com\/www.tvturk.com\/wp-content\/uploads\/2019\/02\/yangin-sebebiyle-5-katta-mahsur-kalan-vatandas-itfaiye-tarafindan-kurtarildi_085a27a.jpg?resize=768%2C511 768w, https:\/\/i0.wp.com\/www.tvturk.com\/wp-content\/uploads\/2019\/02\/yangin-sebebiyle-5-katta-mahsur-kalan-vatandas-itfaiye-tarafindan-kurtarildi_085a27a.jpg?resize=170%2C113 170w, https:\/\/i0.wp.com\/www.tvturk.com\/wp-content\/uploads\/2019\/02\/yangin-sebebiyle-5-katta-mahsur-kalan-vatandas-itfaiye-tarafindan-kurtarildi_085a27a.jpg?resize=120%2C80 120w\" width=\"162\" height=\"108\" loading=\"lazy\" data-original-width=\"162\" data-original-height=\"108\" itemprop=\"http:\/\/schema.org\/image\" title=\"Yang\u0131n sebebiyle 5. katta mahsur kalan vatanda\u015f itfaiye taraf\u0131ndan kurtar\u0131ld\u0131\" alt=\"Yang\u0131n sebebiyle 5. katta mahsur kalan vatanda\u015f itfaiye taraf\u0131ndan kurtar\u0131ld\u0131\" style=\"width: 162px; height: 108px;\" \/> <\/a> <\/div> <\/div> <!-- close group --> <\/div> <!-- close row --> <div class=\"gallery-row\" style=\"width: 500px; height: 189px;\" data-original-width=\"500\" data-original-height=\"189\" > <div class=\"gallery-group images-1\" style=\"width: 250px; height: 189px;\" data-original-width=\"250\" data-original-height=\"189\" > <div class=\"tiled-gallery-item tiled-gallery-item-small\" itemprop=\"associatedMedia\" itemscope itemtype=\"http:\/\/schema.org\/ImageObject\"> <a href=\"http:\/\/www.tvturk.com\/index.php\/yangin-sebebiyle-5-katta-mahsur-kalan-vatandas-itfaiye-tarafindan-kurtarildi\/yangin-sebebiyle-5-katta-mahsur-kalan-vatandas-itfaiye-tarafindan-kurtarildi-6\/\" border=\"0\" itemprop=\"url\"> <meta itemprop=\"width\" content=\"246\"> <meta itemprop=\"height\" content=\"185\"> <img decoding=\"async\" class=\"\" data-attachment-id=\"56187\" data-orig-file=\"http:\/\/www.tvturk.com\/wp-content\/uploads\/2019\/02\/yangin-sebebiyle-5-katta-mahsur-kalan-vatandas-itfaiye-tarafindan-kurtarildi_06da966.jpg\" data-orig-size=\"1000,750\" data-comments-opened=\"\" data-image-meta=\"{&quot;aperture&quot;:&quot;0&quot;,&quot;credit&quot;:&quot;IHA&quot;,&quot;camera&quot;:&quot;&quot;,&quot;caption&quot;:&quot;ANTALYA\\u2019DA 10 KATLI B\\u0130R B\\u0130NADA YANGIN \\u00c7IKTI. B\\u0130NADA MAHSUR KALAN B\\u0130R K\\u0130\\u015e\\u0130 MERD\\u0130VENL\\u0130 \\u0130TFA\\u0130YE YARDIMIYLA KURTARILIRKEN, EV \\u0130SE KULLANILAMAZ HALE GELD\\u0130. (\\u0130SA AKAR\\\/ANTALYA-\\u0130HA)&quot;,&quot;created_timestamp&quot;:&quot;0&quot;,&quot;copyright&quot;:&quot;\\u0130HLAS HABER AJANSI, www.iha.com.tr&quot;,&quot;focal_length&quot;:&quot;0&quot;,&quot;iso&quot;:&quot;0&quot;,&quot;shutter_speed&quot;:&quot;0&quot;,&quot;title&quot;:&quot;YANGIN SEBEB\\u0130YLE 5. KATTA MAHSUR KALAN VATANDA\\u015e \\u0130TFA\\u0130YE TARAFINDAN KURTARILDI 10 KATLI APARTMANIN 5. KATINDA \\u00c7IKAN YANGIN MAHALLEL\\u0130Y\\u0130 SOKA\\u011eA D\\u00d6KT\\u00dc \\u0130TFA\\u0130YE EK\\u0130PLER\\u0130 \\u00c7ALI\\u015eIRKEN VATANDA\\u015e SOSYAL MEDYADAN CANLI YAYIN YAPTI&quot;,&quot;orientation&quot;:&quot;0&quot;}\" data-image-title=\"Yang\u0131n sebebiyle 5. katta mahsur kalan vatanda\u015f itfaiye taraf\u0131ndan kurtar\u0131ld\u0131\" data-image-description=\"&lt;p&gt;Yang\u0131n sebebiyle 5. katta mahsur kalan vatanda\u015f itfaiye taraf\u0131ndan kurtar\u0131ld\u0131&lt;\/p&gt; \" data-medium-file=\"https:\/\/i0.wp.com\/www.tvturk.com\/wp-content\/uploads\/2019\/02\/yangin-sebebiyle-5-katta-mahsur-kalan-vatandas-itfaiye-tarafindan-kurtarildi_06da966.jpg?fit=300%2C225\" data-large-file=\"https:\/\/i0.wp.com\/www.tvturk.com\/wp-content\/uploads\/2019\/02\/yangin-sebebiyle-5-katta-mahsur-kalan-vatandas-itfaiye-tarafindan-kurtarildi_06da966.jpg?fit=1000%2C750\" src=\"https:\/\/i0.wp.com\/www.tvturk.com\/wp-content\/uploads\/2019\/02\/yangin-sebebiyle-5-katta-mahsur-kalan-vatandas-itfaiye-tarafindan-kurtarildi_06da966.jpg?w=246&#038;h=185\" srcset=\"https:\/\/i0.wp.com\/www.tvturk.com\/wp-content\/uploads\/2019\/02\/yangin-sebebiyle-5-katta-mahsur-kalan-vatandas-itfaiye-tarafindan-kurtarildi_06da966.jpg?w=1000 1000w, https:\/\/i0.wp.com\/www.tvturk.com\/wp-content\/uploads\/2019\/02\/yangin-sebebiyle-5-katta-mahsur-kalan-vatandas-itfaiye-tarafindan-kurtarildi_06da966.jpg?resize=150%2C113 150w, https:\/\/i0.wp.com\/www.tvturk.com\/wp-content\/uploads\/2019\/02\/yangin-sebebiyle-5-katta-mahsur-kalan-vatandas-itfaiye-tarafindan-kurtarildi_06da966.jpg?resize=300%2C225 300w, https:\/\/i0.wp.com\/www.tvturk.com\/wp-content\/uploads\/2019\/02\/yangin-sebebiyle-5-katta-mahsur-kalan-vatandas-itfaiye-tarafindan-kurtarildi_06da966.jpg?resize=768%2C576 768w\" width=\"246\" height=\"185\" loading=\"lazy\" data-original-width=\"246\" data-original-height=\"185\" itemprop=\"http:\/\/schema.org\/image\" title=\"Yang\u0131n sebebiyle 5. katta mahsur kalan vatanda\u015f itfaiye taraf\u0131ndan kurtar\u0131ld\u0131\" alt=\"Yang\u0131n sebebiyle 5. katta mahsur kalan vatanda\u015f itfaiye taraf\u0131ndan kurtar\u0131ld\u0131\" style=\"width: 246px; height: 185px;\" \/> <\/a> <\/div> <\/div> <!-- close group --> <div class=\"gallery-group images-1\" style=\"width: 250px; height: 189px;\" data-original-width=\"250\" data-original-height=\"189\" > <div class=\"tiled-gallery-item tiled-gallery-item-small\" itemprop=\"associatedMedia\" itemscope itemtype=\"http:\/\/schema.org\/ImageObject\"> <a href=\"http:\/\/www.tvturk.com\/index.php\/yangin-sebebiyle-5-katta-mahsur-kalan-vatandas-itfaiye-tarafindan-kurtarildi\/yangin-sebebiyle-5-katta-mahsur-kalan-vatandas-itfaiye-tarafindan-kurtarildi-7\/\" border=\"0\" itemprop=\"url\"> <meta itemprop=\"width\" content=\"246\"> <meta itemprop=\"height\" content=\"185\"> <img decoding=\"async\" class=\"\" data-attachment-id=\"56188\" data-orig-file=\"http:\/\/www.tvturk.com\/wp-content\/uploads\/2019\/02\/yangin-sebebiyle-5-katta-mahsur-kalan-vatandas-itfaiye-tarafindan-kurtarildi_08522c3.jpg\" data-orig-size=\"1000,750\" data-comments-opened=\"\" data-image-meta=\"{&quot;aperture&quot;:&quot;0&quot;,&quot;credit&quot;:&quot;IHA&quot;,&quot;camera&quot;:&quot;&quot;,&quot;caption&quot;:&quot;ANTALYA\\u2019DA 10 KATLI B\\u0130R B\\u0130NADA YANGIN \\u00c7IKTI. B\\u0130NADA MAHSUR KALAN B\\u0130R K\\u0130\\u015e\\u0130 MERD\\u0130VENL\\u0130 \\u0130TFA\\u0130YE YARDIMIYLA KURTARILIRKEN, EV \\u0130SE KULLANILAMAZ HALE GELD\\u0130. (\\u0130SA AKAR\\\/ANTALYA-\\u0130HA)&quot;,&quot;created_timestamp&quot;:&quot;0&quot;,&quot;copyright&quot;:&quot;\\u0130HLAS HABER AJANSI, www.iha.com.tr&quot;,&quot;focal_length&quot;:&quot;0&quot;,&quot;iso&quot;:&quot;0&quot;,&quot;shutter_speed&quot;:&quot;0&quot;,&quot;title&quot;:&quot;YANGIN SEBEB\\u0130YLE 5. KATTA MAHSUR KALAN VATANDA\\u015e \\u0130TFA\\u0130YE TARAFINDAN KURTARILDI 10 KATLI APARTMANIN 5. KATINDA \\u00c7IKAN YANGIN MAHALLEL\\u0130Y\\u0130 SOKA\\u011eA D\\u00d6KT\\u00dc \\u0130TFA\\u0130YE EK\\u0130PLER\\u0130 \\u00c7ALI\\u015eIRKEN VATANDA\\u015e SOSYAL MEDYADAN CANLI YAYIN YAPTI&quot;,&quot;orientation&quot;:&quot;0&quot;}\" data-image-title=\"Yang\u0131n sebebiyle 5. katta mahsur kalan vatanda\u015f itfaiye taraf\u0131ndan kurtar\u0131ld\u0131\" data-image-description=\"&lt;p&gt;Yang\u0131n sebebiyle 5. katta mahsur kalan vatanda\u015f itfaiye taraf\u0131ndan kurtar\u0131ld\u0131&lt;\/p&gt; \" data-medium-file=\"https:\/\/i0.wp.com\/www.tvturk.com\/wp-content\/uploads\/2019\/02\/yangin-sebebiyle-5-katta-mahsur-kalan-vatandas-itfaiye-tarafindan-kurtarildi_08522c3.jpg?fit=300%2C225\" data-large-file=\"https:\/\/i0.wp.com\/www.tvturk.com\/wp-content\/uploads\/2019\/02\/yangin-sebebiyle-5-katta-mahsur-kalan-vatandas-itfaiye-tarafindan-kurtarildi_08522c3.jpg?fit=1000%2C750\" src=\"https:\/\/i0.wp.com\/www.tvturk.com\/wp-content\/uploads\/2019\/02\/yangin-sebebiyle-5-katta-mahsur-kalan-vatandas-itfaiye-tarafindan-kurtarildi_08522c3.jpg?w=246&#038;h=185\" srcset=\"https:\/\/i0.wp.com\/www.tvturk.com\/wp-content\/uploads\/2019\/02\/yangin-sebebiyle-5-katta-mahsur-kalan-vatandas-itfaiye-tarafindan-kurtarildi_08522c3.jpg?w=1000 1000w, https:\/\/i0.wp.com\/www.tvturk.com\/wp-content\/uploads\/2019\/02\/yangin-sebebiyle-5-katta-mahsur-kalan-vatandas-itfaiye-tarafindan-kurtarildi_08522c3.jpg?resize=150%2C113 150w, https:\/\/i0.wp.com\/www.tvturk.com\/wp-content\/uploads\/2019\/02\/yangin-sebebiyle-5-katta-mahsur-kalan-vatandas-itfaiye-tarafindan-kurtarildi_08522c3.jpg?resize=300%2C225 300w, https:\/\/i0.wp.com\/www.tvturk.com\/wp-content\/uploads\/2019\/02\/yangin-sebebiyle-5-katta-mahsur-kalan-vatandas-itfaiye-tarafindan-kurtarildi_08522c3.jpg?resize=768%2C576 768w\" width=\"246\" height=\"185\" loading=\"lazy\" data-original-width=\"246\" data-original-height=\"185\" itemprop=\"http:\/\/schema.org\/image\" title=\"Yang\u0131n sebebiyle 5. katta mahsur kalan vatanda\u015f itfaiye taraf\u0131ndan kurtar\u0131ld\u0131\" alt=\"Yang\u0131n sebebiyle 5. katta mahsur kalan vatanda\u015f itfaiye taraf\u0131ndan kurtar\u0131ld\u0131\" style=\"width: 246px; height: 185px;\" \/> <\/a> <\/div> <\/div> <!-- close group --> <\/div> <!-- close row --> <\/div><\/p>\n","protected":false},"excerpt":{"rendered":"<p>ANTALYA\u2019DA 10 KATLI B\u0130R B\u0130NADA YANGIN \u00c7IKTI. B\u0130NADA MAHSUR KALAN B\u0130R K\u0130\u015e\u0130 MERD\u0130VENL\u0130 \u0130TFA\u0130YE YARDIMIYLA KURTARILIRKEN, EV \u0130SE KULLANILAMAZ HALE GELD\u0130.<\/p>\n","protected":false},"author":1,"featured_media":56183,"comment_status":"closed","ping_status":"open","sticky":false,"template":"","format":"standard","meta":{"jetpack_post_was_ever_published":false,"_jetpack_newsletter_access":"","_jetpack_dont_email_post_to_subs":false,"_jetpack_newsletter_tier_id":0,"_jetpack_memberships_contains_paywalled_content":false,"_jetpack_memberships_contains_paid_content":false,"footnotes":"","jetpack_publicize_message":"","jetpack_publicize_feature_enabled":true,"jetpack_social_post_already_shared":false,"jetpack_social_options":{"image_generator_settings":{"template":"highway","default_image_id":0,"font":"","enabled":false},"version":2}},"categories":[655],"tags":[764,1274,11104,766,2381,1924,765,1626,1617],"class_list":["post-56182","post","type-post","status-publish","format-standard","has-post-thumbnail","hentry","category-son-dakika","tag-itfaiye","tag-kalan","tag-katta","tag-kurtarildi","tag-mahsur","tag-sebebiyle","tag-tarafindan","tag-vatandas","tag-yangin"],"jetpack_publicize_connections":[],"jetpack_featured_media_url":"https:\/\/i0.wp.com\/www.tvturk.com\/wp-content\/uploads\/2019\/02\/yangin-sebebiyle-5-katta-mahsur-kalan-vatandas-itfaiye-tarafindan-kurtarildi_408e3af.jpg?fit=1000%2C682","jetpack_sharing_enabled":true,"jetpack_shortlink":"https:\/\/wp.me\/paKIfm-eCa","_links":{"self":[{"href":"http:\/\/www.tvturk.com\/index.php\/wp-json\/wp\/v2\/posts\/56182","targetHints":{"allow":["GET"]}}],"collection":[{"href":"http:\/\/www.tvturk.com\/index.php\/wp-json\/wp\/v2\/posts"}],"about":[{"href":"http:\/\/www.tvturk.com\/index.php\/wp-json\/wp\/v2\/types\/post"}],"author":[{"embeddable":true,"href":"http:\/\/www.tvturk.com\/index.php\/wp-json\/wp\/v2\/users\/1"}],"replies":[{"embeddable":true,"href":"http:\/\/www.tvturk.com\/index.php\/wp-json\/wp\/v2\/comments?post=56182"}],"version-history":[{"count":1,"href":"http:\/\/www.tvturk.com\/index.php\/wp-json\/wp\/v2\/posts\/56182\/revisions"}],"predecessor-version":[{"id":56189,"href":"http:\/\/www.tvturk.com\/index.php\/wp-json\/wp\/v2\/posts\/56182\/revisions\/56189"}],"wp:featuredmedia":[{"embeddable":true,"href":"http:\/\/www.tvturk.com\/index.php\/wp-json\/wp\/v2\/media\/56183"}],"wp:attachment":[{"href":"http:\/\/www.tvturk.com\/index.php\/wp-json\/wp\/v2\/media?parent=56182"}],"wp:term":[{"taxonomy":"category","embeddable":true,"href":"http:\/\/www.tvturk.com\/index.php\/wp-json\/wp\/v2\/categories?post=56182"},{"taxonomy":"post_tag","embeddable":true,"href":"http:\/\/www.tvturk.com\/index.php\/wp-json\/wp\/v2\/tags?post=56182"}],"curies":[{"name":"wp","href":"https:\/\/api.w.org\/{rel}","templated":true}]}}