{"id":56216,"date":"2019-02-23T11:20:58","date_gmt":"2019-02-23T08:20:58","guid":{"rendered":"http:\/\/www.tvturk.com\/index.php\/geceyi-alevler-aydinlatti\/"},"modified":"2019-02-23T11:21:00","modified_gmt":"2019-02-23T08:21:00","slug":"geceyi-alevler-aydinlatti","status":"publish","type":"post","link":"http:\/\/www.tvturk.com\/index.php\/geceyi-alevler-aydinlatti\/","title":{"rendered":"Geceyi alevler ayd\u0131nlatt\u0131"},"content":{"rendered":"<p>Tekirda\u011f\u2019da bir hurda deposu alev alev yand\u0131.<\/p>\n<p>Tekirda\u011f\u2019\u0131n Ergene il\u00e7esi Ula\u015f Mahallesi mevkiinde yer alan ve tehlikesiz at\u0131k toplama ve ayr\u0131\u015ft\u0131rma tesisi olarak adland\u0131r\u0131lan hurda deposunda gece ge\u00e7 saatlerinde yang\u0131n \u00e7\u0131kt\u0131. Ula\u015f Mahallesi s\u0131n\u0131rlar\u0131nda yer alan depodan alevlerin y\u00fckseldi\u011fini g\u00f6renler hemen itfaiye ekiplerinde haber vererek yard\u0131m istedi. Tekirda\u011f B\u00fcy\u00fck\u015fehir Belediyesi \u0130tfaiye Daire Ba\u015fkanl\u0131\u011f\u0131na ba\u011fl\u0131 ekipler ve \u00e7evre il\u00e7elerden \u00e7ok say\u0131da ekip olay yerine y\u00f6nlendirildi.  Jandarma ekiplerinin g\u00fcvenlik tedbiri ald\u0131\u011f\u0131 yang\u0131n s\u0131ras\u0131nda b\u00f6lgeye her ihtimale kar\u015f\u0131 sa\u011fl\u0131k ekipleri de sevk edildi.<\/p>\n<p>Alevlerin geceyi ayd\u0131nlatt\u0131\u011f\u0131 yang\u0131n \u00e7ok say\u0131da itfaiye ekibinin m\u00fcdahalesine ra\u011fmen ancak 7 saat s\u00fcren \u00e7al\u0131\u015fman\u0131n ard\u0131ndan sabah saatlerinde s\u00f6nd\u00fcr\u00fcld\u00fc.<\/p>\n<p>Gece 03.00 s\u0131ralar\u0131nda ba\u015flad\u0131\u011f\u0131 kaydedilen yang\u0131nla ilgili ba\u015flat\u0131lan inceleme ve soru\u015fturma s\u00fcr\u00fcyor.<div class=\"tiled-gallery type-rectangular tiled-gallery-unresized\" data-original-width=\"500\" data-carousel-extra='null' itemscope itemtype=\"http:\/\/schema.org\/ImageGallery\" > <div class=\"gallery-row\" style=\"width: 500px; height: 142px;\" data-original-width=\"500\" data-original-height=\"142\" > <div class=\"gallery-group images-1\" style=\"width: 250px; height: 142px;\" data-original-width=\"250\" data-original-height=\"142\" > <div class=\"tiled-gallery-item tiled-gallery-item-small\" itemprop=\"associatedMedia\" itemscope itemtype=\"http:\/\/schema.org\/ImageObject\"> <a href=\"http:\/\/www.tvturk.com\/index.php\/geceyi-alevler-aydinlatti\/geceyi-alevler-aydinlatti-3\/\" border=\"0\" itemprop=\"url\"> <meta itemprop=\"width\" content=\"246\"> <meta itemprop=\"height\" content=\"138\"> <img decoding=\"async\" class=\"\" data-attachment-id=\"56218\" data-orig-file=\"http:\/\/www.tvturk.com\/wp-content\/uploads\/2019\/02\/geceyi-alevler-aydinlatti_955b308.jpg\" data-orig-size=\"1000,562\" data-comments-opened=\"\" data-image-meta=\"{&quot;aperture&quot;:&quot;0&quot;,&quot;credit&quot;:&quot;IHA&quot;,&quot;camera&quot;:&quot;&quot;,&quot;caption&quot;:&quot;TEK\\u0130RDA\\u011e\\u2019DA MEYDANA GELEN OLAYDA B\\u0130R HURDA DEPOSU ALEV ALEV YANDI. (ERKAN KURU - SERDAR \\u015eAH\\u0130N\\\/TEK\\u0130RDA\\u011e-\\u0130HA)&quot;,&quot;created_timestamp&quot;:&quot;0&quot;,&quot;copyright&quot;:&quot;\\u0130HLAS HABER AJANSI, www.iha.com.tr&quot;,&quot;focal_length&quot;:&quot;0&quot;,&quot;iso&quot;:&quot;0&quot;,&quot;shutter_speed&quot;:&quot;0&quot;,&quot;title&quot;:&quot;GECEY\\u0130 ALEVLER AYDINLATTI ATIK TOPLAMA TES\\u0130S\\u0130NDE YANGIN&quot;,&quot;orientation&quot;:&quot;0&quot;}\" data-image-title=\"Geceyi alevler ayd\u0131nlatt\u0131\" data-image-description=\"&lt;p&gt;Geceyi alevler ayd\u0131nlatt\u0131&lt;\/p&gt; \" data-medium-file=\"https:\/\/i0.wp.com\/www.tvturk.com\/wp-content\/uploads\/2019\/02\/geceyi-alevler-aydinlatti_955b308.jpg?fit=300%2C169\" data-large-file=\"https:\/\/i0.wp.com\/www.tvturk.com\/wp-content\/uploads\/2019\/02\/geceyi-alevler-aydinlatti_955b308.jpg?fit=1000%2C562\" src=\"https:\/\/i0.wp.com\/www.tvturk.com\/wp-content\/uploads\/2019\/02\/geceyi-alevler-aydinlatti_955b308.jpg?w=246&#038;h=138\" srcset=\"https:\/\/i0.wp.com\/www.tvturk.com\/wp-content\/uploads\/2019\/02\/geceyi-alevler-aydinlatti_955b308.jpg?w=1000 1000w, https:\/\/i0.wp.com\/www.tvturk.com\/wp-content\/uploads\/2019\/02\/geceyi-alevler-aydinlatti_955b308.jpg?resize=150%2C84 150w, https:\/\/i0.wp.com\/www.tvturk.com\/wp-content\/uploads\/2019\/02\/geceyi-alevler-aydinlatti_955b308.jpg?resize=300%2C169 300w, https:\/\/i0.wp.com\/www.tvturk.com\/wp-content\/uploads\/2019\/02\/geceyi-alevler-aydinlatti_955b308.jpg?resize=768%2C432 768w, https:\/\/i0.wp.com\/www.tvturk.com\/wp-content\/uploads\/2019\/02\/geceyi-alevler-aydinlatti_955b308.jpg?resize=200%2C113 200w\" width=\"246\" height=\"138\" loading=\"lazy\" data-original-width=\"246\" data-original-height=\"138\" itemprop=\"http:\/\/schema.org\/image\" title=\"Geceyi alevler ayd\u0131nlatt\u0131\" alt=\"Geceyi alevler ayd\u0131nlatt\u0131\" style=\"width: 246px; height: 138px;\" \/> <\/a> <\/div> <\/div> <!-- close group --> <div class=\"gallery-group images-1\" style=\"width: 250px; height: 142px;\" data-original-width=\"250\" data-original-height=\"142\" > <div class=\"tiled-gallery-item tiled-gallery-item-small\" itemprop=\"associatedMedia\" itemscope itemtype=\"http:\/\/schema.org\/ImageObject\"> <a href=\"http:\/\/www.tvturk.com\/index.php\/geceyi-alevler-aydinlatti\/geceyi-alevler-aydinlatti-4\/\" border=\"0\" itemprop=\"url\"> <meta itemprop=\"width\" content=\"246\"> <meta itemprop=\"height\" content=\"138\"> <img decoding=\"async\" class=\"\" data-attachment-id=\"56219\" data-orig-file=\"http:\/\/www.tvturk.com\/wp-content\/uploads\/2019\/02\/geceyi-alevler-aydinlatti_80d4df4.jpg\" data-orig-size=\"1000,562\" data-comments-opened=\"\" data-image-meta=\"{&quot;aperture&quot;:&quot;0&quot;,&quot;credit&quot;:&quot;IHA&quot;,&quot;camera&quot;:&quot;&quot;,&quot;caption&quot;:&quot;TEK\\u0130RDA\\u011e\\u2019DA MEYDANA GELEN OLAYDA B\\u0130R HURDA DEPOSU ALEV ALEV YANDI. (ERKAN KURU - SERDAR \\u015eAH\\u0130N\\\/TEK\\u0130RDA\\u011e-\\u0130HA)&quot;,&quot;created_timestamp&quot;:&quot;0&quot;,&quot;copyright&quot;:&quot;\\u0130HLAS HABER AJANSI, www.iha.com.tr&quot;,&quot;focal_length&quot;:&quot;0&quot;,&quot;iso&quot;:&quot;0&quot;,&quot;shutter_speed&quot;:&quot;0&quot;,&quot;title&quot;:&quot;GECEY\\u0130 ALEVLER AYDINLATTI ATIK TOPLAMA TES\\u0130S\\u0130NDE YANGIN&quot;,&quot;orientation&quot;:&quot;0&quot;}\" data-image-title=\"Geceyi alevler ayd\u0131nlatt\u0131\" data-image-description=\"&lt;p&gt;Geceyi alevler ayd\u0131nlatt\u0131&lt;\/p&gt; \" data-medium-file=\"https:\/\/i0.wp.com\/www.tvturk.com\/wp-content\/uploads\/2019\/02\/geceyi-alevler-aydinlatti_80d4df4.jpg?fit=300%2C169\" data-large-file=\"https:\/\/i0.wp.com\/www.tvturk.com\/wp-content\/uploads\/2019\/02\/geceyi-alevler-aydinlatti_80d4df4.jpg?fit=1000%2C562\" src=\"https:\/\/i0.wp.com\/www.tvturk.com\/wp-content\/uploads\/2019\/02\/geceyi-alevler-aydinlatti_80d4df4.jpg?w=246&#038;h=138\" srcset=\"https:\/\/i0.wp.com\/www.tvturk.com\/wp-content\/uploads\/2019\/02\/geceyi-alevler-aydinlatti_80d4df4.jpg?w=1000 1000w, https:\/\/i0.wp.com\/www.tvturk.com\/wp-content\/uploads\/2019\/02\/geceyi-alevler-aydinlatti_80d4df4.jpg?resize=150%2C84 150w, https:\/\/i0.wp.com\/www.tvturk.com\/wp-content\/uploads\/2019\/02\/geceyi-alevler-aydinlatti_80d4df4.jpg?resize=300%2C169 300w, https:\/\/i0.wp.com\/www.tvturk.com\/wp-content\/uploads\/2019\/02\/geceyi-alevler-aydinlatti_80d4df4.jpg?resize=768%2C432 768w, https:\/\/i0.wp.com\/www.tvturk.com\/wp-content\/uploads\/2019\/02\/geceyi-alevler-aydinlatti_80d4df4.jpg?resize=200%2C113 200w\" width=\"246\" height=\"138\" loading=\"lazy\" data-original-width=\"246\" data-original-height=\"138\" itemprop=\"http:\/\/schema.org\/image\" title=\"Geceyi alevler ayd\u0131nlatt\u0131\" alt=\"Geceyi alevler ayd\u0131nlatt\u0131\" style=\"width: 246px; height: 138px;\" \/> <\/a> <\/div> <\/div> <!-- close group --> <\/div> <!-- close row --> <\/div><\/p>\n","protected":false},"excerpt":{"rendered":"<p>TEK\u0130RDA\u011e\u2019DA MEYDANA GELEN OLAYDA B\u0130R HURDA DEPOSU ALEV ALEV YANDI.<\/p>\n","protected":false},"author":1,"featured_media":56217,"comment_status":"closed","ping_status":"open","sticky":false,"template":"","format":"standard","meta":{"jetpack_post_was_ever_published":false,"_jetpack_newsletter_access":"","_jetpack_dont_email_post_to_subs":false,"_jetpack_newsletter_tier_id":0,"_jetpack_memberships_contains_paywalled_content":false,"_jetpack_memberships_contains_paid_content":false,"footnotes":"","jetpack_publicize_message":"","jetpack_publicize_feature_enabled":true,"jetpack_social_post_already_shared":false,"jetpack_social_options":{"image_generator_settings":{"template":"highway","default_image_id":0,"font":"","enabled":false},"version":2}},"categories":[655],"tags":[15253,13887,8453],"class_list":["post-56216","post","type-post","status-publish","format-standard","has-post-thumbnail","hentry","category-son-dakika","tag-alevler","tag-aydinlatti","tag-geceyi"],"jetpack_publicize_connections":[],"jetpack_featured_media_url":"https:\/\/i0.wp.com\/www.tvturk.com\/wp-content\/uploads\/2019\/02\/geceyi-alevler-aydinlatti_35b9c6c.jpg?fit=1000%2C562","jetpack_sharing_enabled":true,"jetpack_shortlink":"https:\/\/wp.me\/paKIfm-eCI","_links":{"self":[{"href":"http:\/\/www.tvturk.com\/index.php\/wp-json\/wp\/v2\/posts\/56216","targetHints":{"allow":["GET"]}}],"collection":[{"href":"http:\/\/www.tvturk.com\/index.php\/wp-json\/wp\/v2\/posts"}],"about":[{"href":"http:\/\/www.tvturk.com\/index.php\/wp-json\/wp\/v2\/types\/post"}],"author":[{"embeddable":true,"href":"http:\/\/www.tvturk.com\/index.php\/wp-json\/wp\/v2\/users\/1"}],"replies":[{"embeddable":true,"href":"http:\/\/www.tvturk.com\/index.php\/wp-json\/wp\/v2\/comments?post=56216"}],"version-history":[{"count":1,"href":"http:\/\/www.tvturk.com\/index.php\/wp-json\/wp\/v2\/posts\/56216\/revisions"}],"predecessor-version":[{"id":56220,"href":"http:\/\/www.tvturk.com\/index.php\/wp-json\/wp\/v2\/posts\/56216\/revisions\/56220"}],"wp:featuredmedia":[{"embeddable":true,"href":"http:\/\/www.tvturk.com\/index.php\/wp-json\/wp\/v2\/media\/56217"}],"wp:attachment":[{"href":"http:\/\/www.tvturk.com\/index.php\/wp-json\/wp\/v2\/media?parent=56216"}],"wp:term":[{"taxonomy":"category","embeddable":true,"href":"http:\/\/www.tvturk.com\/index.php\/wp-json\/wp\/v2\/categories?post=56216"},{"taxonomy":"post_tag","embeddable":true,"href":"http:\/\/www.tvturk.com\/index.php\/wp-json\/wp\/v2\/tags?post=56216"}],"curies":[{"name":"wp","href":"https:\/\/api.w.org\/{rel}","templated":true}]}}