{"id":56327,"date":"2019-02-23T12:21:55","date_gmt":"2019-02-23T09:21:55","guid":{"rendered":"http:\/\/www.tvturk.com\/index.php\/karda-mahsur-kalan-araclari-ekipler-kurtardi\/"},"modified":"2019-02-23T12:22:07","modified_gmt":"2019-02-23T09:22:07","slug":"karda-mahsur-kalan-araclari-ekipler-kurtardi","status":"publish","type":"post","link":"http:\/\/www.tvturk.com\/index.php\/karda-mahsur-kalan-araclari-ekipler-kurtardi\/","title":{"rendered":"Karda mahsur kalan ara\u00e7lar\u0131 ekipler kurtard\u0131"},"content":{"rendered":"<p>Kazda\u011flar\u0131\u2019nda kar sebebiyle yolda mahsur kalan ara\u00e7lar\u0131 Karayollar\u0131 ekipleri kurtard\u0131.<\/p>\n<p>Gece saatlerinde ba\u015flayan kar ya\u011f\u0131\u015f\u0131 Bal\u0131kesir\u2019in Edremit ve Havran ile \u00c7anakkale\u2019nin Yenice il\u00e7elerinde hayat\u0131 olumsuz etkiliyor. Edremit-Yenice yolunun Talimalan\u0131-Kapanca-Hanlar-Deveboynu mevkilerinde onlarca s\u00fcr\u00fcc\u00fc ilerleyemedi. Yakla\u015f\u0131k 3 saat yolda mahsur kalan ikisi otob\u00fcs 9 araca Karayollar\u0131 ekipleri ula\u015ft\u0131. B\u00f6lgede kar k\u00fcreme ve tuzlama \u00e7al\u0131\u015fmas\u0131 yapan ekipler her iki y\u00f6nde de ilerlemekte g\u00fc\u00e7l\u00fck \u00e7eken vatanda\u015flara yard\u0131mc\u0131 oldu. Karayollar\u0131 ekiplerinin \u00e7al\u0131\u015fmalar\u0131na yo\u011fun kar ya\u011f\u0131\u015f\u0131 ve tipi nedeniyle Edremit Belediyesi ekipleri de destek veriyor.<\/p>\n<p>Yetkililer vatanda\u015flar\u0131n mecbur kalmad\u0131k\u00e7a bu yol kesiminde seyahat etmemelerini, edeceklerin de k\u0131\u015f lasti\u011fi, zincir, \u00e7ekme halat\u0131 gibi ekipmanlar ile yolculuk etmelerini istedi. B\u00f6lgede yo\u011fun kar ya\u011f\u0131\u015f\u0131 \u015fiddetli poyraz f\u0131rt\u0131nas\u0131yla birlikte tipiye d\u00f6n\u00fc\u015ft\u00fc. Kar ya\u011f\u0131\u015f\u0131n\u0131n pazar g\u00fcn\u00fcne kadar devam edece\u011fi tahmin ediliyor.<div class=\"tiled-gallery type-rectangular tiled-gallery-unresized\" data-original-width=\"500\" data-carousel-extra='null' itemscope itemtype=\"http:\/\/schema.org\/ImageGallery\" > <div class=\"gallery-row\" style=\"width: 500px; height: 142px;\" data-original-width=\"500\" data-original-height=\"142\" > <div class=\"gallery-group images-1\" style=\"width: 250px; height: 142px;\" data-original-width=\"250\" data-original-height=\"142\" > <div class=\"tiled-gallery-item tiled-gallery-item-small\" itemprop=\"associatedMedia\" itemscope itemtype=\"http:\/\/schema.org\/ImageObject\"> <a href=\"http:\/\/www.tvturk.com\/index.php\/karda-mahsur-kalan-araclari-ekipler-kurtardi\/karda-mahsur-kalan-araclari-ekipler-kurtardi-3\/\" border=\"0\" itemprop=\"url\"> <meta itemprop=\"width\" content=\"246\"> <meta itemprop=\"height\" content=\"138\"> <img decoding=\"async\" class=\"\" data-attachment-id=\"56329\" data-orig-file=\"http:\/\/www.tvturk.com\/wp-content\/uploads\/2019\/02\/karda-mahsur-kalan-araclari-ekipler-kurtardi_a7b5dc7.jpg\" data-orig-size=\"1000,563\" data-comments-opened=\"\" data-image-meta=\"{&quot;aperture&quot;:&quot;0&quot;,&quot;credit&quot;:&quot;IHA&quot;,&quot;camera&quot;:&quot;&quot;,&quot;caption&quot;:&quot;KAZDA\\u011eLARI\\u2019NDA KAR YA\\u011eI\\u015eI NEDEN\\u0130YLE YOLDA \\u0130LERLEYEMED\\u0130KLER\\u0130 \\u0130\\u00c7\\u0130N MAHSUR KALAN \\u0130\\u00c7LER\\u0130NDE \\u0130K\\u0130 OTOB\\u00dcS\\u00dcNDE BULUNDU\\u011eU 9 ARACI KARAYOLLARI EK\\u0130PLER\\u0130 KURTARDI. (EMRAH ELMAS\\\/BALIKES\\u0130R-\\u0130HA)&quot;,&quot;created_timestamp&quot;:&quot;0&quot;,&quot;copyright&quot;:&quot;\\u0130HLAS HABER AJANSI, www.iha.com.tr&quot;,&quot;focal_length&quot;:&quot;0&quot;,&quot;iso&quot;:&quot;0&quot;,&quot;shutter_speed&quot;:&quot;0&quot;,&quot;title&quot;:&quot;KARDA MAHSUR KALAN ARA\\u00c7LARI EK\\u0130PLER KURTARDI&quot;,&quot;orientation&quot;:&quot;0&quot;}\" data-image-title=\"Karda mahsur kalan ara\u00e7lar\u0131 ekipler kurtard\u0131\" data-image-description=\"&lt;p&gt;Karda mahsur kalan ara\u00e7lar\u0131 ekipler kurtard\u0131&lt;\/p&gt; \" data-medium-file=\"https:\/\/i0.wp.com\/www.tvturk.com\/wp-content\/uploads\/2019\/02\/karda-mahsur-kalan-araclari-ekipler-kurtardi_a7b5dc7.jpg?fit=300%2C169\" data-large-file=\"https:\/\/i0.wp.com\/www.tvturk.com\/wp-content\/uploads\/2019\/02\/karda-mahsur-kalan-araclari-ekipler-kurtardi_a7b5dc7.jpg?fit=1000%2C563\" src=\"https:\/\/i0.wp.com\/www.tvturk.com\/wp-content\/uploads\/2019\/02\/karda-mahsur-kalan-araclari-ekipler-kurtardi_a7b5dc7.jpg?w=246&#038;h=138\" srcset=\"https:\/\/i0.wp.com\/www.tvturk.com\/wp-content\/uploads\/2019\/02\/karda-mahsur-kalan-araclari-ekipler-kurtardi_a7b5dc7.jpg?w=1000 1000w, https:\/\/i0.wp.com\/www.tvturk.com\/wp-content\/uploads\/2019\/02\/karda-mahsur-kalan-araclari-ekipler-kurtardi_a7b5dc7.jpg?resize=150%2C84 150w, https:\/\/i0.wp.com\/www.tvturk.com\/wp-content\/uploads\/2019\/02\/karda-mahsur-kalan-araclari-ekipler-kurtardi_a7b5dc7.jpg?resize=300%2C169 300w, https:\/\/i0.wp.com\/www.tvturk.com\/wp-content\/uploads\/2019\/02\/karda-mahsur-kalan-araclari-ekipler-kurtardi_a7b5dc7.jpg?resize=768%2C432 768w, https:\/\/i0.wp.com\/www.tvturk.com\/wp-content\/uploads\/2019\/02\/karda-mahsur-kalan-araclari-ekipler-kurtardi_a7b5dc7.jpg?resize=200%2C113 200w\" width=\"246\" height=\"138\" loading=\"lazy\" data-original-width=\"246\" data-original-height=\"138\" itemprop=\"http:\/\/schema.org\/image\" title=\"Karda mahsur kalan ara\u00e7lar\u0131 ekipler kurtard\u0131\" alt=\"Karda mahsur kalan ara\u00e7lar\u0131 ekipler kurtard\u0131\" style=\"width: 246px; height: 138px;\" \/> <\/a> <\/div> <\/div> <!-- close group --> <div class=\"gallery-group images-1\" style=\"width: 250px; height: 142px;\" data-original-width=\"250\" data-original-height=\"142\" > <div class=\"tiled-gallery-item tiled-gallery-item-small\" itemprop=\"associatedMedia\" itemscope itemtype=\"http:\/\/schema.org\/ImageObject\"> <a href=\"http:\/\/www.tvturk.com\/index.php\/karda-mahsur-kalan-araclari-ekipler-kurtardi\/karda-mahsur-kalan-araclari-ekipler-kurtardi-4\/\" border=\"0\" itemprop=\"url\"> <meta itemprop=\"width\" content=\"246\"> <meta itemprop=\"height\" content=\"138\"> <img decoding=\"async\" class=\"\" data-attachment-id=\"56330\" data-orig-file=\"http:\/\/www.tvturk.com\/wp-content\/uploads\/2019\/02\/karda-mahsur-kalan-araclari-ekipler-kurtardi_033cf94.jpg\" data-orig-size=\"1000,563\" data-comments-opened=\"\" data-image-meta=\"{&quot;aperture&quot;:&quot;0&quot;,&quot;credit&quot;:&quot;IHA&quot;,&quot;camera&quot;:&quot;&quot;,&quot;caption&quot;:&quot;KAZDA\\u011eLARI\\u2019NDA KAR YA\\u011eI\\u015eI NEDEN\\u0130YLE YOLDA \\u0130LERLEYEMED\\u0130KLER\\u0130 \\u0130\\u00c7\\u0130N MAHSUR KALAN \\u0130\\u00c7LER\\u0130NDE \\u0130K\\u0130 OTOB\\u00dcS\\u00dcNDE BULUNDU\\u011eU 9 ARACI KARAYOLLARI EK\\u0130PLER\\u0130 KURTARDI. (EMRAH ELMAS\\\/BALIKES\\u0130R-\\u0130HA)&quot;,&quot;created_timestamp&quot;:&quot;0&quot;,&quot;copyright&quot;:&quot;\\u0130HLAS HABER AJANSI, www.iha.com.tr&quot;,&quot;focal_length&quot;:&quot;0&quot;,&quot;iso&quot;:&quot;0&quot;,&quot;shutter_speed&quot;:&quot;0&quot;,&quot;title&quot;:&quot;KARDA MAHSUR KALAN ARA\\u00c7LARI EK\\u0130PLER KURTARDI&quot;,&quot;orientation&quot;:&quot;0&quot;}\" data-image-title=\"Karda mahsur kalan ara\u00e7lar\u0131 ekipler kurtard\u0131\" data-image-description=\"&lt;p&gt;Karda mahsur kalan ara\u00e7lar\u0131 ekipler kurtard\u0131&lt;\/p&gt; \" data-medium-file=\"https:\/\/i0.wp.com\/www.tvturk.com\/wp-content\/uploads\/2019\/02\/karda-mahsur-kalan-araclari-ekipler-kurtardi_033cf94.jpg?fit=300%2C169\" data-large-file=\"https:\/\/i0.wp.com\/www.tvturk.com\/wp-content\/uploads\/2019\/02\/karda-mahsur-kalan-araclari-ekipler-kurtardi_033cf94.jpg?fit=1000%2C563\" src=\"https:\/\/i0.wp.com\/www.tvturk.com\/wp-content\/uploads\/2019\/02\/karda-mahsur-kalan-araclari-ekipler-kurtardi_033cf94.jpg?w=246&#038;h=138\" srcset=\"https:\/\/i0.wp.com\/www.tvturk.com\/wp-content\/uploads\/2019\/02\/karda-mahsur-kalan-araclari-ekipler-kurtardi_033cf94.jpg?w=1000 1000w, https:\/\/i0.wp.com\/www.tvturk.com\/wp-content\/uploads\/2019\/02\/karda-mahsur-kalan-araclari-ekipler-kurtardi_033cf94.jpg?resize=150%2C84 150w, https:\/\/i0.wp.com\/www.tvturk.com\/wp-content\/uploads\/2019\/02\/karda-mahsur-kalan-araclari-ekipler-kurtardi_033cf94.jpg?resize=300%2C169 300w, https:\/\/i0.wp.com\/www.tvturk.com\/wp-content\/uploads\/2019\/02\/karda-mahsur-kalan-araclari-ekipler-kurtardi_033cf94.jpg?resize=768%2C432 768w, https:\/\/i0.wp.com\/www.tvturk.com\/wp-content\/uploads\/2019\/02\/karda-mahsur-kalan-araclari-ekipler-kurtardi_033cf94.jpg?resize=200%2C113 200w\" width=\"246\" height=\"138\" loading=\"lazy\" data-original-width=\"246\" data-original-height=\"138\" itemprop=\"http:\/\/schema.org\/image\" title=\"Karda mahsur kalan ara\u00e7lar\u0131 ekipler kurtard\u0131\" alt=\"Karda mahsur kalan ara\u00e7lar\u0131 ekipler kurtard\u0131\" style=\"width: 246px; height: 138px;\" \/> <\/a> <\/div> <\/div> <!-- close group --> <\/div> <!-- close row --> <div class=\"gallery-row\" style=\"width: 500px; height: 142px;\" data-original-width=\"500\" data-original-height=\"142\" > <div class=\"gallery-group images-1\" style=\"width: 250px; height: 142px;\" data-original-width=\"250\" data-original-height=\"142\" > <div class=\"tiled-gallery-item tiled-gallery-item-small\" itemprop=\"associatedMedia\" itemscope itemtype=\"http:\/\/schema.org\/ImageObject\"> <a href=\"http:\/\/www.tvturk.com\/index.php\/karda-mahsur-kalan-araclari-ekipler-kurtardi\/karda-mahsur-kalan-araclari-ekipler-kurtardi-5\/\" border=\"0\" itemprop=\"url\"> <meta itemprop=\"width\" content=\"246\"> <meta itemprop=\"height\" content=\"138\"> <img decoding=\"async\" class=\"\" data-attachment-id=\"56331\" data-orig-file=\"http:\/\/www.tvturk.com\/wp-content\/uploads\/2019\/02\/karda-mahsur-kalan-araclari-ekipler-kurtardi_8be6f7c.jpg\" data-orig-size=\"1000,563\" data-comments-opened=\"\" data-image-meta=\"{&quot;aperture&quot;:&quot;0&quot;,&quot;credit&quot;:&quot;IHA&quot;,&quot;camera&quot;:&quot;&quot;,&quot;caption&quot;:&quot;KAZDA\\u011eLARI\\u2019NDA KAR YA\\u011eI\\u015eI NEDEN\\u0130YLE YOLDA \\u0130LERLEYEMED\\u0130KLER\\u0130 \\u0130\\u00c7\\u0130N MAHSUR KALAN \\u0130\\u00c7LER\\u0130NDE \\u0130K\\u0130 OTOB\\u00dcS\\u00dcNDE BULUNDU\\u011eU 9 ARACI KARAYOLLARI EK\\u0130PLER\\u0130 KURTARDI. (EMRAH ELMAS\\\/BALIKES\\u0130R-\\u0130HA)&quot;,&quot;created_timestamp&quot;:&quot;0&quot;,&quot;copyright&quot;:&quot;\\u0130HLAS HABER AJANSI, www.iha.com.tr&quot;,&quot;focal_length&quot;:&quot;0&quot;,&quot;iso&quot;:&quot;0&quot;,&quot;shutter_speed&quot;:&quot;0&quot;,&quot;title&quot;:&quot;KARDA MAHSUR KALAN ARA\\u00c7LARI EK\\u0130PLER KURTARDI&quot;,&quot;orientation&quot;:&quot;0&quot;}\" data-image-title=\"Karda mahsur kalan ara\u00e7lar\u0131 ekipler kurtard\u0131\" data-image-description=\"&lt;p&gt;Karda mahsur kalan ara\u00e7lar\u0131 ekipler kurtard\u0131&lt;\/p&gt; \" data-medium-file=\"https:\/\/i0.wp.com\/www.tvturk.com\/wp-content\/uploads\/2019\/02\/karda-mahsur-kalan-araclari-ekipler-kurtardi_8be6f7c.jpg?fit=300%2C169\" data-large-file=\"https:\/\/i0.wp.com\/www.tvturk.com\/wp-content\/uploads\/2019\/02\/karda-mahsur-kalan-araclari-ekipler-kurtardi_8be6f7c.jpg?fit=1000%2C563\" src=\"https:\/\/i0.wp.com\/www.tvturk.com\/wp-content\/uploads\/2019\/02\/karda-mahsur-kalan-araclari-ekipler-kurtardi_8be6f7c.jpg?w=246&#038;h=138\" srcset=\"https:\/\/i0.wp.com\/www.tvturk.com\/wp-content\/uploads\/2019\/02\/karda-mahsur-kalan-araclari-ekipler-kurtardi_8be6f7c.jpg?w=1000 1000w, https:\/\/i0.wp.com\/www.tvturk.com\/wp-content\/uploads\/2019\/02\/karda-mahsur-kalan-araclari-ekipler-kurtardi_8be6f7c.jpg?resize=150%2C84 150w, https:\/\/i0.wp.com\/www.tvturk.com\/wp-content\/uploads\/2019\/02\/karda-mahsur-kalan-araclari-ekipler-kurtardi_8be6f7c.jpg?resize=300%2C169 300w, https:\/\/i0.wp.com\/www.tvturk.com\/wp-content\/uploads\/2019\/02\/karda-mahsur-kalan-araclari-ekipler-kurtardi_8be6f7c.jpg?resize=768%2C432 768w, https:\/\/i0.wp.com\/www.tvturk.com\/wp-content\/uploads\/2019\/02\/karda-mahsur-kalan-araclari-ekipler-kurtardi_8be6f7c.jpg?resize=200%2C113 200w\" width=\"246\" height=\"138\" loading=\"lazy\" data-original-width=\"246\" data-original-height=\"138\" itemprop=\"http:\/\/schema.org\/image\" title=\"Karda mahsur kalan ara\u00e7lar\u0131 ekipler kurtard\u0131\" alt=\"Karda mahsur kalan ara\u00e7lar\u0131 ekipler kurtard\u0131\" style=\"width: 246px; height: 138px;\" \/> <\/a> <\/div> <\/div> <!-- close group --> <div class=\"gallery-group images-1\" style=\"width: 250px; height: 142px;\" data-original-width=\"250\" data-original-height=\"142\" > <div class=\"tiled-gallery-item tiled-gallery-item-small\" itemprop=\"associatedMedia\" itemscope itemtype=\"http:\/\/schema.org\/ImageObject\"> <a href=\"http:\/\/www.tvturk.com\/index.php\/karda-mahsur-kalan-araclari-ekipler-kurtardi\/karda-mahsur-kalan-araclari-ekipler-kurtardi-6\/\" border=\"0\" itemprop=\"url\"> <meta itemprop=\"width\" content=\"246\"> <meta itemprop=\"height\" content=\"138\"> <img decoding=\"async\" class=\"\" data-attachment-id=\"56332\" data-orig-file=\"http:\/\/www.tvturk.com\/wp-content\/uploads\/2019\/02\/karda-mahsur-kalan-araclari-ekipler-kurtardi_201a5b8.jpg\" data-orig-size=\"1000,563\" data-comments-opened=\"\" data-image-meta=\"{&quot;aperture&quot;:&quot;0&quot;,&quot;credit&quot;:&quot;IHA&quot;,&quot;camera&quot;:&quot;&quot;,&quot;caption&quot;:&quot;KAZDA\\u011eLARI\\u2019NDA KAR YA\\u011eI\\u015eI NEDEN\\u0130YLE YOLDA \\u0130LERLEYEMED\\u0130KLER\\u0130 \\u0130\\u00c7\\u0130N MAHSUR KALAN \\u0130\\u00c7LER\\u0130NDE \\u0130K\\u0130 OTOB\\u00dcS\\u00dcNDE BULUNDU\\u011eU 9 ARACI KARAYOLLARI EK\\u0130PLER\\u0130 KURTARDI. (EMRAH ELMAS\\\/BALIKES\\u0130R-\\u0130HA)&quot;,&quot;created_timestamp&quot;:&quot;0&quot;,&quot;copyright&quot;:&quot;\\u0130HLAS HABER AJANSI, www.iha.com.tr&quot;,&quot;focal_length&quot;:&quot;0&quot;,&quot;iso&quot;:&quot;0&quot;,&quot;shutter_speed&quot;:&quot;0&quot;,&quot;title&quot;:&quot;KARDA MAHSUR KALAN ARA\\u00c7LARI EK\\u0130PLER KURTARDI&quot;,&quot;orientation&quot;:&quot;0&quot;}\" data-image-title=\"Karda mahsur kalan ara\u00e7lar\u0131 ekipler kurtard\u0131\" data-image-description=\"&lt;p&gt;Karda mahsur kalan ara\u00e7lar\u0131 ekipler kurtard\u0131&lt;\/p&gt; \" data-medium-file=\"https:\/\/i0.wp.com\/www.tvturk.com\/wp-content\/uploads\/2019\/02\/karda-mahsur-kalan-araclari-ekipler-kurtardi_201a5b8.jpg?fit=300%2C169\" data-large-file=\"https:\/\/i0.wp.com\/www.tvturk.com\/wp-content\/uploads\/2019\/02\/karda-mahsur-kalan-araclari-ekipler-kurtardi_201a5b8.jpg?fit=1000%2C563\" src=\"https:\/\/i0.wp.com\/www.tvturk.com\/wp-content\/uploads\/2019\/02\/karda-mahsur-kalan-araclari-ekipler-kurtardi_201a5b8.jpg?w=246&#038;h=138\" srcset=\"https:\/\/i0.wp.com\/www.tvturk.com\/wp-content\/uploads\/2019\/02\/karda-mahsur-kalan-araclari-ekipler-kurtardi_201a5b8.jpg?w=1000 1000w, https:\/\/i0.wp.com\/www.tvturk.com\/wp-content\/uploads\/2019\/02\/karda-mahsur-kalan-araclari-ekipler-kurtardi_201a5b8.jpg?resize=150%2C84 150w, https:\/\/i0.wp.com\/www.tvturk.com\/wp-content\/uploads\/2019\/02\/karda-mahsur-kalan-araclari-ekipler-kurtardi_201a5b8.jpg?resize=300%2C169 300w, https:\/\/i0.wp.com\/www.tvturk.com\/wp-content\/uploads\/2019\/02\/karda-mahsur-kalan-araclari-ekipler-kurtardi_201a5b8.jpg?resize=768%2C432 768w, https:\/\/i0.wp.com\/www.tvturk.com\/wp-content\/uploads\/2019\/02\/karda-mahsur-kalan-araclari-ekipler-kurtardi_201a5b8.jpg?resize=200%2C113 200w\" width=\"246\" height=\"138\" loading=\"lazy\" data-original-width=\"246\" data-original-height=\"138\" itemprop=\"http:\/\/schema.org\/image\" title=\"Karda mahsur kalan ara\u00e7lar\u0131 ekipler kurtard\u0131\" alt=\"Karda mahsur kalan ara\u00e7lar\u0131 ekipler kurtard\u0131\" style=\"width: 246px; height: 138px;\" \/> <\/a> <\/div> <\/div> <!-- close group --> <\/div> <!-- close row --> <div class=\"gallery-row\" style=\"width: 500px; height: 142px;\" data-original-width=\"500\" data-original-height=\"142\" > <div class=\"gallery-group images-1\" style=\"width: 250px; height: 142px;\" data-original-width=\"250\" data-original-height=\"142\" > <div class=\"tiled-gallery-item tiled-gallery-item-small\" itemprop=\"associatedMedia\" itemscope itemtype=\"http:\/\/schema.org\/ImageObject\"> <a href=\"http:\/\/www.tvturk.com\/index.php\/karda-mahsur-kalan-araclari-ekipler-kurtardi\/karda-mahsur-kalan-araclari-ekipler-kurtardi-7\/\" border=\"0\" itemprop=\"url\"> <meta itemprop=\"width\" content=\"246\"> <meta itemprop=\"height\" content=\"138\"> <img decoding=\"async\" class=\"\" data-attachment-id=\"56333\" data-orig-file=\"http:\/\/www.tvturk.com\/wp-content\/uploads\/2019\/02\/karda-mahsur-kalan-araclari-ekipler-kurtardi_006f03d.jpg\" data-orig-size=\"1000,563\" data-comments-opened=\"\" data-image-meta=\"{&quot;aperture&quot;:&quot;0&quot;,&quot;credit&quot;:&quot;IHA&quot;,&quot;camera&quot;:&quot;&quot;,&quot;caption&quot;:&quot;KAZDA\\u011eLARI\\u2019NDA KAR YA\\u011eI\\u015eI NEDEN\\u0130YLE YOLDA \\u0130LERLEYEMED\\u0130KLER\\u0130 \\u0130\\u00c7\\u0130N MAHSUR KALAN \\u0130\\u00c7LER\\u0130NDE \\u0130K\\u0130 OTOB\\u00dcS\\u00dcNDE BULUNDU\\u011eU 9 ARACI KARAYOLLARI EK\\u0130PLER\\u0130 KURTARDI. (EMRAH ELMAS\\\/BALIKES\\u0130R-\\u0130HA)&quot;,&quot;created_timestamp&quot;:&quot;0&quot;,&quot;copyright&quot;:&quot;\\u0130HLAS HABER AJANSI, www.iha.com.tr&quot;,&quot;focal_length&quot;:&quot;0&quot;,&quot;iso&quot;:&quot;0&quot;,&quot;shutter_speed&quot;:&quot;0&quot;,&quot;title&quot;:&quot;KARDA MAHSUR KALAN ARA\\u00c7LARI EK\\u0130PLER KURTARDI&quot;,&quot;orientation&quot;:&quot;0&quot;}\" data-image-title=\"Karda mahsur kalan ara\u00e7lar\u0131 ekipler kurtard\u0131\" data-image-description=\"&lt;p&gt;Karda mahsur kalan ara\u00e7lar\u0131 ekipler kurtard\u0131&lt;\/p&gt; \" data-medium-file=\"https:\/\/i0.wp.com\/www.tvturk.com\/wp-content\/uploads\/2019\/02\/karda-mahsur-kalan-araclari-ekipler-kurtardi_006f03d.jpg?fit=300%2C169\" data-large-file=\"https:\/\/i0.wp.com\/www.tvturk.com\/wp-content\/uploads\/2019\/02\/karda-mahsur-kalan-araclari-ekipler-kurtardi_006f03d.jpg?fit=1000%2C563\" src=\"https:\/\/i0.wp.com\/www.tvturk.com\/wp-content\/uploads\/2019\/02\/karda-mahsur-kalan-araclari-ekipler-kurtardi_006f03d.jpg?w=246&#038;h=138\" srcset=\"https:\/\/i0.wp.com\/www.tvturk.com\/wp-content\/uploads\/2019\/02\/karda-mahsur-kalan-araclari-ekipler-kurtardi_006f03d.jpg?w=1000 1000w, https:\/\/i0.wp.com\/www.tvturk.com\/wp-content\/uploads\/2019\/02\/karda-mahsur-kalan-araclari-ekipler-kurtardi_006f03d.jpg?resize=150%2C84 150w, https:\/\/i0.wp.com\/www.tvturk.com\/wp-content\/uploads\/2019\/02\/karda-mahsur-kalan-araclari-ekipler-kurtardi_006f03d.jpg?resize=300%2C169 300w, https:\/\/i0.wp.com\/www.tvturk.com\/wp-content\/uploads\/2019\/02\/karda-mahsur-kalan-araclari-ekipler-kurtardi_006f03d.jpg?resize=768%2C432 768w, https:\/\/i0.wp.com\/www.tvturk.com\/wp-content\/uploads\/2019\/02\/karda-mahsur-kalan-araclari-ekipler-kurtardi_006f03d.jpg?resize=200%2C113 200w\" width=\"246\" height=\"138\" loading=\"lazy\" data-original-width=\"246\" data-original-height=\"138\" itemprop=\"http:\/\/schema.org\/image\" title=\"Karda mahsur kalan ara\u00e7lar\u0131 ekipler kurtard\u0131\" alt=\"Karda mahsur kalan ara\u00e7lar\u0131 ekipler kurtard\u0131\" style=\"width: 246px; height: 138px;\" \/> <\/a> <\/div> <\/div> <!-- close group --> <div class=\"gallery-group images-1\" style=\"width: 250px; height: 142px;\" data-original-width=\"250\" data-original-height=\"142\" > <div class=\"tiled-gallery-item tiled-gallery-item-small\" itemprop=\"associatedMedia\" itemscope itemtype=\"http:\/\/schema.org\/ImageObject\"> <a href=\"http:\/\/www.tvturk.com\/index.php\/karda-mahsur-kalan-araclari-ekipler-kurtardi\/karda-mahsur-kalan-araclari-ekipler-kurtardi-8\/\" border=\"0\" itemprop=\"url\"> <meta itemprop=\"width\" content=\"246\"> <meta itemprop=\"height\" content=\"138\"> <img decoding=\"async\" class=\"\" data-attachment-id=\"56334\" data-orig-file=\"http:\/\/www.tvturk.com\/wp-content\/uploads\/2019\/02\/karda-mahsur-kalan-araclari-ekipler-kurtardi_9c1be2e.jpg\" data-orig-size=\"1000,563\" data-comments-opened=\"\" data-image-meta=\"{&quot;aperture&quot;:&quot;0&quot;,&quot;credit&quot;:&quot;IHA&quot;,&quot;camera&quot;:&quot;&quot;,&quot;caption&quot;:&quot;KAZDA\\u011eLARI\\u2019NDA KAR YA\\u011eI\\u015eI NEDEN\\u0130YLE YOLDA \\u0130LERLEYEMED\\u0130KLER\\u0130 \\u0130\\u00c7\\u0130N MAHSUR KALAN \\u0130\\u00c7LER\\u0130NDE \\u0130K\\u0130 OTOB\\u00dcS\\u00dcNDE BULUNDU\\u011eU 9 ARACI KARAYOLLARI EK\\u0130PLER\\u0130 KURTARDI. (EMRAH ELMAS\\\/BALIKES\\u0130R-\\u0130HA)&quot;,&quot;created_timestamp&quot;:&quot;0&quot;,&quot;copyright&quot;:&quot;\\u0130HLAS HABER AJANSI, www.iha.com.tr&quot;,&quot;focal_length&quot;:&quot;0&quot;,&quot;iso&quot;:&quot;0&quot;,&quot;shutter_speed&quot;:&quot;0&quot;,&quot;title&quot;:&quot;KARDA MAHSUR KALAN ARA\\u00c7LARI EK\\u0130PLER KURTARDI&quot;,&quot;orientation&quot;:&quot;0&quot;}\" data-image-title=\"Karda mahsur kalan ara\u00e7lar\u0131 ekipler kurtard\u0131\" data-image-description=\"&lt;p&gt;Karda mahsur kalan ara\u00e7lar\u0131 ekipler kurtard\u0131&lt;\/p&gt; \" data-medium-file=\"https:\/\/i0.wp.com\/www.tvturk.com\/wp-content\/uploads\/2019\/02\/karda-mahsur-kalan-araclari-ekipler-kurtardi_9c1be2e.jpg?fit=300%2C169\" data-large-file=\"https:\/\/i0.wp.com\/www.tvturk.com\/wp-content\/uploads\/2019\/02\/karda-mahsur-kalan-araclari-ekipler-kurtardi_9c1be2e.jpg?fit=1000%2C563\" src=\"https:\/\/i0.wp.com\/www.tvturk.com\/wp-content\/uploads\/2019\/02\/karda-mahsur-kalan-araclari-ekipler-kurtardi_9c1be2e.jpg?w=246&#038;h=138\" srcset=\"https:\/\/i0.wp.com\/www.tvturk.com\/wp-content\/uploads\/2019\/02\/karda-mahsur-kalan-araclari-ekipler-kurtardi_9c1be2e.jpg?w=1000 1000w, https:\/\/i0.wp.com\/www.tvturk.com\/wp-content\/uploads\/2019\/02\/karda-mahsur-kalan-araclari-ekipler-kurtardi_9c1be2e.jpg?resize=150%2C84 150w, https:\/\/i0.wp.com\/www.tvturk.com\/wp-content\/uploads\/2019\/02\/karda-mahsur-kalan-araclari-ekipler-kurtardi_9c1be2e.jpg?resize=300%2C169 300w, https:\/\/i0.wp.com\/www.tvturk.com\/wp-content\/uploads\/2019\/02\/karda-mahsur-kalan-araclari-ekipler-kurtardi_9c1be2e.jpg?resize=768%2C432 768w, https:\/\/i0.wp.com\/www.tvturk.com\/wp-content\/uploads\/2019\/02\/karda-mahsur-kalan-araclari-ekipler-kurtardi_9c1be2e.jpg?resize=200%2C113 200w\" width=\"246\" height=\"138\" loading=\"lazy\" data-original-width=\"246\" data-original-height=\"138\" itemprop=\"http:\/\/schema.org\/image\" title=\"Karda mahsur kalan ara\u00e7lar\u0131 ekipler kurtard\u0131\" alt=\"Karda mahsur kalan ara\u00e7lar\u0131 ekipler kurtard\u0131\" style=\"width: 246px; height: 138px;\" \/> <\/a> <\/div> <\/div> <!-- close group --> <\/div> <!-- close row --> <div class=\"gallery-row\" style=\"width: 500px; height: 142px;\" data-original-width=\"500\" data-original-height=\"142\" > <div class=\"gallery-group images-1\" style=\"width: 250px; height: 142px;\" data-original-width=\"250\" data-original-height=\"142\" > <div class=\"tiled-gallery-item tiled-gallery-item-small\" itemprop=\"associatedMedia\" itemscope itemtype=\"http:\/\/schema.org\/ImageObject\"> <a href=\"http:\/\/www.tvturk.com\/index.php\/karda-mahsur-kalan-araclari-ekipler-kurtardi\/karda-mahsur-kalan-araclari-ekipler-kurtardi-9\/\" border=\"0\" itemprop=\"url\"> <meta itemprop=\"width\" content=\"246\"> <meta itemprop=\"height\" content=\"138\"> <img decoding=\"async\" class=\"\" data-attachment-id=\"56335\" data-orig-file=\"http:\/\/www.tvturk.com\/wp-content\/uploads\/2019\/02\/karda-mahsur-kalan-araclari-ekipler-kurtardi_3f49e52.jpg\" data-orig-size=\"1000,563\" data-comments-opened=\"\" data-image-meta=\"{&quot;aperture&quot;:&quot;0&quot;,&quot;credit&quot;:&quot;IHA&quot;,&quot;camera&quot;:&quot;&quot;,&quot;caption&quot;:&quot;KAZDA\\u011eLARI\\u2019NDA KAR YA\\u011eI\\u015eI NEDEN\\u0130YLE YOLDA \\u0130LERLEYEMED\\u0130KLER\\u0130 \\u0130\\u00c7\\u0130N MAHSUR KALAN \\u0130\\u00c7LER\\u0130NDE \\u0130K\\u0130 OTOB\\u00dcS\\u00dcNDE BULUNDU\\u011eU 9 ARACI KARAYOLLARI EK\\u0130PLER\\u0130 KURTARDI. (EMRAH ELMAS\\\/BALIKES\\u0130R-\\u0130HA)&quot;,&quot;created_timestamp&quot;:&quot;0&quot;,&quot;copyright&quot;:&quot;\\u0130HLAS HABER AJANSI, www.iha.com.tr&quot;,&quot;focal_length&quot;:&quot;0&quot;,&quot;iso&quot;:&quot;0&quot;,&quot;shutter_speed&quot;:&quot;0&quot;,&quot;title&quot;:&quot;KARDA MAHSUR KALAN ARA\\u00c7LARI EK\\u0130PLER KURTARDI&quot;,&quot;orientation&quot;:&quot;0&quot;}\" data-image-title=\"Karda mahsur kalan ara\u00e7lar\u0131 ekipler kurtard\u0131\" data-image-description=\"&lt;p&gt;Karda mahsur kalan ara\u00e7lar\u0131 ekipler kurtard\u0131&lt;\/p&gt; \" data-medium-file=\"https:\/\/i0.wp.com\/www.tvturk.com\/wp-content\/uploads\/2019\/02\/karda-mahsur-kalan-araclari-ekipler-kurtardi_3f49e52.jpg?fit=300%2C169\" data-large-file=\"https:\/\/i0.wp.com\/www.tvturk.com\/wp-content\/uploads\/2019\/02\/karda-mahsur-kalan-araclari-ekipler-kurtardi_3f49e52.jpg?fit=1000%2C563\" src=\"https:\/\/i0.wp.com\/www.tvturk.com\/wp-content\/uploads\/2019\/02\/karda-mahsur-kalan-araclari-ekipler-kurtardi_3f49e52.jpg?w=246&#038;h=138\" srcset=\"https:\/\/i0.wp.com\/www.tvturk.com\/wp-content\/uploads\/2019\/02\/karda-mahsur-kalan-araclari-ekipler-kurtardi_3f49e52.jpg?w=1000 1000w, https:\/\/i0.wp.com\/www.tvturk.com\/wp-content\/uploads\/2019\/02\/karda-mahsur-kalan-araclari-ekipler-kurtardi_3f49e52.jpg?resize=150%2C84 150w, https:\/\/i0.wp.com\/www.tvturk.com\/wp-content\/uploads\/2019\/02\/karda-mahsur-kalan-araclari-ekipler-kurtardi_3f49e52.jpg?resize=300%2C169 300w, https:\/\/i0.wp.com\/www.tvturk.com\/wp-content\/uploads\/2019\/02\/karda-mahsur-kalan-araclari-ekipler-kurtardi_3f49e52.jpg?resize=768%2C432 768w, https:\/\/i0.wp.com\/www.tvturk.com\/wp-content\/uploads\/2019\/02\/karda-mahsur-kalan-araclari-ekipler-kurtardi_3f49e52.jpg?resize=200%2C113 200w\" width=\"246\" height=\"138\" loading=\"lazy\" data-original-width=\"246\" data-original-height=\"138\" itemprop=\"http:\/\/schema.org\/image\" title=\"Karda mahsur kalan ara\u00e7lar\u0131 ekipler kurtard\u0131\" alt=\"Karda mahsur kalan ara\u00e7lar\u0131 ekipler kurtard\u0131\" style=\"width: 246px; height: 138px;\" \/> <\/a> <\/div> <\/div> <!-- close group --> <div class=\"gallery-group images-1\" style=\"width: 250px; height: 142px;\" data-original-width=\"250\" data-original-height=\"142\" > <div class=\"tiled-gallery-item tiled-gallery-item-small\" itemprop=\"associatedMedia\" itemscope itemtype=\"http:\/\/schema.org\/ImageObject\"> <a href=\"http:\/\/www.tvturk.com\/index.php\/karda-mahsur-kalan-araclari-ekipler-kurtardi\/karda-mahsur-kalan-araclari-ekipler-kurtardi-10\/\" border=\"0\" itemprop=\"url\"> <meta itemprop=\"width\" content=\"246\"> <meta itemprop=\"height\" content=\"138\"> <img decoding=\"async\" class=\"\" data-attachment-id=\"56336\" data-orig-file=\"http:\/\/www.tvturk.com\/wp-content\/uploads\/2019\/02\/karda-mahsur-kalan-araclari-ekipler-kurtardi_09bf894.jpg\" data-orig-size=\"1000,563\" data-comments-opened=\"\" data-image-meta=\"{&quot;aperture&quot;:&quot;0&quot;,&quot;credit&quot;:&quot;IHA&quot;,&quot;camera&quot;:&quot;&quot;,&quot;caption&quot;:&quot;KAZDA\\u011eLARI\\u2019NDA KAR YA\\u011eI\\u015eI NEDEN\\u0130YLE YOLDA \\u0130LERLEYEMED\\u0130KLER\\u0130 \\u0130\\u00c7\\u0130N MAHSUR KALAN \\u0130\\u00c7LER\\u0130NDE \\u0130K\\u0130 OTOB\\u00dcS\\u00dcNDE BULUNDU\\u011eU 9 ARACI KARAYOLLARI EK\\u0130PLER\\u0130 KURTARDI. (EMRAH ELMAS\\\/BALIKES\\u0130R-\\u0130HA)&quot;,&quot;created_timestamp&quot;:&quot;0&quot;,&quot;copyright&quot;:&quot;\\u0130HLAS HABER AJANSI, www.iha.com.tr&quot;,&quot;focal_length&quot;:&quot;0&quot;,&quot;iso&quot;:&quot;0&quot;,&quot;shutter_speed&quot;:&quot;0&quot;,&quot;title&quot;:&quot;KARDA MAHSUR KALAN ARA\\u00c7LARI EK\\u0130PLER KURTARDI&quot;,&quot;orientation&quot;:&quot;0&quot;}\" data-image-title=\"Karda mahsur kalan ara\u00e7lar\u0131 ekipler kurtard\u0131\" data-image-description=\"&lt;p&gt;Karda mahsur kalan ara\u00e7lar\u0131 ekipler kurtard\u0131&lt;\/p&gt; \" data-medium-file=\"https:\/\/i0.wp.com\/www.tvturk.com\/wp-content\/uploads\/2019\/02\/karda-mahsur-kalan-araclari-ekipler-kurtardi_09bf894.jpg?fit=300%2C169\" data-large-file=\"https:\/\/i0.wp.com\/www.tvturk.com\/wp-content\/uploads\/2019\/02\/karda-mahsur-kalan-araclari-ekipler-kurtardi_09bf894.jpg?fit=1000%2C563\" src=\"https:\/\/i0.wp.com\/www.tvturk.com\/wp-content\/uploads\/2019\/02\/karda-mahsur-kalan-araclari-ekipler-kurtardi_09bf894.jpg?w=246&#038;h=138\" srcset=\"https:\/\/i0.wp.com\/www.tvturk.com\/wp-content\/uploads\/2019\/02\/karda-mahsur-kalan-araclari-ekipler-kurtardi_09bf894.jpg?w=1000 1000w, https:\/\/i0.wp.com\/www.tvturk.com\/wp-content\/uploads\/2019\/02\/karda-mahsur-kalan-araclari-ekipler-kurtardi_09bf894.jpg?resize=150%2C84 150w, https:\/\/i0.wp.com\/www.tvturk.com\/wp-content\/uploads\/2019\/02\/karda-mahsur-kalan-araclari-ekipler-kurtardi_09bf894.jpg?resize=300%2C169 300w, https:\/\/i0.wp.com\/www.tvturk.com\/wp-content\/uploads\/2019\/02\/karda-mahsur-kalan-araclari-ekipler-kurtardi_09bf894.jpg?resize=768%2C432 768w, https:\/\/i0.wp.com\/www.tvturk.com\/wp-content\/uploads\/2019\/02\/karda-mahsur-kalan-araclari-ekipler-kurtardi_09bf894.jpg?resize=200%2C113 200w\" width=\"246\" height=\"138\" loading=\"lazy\" data-original-width=\"246\" data-original-height=\"138\" itemprop=\"http:\/\/schema.org\/image\" title=\"Karda mahsur kalan ara\u00e7lar\u0131 ekipler kurtard\u0131\" alt=\"Karda mahsur kalan ara\u00e7lar\u0131 ekipler kurtard\u0131\" style=\"width: 246px; height: 138px;\" \/> <\/a> <\/div> <\/div> <!-- close group --> <\/div> <!-- close row --> <div class=\"gallery-row\" style=\"width: 500px; height: 142px;\" data-original-width=\"500\" data-original-height=\"142\" > <div class=\"gallery-group images-1\" style=\"width: 250px; height: 142px;\" data-original-width=\"250\" data-original-height=\"142\" > <div class=\"tiled-gallery-item tiled-gallery-item-small\" itemprop=\"associatedMedia\" itemscope itemtype=\"http:\/\/schema.org\/ImageObject\"> <a href=\"http:\/\/www.tvturk.com\/index.php\/karda-mahsur-kalan-araclari-ekipler-kurtardi\/karda-mahsur-kalan-araclari-ekipler-kurtardi-11\/\" border=\"0\" itemprop=\"url\"> <meta itemprop=\"width\" content=\"246\"> <meta itemprop=\"height\" content=\"138\"> <img decoding=\"async\" class=\"\" data-attachment-id=\"56337\" data-orig-file=\"http:\/\/www.tvturk.com\/wp-content\/uploads\/2019\/02\/karda-mahsur-kalan-araclari-ekipler-kurtardi_1c54814.jpg\" data-orig-size=\"1000,563\" data-comments-opened=\"\" data-image-meta=\"{&quot;aperture&quot;:&quot;0&quot;,&quot;credit&quot;:&quot;IHA&quot;,&quot;camera&quot;:&quot;&quot;,&quot;caption&quot;:&quot;KAZDA\\u011eLARI\\u2019NDA KAR YA\\u011eI\\u015eI NEDEN\\u0130YLE YOLDA \\u0130LERLEYEMED\\u0130KLER\\u0130 \\u0130\\u00c7\\u0130N MAHSUR KALAN \\u0130\\u00c7LER\\u0130NDE \\u0130K\\u0130 OTOB\\u00dcS\\u00dcNDE BULUNDU\\u011eU 9 ARACI KARAYOLLARI EK\\u0130PLER\\u0130 KURTARDI. (EMRAH ELMAS\\\/BALIKES\\u0130R-\\u0130HA)&quot;,&quot;created_timestamp&quot;:&quot;0&quot;,&quot;copyright&quot;:&quot;\\u0130HLAS HABER AJANSI, www.iha.com.tr&quot;,&quot;focal_length&quot;:&quot;0&quot;,&quot;iso&quot;:&quot;0&quot;,&quot;shutter_speed&quot;:&quot;0&quot;,&quot;title&quot;:&quot;KARDA MAHSUR KALAN ARA\\u00c7LARI EK\\u0130PLER KURTARDI&quot;,&quot;orientation&quot;:&quot;0&quot;}\" data-image-title=\"Karda mahsur kalan ara\u00e7lar\u0131 ekipler kurtard\u0131\" data-image-description=\"&lt;p&gt;Karda mahsur kalan ara\u00e7lar\u0131 ekipler kurtard\u0131&lt;\/p&gt; \" data-medium-file=\"https:\/\/i0.wp.com\/www.tvturk.com\/wp-content\/uploads\/2019\/02\/karda-mahsur-kalan-araclari-ekipler-kurtardi_1c54814.jpg?fit=300%2C169\" data-large-file=\"https:\/\/i0.wp.com\/www.tvturk.com\/wp-content\/uploads\/2019\/02\/karda-mahsur-kalan-araclari-ekipler-kurtardi_1c54814.jpg?fit=1000%2C563\" src=\"https:\/\/i0.wp.com\/www.tvturk.com\/wp-content\/uploads\/2019\/02\/karda-mahsur-kalan-araclari-ekipler-kurtardi_1c54814.jpg?w=246&#038;h=138\" srcset=\"https:\/\/i0.wp.com\/www.tvturk.com\/wp-content\/uploads\/2019\/02\/karda-mahsur-kalan-araclari-ekipler-kurtardi_1c54814.jpg?w=1000 1000w, https:\/\/i0.wp.com\/www.tvturk.com\/wp-content\/uploads\/2019\/02\/karda-mahsur-kalan-araclari-ekipler-kurtardi_1c54814.jpg?resize=150%2C84 150w, https:\/\/i0.wp.com\/www.tvturk.com\/wp-content\/uploads\/2019\/02\/karda-mahsur-kalan-araclari-ekipler-kurtardi_1c54814.jpg?resize=300%2C169 300w, https:\/\/i0.wp.com\/www.tvturk.com\/wp-content\/uploads\/2019\/02\/karda-mahsur-kalan-araclari-ekipler-kurtardi_1c54814.jpg?resize=768%2C432 768w, https:\/\/i0.wp.com\/www.tvturk.com\/wp-content\/uploads\/2019\/02\/karda-mahsur-kalan-araclari-ekipler-kurtardi_1c54814.jpg?resize=200%2C113 200w\" width=\"246\" height=\"138\" loading=\"lazy\" data-original-width=\"246\" data-original-height=\"138\" itemprop=\"http:\/\/schema.org\/image\" title=\"Karda mahsur kalan ara\u00e7lar\u0131 ekipler kurtard\u0131\" alt=\"Karda mahsur kalan ara\u00e7lar\u0131 ekipler kurtard\u0131\" style=\"width: 246px; height: 138px;\" \/> <\/a> <\/div> <\/div> <!-- close group --> <div class=\"gallery-group images-1\" style=\"width: 250px; height: 142px;\" data-original-width=\"250\" data-original-height=\"142\" > <div class=\"tiled-gallery-item tiled-gallery-item-small\" itemprop=\"associatedMedia\" itemscope itemtype=\"http:\/\/schema.org\/ImageObject\"> <a href=\"http:\/\/www.tvturk.com\/index.php\/karda-mahsur-kalan-araclari-ekipler-kurtardi\/karda-mahsur-kalan-araclari-ekipler-kurtardi-12\/\" border=\"0\" itemprop=\"url\"> <meta itemprop=\"width\" content=\"246\"> <meta itemprop=\"height\" content=\"138\"> <img decoding=\"async\" class=\"\" data-attachment-id=\"56338\" data-orig-file=\"http:\/\/www.tvturk.com\/wp-content\/uploads\/2019\/02\/karda-mahsur-kalan-araclari-ekipler-kurtardi_ebdb49f.jpg\" data-orig-size=\"1000,563\" data-comments-opened=\"\" data-image-meta=\"{&quot;aperture&quot;:&quot;0&quot;,&quot;credit&quot;:&quot;IHA&quot;,&quot;camera&quot;:&quot;&quot;,&quot;caption&quot;:&quot;KAZDA\\u011eLARI\\u2019NDA KAR YA\\u011eI\\u015eI NEDEN\\u0130YLE YOLDA \\u0130LERLEYEMED\\u0130KLER\\u0130 \\u0130\\u00c7\\u0130N MAHSUR KALAN \\u0130\\u00c7LER\\u0130NDE \\u0130K\\u0130 OTOB\\u00dcS\\u00dcNDE BULUNDU\\u011eU 9 ARACI KARAYOLLARI EK\\u0130PLER\\u0130 KURTARDI. (EMRAH ELMAS\\\/BALIKES\\u0130R-\\u0130HA)&quot;,&quot;created_timestamp&quot;:&quot;0&quot;,&quot;copyright&quot;:&quot;\\u0130HLAS HABER AJANSI, www.iha.com.tr&quot;,&quot;focal_length&quot;:&quot;0&quot;,&quot;iso&quot;:&quot;0&quot;,&quot;shutter_speed&quot;:&quot;0&quot;,&quot;title&quot;:&quot;KARDA MAHSUR KALAN ARA\\u00c7LARI EK\\u0130PLER KURTARDI&quot;,&quot;orientation&quot;:&quot;0&quot;}\" data-image-title=\"Karda mahsur kalan ara\u00e7lar\u0131 ekipler kurtard\u0131\" data-image-description=\"&lt;p&gt;Karda mahsur kalan ara\u00e7lar\u0131 ekipler kurtard\u0131&lt;\/p&gt; \" data-medium-file=\"https:\/\/i0.wp.com\/www.tvturk.com\/wp-content\/uploads\/2019\/02\/karda-mahsur-kalan-araclari-ekipler-kurtardi_ebdb49f.jpg?fit=300%2C169\" data-large-file=\"https:\/\/i0.wp.com\/www.tvturk.com\/wp-content\/uploads\/2019\/02\/karda-mahsur-kalan-araclari-ekipler-kurtardi_ebdb49f.jpg?fit=1000%2C563\" src=\"https:\/\/i0.wp.com\/www.tvturk.com\/wp-content\/uploads\/2019\/02\/karda-mahsur-kalan-araclari-ekipler-kurtardi_ebdb49f.jpg?w=246&#038;h=138\" srcset=\"https:\/\/i0.wp.com\/www.tvturk.com\/wp-content\/uploads\/2019\/02\/karda-mahsur-kalan-araclari-ekipler-kurtardi_ebdb49f.jpg?w=1000 1000w, https:\/\/i0.wp.com\/www.tvturk.com\/wp-content\/uploads\/2019\/02\/karda-mahsur-kalan-araclari-ekipler-kurtardi_ebdb49f.jpg?resize=150%2C84 150w, https:\/\/i0.wp.com\/www.tvturk.com\/wp-content\/uploads\/2019\/02\/karda-mahsur-kalan-araclari-ekipler-kurtardi_ebdb49f.jpg?resize=300%2C169 300w, https:\/\/i0.wp.com\/www.tvturk.com\/wp-content\/uploads\/2019\/02\/karda-mahsur-kalan-araclari-ekipler-kurtardi_ebdb49f.jpg?resize=768%2C432 768w, https:\/\/i0.wp.com\/www.tvturk.com\/wp-content\/uploads\/2019\/02\/karda-mahsur-kalan-araclari-ekipler-kurtardi_ebdb49f.jpg?resize=200%2C113 200w\" width=\"246\" height=\"138\" loading=\"lazy\" data-original-width=\"246\" data-original-height=\"138\" itemprop=\"http:\/\/schema.org\/image\" title=\"Karda mahsur kalan ara\u00e7lar\u0131 ekipler kurtard\u0131\" alt=\"Karda mahsur kalan ara\u00e7lar\u0131 ekipler kurtard\u0131\" style=\"width: 246px; height: 138px;\" \/> <\/a> <\/div> <\/div> <!-- close group --> <\/div> <!-- close row --> <\/div><\/p>\n","protected":false},"excerpt":{"rendered":"<p>KAZDA\u011eLARI\u2019NDA KAR YA\u011eI\u015eI NEDEN\u0130YLE YOLDA \u0130LERLEYEMED\u0130KLER\u0130 \u0130\u00c7\u0130N MAHSUR KALAN \u0130\u00c7LER\u0130NDE \u0130K\u0130 OTOB\u00dcS\u00dcNDE BULUNDU\u011eU 9 ARACI KARAYOLLARI EK\u0130PLER\u0130 KURTARDI.<\/p>\n","protected":false},"author":1,"featured_media":56328,"comment_status":"closed","ping_status":"open","sticky":false,"template":"","format":"standard","meta":{"jetpack_post_was_ever_published":false,"_jetpack_newsletter_access":"","_jetpack_dont_email_post_to_subs":false,"_jetpack_newsletter_tier_id":0,"_jetpack_memberships_contains_paywalled_content":false,"_jetpack_memberships_contains_paid_content":false,"footnotes":"","jetpack_publicize_message":"","jetpack_publicize_feature_enabled":true,"jetpack_social_post_already_shared":false,"jetpack_social_options":{"image_generator_settings":{"template":"highway","default_image_id":0,"font":"","enabled":false},"version":2}},"categories":[655],"tags":[6460,3576,1274,9996,477,2381],"class_list":["post-56327","post","type-post","status-publish","format-standard","has-post-thumbnail","hentry","category-son-dakika","tag-araclari","tag-ekipler","tag-kalan","tag-karda","tag-kurtardi","tag-mahsur"],"jetpack_publicize_connections":[],"jetpack_featured_media_url":"https:\/\/i0.wp.com\/www.tvturk.com\/wp-content\/uploads\/2019\/02\/karda-mahsur-kalan-araclari-ekipler-kurtardi_8d1619a.jpg?fit=1000%2C563","jetpack_sharing_enabled":true,"jetpack_shortlink":"https:\/\/wp.me\/paKIfm-eEv","_links":{"self":[{"href":"http:\/\/www.tvturk.com\/index.php\/wp-json\/wp\/v2\/posts\/56327","targetHints":{"allow":["GET"]}}],"collection":[{"href":"http:\/\/www.tvturk.com\/index.php\/wp-json\/wp\/v2\/posts"}],"about":[{"href":"http:\/\/www.tvturk.com\/index.php\/wp-json\/wp\/v2\/types\/post"}],"author":[{"embeddable":true,"href":"http:\/\/www.tvturk.com\/index.php\/wp-json\/wp\/v2\/users\/1"}],"replies":[{"embeddable":true,"href":"http:\/\/www.tvturk.com\/index.php\/wp-json\/wp\/v2\/comments?post=56327"}],"version-history":[{"count":1,"href":"http:\/\/www.tvturk.com\/index.php\/wp-json\/wp\/v2\/posts\/56327\/revisions"}],"predecessor-version":[{"id":56339,"href":"http:\/\/www.tvturk.com\/index.php\/wp-json\/wp\/v2\/posts\/56327\/revisions\/56339"}],"wp:featuredmedia":[{"embeddable":true,"href":"http:\/\/www.tvturk.com\/index.php\/wp-json\/wp\/v2\/media\/56328"}],"wp:attachment":[{"href":"http:\/\/www.tvturk.com\/index.php\/wp-json\/wp\/v2\/media?parent=56327"}],"wp:term":[{"taxonomy":"category","embeddable":true,"href":"http:\/\/www.tvturk.com\/index.php\/wp-json\/wp\/v2\/categories?post=56327"},{"taxonomy":"post_tag","embeddable":true,"href":"http:\/\/www.tvturk.com\/index.php\/wp-json\/wp\/v2\/tags?post=56327"}],"curies":[{"name":"wp","href":"https:\/\/api.w.org\/{rel}","templated":true}]}}