{"id":56898,"date":"2019-02-23T16:41:59","date_gmt":"2019-02-23T13:41:59","guid":{"rendered":"http:\/\/www.tvturk.com\/index.php\/boluspor-adanaspor-macinin-ardindan\/"},"modified":"2019-02-23T16:42:01","modified_gmt":"2019-02-23T13:42:01","slug":"boluspor-adanaspor-macinin-ardindan","status":"publish","type":"post","link":"http:\/\/www.tvturk.com\/index.php\/boluspor-adanaspor-macinin-ardindan\/","title":{"rendered":"Boluspor &#8211; Adanaspor ma\u00e7\u0131n\u0131n ard\u0131ndan"},"content":{"rendered":"<p>Spor Toto 1. Lig\u2019in 23. haftas\u0131nda Bolu Atat\u00fcrk Stadyumu\u2019nda oynanan Boluspor-Adanaspor kar\u015f\u0131la\u015fmas\u0131, Adanaspor\u2019un 1-0\u2019l\u0131k galibiyetiyle sonu\u00e7land\u0131. Ma\u00e7 sonunda iki tak\u0131m\u0131n teknik direkt\u00f6r\u00fc d\u00fczenlenen bas\u0131n toplant\u0131s\u0131nda a\u00e7\u0131klamalarda bulundu.<\/p>\n<p>Daha fazla \u00e7al\u0131\u015fmalar\u0131 gerekti\u011fine dikkat \u00e7eken Boluspor Teknik Direkt\u00f6r\u00fc Orhan Kaynak, \u201cBu ma\u00e7\u0131 \u00e7ok istiyorduk. Kazanmay\u0131 \u00e7ok arzuluyorduk. Oyuncu arkada\u015flar\u0131m\u0131n da iste\u011fi, arzusu ma\u00e7tan \u00f6nce konu\u015fmalar\u0131 hep bu y\u00f6ndeydi. \u00d6nde basan, rakibi oynatmayan bir Boluspor olaca\u011f\u0131n\u0131 d\u00fc\u015f\u00fcn\u00fcyorduk. Tabii ki d\u00f6nem d\u00f6nem bunlar\u0131 yapt\u0131k. Daha fazla isteyip, daha \u00e7ok m\u00fccadele etmemiz laz\u0131m. Bu s\u0131k\u0131nt\u0131l\u0131 g\u00fcnleri ge\u00e7irecek olan bu oyuncular\u0131m\u0131z, bizleriz. Daha fazla \u00e7al\u0131\u015f\u0131p bunu telafi edip d\u00fczeltece\u011fiz. Ba\u015fka \u015fans\u0131m\u0131z yok. Boluspor\u2019un iyi yerlere gelece\u011fine inan\u0131yorum. Yeterince taraftarlar\u0131m\u0131z\u0131 \u00fczd\u00fck. O y\u00fczden bir an \u00f6nce dirilmemiz, aya\u011fa kalkmam\u0131z laz\u0131m\u201d dedi.<\/p>\n<p>Adanaspor cephesi<\/p>\n<p>Adanaspor Teknik Direkt\u00f6r\u00fc Ey\u00fcp Ar\u0131n ise Boluspor m\u00fccadelesiyle ilgili g\u00f6r\u00fc\u015flerini \u015f\u00f6yle dile getirdi:<\/p>\n<p>\u201cBizim de kaybetti\u011fimiz puanlardan sonra a\u015fa\u011f\u0131da duruma bakt\u0131\u011f\u0131m\u0131zda ayakta kalma ma\u00e7\u0131m\u0131zd\u0131. Ger\u00e7ekten bu anlamda, ma\u00e7a ba\u015flad\u0131\u011f\u0131m\u0131zda Boluspor\u2019un ba\u015flang\u0131\u00e7 h\u0131z\u0131n\u0131 biliyorduk. \u0130lk 20 dakika biz sadece kar\u015f\u0131l\u0131k vererek oynad\u0131k ama 20 dakikadan sonra hem oyunda dengeyi sa\u011flad\u0131k hem de istedi\u011fimiz pozisyonlar olu\u015fmaya ba\u015flad\u0131. Net pozisyonlar bulmaya ba\u015flad\u0131k. Bunu ikinci yar\u0131da da s\u00fcrd\u00fcrd\u00fck. Daha \u00f6nce ataca\u011f\u0131m\u0131z gol\u00fc son dakikada att\u0131k.\u201d<div class=\"tiled-gallery type-rectangular tiled-gallery-unresized\" data-original-width=\"500\" data-carousel-extra='null' itemscope itemtype=\"http:\/\/schema.org\/ImageGallery\" > <div class=\"gallery-row\" style=\"width: 500px; height: 334px;\" data-original-width=\"500\" data-original-height=\"334\" > <div class=\"gallery-group images-1\" style=\"width: 500px; height: 334px;\" data-original-width=\"500\" data-original-height=\"334\" > <div class=\"tiled-gallery-item tiled-gallery-item-large\" itemprop=\"associatedMedia\" itemscope itemtype=\"http:\/\/schema.org\/ImageObject\"> <a href=\"http:\/\/www.tvturk.com\/index.php\/boluspor-adanaspor-macinin-ardindan\/boluspor-adanaspor-macinin-ardindan-3\/\" border=\"0\" itemprop=\"url\"> <meta itemprop=\"width\" content=\"496\"> <meta itemprop=\"height\" content=\"330\"> <img decoding=\"async\" class=\"\" data-attachment-id=\"56900\" data-orig-file=\"http:\/\/www.tvturk.com\/wp-content\/uploads\/2019\/02\/boluspor-adanaspor-macinin-ardindan_72be282.jpg\" data-orig-size=\"1000,666\" data-comments-opened=\"\" data-image-meta=\"{&quot;aperture&quot;:&quot;0&quot;,&quot;credit&quot;:&quot;IHA&quot;,&quot;camera&quot;:&quot;&quot;,&quot;caption&quot;:&quot;BOLUSPOR TEKN\\u0130K D\\u0130REKT\\u00d6R\\u00dc ORHAN KAYNAK, DAHA FAZLA \\u00c7ALI\\u015eMALARI GEREKT\\u0130\\u011e\\u0130NE D\\u0130KKAT \\u00c7EKT\\u0130. (FARUK \\u00c7\\u0130DEM\\\/BOLU-\\u0130HA)&quot;,&quot;created_timestamp&quot;:&quot;0&quot;,&quot;copyright&quot;:&quot;\\u0130HLAS HABER AJANSI, www.iha.com.tr&quot;,&quot;focal_length&quot;:&quot;0&quot;,&quot;iso&quot;:&quot;0&quot;,&quot;shutter_speed&quot;:&quot;0&quot;,&quot;title&quot;:&quot;BOLUSPOR - ADANASPOR MA\\u00c7ININ ARDINDAN BOLUSPOR TEKN\\u0130K D\\u0130REKT\\u00d6R\\u00dc ORHAN KAYNAK: \\u201cB\\u0130R AN \\u00d6NCE D\\u0130R\\u0130LMEM\\u0130Z LAZIM\\u201d ADANASPOR TEKN\\u0130K D\\u0130REKT\\u00d6R\\u00dc EY\\u00dcP ARIN: \\u201cAYAKTA KALMA MA\\u00c7IMIZDI\\u201d&quot;,&quot;orientation&quot;:&quot;0&quot;}\" data-image-title=\"Boluspor &amp;#8211; Adanaspor ma\u00e7\u0131n\u0131n ard\u0131ndan\" data-image-description=\"&lt;p&gt;Boluspor &amp;#8211; Adanaspor ma\u00e7\u0131n\u0131n ard\u0131ndan&lt;\/p&gt; \" data-medium-file=\"https:\/\/i0.wp.com\/www.tvturk.com\/wp-content\/uploads\/2019\/02\/boluspor-adanaspor-macinin-ardindan_72be282.jpg?fit=300%2C200\" data-large-file=\"https:\/\/i0.wp.com\/www.tvturk.com\/wp-content\/uploads\/2019\/02\/boluspor-adanaspor-macinin-ardindan_72be282.jpg?fit=1000%2C666\" src=\"https:\/\/i0.wp.com\/www.tvturk.com\/wp-content\/uploads\/2019\/02\/boluspor-adanaspor-macinin-ardindan_72be282.jpg?w=496&#038;h=330\" srcset=\"https:\/\/i0.wp.com\/www.tvturk.com\/wp-content\/uploads\/2019\/02\/boluspor-adanaspor-macinin-ardindan_72be282.jpg?w=1000 1000w, https:\/\/i0.wp.com\/www.tvturk.com\/wp-content\/uploads\/2019\/02\/boluspor-adanaspor-macinin-ardindan_72be282.jpg?resize=150%2C100 150w, https:\/\/i0.wp.com\/www.tvturk.com\/wp-content\/uploads\/2019\/02\/boluspor-adanaspor-macinin-ardindan_72be282.jpg?resize=300%2C200 300w, https:\/\/i0.wp.com\/www.tvturk.com\/wp-content\/uploads\/2019\/02\/boluspor-adanaspor-macinin-ardindan_72be282.jpg?resize=768%2C511 768w, https:\/\/i0.wp.com\/www.tvturk.com\/wp-content\/uploads\/2019\/02\/boluspor-adanaspor-macinin-ardindan_72be282.jpg?resize=170%2C113 170w, https:\/\/i0.wp.com\/www.tvturk.com\/wp-content\/uploads\/2019\/02\/boluspor-adanaspor-macinin-ardindan_72be282.jpg?resize=120%2C80 120w\" width=\"496\" height=\"330\" loading=\"lazy\" data-original-width=\"496\" data-original-height=\"330\" itemprop=\"http:\/\/schema.org\/image\" title=\"Boluspor - Adanaspor ma\u00e7\u0131n\u0131n ard\u0131ndan\" alt=\"Boluspor - Adanaspor ma\u00e7\u0131n\u0131n ard\u0131ndan\" style=\"width: 496px; height: 330px;\" \/> <\/a> <\/div> <\/div> <!-- close group --> <\/div> <!-- close row --> <\/div><\/p>\n","protected":false},"excerpt":{"rendered":"<p>ADANASPOR TEKN\u0130K D\u0130REKT\u00d6R\u00dc EY\u00dcP ARIN \u0130SE BOLUSPOR M\u00dcCADELES\u0130YLE \u0130LG\u0130L\u0130 G\u00d6R\u00dc\u015eLER\u0130N\u0130 D\u0130LE GET\u0130RD\u0130.<\/p>\n","protected":false},"author":1,"featured_media":56899,"comment_status":"closed","ping_status":"open","sticky":false,"template":"","format":"standard","meta":{"jetpack_post_was_ever_published":false,"_jetpack_newsletter_access":"","_jetpack_dont_email_post_to_subs":false,"_jetpack_newsletter_tier_id":0,"_jetpack_memberships_contains_paywalled_content":false,"_jetpack_memberships_contains_paid_content":false,"footnotes":"","jetpack_publicize_message":"","jetpack_publicize_feature_enabled":true,"jetpack_social_post_already_shared":false,"jetpack_social_options":{"image_generator_settings":{"template":"highway","default_image_id":0,"font":"","enabled":false},"version":2}},"categories":[657],"tags":[775,3469,8443,3468],"class_list":["post-56898","post","type-post","status-publish","format-standard","has-post-thumbnail","hentry","category-spor","tag-adanaspor","tag-ardindan","tag-boluspor","tag-macinin"],"jetpack_publicize_connections":[],"jetpack_featured_media_url":"https:\/\/i0.wp.com\/www.tvturk.com\/wp-content\/uploads\/2019\/02\/boluspor-adanaspor-macinin-ardindan_1d8026a.jpg?fit=1000%2C666","jetpack_sharing_enabled":true,"jetpack_shortlink":"https:\/\/wp.me\/paKIfm-eNI","_links":{"self":[{"href":"http:\/\/www.tvturk.com\/index.php\/wp-json\/wp\/v2\/posts\/56898","targetHints":{"allow":["GET"]}}],"collection":[{"href":"http:\/\/www.tvturk.com\/index.php\/wp-json\/wp\/v2\/posts"}],"about":[{"href":"http:\/\/www.tvturk.com\/index.php\/wp-json\/wp\/v2\/types\/post"}],"author":[{"embeddable":true,"href":"http:\/\/www.tvturk.com\/index.php\/wp-json\/wp\/v2\/users\/1"}],"replies":[{"embeddable":true,"href":"http:\/\/www.tvturk.com\/index.php\/wp-json\/wp\/v2\/comments?post=56898"}],"version-history":[{"count":1,"href":"http:\/\/www.tvturk.com\/index.php\/wp-json\/wp\/v2\/posts\/56898\/revisions"}],"predecessor-version":[{"id":56901,"href":"http:\/\/www.tvturk.com\/index.php\/wp-json\/wp\/v2\/posts\/56898\/revisions\/56901"}],"wp:featuredmedia":[{"embeddable":true,"href":"http:\/\/www.tvturk.com\/index.php\/wp-json\/wp\/v2\/media\/56899"}],"wp:attachment":[{"href":"http:\/\/www.tvturk.com\/index.php\/wp-json\/wp\/v2\/media?parent=56898"}],"wp:term":[{"taxonomy":"category","embeddable":true,"href":"http:\/\/www.tvturk.com\/index.php\/wp-json\/wp\/v2\/categories?post=56898"},{"taxonomy":"post_tag","embeddable":true,"href":"http:\/\/www.tvturk.com\/index.php\/wp-json\/wp\/v2\/tags?post=56898"}],"curies":[{"name":"wp","href":"https:\/\/api.w.org\/{rel}","templated":true}]}}