{"id":57191,"date":"2019-02-23T18:49:50","date_gmt":"2019-02-23T15:49:50","guid":{"rendered":"http:\/\/www.tvturk.com\/index.php\/turkiyenin-los-angeles-konsoloslugunda-anlamli-sergi\/"},"modified":"2019-02-23T18:49:56","modified_gmt":"2019-02-23T15:49:56","slug":"turkiyenin-los-angeles-konsoloslugunda-anlamli-sergi","status":"publish","type":"post","link":"http:\/\/www.tvturk.com\/index.php\/turkiyenin-los-angeles-konsoloslugunda-anlamli-sergi\/","title":{"rendered":"T\u00fcrkiye\u2019nin Los Angeles Konsoloslu\u011funda anlaml\u0131 sergi"},"content":{"rendered":"<p>Los Angeles\u2019taki T\u00fcrkiye Konsoloslu\u011funda, D\u00fcnya Engelliler Birli\u011fi ve MediBridges Organizasyonu\u2019nun i\u015f birli\u011fiyle do\u011fu\u015ftan cam kemik hastas\u0131 olan Elif Gamze Bozo\u2019ya ait resim ve foto\u011fraf sergisi a\u00e7\u0131ld\u0131.<\/p>\n<p>Los Angeles\u2019taki T\u00fcrkiye Konsoloslu\u011funda, Los Angeles Ba\u015fkonsolosu Can O\u011fuz\u2019un ev sahipli\u011finde a\u00e7\u0131lan sergide do\u011fu\u015ftan cam kemik hastas\u0131 Elif Gamze Bozo\u2019nun eserleri sergileniyor. Bozo, T\u00fcrkiye\u2019de ilk ve orta \u00f6\u011frenimden sonra lise ve \u00fcniversite e\u011fitimini d\u0131\u015far\u0131dan tamamlad\u0131\u011f\u0131n\u0131 anlatarak ard\u0131ndan ba\u015flad\u0131\u011f\u0131 muhabirlik mesle\u011fini ula\u015f\u0131m s\u0131k\u0131nt\u0131lar\u0131 y\u00fcz\u00fcnden b\u0131rakt\u0131\u011f\u0131n\u0131 ama meslek ile birlikte gelen foto\u011fraf tutkusunu geli\u015ftirdi\u011fini s\u00f6yledi. &#8220;\u0130lk foto\u011fraf belgesel projem Anadolu\u2019yu Tan\u0131yor muyuz? isminde Karadeniz\u2019den Do\u011fu\u2019ya kadar s\u00fcren bir proje oldu&#8221; diyen Bozo, 2015 y\u0131l\u0131nda uluslararas\u0131 baz\u0131 foto\u011fraf\u00e7\u0131lar\u0131n tavsiyesiyle projelerini yurt d\u0131\u015f\u0131nda yapmaya karar verdi\u011fini belirtti. Bat\u0131 Afrika\u2019da Senegal\u2019de \u201cKendime Engel Olam\u0131yorum\u201d projesini yapt\u0131\u011f\u0131n\u0131 dile getiren Bozo, bu ismi vermesinin sebebinin \u201cengellilerin evden d\u0131\u015far\u0131 \u00e7\u0131kmas\u0131 toplum hayat\u0131na kat\u0131lmas\u0131 ve f\u0131rsatlar verilirse neler yapabileceklerini g\u00f6stermek\u201d oldu\u011funu ifade etti.<\/p>\n<p>Engellilerden ziyade engelli ailelerine bir mesaj\u0131 oldu\u011funu ifade eden Bozo, ailelerin \u00e7ocuklar\u0131n hayat\u0131n i\u00e7erisinde var olmas\u0131 i\u00e7in e\u011fitimlerinde kararl\u0131 ve inat\u00e7\u0131 davranmalar\u0131 gerekti\u011fini de ifade etti.<\/p>\n<p>&#8220;Ger\u00e7ekten etkileyici i\u015flere imza atm\u0131\u015f&#8221;<\/p>\n<p>Sergiye gelen konuklara y\u00f6nelik bir konu\u015fma yapan T\u00fcrkiye Cumhuriyeti Los Angeles Ba\u015fkonsolosu Can O\u011fuz ise &#8220;Elif Han\u0131m\u0131 bug\u00fcn burada konuk etmekten onur duyuyoruz. Ger\u00e7ekten etkileyici i\u015flere imza atm\u0131\u015f&#8221; diyerek bunun bir ba\u015fka konuyu daha g\u00fcndeme getirmek i\u00e7in bir f\u0131rsat oldu\u011funu s\u00f6yledi. &#8220;Engelli kelimesi g\u00fcn\u00fcm\u00fcz d\u00fcnyas\u0131nda kabul edilmesi \u00e7ok zor&#8221; diyen O\u011fuz &#8220;Herkesin yapabilecekleri veya yapamayacaklar\u0131 var. Ben Elif Han\u0131m gibi resim yapamam. Ya\u015fam\u0131m\u0131z\u0131n ve d\u00fcnyam\u0131z\u0131n herkes i\u00e7in mutlu olabilecek bir yere d\u00f6n\u00fc\u015ft\u00fcrmek amac\u0131m\u0131z olmal\u0131&#8221; dedi. O\u011fuz, T\u00fcrkiye\u2019nin bu konuda s\u00fcrekli programlar geli\u015ftirdi\u011fi ve \u00f6nc\u00fc olmaya gayret etti\u011fini de ifade etti.<\/p>\n<p>Belli noktalarda ve kurumlarda kullan\u0131lmayan t\u0131bbi cihaz ve malzemenin ihtiya\u00e7 sahipleri ile bulu\u015fmas\u0131n\u0131 ve engellilerin ya\u015famda daha etkin rol oynamas\u0131n\u0131 ama\u00e7 edinen MediBridges Organizasyonu\u2019nun kurucusu ve y\u00f6neticisi Nazmiye Bahar Ba\u015fak, \u0130HA mikrofonuna yapt\u0131\u011f\u0131 a\u00e7\u0131klamada &#8220;Elif Gamze Bozo\u2019un sergisini a\u00e7arken ayn\u0131 zamanda da eri\u015febilirlik konusunu i\u015fliyoruz&#8221; dedi.<\/p>\n<p>Konu\u015fman\u0131n ard\u0131ndan projeye ve sergiye katk\u0131lar\u0131ndan dolay\u0131 T\u00fcrkiye Cumhuriyeti Los Angeles Ba\u015fkonsolosu Can O\u011fuz\u2019a, T\u00fcrk Havayollar\u0131 Los Angeles Genel M\u00fcd\u00fcr\u00fc Ersen Engin\u2019e ve i\u015f adam\u0131 Mustafa Ba\u015fak\u2019a plaket verildi.<\/p>\n<p>Elif Gamze Bozo, edebiyat alan\u0131nda 2013-2014-2015 ve 2016 y\u0131llar\u0131nda uluslararas\u0131 Edebiyat ve K\u00fclt\u00fcr Organizasyonu ile 2010 y\u0131l\u0131nda T\u00dcB\u0130TAK\u2019a y\u00fcr\u00fct\u00fclen \u201cY\u00fcr\u00fcyen Ak\u0131l Projesine\u201d dahil olarak \u00f6d\u00fcller ald\u0131. 2011 y\u0131l\u0131nda ayr\u0131ca y\u0131l\u0131n en ba\u015far\u0131l\u0131 engelli genci se\u00e7ilen Bozo, 2012 y\u0131l\u0131nda y\u0131l\u0131n en ba\u015far\u0131l\u0131 genci unvan\u0131n\u0131 ald\u0131. 2016 y\u0131l\u0131nda gelindi\u011finde ise \u201cKendime Engel Olam\u0131yorum-Senegal\u201d projesi ile Engelsiz Sanat organizasyonundan \u00f6d\u00fcle lay\u0131k g\u00f6r\u00fclen Bozo, 2017 y\u0131l\u0131nda da D\u00fcnya Engelliler Birli\u011fi\u2019nin Rusya\u2019da ger\u00e7ekle\u015ftirdi\u011fi konferansta \u201cEv Ofis\u201d ve sanat alan\u0131ndaki \u00e7al\u0131\u015fmalar\u0131 ile \u00f6d\u00fcllendirildi.<div class=\"tiled-gallery type-rectangular tiled-gallery-unresized\" data-original-width=\"500\" data-carousel-extra='null' itemscope itemtype=\"http:\/\/schema.org\/ImageGallery\" > <div class=\"gallery-row\" style=\"width: 500px; height: 224px;\" data-original-width=\"500\" data-original-height=\"224\" > <div class=\"gallery-group images-1\" style=\"width: 334px; height: 224px;\" data-original-width=\"334\" data-original-height=\"224\" > <div class=\"tiled-gallery-item tiled-gallery-item-large\" itemprop=\"associatedMedia\" itemscope itemtype=\"http:\/\/schema.org\/ImageObject\"> <a href=\"http:\/\/www.tvturk.com\/index.php\/turkiyenin-los-angeles-konsoloslugunda-anlamli-sergi\/turkiyenin-los-angeles-konsoloslugunda-anlamli-sergi-3\/\" border=\"0\" itemprop=\"url\"> <meta itemprop=\"width\" content=\"330\"> <meta itemprop=\"height\" content=\"220\"> <img decoding=\"async\" class=\"\" data-attachment-id=\"57193\" data-orig-file=\"http:\/\/www.tvturk.com\/wp-content\/uploads\/2019\/02\/turkiyenin-los-angeles-konsoloslugunda-anlamli-sergi_112c610.jpg\" data-orig-size=\"1000,666\" data-comments-opened=\"\" data-image-meta=\"{&quot;aperture&quot;:&quot;0&quot;,&quot;credit&quot;:&quot;IHA&quot;,&quot;camera&quot;:&quot;&quot;,&quot;caption&quot;:&quot;LOS ANGELES\\u2019TAK\\u0130 T\\u00dcRK\\u0130YE KONSOLOSLU\\u011eUNDA, D\\u00dcNYA ENGELL\\u0130LER B\\u0130RL\\u0130\\u011e\\u0130 VE MED\\u0130BR\\u0130DGES ORGAN\\u0130ZASYONU\\u2019NUN \\u0130\\u015e B\\u0130RL\\u0130\\u011e\\u0130YLE DO\\u011eU\\u015eTAN CAM KEM\\u0130K HASTASI OLAN EL\\u0130F GAMZE BOZO\\u2019YA A\\u0130T RES\\u0130M VE FOTO\\u011eRAF SERG\\u0130S\\u0130 A\\u00c7ILDI. (AYDIN TUNA PALABIYIKO\\u011eLU\\\/WASHINGTON-\\u0130HA)&quot;,&quot;created_timestamp&quot;:&quot;0&quot;,&quot;copyright&quot;:&quot;\\u0130HLAS HABER AJANSI, www.iha.com.tr&quot;,&quot;focal_length&quot;:&quot;0&quot;,&quot;iso&quot;:&quot;0&quot;,&quot;shutter_speed&quot;:&quot;0&quot;,&quot;title&quot;:&quot;T\\u00dcRK\\u0130YE\\u0027N\\u0130N LOS ANGELES KONSOLOSLU\\u011eUNDA ANLAMLI SERG\\u0130&quot;,&quot;orientation&quot;:&quot;0&quot;}\" data-image-title=\"T\u00fcrkiye\u2019nin Los Angeles Konsoloslu\u011funda anlaml\u0131 sergi\" data-image-description=\"&lt;p&gt;T\u00fcrkiye\u2019nin Los Angeles Konsoloslu\u011funda anlaml\u0131 sergi&lt;\/p&gt; \" data-medium-file=\"https:\/\/i0.wp.com\/www.tvturk.com\/wp-content\/uploads\/2019\/02\/turkiyenin-los-angeles-konsoloslugunda-anlamli-sergi_112c610.jpg?fit=300%2C200\" data-large-file=\"https:\/\/i0.wp.com\/www.tvturk.com\/wp-content\/uploads\/2019\/02\/turkiyenin-los-angeles-konsoloslugunda-anlamli-sergi_112c610.jpg?fit=1000%2C666\" src=\"https:\/\/i0.wp.com\/www.tvturk.com\/wp-content\/uploads\/2019\/02\/turkiyenin-los-angeles-konsoloslugunda-anlamli-sergi_112c610.jpg?w=330&#038;h=220\" srcset=\"https:\/\/i0.wp.com\/www.tvturk.com\/wp-content\/uploads\/2019\/02\/turkiyenin-los-angeles-konsoloslugunda-anlamli-sergi_112c610.jpg?w=1000 1000w, https:\/\/i0.wp.com\/www.tvturk.com\/wp-content\/uploads\/2019\/02\/turkiyenin-los-angeles-konsoloslugunda-anlamli-sergi_112c610.jpg?resize=150%2C100 150w, https:\/\/i0.wp.com\/www.tvturk.com\/wp-content\/uploads\/2019\/02\/turkiyenin-los-angeles-konsoloslugunda-anlamli-sergi_112c610.jpg?resize=300%2C200 300w, https:\/\/i0.wp.com\/www.tvturk.com\/wp-content\/uploads\/2019\/02\/turkiyenin-los-angeles-konsoloslugunda-anlamli-sergi_112c610.jpg?resize=768%2C511 768w, https:\/\/i0.wp.com\/www.tvturk.com\/wp-content\/uploads\/2019\/02\/turkiyenin-los-angeles-konsoloslugunda-anlamli-sergi_112c610.jpg?resize=170%2C113 170w, https:\/\/i0.wp.com\/www.tvturk.com\/wp-content\/uploads\/2019\/02\/turkiyenin-los-angeles-konsoloslugunda-anlamli-sergi_112c610.jpg?resize=120%2C80 120w\" width=\"330\" height=\"220\" loading=\"lazy\" data-original-width=\"330\" data-original-height=\"220\" itemprop=\"http:\/\/schema.org\/image\" title=\"T\u00fcrkiye\u2019nin Los Angeles Konsoloslu\u011funda anlaml\u0131 sergi\" alt=\"T\u00fcrkiye\u2019nin Los Angeles Konsoloslu\u011funda anlaml\u0131 sergi\" style=\"width: 330px; height: 220px;\" \/> <\/a> <\/div> <\/div> <!-- close group --> <div class=\"gallery-group images-2\" style=\"width: 166px; height: 224px;\" data-original-width=\"166\" data-original-height=\"224\" > <div class=\"tiled-gallery-item tiled-gallery-item-small\" itemprop=\"associatedMedia\" itemscope itemtype=\"http:\/\/schema.org\/ImageObject\"> <a href=\"http:\/\/www.tvturk.com\/index.php\/turkiyenin-los-angeles-konsoloslugunda-anlamli-sergi\/turkiyenin-los-angeles-konsoloslugunda-anlamli-sergi-4\/\" border=\"0\" itemprop=\"url\"> <meta itemprop=\"width\" content=\"162\"> <meta itemprop=\"height\" content=\"108\"> <img decoding=\"async\" class=\"\" data-attachment-id=\"57194\" data-orig-file=\"http:\/\/www.tvturk.com\/wp-content\/uploads\/2019\/02\/turkiyenin-los-angeles-konsoloslugunda-anlamli-sergi_b069659.jpg\" data-orig-size=\"1000,666\" data-comments-opened=\"\" data-image-meta=\"{&quot;aperture&quot;:&quot;0&quot;,&quot;credit&quot;:&quot;IHA&quot;,&quot;camera&quot;:&quot;&quot;,&quot;caption&quot;:&quot;LOS ANGELES\\u2019TAK\\u0130 T\\u00dcRK\\u0130YE KONSOLOSLU\\u011eUNDA, D\\u00dcNYA ENGELL\\u0130LER B\\u0130RL\\u0130\\u011e\\u0130 VE MED\\u0130BR\\u0130DGES ORGAN\\u0130ZASYONU\\u2019NUN \\u0130\\u015e B\\u0130RL\\u0130\\u011e\\u0130YLE DO\\u011eU\\u015eTAN CAM KEM\\u0130K HASTASI OLAN EL\\u0130F GAMZE BOZO\\u2019YA A\\u0130T RES\\u0130M VE FOTO\\u011eRAF SERG\\u0130S\\u0130 A\\u00c7ILDI. (AYDIN TUNA PALABIYIKO\\u011eLU\\\/WASHINGTON-\\u0130HA)&quot;,&quot;created_timestamp&quot;:&quot;0&quot;,&quot;copyright&quot;:&quot;\\u0130HLAS HABER AJANSI, www.iha.com.tr&quot;,&quot;focal_length&quot;:&quot;0&quot;,&quot;iso&quot;:&quot;0&quot;,&quot;shutter_speed&quot;:&quot;0&quot;,&quot;title&quot;:&quot;T\\u00dcRK\\u0130YE\\u0027N\\u0130N LOS ANGELES KONSOLOSLU\\u011eUNDA ANLAMLI SERG\\u0130&quot;,&quot;orientation&quot;:&quot;0&quot;}\" data-image-title=\"T\u00fcrkiye\u2019nin Los Angeles Konsoloslu\u011funda anlaml\u0131 sergi\" data-image-description=\"&lt;p&gt;T\u00fcrkiye\u2019nin Los Angeles Konsoloslu\u011funda anlaml\u0131 sergi&lt;\/p&gt; \" data-medium-file=\"https:\/\/i0.wp.com\/www.tvturk.com\/wp-content\/uploads\/2019\/02\/turkiyenin-los-angeles-konsoloslugunda-anlamli-sergi_b069659.jpg?fit=300%2C200\" data-large-file=\"https:\/\/i0.wp.com\/www.tvturk.com\/wp-content\/uploads\/2019\/02\/turkiyenin-los-angeles-konsoloslugunda-anlamli-sergi_b069659.jpg?fit=1000%2C666\" src=\"https:\/\/i0.wp.com\/www.tvturk.com\/wp-content\/uploads\/2019\/02\/turkiyenin-los-angeles-konsoloslugunda-anlamli-sergi_b069659.jpg?w=162&#038;h=108\" srcset=\"https:\/\/i0.wp.com\/www.tvturk.com\/wp-content\/uploads\/2019\/02\/turkiyenin-los-angeles-konsoloslugunda-anlamli-sergi_b069659.jpg?w=1000 1000w, https:\/\/i0.wp.com\/www.tvturk.com\/wp-content\/uploads\/2019\/02\/turkiyenin-los-angeles-konsoloslugunda-anlamli-sergi_b069659.jpg?resize=150%2C100 150w, https:\/\/i0.wp.com\/www.tvturk.com\/wp-content\/uploads\/2019\/02\/turkiyenin-los-angeles-konsoloslugunda-anlamli-sergi_b069659.jpg?resize=300%2C200 300w, https:\/\/i0.wp.com\/www.tvturk.com\/wp-content\/uploads\/2019\/02\/turkiyenin-los-angeles-konsoloslugunda-anlamli-sergi_b069659.jpg?resize=768%2C511 768w, https:\/\/i0.wp.com\/www.tvturk.com\/wp-content\/uploads\/2019\/02\/turkiyenin-los-angeles-konsoloslugunda-anlamli-sergi_b069659.jpg?resize=170%2C113 170w, https:\/\/i0.wp.com\/www.tvturk.com\/wp-content\/uploads\/2019\/02\/turkiyenin-los-angeles-konsoloslugunda-anlamli-sergi_b069659.jpg?resize=120%2C80 120w\" width=\"162\" height=\"108\" loading=\"lazy\" data-original-width=\"162\" data-original-height=\"108\" itemprop=\"http:\/\/schema.org\/image\" title=\"T\u00fcrkiye\u2019nin Los Angeles Konsoloslu\u011funda anlaml\u0131 sergi\" alt=\"T\u00fcrkiye\u2019nin Los Angeles Konsoloslu\u011funda anlaml\u0131 sergi\" style=\"width: 162px; height: 108px;\" \/> <\/a> <\/div> <div class=\"tiled-gallery-item tiled-gallery-item-small\" itemprop=\"associatedMedia\" itemscope itemtype=\"http:\/\/schema.org\/ImageObject\"> <a href=\"http:\/\/www.tvturk.com\/index.php\/turkiyenin-los-angeles-konsoloslugunda-anlamli-sergi\/turkiyenin-los-angeles-konsoloslugunda-anlamli-sergi-5\/\" border=\"0\" itemprop=\"url\"> <meta itemprop=\"width\" content=\"162\"> <meta itemprop=\"height\" content=\"108\"> <img decoding=\"async\" class=\"\" data-attachment-id=\"57195\" data-orig-file=\"http:\/\/www.tvturk.com\/wp-content\/uploads\/2019\/02\/turkiyenin-los-angeles-konsoloslugunda-anlamli-sergi_dcbab05.jpg\" data-orig-size=\"1000,665\" data-comments-opened=\"\" data-image-meta=\"{&quot;aperture&quot;:&quot;0&quot;,&quot;credit&quot;:&quot;IHA&quot;,&quot;camera&quot;:&quot;&quot;,&quot;caption&quot;:&quot;LOS ANGELES\\u2019TAK\\u0130 T\\u00dcRK\\u0130YE KONSOLOSLU\\u011eUNDA, D\\u00dcNYA ENGELL\\u0130LER B\\u0130RL\\u0130\\u011e\\u0130 VE MED\\u0130BR\\u0130DGES ORGAN\\u0130ZASYONU\\u2019NUN \\u0130\\u015e B\\u0130RL\\u0130\\u011e\\u0130YLE DO\\u011eU\\u015eTAN CAM KEM\\u0130K HASTASI OLAN EL\\u0130F GAMZE BOZO\\u2019YA A\\u0130T RES\\u0130M VE FOTO\\u011eRAF SERG\\u0130S\\u0130 A\\u00c7ILDI. (AYDIN TUNA PALABIYIKO\\u011eLU\\\/WASHINGTON-\\u0130HA)&quot;,&quot;created_timestamp&quot;:&quot;0&quot;,&quot;copyright&quot;:&quot;\\u0130HLAS HABER AJANSI, www.iha.com.tr&quot;,&quot;focal_length&quot;:&quot;0&quot;,&quot;iso&quot;:&quot;0&quot;,&quot;shutter_speed&quot;:&quot;0&quot;,&quot;title&quot;:&quot;T\\u00dcRK\\u0130YE\\u0027N\\u0130N LOS ANGELES KONSOLOSLU\\u011eUNDA ANLAMLI SERG\\u0130&quot;,&quot;orientation&quot;:&quot;0&quot;}\" data-image-title=\"T\u00fcrkiye\u2019nin Los Angeles Konsoloslu\u011funda anlaml\u0131 sergi\" data-image-description=\"&lt;p&gt;T\u00fcrkiye\u2019nin Los Angeles Konsoloslu\u011funda anlaml\u0131 sergi&lt;\/p&gt; \" data-medium-file=\"https:\/\/i0.wp.com\/www.tvturk.com\/wp-content\/uploads\/2019\/02\/turkiyenin-los-angeles-konsoloslugunda-anlamli-sergi_dcbab05.jpg?fit=300%2C200\" data-large-file=\"https:\/\/i0.wp.com\/www.tvturk.com\/wp-content\/uploads\/2019\/02\/turkiyenin-los-angeles-konsoloslugunda-anlamli-sergi_dcbab05.jpg?fit=1000%2C665\" src=\"https:\/\/i0.wp.com\/www.tvturk.com\/wp-content\/uploads\/2019\/02\/turkiyenin-los-angeles-konsoloslugunda-anlamli-sergi_dcbab05.jpg?w=162&#038;h=108\" srcset=\"https:\/\/i0.wp.com\/www.tvturk.com\/wp-content\/uploads\/2019\/02\/turkiyenin-los-angeles-konsoloslugunda-anlamli-sergi_dcbab05.jpg?w=1000 1000w, https:\/\/i0.wp.com\/www.tvturk.com\/wp-content\/uploads\/2019\/02\/turkiyenin-los-angeles-konsoloslugunda-anlamli-sergi_dcbab05.jpg?resize=150%2C100 150w, https:\/\/i0.wp.com\/www.tvturk.com\/wp-content\/uploads\/2019\/02\/turkiyenin-los-angeles-konsoloslugunda-anlamli-sergi_dcbab05.jpg?resize=300%2C200 300w, https:\/\/i0.wp.com\/www.tvturk.com\/wp-content\/uploads\/2019\/02\/turkiyenin-los-angeles-konsoloslugunda-anlamli-sergi_dcbab05.jpg?resize=768%2C511 768w, https:\/\/i0.wp.com\/www.tvturk.com\/wp-content\/uploads\/2019\/02\/turkiyenin-los-angeles-konsoloslugunda-anlamli-sergi_dcbab05.jpg?resize=170%2C113 170w, https:\/\/i0.wp.com\/www.tvturk.com\/wp-content\/uploads\/2019\/02\/turkiyenin-los-angeles-konsoloslugunda-anlamli-sergi_dcbab05.jpg?resize=120%2C80 120w\" width=\"162\" height=\"108\" loading=\"lazy\" data-original-width=\"162\" data-original-height=\"108\" itemprop=\"http:\/\/schema.org\/image\" title=\"T\u00fcrkiye\u2019nin Los Angeles Konsoloslu\u011funda anlaml\u0131 sergi\" alt=\"T\u00fcrkiye\u2019nin Los Angeles Konsoloslu\u011funda anlaml\u0131 sergi\" style=\"width: 162px; height: 108px;\" \/> <\/a> <\/div> <\/div> <!-- close group --> <\/div> <!-- close row --> <div class=\"gallery-row\" style=\"width: 500px; height: 223px;\" data-original-width=\"500\" data-original-height=\"223\" > <div class=\"gallery-group images-2\" style=\"width: 168px; height: 223px;\" data-original-width=\"168\" data-original-height=\"223\" > <div class=\"tiled-gallery-item tiled-gallery-item-small\" itemprop=\"associatedMedia\" itemscope itemtype=\"http:\/\/schema.org\/ImageObject\"> <a href=\"http:\/\/www.tvturk.com\/index.php\/turkiyenin-los-angeles-konsoloslugunda-anlamli-sergi\/turkiyenin-los-angeles-konsoloslugunda-anlamli-sergi-6\/\" border=\"0\" itemprop=\"url\"> <meta itemprop=\"width\" content=\"164\"> <meta itemprop=\"height\" content=\"106\"> <img decoding=\"async\" class=\"\" data-attachment-id=\"57196\" data-orig-file=\"http:\/\/www.tvturk.com\/wp-content\/uploads\/2019\/02\/turkiyenin-los-angeles-konsoloslugunda-anlamli-sergi_9256749.jpg\" data-orig-size=\"1000,644\" data-comments-opened=\"\" data-image-meta=\"{&quot;aperture&quot;:&quot;0&quot;,&quot;credit&quot;:&quot;IHA&quot;,&quot;camera&quot;:&quot;&quot;,&quot;caption&quot;:&quot;T\\u00dcRK\\u0130YE CUMHUR\\u0130YET\\u0130 LOS ANGELES BA\\u015eKONSOLOSU CAN O\\u011eUZ, \\u0022EL\\u0130F HANIMI BUG\\u00dcN BURADA KONUK ETMEKTEN ONUR DUYUYORUZ. GER\\u00c7EKTEN ETK\\u0130LEY\\u0130C\\u0130 \\u0130\\u015eLERE \\u0130MZA ATMI\\u015e\\u0022 D\\u0130YEREK BUNUN B\\u0130R BA\\u015eKA KONUYU DAHA G\\u00dcNDEME GET\\u0130RMEK \\u0130\\u00c7\\u0130N B\\u0130R FIRSAT OLDU\\u011eUNU S\\u00d6YLED\\u0130. \\u0022ENGELL\\u0130 KEL\\u0130MES\\u0130 G\\u00dcN\\u00dcM\\u00dcZ D\\u00dcNYASINDA KABUL ED\\u0130LMES\\u0130 \\u00c7OK ZOR\\u0022 D\\u0130YEN O\\u011eUZ \\u0022HERKES\\u0130N YAPAB\\u0130LECEKLER\\u0130 VEYA YAPAMAYACAKLARI VAR. BEN EL\\u0130F HANIM G\\u0130B\\u0130 RES\\u0130M YAPAMAM. YA\\u015eAMIMIZIN VE D\\u00dcNYAMIZIN HERKES \\u0130\\u00c7\\u0130N MUTLU OLAB\\u0130LECEK B\\u0130R YERE D\\u00d6N\\u00dc\\u015eT\\u00dcRMEK AMACIMIZ OLMALI\\u0022 DED\\u0130. O\\u011eUZ, T\\u00dcRK\\u0130YE\\u2019N\\u0130N BU KONUDA S\\u00dcREKL\\u0130 PROGRAMLAR GEL\\u0130\\u015eT\\u0130RD\\u0130\\u011e\\u0130 VE \\u00d6NC\\u00dc OLMAYA GAYRET ETT\\u0130\\u011e\\u0130N\\u0130 DE \\u0130FADE ETT\\u0130. (AYDIN TUNA PALABIYIKO\\u011eLU\\\/WASHINGTON-\\u0130HA)&quot;,&quot;created_timestamp&quot;:&quot;0&quot;,&quot;copyright&quot;:&quot;\\u0130HLAS HABER AJANSI, www.iha.com.tr&quot;,&quot;focal_length&quot;:&quot;0&quot;,&quot;iso&quot;:&quot;0&quot;,&quot;shutter_speed&quot;:&quot;0&quot;,&quot;title&quot;:&quot;T\\u00dcRK\\u0130YE\\u0027N\\u0130N LOS ANGELES KONSOLOSLU\\u011eUNDA ANLAMLI SERG\\u0130&quot;,&quot;orientation&quot;:&quot;0&quot;}\" data-image-title=\"T\u00fcrkiye\u2019nin Los Angeles Konsoloslu\u011funda anlaml\u0131 sergi\" data-image-description=\"&lt;p&gt;T\u00fcrkiye\u2019nin Los Angeles Konsoloslu\u011funda anlaml\u0131 sergi&lt;\/p&gt; \" data-medium-file=\"https:\/\/i0.wp.com\/www.tvturk.com\/wp-content\/uploads\/2019\/02\/turkiyenin-los-angeles-konsoloslugunda-anlamli-sergi_9256749.jpg?fit=300%2C193\" data-large-file=\"https:\/\/i0.wp.com\/www.tvturk.com\/wp-content\/uploads\/2019\/02\/turkiyenin-los-angeles-konsoloslugunda-anlamli-sergi_9256749.jpg?fit=1000%2C644\" src=\"https:\/\/i0.wp.com\/www.tvturk.com\/wp-content\/uploads\/2019\/02\/turkiyenin-los-angeles-konsoloslugunda-anlamli-sergi_9256749.jpg?w=164&#038;h=106\" srcset=\"https:\/\/i0.wp.com\/www.tvturk.com\/wp-content\/uploads\/2019\/02\/turkiyenin-los-angeles-konsoloslugunda-anlamli-sergi_9256749.jpg?w=1000 1000w, https:\/\/i0.wp.com\/www.tvturk.com\/wp-content\/uploads\/2019\/02\/turkiyenin-los-angeles-konsoloslugunda-anlamli-sergi_9256749.jpg?resize=150%2C97 150w, https:\/\/i0.wp.com\/www.tvturk.com\/wp-content\/uploads\/2019\/02\/turkiyenin-los-angeles-konsoloslugunda-anlamli-sergi_9256749.jpg?resize=300%2C193 300w, https:\/\/i0.wp.com\/www.tvturk.com\/wp-content\/uploads\/2019\/02\/turkiyenin-los-angeles-konsoloslugunda-anlamli-sergi_9256749.jpg?resize=768%2C495 768w, https:\/\/i0.wp.com\/www.tvturk.com\/wp-content\/uploads\/2019\/02\/turkiyenin-los-angeles-konsoloslugunda-anlamli-sergi_9256749.jpg?resize=510%2C330 510w\" width=\"164\" height=\"106\" loading=\"lazy\" data-original-width=\"164\" data-original-height=\"106\" itemprop=\"http:\/\/schema.org\/image\" title=\"T\u00fcrkiye\u2019nin Los Angeles Konsoloslu\u011funda anlaml\u0131 sergi\" alt=\"T\u00fcrkiye\u2019nin Los Angeles Konsoloslu\u011funda anlaml\u0131 sergi\" style=\"width: 164px; height: 106px;\" \/> <\/a> <\/div> <div class=\"tiled-gallery-item tiled-gallery-item-small\" itemprop=\"associatedMedia\" itemscope itemtype=\"http:\/\/schema.org\/ImageObject\"> <a href=\"http:\/\/www.tvturk.com\/index.php\/turkiyenin-los-angeles-konsoloslugunda-anlamli-sergi\/turkiyenin-los-angeles-konsoloslugunda-anlamli-sergi-7\/\" border=\"0\" itemprop=\"url\"> <meta itemprop=\"width\" content=\"164\"> <meta itemprop=\"height\" content=\"109\"> <img decoding=\"async\" class=\"\" data-attachment-id=\"57197\" data-orig-file=\"http:\/\/www.tvturk.com\/wp-content\/uploads\/2019\/02\/turkiyenin-los-angeles-konsoloslugunda-anlamli-sergi_b7362ef.jpg\" data-orig-size=\"1000,667\" data-comments-opened=\"\" data-image-meta=\"{&quot;aperture&quot;:&quot;0&quot;,&quot;credit&quot;:&quot;IHA&quot;,&quot;camera&quot;:&quot;&quot;,&quot;caption&quot;:&quot;LOS ANGELES\\u2019TAK\\u0130 T\\u00dcRK\\u0130YE KONSOLOSLU\\u011eUNDA, D\\u00dcNYA ENGELL\\u0130LER B\\u0130RL\\u0130\\u011e\\u0130 VE MED\\u0130BR\\u0130DGES ORGAN\\u0130ZASYONU\\u2019NUN \\u0130\\u015e B\\u0130RL\\u0130\\u011e\\u0130YLE DO\\u011eU\\u015eTAN CAM KEM\\u0130K HASTASI OLAN EL\\u0130F GAMZE BOZO\\u2019YA A\\u0130T RES\\u0130M VE FOTO\\u011eRAF SERG\\u0130S\\u0130 A\\u00c7ILDI. (AYDIN TUNA PALABIYIKO\\u011eLU\\\/WASHINGTON-\\u0130HA)&quot;,&quot;created_timestamp&quot;:&quot;0&quot;,&quot;copyright&quot;:&quot;\\u0130HLAS HABER AJANSI, www.iha.com.tr&quot;,&quot;focal_length&quot;:&quot;0&quot;,&quot;iso&quot;:&quot;0&quot;,&quot;shutter_speed&quot;:&quot;0&quot;,&quot;title&quot;:&quot;T\\u00dcRK\\u0130YE\\u0027N\\u0130N LOS ANGELES KONSOLOSLU\\u011eUNDA ANLAMLI SERG\\u0130&quot;,&quot;orientation&quot;:&quot;0&quot;}\" data-image-title=\"T\u00fcrkiye\u2019nin Los Angeles Konsoloslu\u011funda anlaml\u0131 sergi\" data-image-description=\"&lt;p&gt;T\u00fcrkiye\u2019nin Los Angeles Konsoloslu\u011funda anlaml\u0131 sergi&lt;\/p&gt; \" data-medium-file=\"https:\/\/i0.wp.com\/www.tvturk.com\/wp-content\/uploads\/2019\/02\/turkiyenin-los-angeles-konsoloslugunda-anlamli-sergi_b7362ef.jpg?fit=300%2C200\" data-large-file=\"https:\/\/i0.wp.com\/www.tvturk.com\/wp-content\/uploads\/2019\/02\/turkiyenin-los-angeles-konsoloslugunda-anlamli-sergi_b7362ef.jpg?fit=1000%2C667\" src=\"https:\/\/i0.wp.com\/www.tvturk.com\/wp-content\/uploads\/2019\/02\/turkiyenin-los-angeles-konsoloslugunda-anlamli-sergi_b7362ef.jpg?w=164&#038;h=109\" srcset=\"https:\/\/i0.wp.com\/www.tvturk.com\/wp-content\/uploads\/2019\/02\/turkiyenin-los-angeles-konsoloslugunda-anlamli-sergi_b7362ef.jpg?w=1000 1000w, https:\/\/i0.wp.com\/www.tvturk.com\/wp-content\/uploads\/2019\/02\/turkiyenin-los-angeles-konsoloslugunda-anlamli-sergi_b7362ef.jpg?resize=150%2C100 150w, https:\/\/i0.wp.com\/www.tvturk.com\/wp-content\/uploads\/2019\/02\/turkiyenin-los-angeles-konsoloslugunda-anlamli-sergi_b7362ef.jpg?resize=300%2C200 300w, https:\/\/i0.wp.com\/www.tvturk.com\/wp-content\/uploads\/2019\/02\/turkiyenin-los-angeles-konsoloslugunda-anlamli-sergi_b7362ef.jpg?resize=768%2C512 768w, https:\/\/i0.wp.com\/www.tvturk.com\/wp-content\/uploads\/2019\/02\/turkiyenin-los-angeles-konsoloslugunda-anlamli-sergi_b7362ef.jpg?resize=170%2C113 170w, https:\/\/i0.wp.com\/www.tvturk.com\/wp-content\/uploads\/2019\/02\/turkiyenin-los-angeles-konsoloslugunda-anlamli-sergi_b7362ef.jpg?resize=120%2C80 120w\" width=\"164\" height=\"109\" loading=\"lazy\" data-original-width=\"164\" data-original-height=\"109\" itemprop=\"http:\/\/schema.org\/image\" title=\"T\u00fcrkiye\u2019nin Los Angeles Konsoloslu\u011funda anlaml\u0131 sergi\" alt=\"T\u00fcrkiye\u2019nin Los Angeles Konsoloslu\u011funda anlaml\u0131 sergi\" style=\"width: 164px; height: 109px;\" \/> <\/a> <\/div> <\/div> <!-- close group --> <div class=\"gallery-group images-1\" style=\"width: 332px; height: 223px;\" data-original-width=\"332\" data-original-height=\"223\" > <div class=\"tiled-gallery-item tiled-gallery-item-large\" itemprop=\"associatedMedia\" itemscope itemtype=\"http:\/\/schema.org\/ImageObject\"> <a href=\"http:\/\/www.tvturk.com\/index.php\/turkiyenin-los-angeles-konsoloslugunda-anlamli-sergi\/turkiyenin-los-angeles-konsoloslugunda-anlamli-sergi-8\/\" border=\"0\" itemprop=\"url\"> <meta itemprop=\"width\" content=\"328\"> <meta itemprop=\"height\" content=\"219\"> <img decoding=\"async\" class=\"\" data-attachment-id=\"57198\" data-orig-file=\"http:\/\/www.tvturk.com\/wp-content\/uploads\/2019\/02\/turkiyenin-los-angeles-konsoloslugunda-anlamli-sergi_c0f8c9d.jpg\" data-orig-size=\"1000,666\" data-comments-opened=\"\" data-image-meta=\"{&quot;aperture&quot;:&quot;0&quot;,&quot;credit&quot;:&quot;IHA&quot;,&quot;camera&quot;:&quot;&quot;,&quot;caption&quot;:&quot;LOS ANGELES\\u2019TAK\\u0130 T\\u00dcRK\\u0130YE KONSOLOSLU\\u011eUNDA, D\\u00dcNYA ENGELL\\u0130LER B\\u0130RL\\u0130\\u011e\\u0130 VE MED\\u0130BR\\u0130DGES ORGAN\\u0130ZASYONU\\u2019NUN \\u0130\\u015e B\\u0130RL\\u0130\\u011e\\u0130YLE DO\\u011eU\\u015eTAN CAM KEM\\u0130K HASTASI OLAN EL\\u0130F GAMZE BOZO\\u2019YA A\\u0130T RES\\u0130M VE FOTO\\u011eRAF SERG\\u0130S\\u0130 A\\u00c7ILDI. (AYDIN TUNA PALABIYIKO\\u011eLU\\\/WASHINGTON-\\u0130HA)&quot;,&quot;created_timestamp&quot;:&quot;0&quot;,&quot;copyright&quot;:&quot;\\u0130HLAS HABER AJANSI, www.iha.com.tr&quot;,&quot;focal_length&quot;:&quot;0&quot;,&quot;iso&quot;:&quot;0&quot;,&quot;shutter_speed&quot;:&quot;0&quot;,&quot;title&quot;:&quot;T\\u00dcRK\\u0130YE\\u0027N\\u0130N LOS ANGELES KONSOLOSLU\\u011eUNDA ANLAMLI SERG\\u0130&quot;,&quot;orientation&quot;:&quot;0&quot;}\" data-image-title=\"T\u00fcrkiye\u2019nin Los Angeles Konsoloslu\u011funda anlaml\u0131 sergi\" data-image-description=\"&lt;p&gt;T\u00fcrkiye\u2019nin Los Angeles Konsoloslu\u011funda anlaml\u0131 sergi&lt;\/p&gt; \" data-medium-file=\"https:\/\/i0.wp.com\/www.tvturk.com\/wp-content\/uploads\/2019\/02\/turkiyenin-los-angeles-konsoloslugunda-anlamli-sergi_c0f8c9d.jpg?fit=300%2C200\" data-large-file=\"https:\/\/i0.wp.com\/www.tvturk.com\/wp-content\/uploads\/2019\/02\/turkiyenin-los-angeles-konsoloslugunda-anlamli-sergi_c0f8c9d.jpg?fit=1000%2C666\" src=\"https:\/\/i0.wp.com\/www.tvturk.com\/wp-content\/uploads\/2019\/02\/turkiyenin-los-angeles-konsoloslugunda-anlamli-sergi_c0f8c9d.jpg?w=328&#038;h=219\" srcset=\"https:\/\/i0.wp.com\/www.tvturk.com\/wp-content\/uploads\/2019\/02\/turkiyenin-los-angeles-konsoloslugunda-anlamli-sergi_c0f8c9d.jpg?w=1000 1000w, https:\/\/i0.wp.com\/www.tvturk.com\/wp-content\/uploads\/2019\/02\/turkiyenin-los-angeles-konsoloslugunda-anlamli-sergi_c0f8c9d.jpg?resize=150%2C100 150w, https:\/\/i0.wp.com\/www.tvturk.com\/wp-content\/uploads\/2019\/02\/turkiyenin-los-angeles-konsoloslugunda-anlamli-sergi_c0f8c9d.jpg?resize=300%2C200 300w, https:\/\/i0.wp.com\/www.tvturk.com\/wp-content\/uploads\/2019\/02\/turkiyenin-los-angeles-konsoloslugunda-anlamli-sergi_c0f8c9d.jpg?resize=768%2C511 768w, https:\/\/i0.wp.com\/www.tvturk.com\/wp-content\/uploads\/2019\/02\/turkiyenin-los-angeles-konsoloslugunda-anlamli-sergi_c0f8c9d.jpg?resize=170%2C113 170w, https:\/\/i0.wp.com\/www.tvturk.com\/wp-content\/uploads\/2019\/02\/turkiyenin-los-angeles-konsoloslugunda-anlamli-sergi_c0f8c9d.jpg?resize=120%2C80 120w\" width=\"328\" height=\"219\" loading=\"lazy\" data-original-width=\"328\" data-original-height=\"219\" itemprop=\"http:\/\/schema.org\/image\" title=\"T\u00fcrkiye\u2019nin Los Angeles Konsoloslu\u011funda anlaml\u0131 sergi\" alt=\"T\u00fcrkiye\u2019nin Los Angeles Konsoloslu\u011funda anlaml\u0131 sergi\" style=\"width: 328px; height: 219px;\" \/> <\/a> <\/div> <\/div> <!-- close group --> <\/div> <!-- close row --> <div class=\"gallery-row\" style=\"width: 500px; height: 224px;\" data-original-width=\"500\" data-original-height=\"224\" > <div class=\"gallery-group images-1\" style=\"width: 334px; height: 224px;\" data-original-width=\"334\" data-original-height=\"224\" > <div class=\"tiled-gallery-item tiled-gallery-item-large\" itemprop=\"associatedMedia\" itemscope itemtype=\"http:\/\/schema.org\/ImageObject\"> <a href=\"http:\/\/www.tvturk.com\/index.php\/turkiyenin-los-angeles-konsoloslugunda-anlamli-sergi\/turkiyenin-los-angeles-konsoloslugunda-anlamli-sergi-9\/\" border=\"0\" itemprop=\"url\"> <meta itemprop=\"width\" content=\"330\"> <meta itemprop=\"height\" content=\"220\"> <img decoding=\"async\" class=\"\" data-attachment-id=\"57199\" data-orig-file=\"http:\/\/www.tvturk.com\/wp-content\/uploads\/2019\/02\/turkiyenin-los-angeles-konsoloslugunda-anlamli-sergi_80d672e.jpg\" data-orig-size=\"1000,665\" data-comments-opened=\"\" data-image-meta=\"{&quot;aperture&quot;:&quot;0&quot;,&quot;credit&quot;:&quot;IHA&quot;,&quot;camera&quot;:&quot;&quot;,&quot;caption&quot;:&quot;LOS ANGELES\\u2019TAK\\u0130 T\\u00dcRK\\u0130YE KONSOLOSLU\\u011eUNDA, D\\u00dcNYA ENGELL\\u0130LER B\\u0130RL\\u0130\\u011e\\u0130 VE MED\\u0130BR\\u0130DGES ORGAN\\u0130ZASYONU\\u2019NUN \\u0130\\u015e B\\u0130RL\\u0130\\u011e\\u0130YLE DO\\u011eU\\u015eTAN CAM KEM\\u0130K HASTASI OLAN EL\\u0130F GAMZE BOZO\\u2019YA A\\u0130T RES\\u0130M VE FOTO\\u011eRAF SERG\\u0130S\\u0130 A\\u00c7ILDI. (AYDIN TUNA PALABIYIKO\\u011eLU\\\/WASHINGTON-\\u0130HA)&quot;,&quot;created_timestamp&quot;:&quot;0&quot;,&quot;copyright&quot;:&quot;\\u0130HLAS HABER AJANSI, www.iha.com.tr&quot;,&quot;focal_length&quot;:&quot;0&quot;,&quot;iso&quot;:&quot;0&quot;,&quot;shutter_speed&quot;:&quot;0&quot;,&quot;title&quot;:&quot;T\\u00dcRK\\u0130YE\\u0027N\\u0130N LOS ANGELES KONSOLOSLU\\u011eUNDA ANLAMLI SERG\\u0130&quot;,&quot;orientation&quot;:&quot;0&quot;}\" data-image-title=\"T\u00fcrkiye\u2019nin Los Angeles Konsoloslu\u011funda anlaml\u0131 sergi\" data-image-description=\"&lt;p&gt;T\u00fcrkiye\u2019nin Los Angeles Konsoloslu\u011funda anlaml\u0131 sergi&lt;\/p&gt; \" data-medium-file=\"https:\/\/i0.wp.com\/www.tvturk.com\/wp-content\/uploads\/2019\/02\/turkiyenin-los-angeles-konsoloslugunda-anlamli-sergi_80d672e.jpg?fit=300%2C200\" data-large-file=\"https:\/\/i0.wp.com\/www.tvturk.com\/wp-content\/uploads\/2019\/02\/turkiyenin-los-angeles-konsoloslugunda-anlamli-sergi_80d672e.jpg?fit=1000%2C665\" src=\"https:\/\/i0.wp.com\/www.tvturk.com\/wp-content\/uploads\/2019\/02\/turkiyenin-los-angeles-konsoloslugunda-anlamli-sergi_80d672e.jpg?w=330&#038;h=220\" srcset=\"https:\/\/i0.wp.com\/www.tvturk.com\/wp-content\/uploads\/2019\/02\/turkiyenin-los-angeles-konsoloslugunda-anlamli-sergi_80d672e.jpg?w=1000 1000w, https:\/\/i0.wp.com\/www.tvturk.com\/wp-content\/uploads\/2019\/02\/turkiyenin-los-angeles-konsoloslugunda-anlamli-sergi_80d672e.jpg?resize=150%2C100 150w, https:\/\/i0.wp.com\/www.tvturk.com\/wp-content\/uploads\/2019\/02\/turkiyenin-los-angeles-konsoloslugunda-anlamli-sergi_80d672e.jpg?resize=300%2C200 300w, https:\/\/i0.wp.com\/www.tvturk.com\/wp-content\/uploads\/2019\/02\/turkiyenin-los-angeles-konsoloslugunda-anlamli-sergi_80d672e.jpg?resize=768%2C511 768w, https:\/\/i0.wp.com\/www.tvturk.com\/wp-content\/uploads\/2019\/02\/turkiyenin-los-angeles-konsoloslugunda-anlamli-sergi_80d672e.jpg?resize=170%2C113 170w, https:\/\/i0.wp.com\/www.tvturk.com\/wp-content\/uploads\/2019\/02\/turkiyenin-los-angeles-konsoloslugunda-anlamli-sergi_80d672e.jpg?resize=120%2C80 120w\" width=\"330\" height=\"220\" loading=\"lazy\" data-original-width=\"330\" data-original-height=\"220\" itemprop=\"http:\/\/schema.org\/image\" title=\"T\u00fcrkiye\u2019nin Los Angeles Konsoloslu\u011funda anlaml\u0131 sergi\" alt=\"T\u00fcrkiye\u2019nin Los Angeles Konsoloslu\u011funda anlaml\u0131 sergi\" style=\"width: 330px; height: 220px;\" \/> <\/a> <\/div> <\/div> <!-- close group --> <div class=\"gallery-group images-1\" style=\"width: 166px; height: 224px;\" data-original-width=\"166\" data-original-height=\"224\" > <div class=\"tiled-gallery-item tiled-gallery-item-small\" itemprop=\"associatedMedia\" itemscope itemtype=\"http:\/\/schema.org\/ImageObject\"> <a href=\"http:\/\/www.tvturk.com\/index.php\/turkiyenin-los-angeles-konsoloslugunda-anlamli-sergi\/turkiyenin-los-angeles-konsoloslugunda-anlamli-sergi-10\/\" border=\"0\" itemprop=\"url\"> <meta itemprop=\"width\" content=\"162\"> <meta itemprop=\"height\" content=\"220\"> <img decoding=\"async\" class=\"\" data-attachment-id=\"57200\" data-orig-file=\"http:\/\/www.tvturk.com\/wp-content\/uploads\/2019\/02\/turkiyenin-los-angeles-konsoloslugunda-anlamli-sergi_fc6ed39.jpg\" data-orig-size=\"736,1000\" data-comments-opened=\"\" data-image-meta=\"{&quot;aperture&quot;:&quot;0&quot;,&quot;credit&quot;:&quot;IHA&quot;,&quot;camera&quot;:&quot;&quot;,&quot;caption&quot;:&quot;DO\\u011eU\\u015eTAN CAM KEM\\u0130K HASTASI EL\\u0130F GAMZE BOZO, T\\u00dcRK\\u0130YE\\u2019DE \\u0130LK VE ORTA \\u00d6\\u011eREN\\u0130MDEN SONRA L\\u0130SE VE \\u00dcN\\u0130VERS\\u0130TE E\\u011e\\u0130T\\u0130M\\u0130N\\u0130 DI\\u015eARIDAN TAMAMLADI\\u011eINI ANLATARAK ARDINDAN BA\\u015eLADI\\u011eI MUHAB\\u0130RL\\u0130K MESLE\\u011e\\u0130N\\u0130 ULA\\u015eIM SIKINTILARI Y\\u00dcZ\\u00dcNDEN BIRAKTI\\u011eINI AMA MESLEK \\u0130LE B\\u0130RL\\u0130KTE GELEN FOTO\\u011eRAF TUTKUSUNU GEL\\u0130\\u015eT\\u0130RD\\u0130\\u011e\\u0130N\\u0130 S\\u00d6YLED\\u0130. (AYDIN TUNA PALABIYIKO\\u011eLU\\\/WASHINGTON-\\u0130HA)&quot;,&quot;created_timestamp&quot;:&quot;0&quot;,&quot;copyright&quot;:&quot;\\u0130HLAS HABER AJANSI, www.iha.com.tr&quot;,&quot;focal_length&quot;:&quot;0&quot;,&quot;iso&quot;:&quot;0&quot;,&quot;shutter_speed&quot;:&quot;0&quot;,&quot;title&quot;:&quot;T\\u00dcRK\\u0130YE\\u0027N\\u0130N LOS ANGELES KONSOLOSLU\\u011eUNDA ANLAMLI SERG\\u0130&quot;,&quot;orientation&quot;:&quot;0&quot;}\" data-image-title=\"T\u00fcrkiye\u2019nin Los Angeles Konsoloslu\u011funda anlaml\u0131 sergi\" data-image-description=\"&lt;p&gt;T\u00fcrkiye\u2019nin Los Angeles Konsoloslu\u011funda anlaml\u0131 sergi&lt;\/p&gt; \" data-medium-file=\"https:\/\/i0.wp.com\/www.tvturk.com\/wp-content\/uploads\/2019\/02\/turkiyenin-los-angeles-konsoloslugunda-anlamli-sergi_fc6ed39.jpg?fit=221%2C300\" data-large-file=\"https:\/\/i0.wp.com\/www.tvturk.com\/wp-content\/uploads\/2019\/02\/turkiyenin-los-angeles-konsoloslugunda-anlamli-sergi_fc6ed39.jpg?fit=736%2C1000\" src=\"https:\/\/i0.wp.com\/www.tvturk.com\/wp-content\/uploads\/2019\/02\/turkiyenin-los-angeles-konsoloslugunda-anlamli-sergi_fc6ed39.jpg?w=162&#038;h=220\" srcset=\"https:\/\/i0.wp.com\/www.tvturk.com\/wp-content\/uploads\/2019\/02\/turkiyenin-los-angeles-konsoloslugunda-anlamli-sergi_fc6ed39.jpg?w=736 736w, https:\/\/i0.wp.com\/www.tvturk.com\/wp-content\/uploads\/2019\/02\/turkiyenin-los-angeles-konsoloslugunda-anlamli-sergi_fc6ed39.jpg?resize=110%2C150 110w, https:\/\/i0.wp.com\/www.tvturk.com\/wp-content\/uploads\/2019\/02\/turkiyenin-los-angeles-konsoloslugunda-anlamli-sergi_fc6ed39.jpg?resize=221%2C300 221w\" width=\"162\" height=\"220\" loading=\"lazy\" data-original-width=\"162\" data-original-height=\"220\" itemprop=\"http:\/\/schema.org\/image\" title=\"T\u00fcrkiye\u2019nin Los Angeles Konsoloslu\u011funda anlaml\u0131 sergi\" alt=\"T\u00fcrkiye\u2019nin Los Angeles Konsoloslu\u011funda anlaml\u0131 sergi\" style=\"width: 162px; height: 220px;\" \/> <\/a> <\/div> <\/div> <!-- close group --> <\/div> <!-- close row --> <\/div><\/p>\n","protected":false},"excerpt":{"rendered":"<p>LOS ANGELES\u2019TAK\u0130 T\u00dcRK\u0130YE KONSOLOSLU\u011eUNDA, D\u00dcNYA ENGELL\u0130LER B\u0130RL\u0130\u011e\u0130 VE MED\u0130BR\u0130DGES ORGAN\u0130ZASYONU\u2019NUN \u0130\u015e B\u0130RL\u0130\u011e\u0130YLE DO\u011eU\u015eTAN CAM KEM\u0130K HASTASI OLAN EL\u0130F GAMZE BOZO\u2019YA A\u0130T RES\u0130M VE FOTO\u011eRAF SERG\u0130S\u0130 A\u00c7ILDI.<\/p>\n","protected":false},"author":1,"featured_media":57192,"comment_status":"closed","ping_status":"open","sticky":false,"template":"","format":"standard","meta":{"jetpack_post_was_ever_published":false,"_jetpack_newsletter_access":"","_jetpack_dont_email_post_to_subs":false,"_jetpack_newsletter_tier_id":0,"_jetpack_memberships_contains_paywalled_content":false,"_jetpack_memberships_contains_paid_content":false,"footnotes":"","jetpack_publicize_message":"","jetpack_publicize_feature_enabled":true,"jetpack_social_post_already_shared":false,"jetpack_social_options":{"image_generator_settings":{"template":"highway","default_image_id":0,"font":"","enabled":false},"version":2}},"categories":[10],"tags":[18278,3059,18279,18277,798,177],"class_list":["post-57191","post","type-post","status-publish","format-standard","has-post-thumbnail","hentry","category-dunya","tag-angeles","tag-anlamli","tag-konsoloslugunda","tag-los","tag-sergi","tag-turkiyenin"],"jetpack_publicize_connections":[],"jetpack_featured_media_url":"https:\/\/i0.wp.com\/www.tvturk.com\/wp-content\/uploads\/2019\/02\/turkiyenin-los-angeles-konsoloslugunda-anlamli-sergi_306d976.jpg?fit=1000%2C666","jetpack_sharing_enabled":true,"jetpack_shortlink":"https:\/\/wp.me\/paKIfm-eSr","_links":{"self":[{"href":"http:\/\/www.tvturk.com\/index.php\/wp-json\/wp\/v2\/posts\/57191","targetHints":{"allow":["GET"]}}],"collection":[{"href":"http:\/\/www.tvturk.com\/index.php\/wp-json\/wp\/v2\/posts"}],"about":[{"href":"http:\/\/www.tvturk.com\/index.php\/wp-json\/wp\/v2\/types\/post"}],"author":[{"embeddable":true,"href":"http:\/\/www.tvturk.com\/index.php\/wp-json\/wp\/v2\/users\/1"}],"replies":[{"embeddable":true,"href":"http:\/\/www.tvturk.com\/index.php\/wp-json\/wp\/v2\/comments?post=57191"}],"version-history":[{"count":1,"href":"http:\/\/www.tvturk.com\/index.php\/wp-json\/wp\/v2\/posts\/57191\/revisions"}],"predecessor-version":[{"id":57201,"href":"http:\/\/www.tvturk.com\/index.php\/wp-json\/wp\/v2\/posts\/57191\/revisions\/57201"}],"wp:featuredmedia":[{"embeddable":true,"href":"http:\/\/www.tvturk.com\/index.php\/wp-json\/wp\/v2\/media\/57192"}],"wp:attachment":[{"href":"http:\/\/www.tvturk.com\/index.php\/wp-json\/wp\/v2\/media?parent=57191"}],"wp:term":[{"taxonomy":"category","embeddable":true,"href":"http:\/\/www.tvturk.com\/index.php\/wp-json\/wp\/v2\/categories?post=57191"},{"taxonomy":"post_tag","embeddable":true,"href":"http:\/\/www.tvturk.com\/index.php\/wp-json\/wp\/v2\/tags?post=57191"}],"curies":[{"name":"wp","href":"https:\/\/api.w.org\/{rel}","templated":true}]}}