{"id":57381,"date":"2019-02-23T21:48:57","date_gmt":"2019-02-23T18:48:57","guid":{"rendered":"http:\/\/www.tvturk.com\/index.php\/brezilyadan-gelen-insan-yardim-venezuelaya-girdi\/"},"modified":"2019-02-23T21:49:01","modified_gmt":"2019-02-23T18:49:01","slug":"brezilyadan-gelen-insan-yardim-venezuelaya-girdi","status":"publish","type":"post","link":"http:\/\/www.tvturk.com\/index.php\/brezilyadan-gelen-insan-yardim-venezuelaya-girdi\/","title":{"rendered":"Brezilya\u2019dan gelen insan yard\u0131m Venezuela\u2019ya girdi"},"content":{"rendered":"<p>Venezuela Ordusunda kopmalar devam ediyor. Ge\u00e7ti\u011fimiz saatlerde 4 askerden sonra Venezuela ile Kolombiya\u2019y\u0131 birbirine ba\u011flayan Tienditas K\u00f6pr\u00fcs\u00fc\u2019nde g\u00f6revli Binba\u015f\u0131 Hugo Parra Martinez de, Kolombiya\u2019ya s\u0131\u011f\u0131nd\u0131. Brezilya\u2019dan gelen insani yard\u0131m, s\u0131n\u0131r kap\u0131s\u0131n\u0131n Nicolas Maduro\u2019nun emriyle kapat\u0131lmas\u0131na ra\u011fmen, Venezuela\u2019ya girdi. ABD\u2019ye ba\u011fl\u0131 Porto Riko\u2019dan deniz yoluyla gelen insani yard\u0131m\u0131n da engellenmesi i\u00e7in 6 sava\u015f gemisi g\u00f6revlendirildi.<\/p>\n<p>Venezuela Devlet Ba\u015fkan\u0131 Nicolas Maduyo\u2019ya tepkiler artarken, ordudan kopmalar devam ediyor. Venezuela Ulusal Muhaf\u0131zlar\u0131\u2019na ba\u011fl\u0131 Fernando Rodriguez del Toro Birli\u011finin komutan\u0131 Binba\u015f\u0131 Hugo Parra Martinez, Tienditas K\u00f6pr\u00fcs\u00fc\u2019ndeki g\u00f6rev yerini terk ederek, Kolombiya\u2019ya s\u0131\u011f\u0131nd\u0131. Parra yapt\u0131\u011f\u0131 ilk a\u00e7\u0131klamada, \u201cBa\u015fkan\u0131m\u0131z olarak Juan Guaido\u2019yu tan\u0131yorum ve y\u00fcr\u00fcy\u00fc\u015f\u00fcn\u00fcn arkas\u0131nda olmaya ve Venezuela halk\u0131yla m\u00fccadele edece\u011fime s\u00f6z veriyorum\u201d dedi.<\/p>\n<p>Ba\u015fkentte askeri \u00fcss\u00fcn \u00f6n\u00fcnde toplan\u0131ld\u0131<\/p>\n<p>Ba\u015fkent Karakas\u2019ta ise Maduro kar\u015f\u0131tlar\u0131 Francisco de Miranda Hava \u00dcss\u00fc \u00f6n\u00fcnde ve \u00e7evresinde toplanmaya ba\u015flad\u0131. Protestocular, ordunun insani yard\u0131mlar\u0131n \u00fclkeye sokulmas\u0131na izin vermesi i\u00e7in g\u00f6steriler d\u00fczenliyor.<\/p>\n<p>Brezilya\u2019dan ilk insani yard\u0131m geldi<\/p>\n<p>Brezilya\u2019dan gelen insani yard\u0131m, s\u0131n\u0131r kap\u0131lar\u0131 Nicolas Maduro\u2019nun emriyle kapat\u0131lmas\u0131na ra\u011fmen Venezuela\u2019ya girdi. Venezuela\u2019n\u0131n Brezilya B\u00fcy\u00fckel\u00e7isi Maria Teresa Belandria yapt\u0131\u011f\u0131 a\u00e7\u0131klamada, insani yard\u0131m ta\u015f\u0131yan ilk kamyonun \u00fclkeye girdi\u011fini duyurdu. Belandria, \u201cBrezilya\u2019n\u0131n Pacaraima s\u0131n\u0131r\u0131ndan insani yard\u0131ml\u0131 kamyonu s\u0131n\u0131r\u0131 ge\u00e7ti. \u015eu anda Venezuela taraf\u0131nda oldu\u011funu s\u00f6yleyebilirim\u201d ifadelerini kulland\u0131.<\/p>\n<p>Porto Riko\u2019dan yola \u00e7\u0131kan gemiye tehdit<\/p>\n<p>\u00d6te yandan, ABD\u2019ye ba\u011fl\u0131 Porto Riko\u2019dan yola \u00e7\u0131kan 200 ton insani yard\u0131m\u0131n birka\u00e7 saat i\u00e7inde Venezuela kara sular\u0131na girece\u011fi bildirildi. Yerel bas\u0131n ise, aralar\u0131nda F-22 s\u0131n\u0131f\u0131 f\u0131rkateynin yer ald\u0131\u011f\u0131 Venezuela Donanmas\u0131na ait alt\u0131 geminin Porto Riko\u2019dan gelen insani yard\u0131m gemisini durdurmak i\u00e7in denize a\u00e7\u0131ld\u0131\u011f\u0131n\u0131 duyurdu.<\/p>\n<p>Kolombiya Devlet Ba\u015fkan\u0131, Maduro\u2019yu tehdit etti<\/p>\n<p>Kolombiya Devlet Ba\u015fkan\u0131 Ivan Duque, insani yard\u0131mlar\u0131n topland\u0131\u011f\u0131 Cucuta\u2019da, Paraguay Devlet Ba\u015fkan\u0131 Mario Abdo Benitez, \u015eili Devlet Ba\u015fkan\u0131 Sebastian Pinera ve kendisini Venezuela\u2019n\u0131n \u201cGe\u00e7ici Devlet Ba\u015fkan\u0131\u201d ilan eden Juan Guaido ile bir araya geldi. Yap\u0131lan ortak bas\u0131n a\u00e7\u0131klamas\u0131nda Duque, \u201c\u0130nsani yard\u0131m, Venezuela\u2019n\u0131n Ge\u00e7ici Devlet Ba\u015fkan\u0131 Juan Guaido\u2019ya yeni teslim edildi. \u00dclkeye bar\u0131\u015f\u00e7\u0131l bir \u015fekilde girmesine izin verilmesini talep ediyoruz. \u015eiddet olaylar\u0131ndan Maduro sorumlu tutulacakt\u0131r\u201d diye konu\u015ftu.<div class=\"tiled-gallery type-rectangular tiled-gallery-unresized\" data-original-width=\"500\" data-carousel-extra='null' itemscope itemtype=\"http:\/\/schema.org\/ImageGallery\" > <div class=\"gallery-row\" style=\"width: 500px; height: 224px;\" data-original-width=\"500\" data-original-height=\"224\" > <div class=\"gallery-group images-1\" style=\"width: 334px; height: 224px;\" data-original-width=\"334\" data-original-height=\"224\" > <div class=\"tiled-gallery-item tiled-gallery-item-large\" itemprop=\"associatedMedia\" itemscope itemtype=\"http:\/\/schema.org\/ImageObject\"> <a href=\"http:\/\/www.tvturk.com\/index.php\/brezilyadan-gelen-insan-yardim-venezuelaya-girdi\/brezilyadan-gelen-insan-yardim-venezuelaya-girdi-3\/\" border=\"0\" itemprop=\"url\"> <meta itemprop=\"width\" content=\"330\"> <meta itemprop=\"height\" content=\"220\"> <img decoding=\"async\" class=\"\" data-attachment-id=\"57383\" data-orig-file=\"http:\/\/www.tvturk.com\/wp-content\/uploads\/2019\/02\/brezilyadan-gelen-insan-yardim-venezuelaya-girdi_d53b59e.jpg\" data-orig-size=\"1000,666\" data-comments-opened=\"\" data-image-meta=\"{&quot;aperture&quot;:&quot;0&quot;,&quot;credit&quot;:&quot;IHA&quot;,&quot;camera&quot;:&quot;&quot;,&quot;caption&quot;:&quot;VENEZUELA ORDUSUNDA KOPMALAR DEVAM ED\\u0130YOR. GE\\u00c7T\\u0130\\u011e\\u0130M\\u0130Z SAATLERDE 4 ASKERDEN SONRA VENEZUELA \\u0130LE KOLOMB\\u0130YA\\u2019YI B\\u0130RB\\u0130R\\u0130NE BA\\u011eLAYAN T\\u0130END\\u0130TAS K\\u00d6PR\\u00dcS\\u00dc\\u0027NDE G\\u00d6REVL\\u0130 B\\u0130NBA\\u015eI HUGO PARRA MART\\u0130NEZ DE, KOLOMB\\u0130YA\\u2019YA SI\\u011eINDI. BREZ\\u0130LYA\\u2019DAN GELEN \\u0130NSAN\\u0130 YARDIM, SINIR KAPISININ N\\u0130COLAS MADURO\\u2019NUN EMR\\u0130YLE KAPATILMASINA RA\\u011eMEN, VENEZUELA\\u2019YA G\\u0130RD\\u0130. ABD\\u2019YE BA\\u011eLI PORTO R\\u0130KO\\u2019DAN DEN\\u0130Z YOLUYLA GELEN \\u0130NSAN\\u0130 YARDIMIN DA ENGELLENMES\\u0130 \\u0130\\u00c7\\u0130N 6 SAVA\\u015e GEM\\u0130S\\u0130 G\\u00d6REVLEND\\u0130R\\u0130LD\\u0130. (LORENA WATK\\u0130NS - SERKAN BAYAR\\\/KARAKAS-\\u0130HA)&quot;,&quot;created_timestamp&quot;:&quot;0&quot;,&quot;copyright&quot;:&quot;\\u0130HLAS HABER AJANSI, www.iha.com.tr&quot;,&quot;focal_length&quot;:&quot;0&quot;,&quot;iso&quot;:&quot;0&quot;,&quot;shutter_speed&quot;:&quot;0&quot;,&quot;title&quot;:&quot;BREZ\\u0130LYA\\u2019DAN GELEN \\u0130NSAN YARDIM VENEZUELA\\u2019YA G\\u0130RD\\u0130 VENEZUELALI B\\u0130NBA\\u015eI KOLOMB\\u0130YA\\u2019YA KA\\u00c7TI PORTO R\\u0130KO GEM\\u0130S\\u0130NE SAVA\\u015e GEM\\u0130L\\u0130 \\u00d6NLEM ALINDI&quot;,&quot;orientation&quot;:&quot;0&quot;}\" data-image-title=\"Brezilya\u2019dan gelen insan yard\u0131m Venezuela\u2019ya girdi\" data-image-description=\"&lt;p&gt;Brezilya\u2019dan gelen insan yard\u0131m Venezuela\u2019ya girdi&lt;\/p&gt; \" data-medium-file=\"https:\/\/i0.wp.com\/www.tvturk.com\/wp-content\/uploads\/2019\/02\/brezilyadan-gelen-insan-yardim-venezuelaya-girdi_d53b59e.jpg?fit=300%2C200\" data-large-file=\"https:\/\/i0.wp.com\/www.tvturk.com\/wp-content\/uploads\/2019\/02\/brezilyadan-gelen-insan-yardim-venezuelaya-girdi_d53b59e.jpg?fit=1000%2C666\" src=\"https:\/\/i0.wp.com\/www.tvturk.com\/wp-content\/uploads\/2019\/02\/brezilyadan-gelen-insan-yardim-venezuelaya-girdi_d53b59e.jpg?w=330&#038;h=220\" srcset=\"https:\/\/i0.wp.com\/www.tvturk.com\/wp-content\/uploads\/2019\/02\/brezilyadan-gelen-insan-yardim-venezuelaya-girdi_d53b59e.jpg?w=1000 1000w, https:\/\/i0.wp.com\/www.tvturk.com\/wp-content\/uploads\/2019\/02\/brezilyadan-gelen-insan-yardim-venezuelaya-girdi_d53b59e.jpg?resize=150%2C100 150w, https:\/\/i0.wp.com\/www.tvturk.com\/wp-content\/uploads\/2019\/02\/brezilyadan-gelen-insan-yardim-venezuelaya-girdi_d53b59e.jpg?resize=300%2C200 300w, https:\/\/i0.wp.com\/www.tvturk.com\/wp-content\/uploads\/2019\/02\/brezilyadan-gelen-insan-yardim-venezuelaya-girdi_d53b59e.jpg?resize=768%2C511 768w, https:\/\/i0.wp.com\/www.tvturk.com\/wp-content\/uploads\/2019\/02\/brezilyadan-gelen-insan-yardim-venezuelaya-girdi_d53b59e.jpg?resize=170%2C113 170w, https:\/\/i0.wp.com\/www.tvturk.com\/wp-content\/uploads\/2019\/02\/brezilyadan-gelen-insan-yardim-venezuelaya-girdi_d53b59e.jpg?resize=120%2C80 120w\" width=\"330\" height=\"220\" loading=\"lazy\" data-original-width=\"330\" data-original-height=\"220\" itemprop=\"http:\/\/schema.org\/image\" title=\"Brezilya\u2019dan gelen insan yard\u0131m Venezuela\u2019ya girdi\" alt=\"Brezilya\u2019dan gelen insan yard\u0131m Venezuela\u2019ya girdi\" style=\"width: 330px; height: 220px;\" \/> <\/a> <\/div> <\/div> <!-- close group --> <div class=\"gallery-group images-2\" style=\"width: 166px; height: 224px;\" data-original-width=\"166\" data-original-height=\"224\" > <div class=\"tiled-gallery-item tiled-gallery-item-small\" itemprop=\"associatedMedia\" itemscope itemtype=\"http:\/\/schema.org\/ImageObject\"> <a href=\"http:\/\/www.tvturk.com\/index.php\/brezilyadan-gelen-insan-yardim-venezuelaya-girdi\/brezilyadan-gelen-insan-yardim-venezuelaya-girdi-4\/\" border=\"0\" itemprop=\"url\"> <meta itemprop=\"width\" content=\"162\"> <meta itemprop=\"height\" content=\"108\"> <img decoding=\"async\" class=\"\" data-attachment-id=\"57384\" data-orig-file=\"http:\/\/www.tvturk.com\/wp-content\/uploads\/2019\/02\/brezilyadan-gelen-insan-yardim-venezuelaya-girdi_15286ba.jpg\" data-orig-size=\"1000,666\" data-comments-opened=\"\" data-image-meta=\"{&quot;aperture&quot;:&quot;0&quot;,&quot;credit&quot;:&quot;IHA&quot;,&quot;camera&quot;:&quot;&quot;,&quot;caption&quot;:&quot;VENEZUELA ORDUSUNDA KOPMALAR DEVAM ED\\u0130YOR. GE\\u00c7T\\u0130\\u011e\\u0130M\\u0130Z SAATLERDE 4 ASKERDEN SONRA VENEZUELA \\u0130LE KOLOMB\\u0130YA\\u2019YI B\\u0130RB\\u0130R\\u0130NE BA\\u011eLAYAN T\\u0130END\\u0130TAS K\\u00d6PR\\u00dcS\\u00dc\\u0027NDE G\\u00d6REVL\\u0130 B\\u0130NBA\\u015eI HUGO PARRA MART\\u0130NEZ DE, KOLOMB\\u0130YA\\u2019YA SI\\u011eINDI. BREZ\\u0130LYA\\u2019DAN GELEN \\u0130NSAN\\u0130 YARDIM, SINIR KAPISININ N\\u0130COLAS MADURO\\u2019NUN EMR\\u0130YLE KAPATILMASINA RA\\u011eMEN, VENEZUELA\\u2019YA G\\u0130RD\\u0130. ABD\\u2019YE BA\\u011eLI PORTO R\\u0130KO\\u2019DAN DEN\\u0130Z YOLUYLA GELEN \\u0130NSAN\\u0130 YARDIMIN DA ENGELLENMES\\u0130 \\u0130\\u00c7\\u0130N 6 SAVA\\u015e GEM\\u0130S\\u0130 G\\u00d6REVLEND\\u0130R\\u0130LD\\u0130. (LORENA WATK\\u0130NS - SERKAN BAYAR\\\/KARAKAS-\\u0130HA)&quot;,&quot;created_timestamp&quot;:&quot;0&quot;,&quot;copyright&quot;:&quot;\\u0130HLAS HABER AJANSI, www.iha.com.tr&quot;,&quot;focal_length&quot;:&quot;0&quot;,&quot;iso&quot;:&quot;0&quot;,&quot;shutter_speed&quot;:&quot;0&quot;,&quot;title&quot;:&quot;BREZ\\u0130LYA\\u2019DAN GELEN \\u0130NSAN YARDIM VENEZUELA\\u2019YA G\\u0130RD\\u0130 VENEZUELALI B\\u0130NBA\\u015eI KOLOMB\\u0130YA\\u2019YA KA\\u00c7TI PORTO R\\u0130KO GEM\\u0130S\\u0130NE SAVA\\u015e GEM\\u0130L\\u0130 \\u00d6NLEM ALINDI&quot;,&quot;orientation&quot;:&quot;0&quot;}\" data-image-title=\"Brezilya\u2019dan gelen insan yard\u0131m Venezuela\u2019ya girdi\" data-image-description=\"&lt;p&gt;Brezilya\u2019dan gelen insan yard\u0131m Venezuela\u2019ya girdi&lt;\/p&gt; \" data-medium-file=\"https:\/\/i0.wp.com\/www.tvturk.com\/wp-content\/uploads\/2019\/02\/brezilyadan-gelen-insan-yardim-venezuelaya-girdi_15286ba.jpg?fit=300%2C200\" data-large-file=\"https:\/\/i0.wp.com\/www.tvturk.com\/wp-content\/uploads\/2019\/02\/brezilyadan-gelen-insan-yardim-venezuelaya-girdi_15286ba.jpg?fit=1000%2C666\" src=\"https:\/\/i0.wp.com\/www.tvturk.com\/wp-content\/uploads\/2019\/02\/brezilyadan-gelen-insan-yardim-venezuelaya-girdi_15286ba.jpg?w=162&#038;h=108\" srcset=\"https:\/\/i0.wp.com\/www.tvturk.com\/wp-content\/uploads\/2019\/02\/brezilyadan-gelen-insan-yardim-venezuelaya-girdi_15286ba.jpg?w=1000 1000w, https:\/\/i0.wp.com\/www.tvturk.com\/wp-content\/uploads\/2019\/02\/brezilyadan-gelen-insan-yardim-venezuelaya-girdi_15286ba.jpg?resize=150%2C100 150w, https:\/\/i0.wp.com\/www.tvturk.com\/wp-content\/uploads\/2019\/02\/brezilyadan-gelen-insan-yardim-venezuelaya-girdi_15286ba.jpg?resize=300%2C200 300w, https:\/\/i0.wp.com\/www.tvturk.com\/wp-content\/uploads\/2019\/02\/brezilyadan-gelen-insan-yardim-venezuelaya-girdi_15286ba.jpg?resize=768%2C511 768w, https:\/\/i0.wp.com\/www.tvturk.com\/wp-content\/uploads\/2019\/02\/brezilyadan-gelen-insan-yardim-venezuelaya-girdi_15286ba.jpg?resize=170%2C113 170w, https:\/\/i0.wp.com\/www.tvturk.com\/wp-content\/uploads\/2019\/02\/brezilyadan-gelen-insan-yardim-venezuelaya-girdi_15286ba.jpg?resize=120%2C80 120w\" width=\"162\" height=\"108\" loading=\"lazy\" data-original-width=\"162\" data-original-height=\"108\" itemprop=\"http:\/\/schema.org\/image\" title=\"Brezilya\u2019dan gelen insan yard\u0131m Venezuela\u2019ya girdi\" alt=\"Brezilya\u2019dan gelen insan yard\u0131m Venezuela\u2019ya girdi\" style=\"width: 162px; height: 108px;\" \/> <\/a> <\/div> <div class=\"tiled-gallery-item tiled-gallery-item-small\" itemprop=\"associatedMedia\" itemscope itemtype=\"http:\/\/schema.org\/ImageObject\"> <a href=\"http:\/\/www.tvturk.com\/index.php\/brezilyadan-gelen-insan-yardim-venezuelaya-girdi\/brezilyadan-gelen-insan-yardim-venezuelaya-girdi-5\/\" border=\"0\" itemprop=\"url\"> <meta itemprop=\"width\" content=\"162\"> <meta itemprop=\"height\" content=\"108\"> <img decoding=\"async\" class=\"\" data-attachment-id=\"57385\" data-orig-file=\"http:\/\/www.tvturk.com\/wp-content\/uploads\/2019\/02\/brezilyadan-gelen-insan-yardim-venezuelaya-girdi_5eda80c.jpg\" data-orig-size=\"1000,666\" data-comments-opened=\"\" data-image-meta=\"{&quot;aperture&quot;:&quot;0&quot;,&quot;credit&quot;:&quot;IHA&quot;,&quot;camera&quot;:&quot;&quot;,&quot;caption&quot;:&quot;VENEZUELA ORDUSUNDA KOPMALAR DEVAM ED\\u0130YOR. GE\\u00c7T\\u0130\\u011e\\u0130M\\u0130Z SAATLERDE 4 ASKERDEN SONRA VENEZUELA \\u0130LE KOLOMB\\u0130YA\\u2019YI B\\u0130RB\\u0130R\\u0130NE BA\\u011eLAYAN T\\u0130END\\u0130TAS K\\u00d6PR\\u00dcS\\u00dc\\u0027NDE G\\u00d6REVL\\u0130 B\\u0130NBA\\u015eI HUGO PARRA MART\\u0130NEZ DE, KOLOMB\\u0130YA\\u2019YA SI\\u011eINDI. BREZ\\u0130LYA\\u2019DAN GELEN \\u0130NSAN\\u0130 YARDIM, SINIR KAPISININ N\\u0130COLAS MADURO\\u2019NUN EMR\\u0130YLE KAPATILMASINA RA\\u011eMEN, VENEZUELA\\u2019YA G\\u0130RD\\u0130. ABD\\u2019YE BA\\u011eLI PORTO R\\u0130KO\\u2019DAN DEN\\u0130Z YOLUYLA GELEN \\u0130NSAN\\u0130 YARDIMIN DA ENGELLENMES\\u0130 \\u0130\\u00c7\\u0130N 6 SAVA\\u015e GEM\\u0130S\\u0130 G\\u00d6REVLEND\\u0130R\\u0130LD\\u0130. (LORENA WATK\\u0130NS - SERKAN BAYAR\\\/KARAKAS-\\u0130HA)&quot;,&quot;created_timestamp&quot;:&quot;0&quot;,&quot;copyright&quot;:&quot;\\u0130HLAS HABER AJANSI, www.iha.com.tr&quot;,&quot;focal_length&quot;:&quot;0&quot;,&quot;iso&quot;:&quot;0&quot;,&quot;shutter_speed&quot;:&quot;0&quot;,&quot;title&quot;:&quot;BREZ\\u0130LYA\\u2019DAN GELEN \\u0130NSAN YARDIM VENEZUELA\\u2019YA G\\u0130RD\\u0130 VENEZUELALI B\\u0130NBA\\u015eI KOLOMB\\u0130YA\\u2019YA KA\\u00c7TI PORTO R\\u0130KO GEM\\u0130S\\u0130NE SAVA\\u015e GEM\\u0130L\\u0130 \\u00d6NLEM ALINDI&quot;,&quot;orientation&quot;:&quot;0&quot;}\" data-image-title=\"Brezilya\u2019dan gelen insan yard\u0131m Venezuela\u2019ya girdi\" data-image-description=\"&lt;p&gt;Brezilya\u2019dan gelen insan yard\u0131m Venezuela\u2019ya girdi&lt;\/p&gt; \" data-medium-file=\"https:\/\/i0.wp.com\/www.tvturk.com\/wp-content\/uploads\/2019\/02\/brezilyadan-gelen-insan-yardim-venezuelaya-girdi_5eda80c.jpg?fit=300%2C200\" data-large-file=\"https:\/\/i0.wp.com\/www.tvturk.com\/wp-content\/uploads\/2019\/02\/brezilyadan-gelen-insan-yardim-venezuelaya-girdi_5eda80c.jpg?fit=1000%2C666\" src=\"https:\/\/i0.wp.com\/www.tvturk.com\/wp-content\/uploads\/2019\/02\/brezilyadan-gelen-insan-yardim-venezuelaya-girdi_5eda80c.jpg?w=162&#038;h=108\" srcset=\"https:\/\/i0.wp.com\/www.tvturk.com\/wp-content\/uploads\/2019\/02\/brezilyadan-gelen-insan-yardim-venezuelaya-girdi_5eda80c.jpg?w=1000 1000w, https:\/\/i0.wp.com\/www.tvturk.com\/wp-content\/uploads\/2019\/02\/brezilyadan-gelen-insan-yardim-venezuelaya-girdi_5eda80c.jpg?resize=150%2C100 150w, https:\/\/i0.wp.com\/www.tvturk.com\/wp-content\/uploads\/2019\/02\/brezilyadan-gelen-insan-yardim-venezuelaya-girdi_5eda80c.jpg?resize=300%2C200 300w, https:\/\/i0.wp.com\/www.tvturk.com\/wp-content\/uploads\/2019\/02\/brezilyadan-gelen-insan-yardim-venezuelaya-girdi_5eda80c.jpg?resize=768%2C511 768w, https:\/\/i0.wp.com\/www.tvturk.com\/wp-content\/uploads\/2019\/02\/brezilyadan-gelen-insan-yardim-venezuelaya-girdi_5eda80c.jpg?resize=170%2C113 170w, https:\/\/i0.wp.com\/www.tvturk.com\/wp-content\/uploads\/2019\/02\/brezilyadan-gelen-insan-yardim-venezuelaya-girdi_5eda80c.jpg?resize=120%2C80 120w\" width=\"162\" height=\"108\" loading=\"lazy\" data-original-width=\"162\" data-original-height=\"108\" itemprop=\"http:\/\/schema.org\/image\" title=\"Brezilya\u2019dan gelen insan yard\u0131m Venezuela\u2019ya girdi\" alt=\"Brezilya\u2019dan gelen insan yard\u0131m Venezuela\u2019ya girdi\" style=\"width: 162px; height: 108px;\" \/> <\/a> <\/div> <\/div> <!-- close group --> <\/div> <!-- close row --> <div class=\"gallery-row\" style=\"width: 500px; height: 168px;\" data-original-width=\"500\" data-original-height=\"168\" > <div class=\"gallery-group images-1\" style=\"width: 250px; height: 168px;\" data-original-width=\"250\" data-original-height=\"168\" > <div class=\"tiled-gallery-item tiled-gallery-item-small\" itemprop=\"associatedMedia\" itemscope itemtype=\"http:\/\/schema.org\/ImageObject\"> <a href=\"http:\/\/www.tvturk.com\/index.php\/brezilyadan-gelen-insan-yardim-venezuelaya-girdi\/brezilyadan-gelen-insan-yardim-venezuelaya-girdi-6\/\" border=\"0\" itemprop=\"url\"> <meta itemprop=\"width\" content=\"246\"> <meta itemprop=\"height\" content=\"164\"> <img decoding=\"async\" class=\"\" data-attachment-id=\"57386\" data-orig-file=\"http:\/\/www.tvturk.com\/wp-content\/uploads\/2019\/02\/brezilyadan-gelen-insan-yardim-venezuelaya-girdi_03db1d9.jpg\" data-orig-size=\"1000,666\" data-comments-opened=\"\" data-image-meta=\"{&quot;aperture&quot;:&quot;0&quot;,&quot;credit&quot;:&quot;IHA&quot;,&quot;camera&quot;:&quot;&quot;,&quot;caption&quot;:&quot;VENEZUELA ORDUSUNDA KOPMALAR DEVAM ED\\u0130YOR. GE\\u00c7T\\u0130\\u011e\\u0130M\\u0130Z SAATLERDE 4 ASKERDEN SONRA VENEZUELA \\u0130LE KOLOMB\\u0130YA\\u2019YI B\\u0130RB\\u0130R\\u0130NE BA\\u011eLAYAN T\\u0130END\\u0130TAS K\\u00d6PR\\u00dcS\\u00dc\\u0027NDE G\\u00d6REVL\\u0130 B\\u0130NBA\\u015eI HUGO PARRA MART\\u0130NEZ DE, KOLOMB\\u0130YA\\u2019YA SI\\u011eINDI. BREZ\\u0130LYA\\u2019DAN GELEN \\u0130NSAN\\u0130 YARDIM, SINIR KAPISININ N\\u0130COLAS MADURO\\u2019NUN EMR\\u0130YLE KAPATILMASINA RA\\u011eMEN, VENEZUELA\\u2019YA G\\u0130RD\\u0130. ABD\\u2019YE BA\\u011eLI PORTO R\\u0130KO\\u2019DAN DEN\\u0130Z YOLUYLA GELEN \\u0130NSAN\\u0130 YARDIMIN DA ENGELLENMES\\u0130 \\u0130\\u00c7\\u0130N 6 SAVA\\u015e GEM\\u0130S\\u0130 G\\u00d6REVLEND\\u0130R\\u0130LD\\u0130. (LORENA WATK\\u0130NS - SERKAN BAYAR\\\/KARAKAS-\\u0130HA)&quot;,&quot;created_timestamp&quot;:&quot;0&quot;,&quot;copyright&quot;:&quot;\\u0130HLAS HABER AJANSI, www.iha.com.tr&quot;,&quot;focal_length&quot;:&quot;0&quot;,&quot;iso&quot;:&quot;0&quot;,&quot;shutter_speed&quot;:&quot;0&quot;,&quot;title&quot;:&quot;BREZ\\u0130LYA\\u2019DAN GELEN \\u0130NSAN YARDIM VENEZUELA\\u2019YA G\\u0130RD\\u0130 VENEZUELALI B\\u0130NBA\\u015eI KOLOMB\\u0130YA\\u2019YA KA\\u00c7TI PORTO R\\u0130KO GEM\\u0130S\\u0130NE SAVA\\u015e GEM\\u0130L\\u0130 \\u00d6NLEM ALINDI&quot;,&quot;orientation&quot;:&quot;0&quot;}\" data-image-title=\"Brezilya\u2019dan gelen insan yard\u0131m Venezuela\u2019ya girdi\" data-image-description=\"&lt;p&gt;Brezilya\u2019dan gelen insan yard\u0131m Venezuela\u2019ya girdi&lt;\/p&gt; \" data-medium-file=\"https:\/\/i0.wp.com\/www.tvturk.com\/wp-content\/uploads\/2019\/02\/brezilyadan-gelen-insan-yardim-venezuelaya-girdi_03db1d9.jpg?fit=300%2C200\" data-large-file=\"https:\/\/i0.wp.com\/www.tvturk.com\/wp-content\/uploads\/2019\/02\/brezilyadan-gelen-insan-yardim-venezuelaya-girdi_03db1d9.jpg?fit=1000%2C666\" src=\"https:\/\/i0.wp.com\/www.tvturk.com\/wp-content\/uploads\/2019\/02\/brezilyadan-gelen-insan-yardim-venezuelaya-girdi_03db1d9.jpg?w=246&#038;h=164\" srcset=\"https:\/\/i0.wp.com\/www.tvturk.com\/wp-content\/uploads\/2019\/02\/brezilyadan-gelen-insan-yardim-venezuelaya-girdi_03db1d9.jpg?w=1000 1000w, https:\/\/i0.wp.com\/www.tvturk.com\/wp-content\/uploads\/2019\/02\/brezilyadan-gelen-insan-yardim-venezuelaya-girdi_03db1d9.jpg?resize=150%2C100 150w, https:\/\/i0.wp.com\/www.tvturk.com\/wp-content\/uploads\/2019\/02\/brezilyadan-gelen-insan-yardim-venezuelaya-girdi_03db1d9.jpg?resize=300%2C200 300w, https:\/\/i0.wp.com\/www.tvturk.com\/wp-content\/uploads\/2019\/02\/brezilyadan-gelen-insan-yardim-venezuelaya-girdi_03db1d9.jpg?resize=768%2C511 768w, https:\/\/i0.wp.com\/www.tvturk.com\/wp-content\/uploads\/2019\/02\/brezilyadan-gelen-insan-yardim-venezuelaya-girdi_03db1d9.jpg?resize=170%2C113 170w, https:\/\/i0.wp.com\/www.tvturk.com\/wp-content\/uploads\/2019\/02\/brezilyadan-gelen-insan-yardim-venezuelaya-girdi_03db1d9.jpg?resize=120%2C80 120w\" width=\"246\" height=\"164\" loading=\"lazy\" data-original-width=\"246\" data-original-height=\"164\" itemprop=\"http:\/\/schema.org\/image\" title=\"Brezilya\u2019dan gelen insan yard\u0131m Venezuela\u2019ya girdi\" alt=\"Brezilya\u2019dan gelen insan yard\u0131m Venezuela\u2019ya girdi\" style=\"width: 246px; height: 164px;\" \/> <\/a> <\/div> <\/div> <!-- close group --> <div class=\"gallery-group images-1\" style=\"width: 250px; height: 168px;\" data-original-width=\"250\" data-original-height=\"168\" > <div class=\"tiled-gallery-item tiled-gallery-item-small\" itemprop=\"associatedMedia\" itemscope itemtype=\"http:\/\/schema.org\/ImageObject\"> <a href=\"http:\/\/www.tvturk.com\/index.php\/brezilyadan-gelen-insan-yardim-venezuelaya-girdi\/brezilyadan-gelen-insan-yardim-venezuelaya-girdi-7\/\" border=\"0\" itemprop=\"url\"> <meta itemprop=\"width\" content=\"246\"> <meta itemprop=\"height\" content=\"164\"> <img decoding=\"async\" class=\"\" data-attachment-id=\"57387\" data-orig-file=\"http:\/\/www.tvturk.com\/wp-content\/uploads\/2019\/02\/brezilyadan-gelen-insan-yardim-venezuelaya-girdi_9ffa546.jpg\" data-orig-size=\"1000,666\" data-comments-opened=\"\" data-image-meta=\"{&quot;aperture&quot;:&quot;0&quot;,&quot;credit&quot;:&quot;IHA&quot;,&quot;camera&quot;:&quot;&quot;,&quot;caption&quot;:&quot;VENEZUELA ORDUSUNDA KOPMALAR DEVAM ED\\u0130YOR. GE\\u00c7T\\u0130\\u011e\\u0130M\\u0130Z SAATLERDE 4 ASKERDEN SONRA VENEZUELA \\u0130LE KOLOMB\\u0130YA\\u2019YI B\\u0130RB\\u0130R\\u0130NE BA\\u011eLAYAN T\\u0130END\\u0130TAS K\\u00d6PR\\u00dcS\\u00dc\\u0027NDE G\\u00d6REVL\\u0130 B\\u0130NBA\\u015eI HUGO PARRA MART\\u0130NEZ DE, KOLOMB\\u0130YA\\u2019YA SI\\u011eINDI. BREZ\\u0130LYA\\u2019DAN GELEN \\u0130NSAN\\u0130 YARDIM, SINIR KAPISININ N\\u0130COLAS MADURO\\u2019NUN EMR\\u0130YLE KAPATILMASINA RA\\u011eMEN, VENEZUELA\\u2019YA G\\u0130RD\\u0130. ABD\\u2019YE BA\\u011eLI PORTO R\\u0130KO\\u2019DAN DEN\\u0130Z YOLUYLA GELEN \\u0130NSAN\\u0130 YARDIMIN DA ENGELLENMES\\u0130 \\u0130\\u00c7\\u0130N 6 SAVA\\u015e GEM\\u0130S\\u0130 G\\u00d6REVLEND\\u0130R\\u0130LD\\u0130. (LORENA WATK\\u0130NS - SERKAN BAYAR\\\/KARAKAS-\\u0130HA)&quot;,&quot;created_timestamp&quot;:&quot;0&quot;,&quot;copyright&quot;:&quot;\\u0130HLAS HABER AJANSI, www.iha.com.tr&quot;,&quot;focal_length&quot;:&quot;0&quot;,&quot;iso&quot;:&quot;0&quot;,&quot;shutter_speed&quot;:&quot;0&quot;,&quot;title&quot;:&quot;BREZ\\u0130LYA\\u2019DAN GELEN \\u0130NSAN YARDIM VENEZUELA\\u2019YA G\\u0130RD\\u0130 VENEZUELALI B\\u0130NBA\\u015eI KOLOMB\\u0130YA\\u2019YA KA\\u00c7TI PORTO R\\u0130KO GEM\\u0130S\\u0130NE SAVA\\u015e GEM\\u0130L\\u0130 \\u00d6NLEM ALINDI&quot;,&quot;orientation&quot;:&quot;0&quot;}\" data-image-title=\"Brezilya\u2019dan gelen insan yard\u0131m Venezuela\u2019ya girdi\" data-image-description=\"&lt;p&gt;Brezilya\u2019dan gelen insan yard\u0131m Venezuela\u2019ya girdi&lt;\/p&gt; \" data-medium-file=\"https:\/\/i0.wp.com\/www.tvturk.com\/wp-content\/uploads\/2019\/02\/brezilyadan-gelen-insan-yardim-venezuelaya-girdi_9ffa546.jpg?fit=300%2C200\" data-large-file=\"https:\/\/i0.wp.com\/www.tvturk.com\/wp-content\/uploads\/2019\/02\/brezilyadan-gelen-insan-yardim-venezuelaya-girdi_9ffa546.jpg?fit=1000%2C666\" src=\"https:\/\/i0.wp.com\/www.tvturk.com\/wp-content\/uploads\/2019\/02\/brezilyadan-gelen-insan-yardim-venezuelaya-girdi_9ffa546.jpg?w=246&#038;h=164\" srcset=\"https:\/\/i0.wp.com\/www.tvturk.com\/wp-content\/uploads\/2019\/02\/brezilyadan-gelen-insan-yardim-venezuelaya-girdi_9ffa546.jpg?w=1000 1000w, https:\/\/i0.wp.com\/www.tvturk.com\/wp-content\/uploads\/2019\/02\/brezilyadan-gelen-insan-yardim-venezuelaya-girdi_9ffa546.jpg?resize=150%2C100 150w, https:\/\/i0.wp.com\/www.tvturk.com\/wp-content\/uploads\/2019\/02\/brezilyadan-gelen-insan-yardim-venezuelaya-girdi_9ffa546.jpg?resize=300%2C200 300w, https:\/\/i0.wp.com\/www.tvturk.com\/wp-content\/uploads\/2019\/02\/brezilyadan-gelen-insan-yardim-venezuelaya-girdi_9ffa546.jpg?resize=768%2C511 768w, https:\/\/i0.wp.com\/www.tvturk.com\/wp-content\/uploads\/2019\/02\/brezilyadan-gelen-insan-yardim-venezuelaya-girdi_9ffa546.jpg?resize=170%2C113 170w, https:\/\/i0.wp.com\/www.tvturk.com\/wp-content\/uploads\/2019\/02\/brezilyadan-gelen-insan-yardim-venezuelaya-girdi_9ffa546.jpg?resize=120%2C80 120w\" width=\"246\" height=\"164\" loading=\"lazy\" data-original-width=\"246\" data-original-height=\"164\" itemprop=\"http:\/\/schema.org\/image\" title=\"Brezilya\u2019dan gelen insan yard\u0131m Venezuela\u2019ya girdi\" alt=\"Brezilya\u2019dan gelen insan yard\u0131m Venezuela\u2019ya girdi\" style=\"width: 246px; height: 164px;\" \/> <\/a> <\/div> <\/div> <!-- close group --> <\/div> <!-- close row --> <\/div><\/p>\n","protected":false},"excerpt":{"rendered":"<p>VENEZUELA ORDUSUNDA KOPMALAR DEVAM ED\u0130YOR. GE\u00c7T\u0130\u011e\u0130M\u0130Z SAATLERDE 4 ASKERDEN SONRA VENEZUELA \u0130LE KOLOMB\u0130YA\u2019YI B\u0130RB\u0130R\u0130NE BA\u011eLAYAN T\u0130END\u0130TAS K\u00d6PR\u00dcS\u00dc&#8217;NDE G\u00d6REVL\u0130 B\u0130NBA\u015eI HUGO PARRA MART\u0130NEZ DE, KOLOMB\u0130YA\u2019YA SI\u011eINDI. BREZ\u0130LYA\u2019DAN GELEN \u0130NSAN\u0130 YARDIM, SINIR KAPISININ N\u0130COLAS MADURO\u2019NUN EMR\u0130YLE KAPATILMASINA RA\u011eMEN, VENEZUELA\u2019YA G\u0130RD\u0130. ABD\u2019YE BA\u011eLI PORTO R\u0130KO\u2019DAN DEN\u0130Z YOLUYLA GELEN \u0130NSAN\u0130 YARDIMIN DA ENGELLENMES\u0130 \u0130\u00c7\u0130N 6 SAVA\u015e GEM\u0130S\u0130 G\u00d6REVLEND\u0130R\u0130LD\u0130.<\/p>\n","protected":false},"author":1,"featured_media":57382,"comment_status":"closed","ping_status":"open","sticky":false,"template":"","format":"standard","meta":{"jetpack_post_was_ever_published":false,"_jetpack_newsletter_access":"","_jetpack_dont_email_post_to_subs":false,"_jetpack_newsletter_tier_id":0,"_jetpack_memberships_contains_paywalled_content":false,"_jetpack_memberships_contains_paid_content":false,"footnotes":"","jetpack_publicize_message":"","jetpack_publicize_feature_enabled":true,"jetpack_social_post_already_shared":false,"jetpack_social_options":{"image_generator_settings":{"template":"highway","default_image_id":0,"font":"","enabled":false},"version":2}},"categories":[10],"tags":[18315,307,3896,1381,1939,1736],"class_list":["post-57381","post","type-post","status-publish","format-standard","has-post-thumbnail","hentry","category-dunya","tag-brezilyadan","tag-gelen","tag-girdi","tag-insan","tag-venezuelaya","tag-yardim"],"jetpack_publicize_connections":[],"jetpack_featured_media_url":"https:\/\/i0.wp.com\/www.tvturk.com\/wp-content\/uploads\/2019\/02\/brezilyadan-gelen-insan-yardim-venezuelaya-girdi_49cc726.jpg?fit=960%2C480","jetpack_sharing_enabled":true,"jetpack_shortlink":"https:\/\/wp.me\/paKIfm-eVv","_links":{"self":[{"href":"http:\/\/www.tvturk.com\/index.php\/wp-json\/wp\/v2\/posts\/57381","targetHints":{"allow":["GET"]}}],"collection":[{"href":"http:\/\/www.tvturk.com\/index.php\/wp-json\/wp\/v2\/posts"}],"about":[{"href":"http:\/\/www.tvturk.com\/index.php\/wp-json\/wp\/v2\/types\/post"}],"author":[{"embeddable":true,"href":"http:\/\/www.tvturk.com\/index.php\/wp-json\/wp\/v2\/users\/1"}],"replies":[{"embeddable":true,"href":"http:\/\/www.tvturk.com\/index.php\/wp-json\/wp\/v2\/comments?post=57381"}],"version-history":[{"count":1,"href":"http:\/\/www.tvturk.com\/index.php\/wp-json\/wp\/v2\/posts\/57381\/revisions"}],"predecessor-version":[{"id":57388,"href":"http:\/\/www.tvturk.com\/index.php\/wp-json\/wp\/v2\/posts\/57381\/revisions\/57388"}],"wp:featuredmedia":[{"embeddable":true,"href":"http:\/\/www.tvturk.com\/index.php\/wp-json\/wp\/v2\/media\/57382"}],"wp:attachment":[{"href":"http:\/\/www.tvturk.com\/index.php\/wp-json\/wp\/v2\/media?parent=57381"}],"wp:term":[{"taxonomy":"category","embeddable":true,"href":"http:\/\/www.tvturk.com\/index.php\/wp-json\/wp\/v2\/categories?post=57381"},{"taxonomy":"post_tag","embeddable":true,"href":"http:\/\/www.tvturk.com\/index.php\/wp-json\/wp\/v2\/tags?post=57381"}],"curies":[{"name":"wp","href":"https:\/\/api.w.org\/{rel}","templated":true}]}}