{"id":57435,"date":"2019-02-23T23:56:55","date_gmt":"2019-02-23T20:56:55","guid":{"rendered":"http:\/\/www.tvturk.com\/index.php\/evin-bacasinda-cikan-yangin-panige-neden-oldu\/"},"modified":"2019-02-23T23:56:59","modified_gmt":"2019-02-23T20:56:59","slug":"evin-bacasinda-cikan-yangin-panige-neden-oldu","status":"publish","type":"post","link":"http:\/\/www.tvturk.com\/index.php\/evin-bacasinda-cikan-yangin-panige-neden-oldu\/","title":{"rendered":"Evin bacas\u0131nda \u00e7\u0131kan yang\u0131n pani\u011fe neden oldu"},"content":{"rendered":"<p>K\u0131r\u0131kkale\u2019de evin bacas\u0131nda \u00e7\u0131kan yang\u0131n \u00e7at\u0131ya s\u0131\u00e7ramas\u0131 sonucu pani\u011fe neden oldu.<\/p>\n<p>Yang\u0131n, \u00c7ullu Mahallesi\u2019nde gece saatlerinde 3 katl\u0131 binan\u0131n kalorifer bacas\u0131nda meydana geldi. Edinilen bilgiye g\u00f6re, kalorifer bacas\u0131ndan s\u0131\u00e7rayan k\u0131v\u0131lc\u0131m \u00e7at\u0131da k\u00fc\u00e7\u00fck \u00e7apl\u0131 yang\u0131na neden oldu. Ev sakinleri taraf\u0131ndan olay yerine \u00e7a\u011fr\u0131lan itfaiye ekiplerince \u00e7at\u0131daki yang\u0131n b\u00fcy\u00fcmeden k\u0131sa s\u00fcrede s\u00f6nd\u00fcr\u00fcld\u00fc. Yang\u0131nda \u00e7at\u0131da maddi zarar meydana geldi.<\/p>\n<p>Ev sahibi Ali Akku\u015f, &#8220;Kazan dairesinin bacas\u0131ndan \u00e7\u0131kt\u0131 yang\u0131n. Yaralanma falan yok. Yang\u0131n, \u015fu anda kontrol alt\u0131na al\u0131nd\u0131. Herhangi bir k\u00f6t\u00fc durum yok\u201d dedi.<div class=\"tiled-gallery type-rectangular tiled-gallery-unresized\" data-original-width=\"500\" data-carousel-extra='null' itemscope itemtype=\"http:\/\/schema.org\/ImageGallery\" > <div class=\"gallery-row\" style=\"width: 500px; height: 77px;\" data-original-width=\"500\" data-original-height=\"77\" > <div class=\"gallery-group images-1\" style=\"width: 134px; height: 77px;\" data-original-width=\"134\" data-original-height=\"77\" > <div class=\"tiled-gallery-item tiled-gallery-item-small\" itemprop=\"associatedMedia\" itemscope itemtype=\"http:\/\/schema.org\/ImageObject\"> <a href=\"http:\/\/www.tvturk.com\/index.php\/evin-bacasinda-cikan-yangin-panige-neden-oldu\/evin-bacasinda-cikan-yangin-panige-neden-oldu-3\/\" border=\"0\" itemprop=\"url\"> <meta itemprop=\"width\" content=\"130\"> <meta itemprop=\"height\" content=\"73\"> <img decoding=\"async\" class=\"\" data-attachment-id=\"57437\" data-orig-file=\"http:\/\/www.tvturk.com\/wp-content\/uploads\/2019\/02\/evin-bacasinda-cikan-yangin-panige-neden-oldu_ab1baa0.jpg\" data-orig-size=\"1000,562\" data-comments-opened=\"\" data-image-meta=\"{&quot;aperture&quot;:&quot;0&quot;,&quot;credit&quot;:&quot;IHA&quot;,&quot;camera&quot;:&quot;&quot;,&quot;caption&quot;:&quot;KIRIKKALE\\u2019DE EV\\u0130N BACASINDA \\u00c7IKAN YANGIN \\u00c7ATIYA SI\\u00c7RAMASI SONUCU PAN\\u0130\\u011eE NEDEN OLDU. (HASAN AY\\\/KIRIKKALE-\\u0130HA)&quot;,&quot;created_timestamp&quot;:&quot;0&quot;,&quot;copyright&quot;:&quot;\\u0130HLAS HABER AJANSI, www.iha.com.tr&quot;,&quot;focal_length&quot;:&quot;0&quot;,&quot;iso&quot;:&quot;0&quot;,&quot;shutter_speed&quot;:&quot;0&quot;,&quot;title&quot;:&quot;EV\\u0130N BACASINDA \\u00c7IKAN YANGIN PAN\\u0130\\u011eE NEDEN OLDU&quot;,&quot;orientation&quot;:&quot;0&quot;}\" data-image-title=\"Evin bacas\u0131nda \u00e7\u0131kan yang\u0131n pani\u011fe neden oldu\" data-image-description=\"&lt;p&gt;Evin bacas\u0131nda \u00e7\u0131kan yang\u0131n pani\u011fe neden oldu&lt;\/p&gt; \" data-medium-file=\"https:\/\/i0.wp.com\/www.tvturk.com\/wp-content\/uploads\/2019\/02\/evin-bacasinda-cikan-yangin-panige-neden-oldu_ab1baa0.jpg?fit=300%2C169\" data-large-file=\"https:\/\/i0.wp.com\/www.tvturk.com\/wp-content\/uploads\/2019\/02\/evin-bacasinda-cikan-yangin-panige-neden-oldu_ab1baa0.jpg?fit=1000%2C562\" src=\"https:\/\/i0.wp.com\/www.tvturk.com\/wp-content\/uploads\/2019\/02\/evin-bacasinda-cikan-yangin-panige-neden-oldu_ab1baa0.jpg?w=130&#038;h=73\" srcset=\"https:\/\/i0.wp.com\/www.tvturk.com\/wp-content\/uploads\/2019\/02\/evin-bacasinda-cikan-yangin-panige-neden-oldu_ab1baa0.jpg?w=1000 1000w, https:\/\/i0.wp.com\/www.tvturk.com\/wp-content\/uploads\/2019\/02\/evin-bacasinda-cikan-yangin-panige-neden-oldu_ab1baa0.jpg?resize=150%2C84 150w, https:\/\/i0.wp.com\/www.tvturk.com\/wp-content\/uploads\/2019\/02\/evin-bacasinda-cikan-yangin-panige-neden-oldu_ab1baa0.jpg?resize=300%2C169 300w, https:\/\/i0.wp.com\/www.tvturk.com\/wp-content\/uploads\/2019\/02\/evin-bacasinda-cikan-yangin-panige-neden-oldu_ab1baa0.jpg?resize=768%2C432 768w, https:\/\/i0.wp.com\/www.tvturk.com\/wp-content\/uploads\/2019\/02\/evin-bacasinda-cikan-yangin-panige-neden-oldu_ab1baa0.jpg?resize=200%2C113 200w\" width=\"130\" height=\"73\" loading=\"lazy\" data-original-width=\"130\" data-original-height=\"73\" itemprop=\"http:\/\/schema.org\/image\" title=\"Evin bacas\u0131nda \u00e7\u0131kan yang\u0131n pani\u011fe neden oldu\" alt=\"Evin bacas\u0131nda \u00e7\u0131kan yang\u0131n pani\u011fe neden oldu\" style=\"width: 130px; height: 73px;\" \/> <\/a> <\/div> <\/div> <!-- close group --> <div class=\"gallery-group images-1\" style=\"width: 106px; height: 77px;\" data-original-width=\"106\" data-original-height=\"77\" > <div class=\"tiled-gallery-item tiled-gallery-item-small\" itemprop=\"associatedMedia\" itemscope itemtype=\"http:\/\/schema.org\/ImageObject\"> <a href=\"http:\/\/www.tvturk.com\/index.php\/evin-bacasinda-cikan-yangin-panige-neden-oldu\/evin-bacasinda-cikan-yangin-panige-neden-oldu-4\/\" border=\"0\" itemprop=\"url\"> <meta itemprop=\"width\" content=\"102\"> <meta itemprop=\"height\" content=\"73\"> <img decoding=\"async\" class=\"\" data-attachment-id=\"57438\" data-orig-file=\"http:\/\/www.tvturk.com\/wp-content\/uploads\/2019\/02\/evin-bacasinda-cikan-yangin-panige-neden-oldu_8eb3105.jpg\" data-orig-size=\"1000,720\" data-comments-opened=\"\" data-image-meta=\"{&quot;aperture&quot;:&quot;0&quot;,&quot;credit&quot;:&quot;IHA&quot;,&quot;camera&quot;:&quot;&quot;,&quot;caption&quot;:&quot;EV SAH\\u0130B\\u0130 AL\\u0130 AKKU\\u015e, \\u0022KAZAN DA\\u0130RES\\u0130N\\u0130N BACASINDAN \\u00c7IKTI YANGIN. YARALANMA FALAN YOK. YANGIN, \\u015eU ANDA KONTROL ALTINA ALINDI. HERHANG\\u0130 B\\u0130R K\\u00d6T\\u00dc DURUM YOK\\u201d DED\\u0130. (HASAN AY\\\/KIRIKKALE-\\u0130HA)&quot;,&quot;created_timestamp&quot;:&quot;0&quot;,&quot;copyright&quot;:&quot;\\u0130HLAS HABER AJANSI, www.iha.com.tr&quot;,&quot;focal_length&quot;:&quot;0&quot;,&quot;iso&quot;:&quot;0&quot;,&quot;shutter_speed&quot;:&quot;0&quot;,&quot;title&quot;:&quot;EV\\u0130N BACASINDA \\u00c7IKAN YANGIN PAN\\u0130\\u011eE NEDEN OLDU&quot;,&quot;orientation&quot;:&quot;0&quot;}\" data-image-title=\"Evin bacas\u0131nda \u00e7\u0131kan yang\u0131n pani\u011fe neden oldu\" data-image-description=\"&lt;p&gt;Evin bacas\u0131nda \u00e7\u0131kan yang\u0131n pani\u011fe neden oldu&lt;\/p&gt; \" data-medium-file=\"https:\/\/i0.wp.com\/www.tvturk.com\/wp-content\/uploads\/2019\/02\/evin-bacasinda-cikan-yangin-panige-neden-oldu_8eb3105.jpg?fit=300%2C216\" data-large-file=\"https:\/\/i0.wp.com\/www.tvturk.com\/wp-content\/uploads\/2019\/02\/evin-bacasinda-cikan-yangin-panige-neden-oldu_8eb3105.jpg?fit=1000%2C720\" src=\"https:\/\/i0.wp.com\/www.tvturk.com\/wp-content\/uploads\/2019\/02\/evin-bacasinda-cikan-yangin-panige-neden-oldu_8eb3105.jpg?w=102&#038;h=73\" srcset=\"https:\/\/i0.wp.com\/www.tvturk.com\/wp-content\/uploads\/2019\/02\/evin-bacasinda-cikan-yangin-panige-neden-oldu_8eb3105.jpg?w=1000 1000w, https:\/\/i0.wp.com\/www.tvturk.com\/wp-content\/uploads\/2019\/02\/evin-bacasinda-cikan-yangin-panige-neden-oldu_8eb3105.jpg?resize=150%2C108 150w, https:\/\/i0.wp.com\/www.tvturk.com\/wp-content\/uploads\/2019\/02\/evin-bacasinda-cikan-yangin-panige-neden-oldu_8eb3105.jpg?resize=300%2C216 300w, https:\/\/i0.wp.com\/www.tvturk.com\/wp-content\/uploads\/2019\/02\/evin-bacasinda-cikan-yangin-panige-neden-oldu_8eb3105.jpg?resize=768%2C553 768w\" width=\"102\" height=\"73\" loading=\"lazy\" data-original-width=\"102\" data-original-height=\"73\" itemprop=\"http:\/\/schema.org\/image\" title=\"Evin bacas\u0131nda \u00e7\u0131kan yang\u0131n pani\u011fe neden oldu\" alt=\"Evin bacas\u0131nda \u00e7\u0131kan yang\u0131n pani\u011fe neden oldu\" style=\"width: 102px; height: 73px;\" \/> <\/a> <\/div> <\/div> <!-- close group --> <div class=\"gallery-group images-1\" style=\"width: 130px; height: 77px;\" data-original-width=\"130\" data-original-height=\"77\" > <div class=\"tiled-gallery-item tiled-gallery-item-small\" itemprop=\"associatedMedia\" itemscope itemtype=\"http:\/\/schema.org\/ImageObject\"> <a href=\"http:\/\/www.tvturk.com\/index.php\/evin-bacasinda-cikan-yangin-panige-neden-oldu\/evin-bacasinda-cikan-yangin-panige-neden-oldu-5\/\" border=\"0\" itemprop=\"url\"> <meta itemprop=\"width\" content=\"126\"> <meta itemprop=\"height\" content=\"73\"> <img decoding=\"async\" class=\"\" data-attachment-id=\"57439\" data-orig-file=\"http:\/\/www.tvturk.com\/wp-content\/uploads\/2019\/02\/evin-bacasinda-cikan-yangin-panige-neden-oldu_8cce2e2.jpg\" data-orig-size=\"1000,579\" data-comments-opened=\"\" data-image-meta=\"{&quot;aperture&quot;:&quot;0&quot;,&quot;credit&quot;:&quot;IHA&quot;,&quot;camera&quot;:&quot;&quot;,&quot;caption&quot;:&quot;KIRIKKALE\\u2019DE EV\\u0130N BACASINDA \\u00c7IKAN YANGIN \\u00c7ATIYA SI\\u00c7RAMASI SONUCU PAN\\u0130\\u011eE NEDEN OLDU. (HASAN AY\\\/KIRIKKALE-\\u0130HA)&quot;,&quot;created_timestamp&quot;:&quot;0&quot;,&quot;copyright&quot;:&quot;\\u0130HLAS HABER AJANSI, www.iha.com.tr&quot;,&quot;focal_length&quot;:&quot;0&quot;,&quot;iso&quot;:&quot;0&quot;,&quot;shutter_speed&quot;:&quot;0&quot;,&quot;title&quot;:&quot;EV\\u0130N BACASINDA \\u00c7IKAN YANGIN PAN\\u0130\\u011eE NEDEN OLDU&quot;,&quot;orientation&quot;:&quot;0&quot;}\" data-image-title=\"Evin bacas\u0131nda \u00e7\u0131kan yang\u0131n pani\u011fe neden oldu\" data-image-description=\"&lt;p&gt;Evin bacas\u0131nda \u00e7\u0131kan yang\u0131n pani\u011fe neden oldu&lt;\/p&gt; \" data-medium-file=\"https:\/\/i0.wp.com\/www.tvturk.com\/wp-content\/uploads\/2019\/02\/evin-bacasinda-cikan-yangin-panige-neden-oldu_8cce2e2.jpg?fit=300%2C174\" data-large-file=\"https:\/\/i0.wp.com\/www.tvturk.com\/wp-content\/uploads\/2019\/02\/evin-bacasinda-cikan-yangin-panige-neden-oldu_8cce2e2.jpg?fit=1000%2C579\" src=\"https:\/\/i0.wp.com\/www.tvturk.com\/wp-content\/uploads\/2019\/02\/evin-bacasinda-cikan-yangin-panige-neden-oldu_8cce2e2.jpg?w=126&#038;h=73\" srcset=\"https:\/\/i0.wp.com\/www.tvturk.com\/wp-content\/uploads\/2019\/02\/evin-bacasinda-cikan-yangin-panige-neden-oldu_8cce2e2.jpg?w=1000 1000w, https:\/\/i0.wp.com\/www.tvturk.com\/wp-content\/uploads\/2019\/02\/evin-bacasinda-cikan-yangin-panige-neden-oldu_8cce2e2.jpg?resize=150%2C87 150w, https:\/\/i0.wp.com\/www.tvturk.com\/wp-content\/uploads\/2019\/02\/evin-bacasinda-cikan-yangin-panige-neden-oldu_8cce2e2.jpg?resize=300%2C174 300w, https:\/\/i0.wp.com\/www.tvturk.com\/wp-content\/uploads\/2019\/02\/evin-bacasinda-cikan-yangin-panige-neden-oldu_8cce2e2.jpg?resize=768%2C445 768w, https:\/\/i0.wp.com\/www.tvturk.com\/wp-content\/uploads\/2019\/02\/evin-bacasinda-cikan-yangin-panige-neden-oldu_8cce2e2.jpg?resize=380%2C220 380w\" width=\"126\" height=\"73\" loading=\"lazy\" data-original-width=\"126\" data-original-height=\"73\" itemprop=\"http:\/\/schema.org\/image\" title=\"Evin bacas\u0131nda \u00e7\u0131kan yang\u0131n pani\u011fe neden oldu\" alt=\"Evin bacas\u0131nda \u00e7\u0131kan yang\u0131n pani\u011fe neden oldu\" style=\"width: 126px; height: 73px;\" \/> <\/a> <\/div> <\/div> <!-- close group --> <div class=\"gallery-group images-1\" style=\"width: 130px; height: 77px;\" data-original-width=\"130\" data-original-height=\"77\" > <div class=\"tiled-gallery-item tiled-gallery-item-small\" itemprop=\"associatedMedia\" itemscope itemtype=\"http:\/\/schema.org\/ImageObject\"> <a href=\"http:\/\/www.tvturk.com\/index.php\/evin-bacasinda-cikan-yangin-panige-neden-oldu\/evin-bacasinda-cikan-yangin-panige-neden-oldu-6\/\" border=\"0\" itemprop=\"url\"> <meta itemprop=\"width\" content=\"126\"> <meta itemprop=\"height\" content=\"73\"> <img decoding=\"async\" class=\"\" data-attachment-id=\"57440\" data-orig-file=\"http:\/\/www.tvturk.com\/wp-content\/uploads\/2019\/02\/evin-bacasinda-cikan-yangin-panige-neden-oldu_4e3b050.jpg\" data-orig-size=\"1000,582\" data-comments-opened=\"\" data-image-meta=\"{&quot;aperture&quot;:&quot;0&quot;,&quot;credit&quot;:&quot;IHA&quot;,&quot;camera&quot;:&quot;&quot;,&quot;caption&quot;:&quot;KIRIKKALE\\u2019DE EV\\u0130N BACASINDA \\u00c7IKAN YANGIN \\u00c7ATIYA SI\\u00c7RAMASI SONUCU PAN\\u0130\\u011eE NEDEN OLDU. (HASAN AY\\\/KIRIKKALE-\\u0130HA)&quot;,&quot;created_timestamp&quot;:&quot;0&quot;,&quot;copyright&quot;:&quot;\\u0130HLAS HABER AJANSI, www.iha.com.tr&quot;,&quot;focal_length&quot;:&quot;0&quot;,&quot;iso&quot;:&quot;0&quot;,&quot;shutter_speed&quot;:&quot;0&quot;,&quot;title&quot;:&quot;EV\\u0130N BACASINDA \\u00c7IKAN YANGIN PAN\\u0130\\u011eE NEDEN OLDU&quot;,&quot;orientation&quot;:&quot;0&quot;}\" data-image-title=\"Evin bacas\u0131nda \u00e7\u0131kan yang\u0131n pani\u011fe neden oldu\" data-image-description=\"&lt;p&gt;Evin bacas\u0131nda \u00e7\u0131kan yang\u0131n pani\u011fe neden oldu&lt;\/p&gt; \" data-medium-file=\"https:\/\/i0.wp.com\/www.tvturk.com\/wp-content\/uploads\/2019\/02\/evin-bacasinda-cikan-yangin-panige-neden-oldu_4e3b050.jpg?fit=300%2C175\" data-large-file=\"https:\/\/i0.wp.com\/www.tvturk.com\/wp-content\/uploads\/2019\/02\/evin-bacasinda-cikan-yangin-panige-neden-oldu_4e3b050.jpg?fit=1000%2C582\" src=\"https:\/\/i0.wp.com\/www.tvturk.com\/wp-content\/uploads\/2019\/02\/evin-bacasinda-cikan-yangin-panige-neden-oldu_4e3b050.jpg?w=126&#038;h=73\" srcset=\"https:\/\/i0.wp.com\/www.tvturk.com\/wp-content\/uploads\/2019\/02\/evin-bacasinda-cikan-yangin-panige-neden-oldu_4e3b050.jpg?w=1000 1000w, https:\/\/i0.wp.com\/www.tvturk.com\/wp-content\/uploads\/2019\/02\/evin-bacasinda-cikan-yangin-panige-neden-oldu_4e3b050.jpg?resize=150%2C87 150w, https:\/\/i0.wp.com\/www.tvturk.com\/wp-content\/uploads\/2019\/02\/evin-bacasinda-cikan-yangin-panige-neden-oldu_4e3b050.jpg?resize=300%2C175 300w, https:\/\/i0.wp.com\/www.tvturk.com\/wp-content\/uploads\/2019\/02\/evin-bacasinda-cikan-yangin-panige-neden-oldu_4e3b050.jpg?resize=768%2C447 768w, https:\/\/i0.wp.com\/www.tvturk.com\/wp-content\/uploads\/2019\/02\/evin-bacasinda-cikan-yangin-panige-neden-oldu_4e3b050.jpg?resize=380%2C220 380w\" width=\"126\" height=\"73\" loading=\"lazy\" data-original-width=\"126\" data-original-height=\"73\" itemprop=\"http:\/\/schema.org\/image\" title=\"Evin bacas\u0131nda \u00e7\u0131kan yang\u0131n pani\u011fe neden oldu\" alt=\"Evin bacas\u0131nda \u00e7\u0131kan yang\u0131n pani\u011fe neden oldu\" style=\"width: 126px; height: 73px;\" \/> <\/a> <\/div> <\/div> <!-- close group --> <\/div> <!-- close row --> <\/div><\/p>\n","protected":false},"excerpt":{"rendered":"<p>KIRIKKALE\u2019DE EV\u0130N BACASINDA \u00c7IKAN YANGIN \u00c7ATIYA SI\u00c7RAMASI SONUCU PAN\u0130\u011eE NEDEN OLDU.<\/p>\n","protected":false},"author":1,"featured_media":57436,"comment_status":"closed","ping_status":"open","sticky":false,"template":"","format":"standard","meta":{"jetpack_post_was_ever_published":false,"_jetpack_newsletter_access":"","_jetpack_dont_email_post_to_subs":false,"_jetpack_newsletter_tier_id":0,"_jetpack_memberships_contains_paywalled_content":false,"_jetpack_memberships_contains_paid_content":false,"footnotes":"","jetpack_publicize_message":"","jetpack_publicize_feature_enabled":true,"jetpack_social_post_already_shared":false,"jetpack_social_options":{"image_generator_settings":{"template":"highway","default_image_id":0,"font":"","enabled":false},"version":2}},"categories":[655],"tags":[18323,2114,3298,1130,77,8758,1617],"class_list":["post-57435","post","type-post","status-publish","format-standard","has-post-thumbnail","hentry","category-son-dakika","tag-bacasinda","tag-cikan","tag-evin","tag-neden","tag-oldu","tag-panige","tag-yangin"],"jetpack_publicize_connections":[],"jetpack_featured_media_url":"https:\/\/i0.wp.com\/www.tvturk.com\/wp-content\/uploads\/2019\/02\/evin-bacasinda-cikan-yangin-panige-neden-oldu_4f10e03.jpg?fit=1000%2C562","jetpack_sharing_enabled":true,"jetpack_shortlink":"https:\/\/wp.me\/paKIfm-eWn","_links":{"self":[{"href":"http:\/\/www.tvturk.com\/index.php\/wp-json\/wp\/v2\/posts\/57435","targetHints":{"allow":["GET"]}}],"collection":[{"href":"http:\/\/www.tvturk.com\/index.php\/wp-json\/wp\/v2\/posts"}],"about":[{"href":"http:\/\/www.tvturk.com\/index.php\/wp-json\/wp\/v2\/types\/post"}],"author":[{"embeddable":true,"href":"http:\/\/www.tvturk.com\/index.php\/wp-json\/wp\/v2\/users\/1"}],"replies":[{"embeddable":true,"href":"http:\/\/www.tvturk.com\/index.php\/wp-json\/wp\/v2\/comments?post=57435"}],"version-history":[{"count":1,"href":"http:\/\/www.tvturk.com\/index.php\/wp-json\/wp\/v2\/posts\/57435\/revisions"}],"predecessor-version":[{"id":57441,"href":"http:\/\/www.tvturk.com\/index.php\/wp-json\/wp\/v2\/posts\/57435\/revisions\/57441"}],"wp:featuredmedia":[{"embeddable":true,"href":"http:\/\/www.tvturk.com\/index.php\/wp-json\/wp\/v2\/media\/57436"}],"wp:attachment":[{"href":"http:\/\/www.tvturk.com\/index.php\/wp-json\/wp\/v2\/media?parent=57435"}],"wp:term":[{"taxonomy":"category","embeddable":true,"href":"http:\/\/www.tvturk.com\/index.php\/wp-json\/wp\/v2\/categories?post=57435"},{"taxonomy":"post_tag","embeddable":true,"href":"http:\/\/www.tvturk.com\/index.php\/wp-json\/wp\/v2\/tags?post=57435"}],"curies":[{"name":"wp","href":"https:\/\/api.w.org\/{rel}","templated":true}]}}