{"id":57593,"date":"2019-02-24T10:37:54","date_gmt":"2019-02-24T07:37:54","guid":{"rendered":"http:\/\/www.tvturk.com\/index.php\/sivasta-nesli-tukenmekte-olan-vasak-goruntulendi\/"},"modified":"2019-02-24T10:37:56","modified_gmt":"2019-02-24T07:37:56","slug":"sivasta-nesli-tukenmekte-olan-vasak-goruntulendi","status":"publish","type":"post","link":"http:\/\/www.tvturk.com\/index.php\/sivasta-nesli-tukenmekte-olan-vasak-goruntulendi\/","title":{"rendered":"Sivas\u2019ta nesli t\u00fckenmekte olan va\u015fak g\u00f6r\u00fcnt\u00fclendi"},"content":{"rendered":"<p>Nesli t\u00fckenmekte olan va\u015fak, Sivas\u2019ta do\u011fa foto\u011fraf\u00e7\u0131lar\u0131 taraf\u0131ndan g\u00f6r\u00fcnt\u00fclendi.<\/p>\n<p>Do\u011fa foto\u011fraf\u00e7\u0131s\u0131 Yi\u011fit M\u00fcrsel, Sivas merkezde do\u011fa y\u00fcr\u00fcy\u00fc\u015f\u00fc yapt\u0131\u011f\u0131 s\u0131rada nadir g\u00f6r\u00fclen bir va\u015fak g\u00f6rd\u00fc. M\u00fcrsel, nesli t\u00fckenmekte olan hayvan\u0131 cep telefonu ile g\u00f6r\u00fcnt\u00fcledi. G\u00f6r\u00fcnt\u00fclerde \u00e7evreyi g\u00f6zleyen vah\u015fi kedinin kendine \u00f6zg\u00fc sesler \u00e7\u0131kartt\u0131\u011f\u0131 g\u00f6r\u00fcld\u00fc. Bir s\u00fcre M\u00fcrsel taraf\u0131ndan cep telefonu ile g\u00f6r\u00fcnt\u00fclenen va\u015fak, daha sonra ko\u015farak bulundu\u011fu alandan ayr\u0131ld\u0131.<div class=\"tiled-gallery type-rectangular tiled-gallery-unresized\" data-original-width=\"500\" data-carousel-extra='null' itemscope itemtype=\"http:\/\/schema.org\/ImageGallery\" > <div class=\"gallery-row\" style=\"width: 500px; height: 175px;\" data-original-width=\"500\" data-original-height=\"175\" > <div class=\"gallery-group images-1\" style=\"width: 225px; height: 175px;\" data-original-width=\"225\" data-original-height=\"175\" > <div class=\"tiled-gallery-item tiled-gallery-item-small\" itemprop=\"associatedMedia\" itemscope itemtype=\"http:\/\/schema.org\/ImageObject\"> <a href=\"http:\/\/www.tvturk.com\/index.php\/sivasta-nesli-tukenmekte-olan-vasak-goruntulendi\/sivasta-nesli-tukenmekte-olan-vasak-goruntulendi-3\/\" border=\"0\" itemprop=\"url\"> <meta itemprop=\"width\" content=\"221\"> <meta itemprop=\"height\" content=\"171\"> <img decoding=\"async\" class=\"\" data-attachment-id=\"57595\" data-orig-file=\"http:\/\/www.tvturk.com\/wp-content\/uploads\/2019\/02\/sivasta-nesli-tukenmekte-olan-vasak-goruntulendi_446802a.jpg\" data-orig-size=\"1000,772\" data-comments-opened=\"\" data-image-meta=\"{&quot;aperture&quot;:&quot;0&quot;,&quot;credit&quot;:&quot;IHA&quot;,&quot;camera&quot;:&quot;&quot;,&quot;caption&quot;:&quot;NESL\\u0130 T\\u00dcKENMEKTE OLAN VA\\u015eAK, S\\u0130VAS\\u2019TA DO\\u011eA FOTO\\u011eRAF\\u00c7ISI TARAFINDAN G\\u00d6R\\u00dcNT\\u00dcLEND\\u0130. (VEYSEL KORKMAZ\\\/S\\u0130VAS-\\u0130HA)&quot;,&quot;created_timestamp&quot;:&quot;0&quot;,&quot;copyright&quot;:&quot;\\u0130HLAS HABER AJANSI, www.iha.com.tr&quot;,&quot;focal_length&quot;:&quot;0&quot;,&quot;iso&quot;:&quot;0&quot;,&quot;shutter_speed&quot;:&quot;0&quot;,&quot;title&quot;:&quot;S\\u0130VAS\\u2019TA NESL\\u0130 T\\u00dcKENMEKTE OLAN VA\\u015eAK G\\u00d6R\\u00dcNT\\u00dcLEND\\u0130&quot;,&quot;orientation&quot;:&quot;0&quot;}\" data-image-title=\"Sivas\u2019ta nesli t\u00fckenmekte olan va\u015fak g\u00f6r\u00fcnt\u00fclendi\" data-image-description=\"&lt;p&gt;Sivas\u2019ta nesli t\u00fckenmekte olan va\u015fak g\u00f6r\u00fcnt\u00fclendi&lt;\/p&gt; \" data-medium-file=\"https:\/\/i0.wp.com\/www.tvturk.com\/wp-content\/uploads\/2019\/02\/sivasta-nesli-tukenmekte-olan-vasak-goruntulendi_446802a.jpg?fit=300%2C232\" data-large-file=\"https:\/\/i0.wp.com\/www.tvturk.com\/wp-content\/uploads\/2019\/02\/sivasta-nesli-tukenmekte-olan-vasak-goruntulendi_446802a.jpg?fit=1000%2C772\" src=\"https:\/\/i0.wp.com\/www.tvturk.com\/wp-content\/uploads\/2019\/02\/sivasta-nesli-tukenmekte-olan-vasak-goruntulendi_446802a.jpg?w=221&#038;h=171\" srcset=\"https:\/\/i0.wp.com\/www.tvturk.com\/wp-content\/uploads\/2019\/02\/sivasta-nesli-tukenmekte-olan-vasak-goruntulendi_446802a.jpg?w=1000 1000w, https:\/\/i0.wp.com\/www.tvturk.com\/wp-content\/uploads\/2019\/02\/sivasta-nesli-tukenmekte-olan-vasak-goruntulendi_446802a.jpg?resize=150%2C116 150w, https:\/\/i0.wp.com\/www.tvturk.com\/wp-content\/uploads\/2019\/02\/sivasta-nesli-tukenmekte-olan-vasak-goruntulendi_446802a.jpg?resize=300%2C232 300w, https:\/\/i0.wp.com\/www.tvturk.com\/wp-content\/uploads\/2019\/02\/sivasta-nesli-tukenmekte-olan-vasak-goruntulendi_446802a.jpg?resize=768%2C593 768w\" width=\"221\" height=\"171\" loading=\"lazy\" data-original-width=\"221\" data-original-height=\"171\" itemprop=\"http:\/\/schema.org\/image\" title=\"Sivas\u2019ta nesli t\u00fckenmekte olan va\u015fak g\u00f6r\u00fcnt\u00fclendi\" alt=\"Sivas\u2019ta nesli t\u00fckenmekte olan va\u015fak g\u00f6r\u00fcnt\u00fclendi\" style=\"width: 221px; height: 171px;\" \/> <\/a> <\/div> <\/div> <!-- close group --> <div class=\"gallery-group images-1\" style=\"width: 275px; height: 175px;\" data-original-width=\"275\" data-original-height=\"175\" > <div class=\"tiled-gallery-item tiled-gallery-item-large\" itemprop=\"associatedMedia\" itemscope itemtype=\"http:\/\/schema.org\/ImageObject\"> <a href=\"http:\/\/www.tvturk.com\/index.php\/sivasta-nesli-tukenmekte-olan-vasak-goruntulendi\/sivasta-nesli-tukenmekte-olan-vasak-goruntulendi-4\/\" border=\"0\" itemprop=\"url\"> <meta itemprop=\"width\" content=\"271\"> <meta itemprop=\"height\" content=\"171\"> <img decoding=\"async\" class=\"\" data-attachment-id=\"57596\" data-orig-file=\"http:\/\/www.tvturk.com\/wp-content\/uploads\/2019\/02\/sivasta-nesli-tukenmekte-olan-vasak-goruntulendi_8a0055f.jpg\" data-orig-size=\"1000,631\" data-comments-opened=\"\" data-image-meta=\"{&quot;aperture&quot;:&quot;0&quot;,&quot;credit&quot;:&quot;IHA&quot;,&quot;camera&quot;:&quot;&quot;,&quot;caption&quot;:&quot;NESL\\u0130 T\\u00dcKENMEKTE OLAN VA\\u015eAK, S\\u0130VAS\\u2019TA DO\\u011eA FOTO\\u011eRAF\\u00c7ISI TARAFINDAN G\\u00d6R\\u00dcNT\\u00dcLEND\\u0130. (VEYSEL KORKMAZ\\\/S\\u0130VAS-\\u0130HA)&quot;,&quot;created_timestamp&quot;:&quot;0&quot;,&quot;copyright&quot;:&quot;\\u0130HLAS HABER AJANSI, www.iha.com.tr&quot;,&quot;focal_length&quot;:&quot;0&quot;,&quot;iso&quot;:&quot;0&quot;,&quot;shutter_speed&quot;:&quot;0&quot;,&quot;title&quot;:&quot;S\\u0130VAS\\u2019TA NESL\\u0130 T\\u00dcKENMEKTE OLAN VA\\u015eAK G\\u00d6R\\u00dcNT\\u00dcLEND\\u0130&quot;,&quot;orientation&quot;:&quot;0&quot;}\" data-image-title=\"Sivas\u2019ta nesli t\u00fckenmekte olan va\u015fak g\u00f6r\u00fcnt\u00fclendi\" data-image-description=\"&lt;p&gt;Sivas\u2019ta nesli t\u00fckenmekte olan va\u015fak g\u00f6r\u00fcnt\u00fclendi&lt;\/p&gt; \" data-medium-file=\"https:\/\/i0.wp.com\/www.tvturk.com\/wp-content\/uploads\/2019\/02\/sivasta-nesli-tukenmekte-olan-vasak-goruntulendi_8a0055f.jpg?fit=300%2C189\" data-large-file=\"https:\/\/i0.wp.com\/www.tvturk.com\/wp-content\/uploads\/2019\/02\/sivasta-nesli-tukenmekte-olan-vasak-goruntulendi_8a0055f.jpg?fit=1000%2C631\" src=\"https:\/\/i0.wp.com\/www.tvturk.com\/wp-content\/uploads\/2019\/02\/sivasta-nesli-tukenmekte-olan-vasak-goruntulendi_8a0055f.jpg?w=271&#038;h=171\" srcset=\"https:\/\/i0.wp.com\/www.tvturk.com\/wp-content\/uploads\/2019\/02\/sivasta-nesli-tukenmekte-olan-vasak-goruntulendi_8a0055f.jpg?w=1000 1000w, https:\/\/i0.wp.com\/www.tvturk.com\/wp-content\/uploads\/2019\/02\/sivasta-nesli-tukenmekte-olan-vasak-goruntulendi_8a0055f.jpg?resize=150%2C95 150w, https:\/\/i0.wp.com\/www.tvturk.com\/wp-content\/uploads\/2019\/02\/sivasta-nesli-tukenmekte-olan-vasak-goruntulendi_8a0055f.jpg?resize=300%2C189 300w, https:\/\/i0.wp.com\/www.tvturk.com\/wp-content\/uploads\/2019\/02\/sivasta-nesli-tukenmekte-olan-vasak-goruntulendi_8a0055f.jpg?resize=768%2C485 768w, https:\/\/i0.wp.com\/www.tvturk.com\/wp-content\/uploads\/2019\/02\/sivasta-nesli-tukenmekte-olan-vasak-goruntulendi_8a0055f.jpg?resize=460%2C290 460w\" width=\"271\" height=\"171\" loading=\"lazy\" data-original-width=\"271\" data-original-height=\"171\" itemprop=\"http:\/\/schema.org\/image\" title=\"Sivas\u2019ta nesli t\u00fckenmekte olan va\u015fak g\u00f6r\u00fcnt\u00fclendi\" alt=\"Sivas\u2019ta nesli t\u00fckenmekte olan va\u015fak g\u00f6r\u00fcnt\u00fclendi\" style=\"width: 271px; height: 171px;\" \/> <\/a> <\/div> <\/div> <!-- close group --> <\/div> <!-- close row --> <\/div><\/p>\n","protected":false},"excerpt":{"rendered":"<p>NESL\u0130 T\u00dcKENMEKTE OLAN VA\u015eAK, S\u0130VAS\u2019TA DO\u011eA FOTO\u011eRAF\u00c7ISI TARAFINDAN G\u00d6R\u00dcNT\u00dcLEND\u0130.<\/p>\n","protected":false},"author":1,"featured_media":57594,"comment_status":"closed","ping_status":"open","sticky":false,"template":"","format":"standard","meta":{"jetpack_post_was_ever_published":false,"_jetpack_newsletter_access":"","_jetpack_dont_email_post_to_subs":false,"_jetpack_newsletter_tier_id":0,"_jetpack_memberships_contains_paywalled_content":false,"_jetpack_memberships_contains_paid_content":false,"footnotes":"","jetpack_publicize_message":"","jetpack_publicize_feature_enabled":true,"jetpack_social_post_already_shared":false,"jetpack_social_options":{"image_generator_settings":{"template":"highway","default_image_id":0,"font":"","enabled":false},"version":2}},"categories":[1],"tags":[3388,9872,572,3765,9873,15285],"class_list":["post-57593","post","type-post","status-publish","format-standard","has-post-thumbnail","hentry","category-genel","tag-goruntulendi","tag-nesli","tag-olan","tag-sivasta","tag-tukenmekte","tag-vasak"],"jetpack_publicize_connections":[],"jetpack_featured_media_url":"https:\/\/i0.wp.com\/www.tvturk.com\/wp-content\/uploads\/2019\/02\/sivasta-nesli-tukenmekte-olan-vasak-goruntulendi_6bd6d8e.jpg?fit=1000%2C727","jetpack_sharing_enabled":true,"jetpack_shortlink":"https:\/\/wp.me\/paKIfm-eYV","_links":{"self":[{"href":"http:\/\/www.tvturk.com\/index.php\/wp-json\/wp\/v2\/posts\/57593","targetHints":{"allow":["GET"]}}],"collection":[{"href":"http:\/\/www.tvturk.com\/index.php\/wp-json\/wp\/v2\/posts"}],"about":[{"href":"http:\/\/www.tvturk.com\/index.php\/wp-json\/wp\/v2\/types\/post"}],"author":[{"embeddable":true,"href":"http:\/\/www.tvturk.com\/index.php\/wp-json\/wp\/v2\/users\/1"}],"replies":[{"embeddable":true,"href":"http:\/\/www.tvturk.com\/index.php\/wp-json\/wp\/v2\/comments?post=57593"}],"version-history":[{"count":1,"href":"http:\/\/www.tvturk.com\/index.php\/wp-json\/wp\/v2\/posts\/57593\/revisions"}],"predecessor-version":[{"id":57597,"href":"http:\/\/www.tvturk.com\/index.php\/wp-json\/wp\/v2\/posts\/57593\/revisions\/57597"}],"wp:featuredmedia":[{"embeddable":true,"href":"http:\/\/www.tvturk.com\/index.php\/wp-json\/wp\/v2\/media\/57594"}],"wp:attachment":[{"href":"http:\/\/www.tvturk.com\/index.php\/wp-json\/wp\/v2\/media?parent=57593"}],"wp:term":[{"taxonomy":"category","embeddable":true,"href":"http:\/\/www.tvturk.com\/index.php\/wp-json\/wp\/v2\/categories?post=57593"},{"taxonomy":"post_tag","embeddable":true,"href":"http:\/\/www.tvturk.com\/index.php\/wp-json\/wp\/v2\/tags?post=57593"}],"curies":[{"name":"wp","href":"https:\/\/api.w.org\/{rel}","templated":true}]}}