{"id":57651,"date":"2019-02-24T11:11:00","date_gmt":"2019-02-24T08:11:00","guid":{"rendered":"http:\/\/www.tvturk.com\/index.php\/guaido-uluslararasi-toplum-maduronun-dusurulmesi-icin-butun-secenekleri-dusunebilir\/"},"modified":"2019-02-24T11:11:02","modified_gmt":"2019-02-24T08:11:02","slug":"guaido-uluslararasi-toplum-maduronun-dusurulmesi-icin-butun-secenekleri-dusunebilir","status":"publish","type":"post","link":"http:\/\/www.tvturk.com\/index.php\/guaido-uluslararasi-toplum-maduronun-dusurulmesi-icin-butun-secenekleri-dusunebilir\/","title":{"rendered":"Guaido: \u201cUluslararas\u0131 toplum Maduro\u2019nun d\u00fc\u015f\u00fcr\u00fclmesi i\u00e7in b\u00fct\u00fcn se\u00e7enekleri d\u00fc\u015f\u00fcnebilir\u201d"},"content":{"rendered":"<p>Venezuela\u2019da muhalif lider Juan Guaido, uluslararas\u0131 topluma Maduro\u2019nun iktidardan d\u00fc\u015f\u00fcr\u00fclmesi i\u00e7in b\u00fct\u00fcn se\u00e7enekleri d\u00fc\u015f\u00fcnmesi teklifinde bulundu.<\/p>\n<p>Kendisini \u00fclkenin ge\u00e7ici ba\u015fkan\u0131 ilan eden Juan Guaido\u2019nun destek\u00e7ilerinin askerlerin barikatlar\u0131n\u0131 k\u0131rmada ba\u015far\u0131s\u0131z olmas\u0131 \u00fczerine ABD\u2019nin yard\u0131m y\u00fckl\u00fc t\u0131rlar\u0131 Kolombiya\u2019daki depolara geri d\u00f6nd\u00fc. \u0130ddiaya g\u00f6re Venezuela askerleri, kalabal\u0131\u011f\u0131 da\u011f\u0131tmak i\u00e7in g\u00f6z ya\u015fart\u0131c\u0131 gaz ve plastik mermi kulland\u0131.  G\u00f6stericilerin aras\u0131nda bulunan baz\u0131 sivil giyimli maskeli insanlar\u0131n da protestoculara ate\u015f etti\u011fi iddia edildi.  Juan Guaido, Twitter hesab\u0131ndan yapt\u0131\u011f\u0131 a\u00e7\u0131klamada, \u201cBug\u00fcnk\u00fc olaylar beni, \u00fclkemizin h\u00fcrriyetini g\u00fcven alt\u0131na almak i\u00e7in uluslararas\u0131 topluma b\u00fct\u00fcn se\u00e7enekleri a\u00e7\u0131k tutmam\u0131z teklifini yapma karar\u0131n\u0131 almaya zorlad\u0131\u201d dedi. Guaido, Maduro\u2019dan yard\u0131mlar\u0131n \u00fclkeye girmesine izin vermesini istemeye devam edece\u011fini ve konvoylar\u0131n \u00fclkeye girmesi i\u00e7in ba\u015fka rotalar arayaca\u011f\u0131n\u0131 s\u00f6yledi. Guaida, Pazartesi g\u00fcn\u00fc Bogota\u2019da yap\u0131lacak olan Lima \u00fclkeler grubunun toplant\u0131s\u0131na kat\u0131laca\u011f\u0131n\u0131, burada ABD Ba\u015fkan Yard\u0131mc\u0131s\u0131 Mike Pence ile Maduro\u2019ya kar\u015f\u0131 bask\u0131n\u0131n artt\u0131r\u0131lmas\u0131 i\u00e7in al\u0131nacak ilave tedbirleri g\u00f6r\u00fc\u015fece\u011fini s\u00f6yledi.<\/p>\n<p>\u00d6te yandan Kolombiya yetkilileri, s\u0131n\u0131rdan yard\u0131mlar\u0131n girmesini engelleyen Venezuela ordusundan 60 askerin Kolombiya\u2019ya s\u0131\u011f\u0131narak muhalefetin yan\u0131nda yer ald\u0131\u011f\u0131n\u0131 a\u00e7\u0131klad\u0131. Kolombiya\u2019n\u0131n Urena s\u0131n\u0131r noktas\u0131ndan Venezuela\u2019ya ge\u00e7meye \u00e7al\u0131\u015fan iki t\u0131r\u0131n ate\u015fe verildi\u011fi, kalabal\u0131\u011f\u0131n yard\u0131m kolilerini kapmak i\u00e7in yar\u0131\u015ft\u0131\u011f\u0131 kaydedildi.<\/p>\n<p>Kolombiya Devlet Ba\u015fkan\u0131 Ivn Duque\u2019nun Guaido\u2019ya destek vermesine \u00f6fkelenen Maduro ise, Kolombiya ile ili\u015fkilerini kesti\u011fini a\u00e7\u0131klayarak, Kolombiya\u2019n\u0131n diplomatik misyonunun 24 saat i\u00e7inde \u00fclkeyi terk etmesini istedi. Maduro, Venezuela\u2019n\u0131n yard\u0131ma ihtiyac\u0131 olmad\u0131\u011f\u0131n\u0131, Guaido\u2019nun ABD Ba\u015fkan\u0131 Donald Trump\u2019\u0131n darbeci kuklas\u0131 oldu\u011funu s\u00f6yledi.<\/p>\n<p>Washington ise, Pazartesi g\u00fcn\u00fc yap\u0131lacak zirvede Venezuela\u2019ya yeni ve daha sert yapt\u0131r\u0131mlar uygulama kararlar\u0131 al\u0131naca\u011f\u0131n\u0131 bildirdi. ABD Devlet Ba\u015fkan\u0131 Donald Trump, daha \u00f6nce yapt\u0131\u011f\u0131 bir a\u00e7\u0131klamada Venezuela\u2019ya askeri m\u00fcdahalenin bir se\u00e7enek oldu\u011funu s\u00f6ylemi\u015fti. Guaido, d\u00fcn yapt\u0131\u011f\u0131 a\u00e7\u0131klamada ABD\u2019nin askeri m\u00fcdahale se\u00e7ene\u011fine do\u011frudan bir at\u0131fta bulunmad\u0131.<\/p>\n<p>Juan Guaido anayasan\u0131n kendisine ge\u00e7ici ba\u015fkanl\u0131k hakk\u0131 verdi\u011fini ileri s\u00fcrerek kendisini Venezuela\u2019n\u0131n ge\u00e7ici ba\u015fkan\u0131 ilan etmi\u015f, Guaido\u2019ya en b\u00fcy\u00fck destek ise ABD\u2019den gelmi\u015fti. ABD\u2019nin yan\u0131 s\u0131ra \u00e7ok say\u0131da bat\u0131 \u00fclkesi de Guaido\u2019yu OPEC \u00fcyesi Venezuela\u2019n\u0131n me\u015fru lideri olarak tan\u0131m\u0131\u015ft\u0131.<div class=\"tiled-gallery type-rectangular tiled-gallery-unresized\" data-original-width=\"500\" data-carousel-extra='null' itemscope itemtype=\"http:\/\/schema.org\/ImageGallery\" > <div class=\"gallery-row\" style=\"width: 500px; height: 167px;\" data-original-width=\"500\" data-original-height=\"167\" > <div class=\"gallery-group images-1\" style=\"width: 232px; height: 167px;\" data-original-width=\"232\" data-original-height=\"167\" > <div class=\"tiled-gallery-item tiled-gallery-item-small\" itemprop=\"associatedMedia\" itemscope itemtype=\"http:\/\/schema.org\/ImageObject\"> <a href=\"http:\/\/www.tvturk.com\/index.php\/guaido-uluslararasi-toplum-maduronun-dusurulmesi-icin-butun-secenekleri-dusunebilir\/guaido-uluslararasi-toplum-maduronun-dusurulmesi-icin-butun-secenekleri-dusunebilir-3\/\" border=\"0\" itemprop=\"url\"> <meta itemprop=\"width\" content=\"228\"> <meta itemprop=\"height\" content=\"163\"> <img decoding=\"async\" class=\"\" data-attachment-id=\"57653\" data-orig-file=\"http:\/\/www.tvturk.com\/wp-content\/uploads\/2019\/02\/guaido-uluslararasi-toplum-maduronun-dusurulmesi-icin-butun-secenekleri-dusunebilir_0e00354.jpg\" data-orig-size=\"1000,715\" data-comments-opened=\"\" data-image-meta=\"{&quot;aperture&quot;:&quot;0&quot;,&quot;credit&quot;:&quot;IHA&quot;,&quot;camera&quot;:&quot;&quot;,&quot;caption&quot;:&quot;VENEZUELA\\u0027DA MUHAL\\u0130F L\\u0130DER JUAN GUA\\u0130DO, ULUSLARARASI TOPLUMA MADURO\\u2019NUN \\u0130KT\\u0130DARDAN D\\u00dc\\u015e\\u00dcR\\u00dcLMES\\u0130 \\u0130\\u00c7\\u0130N B\\u00dcT\\u00dcN SE\\u00c7ENEKLER\\u0130 D\\u00dc\\u015e\\u00dcNMES\\u0130 TEKL\\u0130F\\u0130NDE BULUNDU. (\\u0130HA\\\/KARAKAS-\\u0130HA)&quot;,&quot;created_timestamp&quot;:&quot;0&quot;,&quot;copyright&quot;:&quot;\\u0130HLAS HABER AJANSI, www.iha.com.tr&quot;,&quot;focal_length&quot;:&quot;0&quot;,&quot;iso&quot;:&quot;0&quot;,&quot;shutter_speed&quot;:&quot;0&quot;,&quot;title&quot;:&quot;GUA\\u0130DO: \\u201cULUSLARARASI TOPLUM MADURO\\u2019NUN D\\u00dc\\u015e\\u00dcR\\u00dcLMES\\u0130 \\u0130\\u00c7\\u0130N B\\u00dcT\\u00dcN SE\\u00c7ENEKLER\\u0130 D\\u00dc\\u015e\\u00dcNEB\\u0130L\\u0130R\\u201d&quot;,&quot;orientation&quot;:&quot;0&quot;}\" data-image-title=\"Guaido: \u201cUluslararas\u0131 toplum Maduro\u2019nun d\u00fc\u015f\u00fcr\u00fclmesi i\u00e7in b\u00fct\u00fcn se\u00e7enekleri d\u00fc\u015f\u00fcnebilir\u201d\" data-image-description=\"&lt;p&gt;Guaido: \u201cUluslararas\u0131 toplum Maduro\u2019nun d\u00fc\u015f\u00fcr\u00fclmesi i\u00e7in b\u00fct\u00fcn se\u00e7enekleri d\u00fc\u015f\u00fcnebilir\u201d&lt;\/p&gt; \" data-medium-file=\"https:\/\/i0.wp.com\/www.tvturk.com\/wp-content\/uploads\/2019\/02\/guaido-uluslararasi-toplum-maduronun-dusurulmesi-icin-butun-secenekleri-dusunebilir_0e00354.jpg?fit=300%2C215\" data-large-file=\"https:\/\/i0.wp.com\/www.tvturk.com\/wp-content\/uploads\/2019\/02\/guaido-uluslararasi-toplum-maduronun-dusurulmesi-icin-butun-secenekleri-dusunebilir_0e00354.jpg?fit=1000%2C715\" src=\"https:\/\/i0.wp.com\/www.tvturk.com\/wp-content\/uploads\/2019\/02\/guaido-uluslararasi-toplum-maduronun-dusurulmesi-icin-butun-secenekleri-dusunebilir_0e00354.jpg?w=228&#038;h=163\" srcset=\"https:\/\/i0.wp.com\/www.tvturk.com\/wp-content\/uploads\/2019\/02\/guaido-uluslararasi-toplum-maduronun-dusurulmesi-icin-butun-secenekleri-dusunebilir_0e00354.jpg?w=1000 1000w, https:\/\/i0.wp.com\/www.tvturk.com\/wp-content\/uploads\/2019\/02\/guaido-uluslararasi-toplum-maduronun-dusurulmesi-icin-butun-secenekleri-dusunebilir_0e00354.jpg?resize=150%2C107 150w, https:\/\/i0.wp.com\/www.tvturk.com\/wp-content\/uploads\/2019\/02\/guaido-uluslararasi-toplum-maduronun-dusurulmesi-icin-butun-secenekleri-dusunebilir_0e00354.jpg?resize=300%2C215 300w, https:\/\/i0.wp.com\/www.tvturk.com\/wp-content\/uploads\/2019\/02\/guaido-uluslararasi-toplum-maduronun-dusurulmesi-icin-butun-secenekleri-dusunebilir_0e00354.jpg?resize=768%2C549 768w\" width=\"228\" height=\"163\" loading=\"lazy\" data-original-width=\"228\" data-original-height=\"163\" itemprop=\"http:\/\/schema.org\/image\" title=\"Guaido: \u201cUluslararas\u0131 toplum Maduro\u2019nun d\u00fc\u015f\u00fcr\u00fclmesi i\u00e7in b\u00fct\u00fcn se\u00e7enekleri d\u00fc\u015f\u00fcnebilir\u201d\" alt=\"Guaido: \u201cUluslararas\u0131 toplum Maduro\u2019nun d\u00fc\u015f\u00fcr\u00fclmesi i\u00e7in b\u00fct\u00fcn se\u00e7enekleri d\u00fc\u015f\u00fcnebilir\u201d\" style=\"width: 228px; height: 163px;\" \/> <\/a> <\/div> <\/div> <!-- close group --> <div class=\"gallery-group images-1\" style=\"width: 268px; height: 167px;\" data-original-width=\"268\" data-original-height=\"167\" > <div class=\"tiled-gallery-item tiled-gallery-item-large\" itemprop=\"associatedMedia\" itemscope itemtype=\"http:\/\/schema.org\/ImageObject\"> <a href=\"http:\/\/www.tvturk.com\/index.php\/guaido-uluslararasi-toplum-maduronun-dusurulmesi-icin-butun-secenekleri-dusunebilir\/guaido-uluslararasi-toplum-maduronun-dusurulmesi-icin-butun-secenekleri-dusunebilir-4\/\" border=\"0\" itemprop=\"url\"> <meta itemprop=\"width\" content=\"264\"> <meta itemprop=\"height\" content=\"163\"> <img decoding=\"async\" class=\"\" data-attachment-id=\"57654\" data-orig-file=\"http:\/\/www.tvturk.com\/wp-content\/uploads\/2019\/02\/guaido-uluslararasi-toplum-maduronun-dusurulmesi-icin-butun-secenekleri-dusunebilir_355a333.jpg\" data-orig-size=\"1000,620\" data-comments-opened=\"\" data-image-meta=\"{&quot;aperture&quot;:&quot;0&quot;,&quot;credit&quot;:&quot;IHA&quot;,&quot;camera&quot;:&quot;&quot;,&quot;caption&quot;:&quot;VENEZUELA\\u0027DA MUHAL\\u0130F L\\u0130DER JUAN GUA\\u0130DO, ULUSLARARASI TOPLUMA MADURO\\u2019NUN \\u0130KT\\u0130DARDAN D\\u00dc\\u015e\\u00dcR\\u00dcLMES\\u0130 \\u0130\\u00c7\\u0130N B\\u00dcT\\u00dcN SE\\u00c7ENEKLER\\u0130 D\\u00dc\\u015e\\u00dcNMES\\u0130 TEKL\\u0130F\\u0130NDE BULUNDU. (\\u0130HA\\\/KARAKAS-\\u0130HA)&quot;,&quot;created_timestamp&quot;:&quot;0&quot;,&quot;copyright&quot;:&quot;\\u0130HLAS HABER AJANSI, www.iha.com.tr&quot;,&quot;focal_length&quot;:&quot;0&quot;,&quot;iso&quot;:&quot;0&quot;,&quot;shutter_speed&quot;:&quot;0&quot;,&quot;title&quot;:&quot;GUA\\u0130DO: \\u201cULUSLARARASI TOPLUM MADURO\\u2019NUN D\\u00dc\\u015e\\u00dcR\\u00dcLMES\\u0130 \\u0130\\u00c7\\u0130N B\\u00dcT\\u00dcN SE\\u00c7ENEKLER\\u0130 D\\u00dc\\u015e\\u00dcNEB\\u0130L\\u0130R\\u201d&quot;,&quot;orientation&quot;:&quot;0&quot;}\" data-image-title=\"Guaido: \u201cUluslararas\u0131 toplum Maduro\u2019nun d\u00fc\u015f\u00fcr\u00fclmesi i\u00e7in b\u00fct\u00fcn se\u00e7enekleri d\u00fc\u015f\u00fcnebilir\u201d\" data-image-description=\"&lt;p&gt;Guaido: \u201cUluslararas\u0131 toplum Maduro\u2019nun d\u00fc\u015f\u00fcr\u00fclmesi i\u00e7in b\u00fct\u00fcn se\u00e7enekleri d\u00fc\u015f\u00fcnebilir\u201d&lt;\/p&gt; \" data-medium-file=\"https:\/\/i0.wp.com\/www.tvturk.com\/wp-content\/uploads\/2019\/02\/guaido-uluslararasi-toplum-maduronun-dusurulmesi-icin-butun-secenekleri-dusunebilir_355a333.jpg?fit=300%2C186\" data-large-file=\"https:\/\/i0.wp.com\/www.tvturk.com\/wp-content\/uploads\/2019\/02\/guaido-uluslararasi-toplum-maduronun-dusurulmesi-icin-butun-secenekleri-dusunebilir_355a333.jpg?fit=1000%2C620\" src=\"https:\/\/i0.wp.com\/www.tvturk.com\/wp-content\/uploads\/2019\/02\/guaido-uluslararasi-toplum-maduronun-dusurulmesi-icin-butun-secenekleri-dusunebilir_355a333.jpg?w=264&#038;h=163\" srcset=\"https:\/\/i0.wp.com\/www.tvturk.com\/wp-content\/uploads\/2019\/02\/guaido-uluslararasi-toplum-maduronun-dusurulmesi-icin-butun-secenekleri-dusunebilir_355a333.jpg?w=1000 1000w, https:\/\/i0.wp.com\/www.tvturk.com\/wp-content\/uploads\/2019\/02\/guaido-uluslararasi-toplum-maduronun-dusurulmesi-icin-butun-secenekleri-dusunebilir_355a333.jpg?resize=150%2C93 150w, https:\/\/i0.wp.com\/www.tvturk.com\/wp-content\/uploads\/2019\/02\/guaido-uluslararasi-toplum-maduronun-dusurulmesi-icin-butun-secenekleri-dusunebilir_355a333.jpg?resize=300%2C186 300w, https:\/\/i0.wp.com\/www.tvturk.com\/wp-content\/uploads\/2019\/02\/guaido-uluslararasi-toplum-maduronun-dusurulmesi-icin-butun-secenekleri-dusunebilir_355a333.jpg?resize=768%2C476 768w, https:\/\/i0.wp.com\/www.tvturk.com\/wp-content\/uploads\/2019\/02\/guaido-uluslararasi-toplum-maduronun-dusurulmesi-icin-butun-secenekleri-dusunebilir_355a333.jpg?resize=243%2C150 243w\" width=\"264\" height=\"163\" loading=\"lazy\" data-original-width=\"264\" data-original-height=\"163\" itemprop=\"http:\/\/schema.org\/image\" title=\"Guaido: \u201cUluslararas\u0131 toplum Maduro\u2019nun d\u00fc\u015f\u00fcr\u00fclmesi i\u00e7in b\u00fct\u00fcn se\u00e7enekleri d\u00fc\u015f\u00fcnebilir\u201d\" alt=\"Guaido: \u201cUluslararas\u0131 toplum Maduro\u2019nun d\u00fc\u015f\u00fcr\u00fclmesi i\u00e7in b\u00fct\u00fcn se\u00e7enekleri d\u00fc\u015f\u00fcnebilir\u201d\" style=\"width: 264px; height: 163px;\" \/> <\/a> <\/div> <\/div> <!-- close group --> <\/div> <!-- close row --> <\/div><\/p>\n","protected":false},"excerpt":{"rendered":"<p>VENEZUELA&#8217;DA MUHAL\u0130F L\u0130DER JUAN GUA\u0130DO, ULUSLARARASI TOPLUMA MADURO\u2019NUN \u0130KT\u0130DARDAN D\u00dc\u015e\u00dcR\u00dcLMES\u0130 \u0130\u00c7\u0130N B\u00dcT\u00dcN SE\u00c7ENEKLER\u0130 D\u00dc\u015e\u00dcNMES\u0130 TEKL\u0130F\u0130NDE BULUNDU.<\/p>\n","protected":false},"author":1,"featured_media":57652,"comment_status":"closed","ping_status":"open","sticky":false,"template":"","format":"standard","meta":{"jetpack_post_was_ever_published":false,"_jetpack_newsletter_access":"","_jetpack_dont_email_post_to_subs":false,"_jetpack_newsletter_tier_id":0,"_jetpack_memberships_contains_paywalled_content":false,"_jetpack_memberships_contains_paid_content":false,"footnotes":"","jetpack_publicize_message":"","jetpack_publicize_feature_enabled":true,"jetpack_social_post_already_shared":false,"jetpack_social_options":{"image_generator_settings":{"template":"highway","default_image_id":0,"font":"","enabled":false},"version":2}},"categories":[10],"tags":[4839,1866,18356,18354,18353,44,17771,18355,7236],"class_list":["post-57651","post","type-post","status-publish","format-standard","has-post-thumbnail","hentry","category-dunya","tag-uluslararasi","tag-butun","tag-dusunebilir","tag-dusurulmesi","tag-guaido","tag-icin","tag-maduronun","tag-secenekleri","tag-toplum"],"jetpack_publicize_connections":[],"jetpack_featured_media_url":"https:\/\/i0.wp.com\/www.tvturk.com\/wp-content\/uploads\/2019\/02\/guaido-uluslararasi-toplum-maduronun-dusurulmesi-icin-butun-secenekleri-dusunebilir_a64be66.jpg?fit=1000%2C666","jetpack_sharing_enabled":true,"jetpack_shortlink":"https:\/\/wp.me\/paKIfm-eZR","_links":{"self":[{"href":"http:\/\/www.tvturk.com\/index.php\/wp-json\/wp\/v2\/posts\/57651","targetHints":{"allow":["GET"]}}],"collection":[{"href":"http:\/\/www.tvturk.com\/index.php\/wp-json\/wp\/v2\/posts"}],"about":[{"href":"http:\/\/www.tvturk.com\/index.php\/wp-json\/wp\/v2\/types\/post"}],"author":[{"embeddable":true,"href":"http:\/\/www.tvturk.com\/index.php\/wp-json\/wp\/v2\/users\/1"}],"replies":[{"embeddable":true,"href":"http:\/\/www.tvturk.com\/index.php\/wp-json\/wp\/v2\/comments?post=57651"}],"version-history":[{"count":1,"href":"http:\/\/www.tvturk.com\/index.php\/wp-json\/wp\/v2\/posts\/57651\/revisions"}],"predecessor-version":[{"id":57655,"href":"http:\/\/www.tvturk.com\/index.php\/wp-json\/wp\/v2\/posts\/57651\/revisions\/57655"}],"wp:featuredmedia":[{"embeddable":true,"href":"http:\/\/www.tvturk.com\/index.php\/wp-json\/wp\/v2\/media\/57652"}],"wp:attachment":[{"href":"http:\/\/www.tvturk.com\/index.php\/wp-json\/wp\/v2\/media?parent=57651"}],"wp:term":[{"taxonomy":"category","embeddable":true,"href":"http:\/\/www.tvturk.com\/index.php\/wp-json\/wp\/v2\/categories?post=57651"},{"taxonomy":"post_tag","embeddable":true,"href":"http:\/\/www.tvturk.com\/index.php\/wp-json\/wp\/v2\/tags?post=57651"}],"curies":[{"name":"wp","href":"https:\/\/api.w.org\/{rel}","templated":true}]}}