{"id":57926,"date":"2019-02-24T13:32:57","date_gmt":"2019-02-24T10:32:57","guid":{"rendered":"http:\/\/www.tvturk.com\/index.php\/ankarali-tekstilciler-londra-moda-fuarinda\/"},"modified":"2019-02-24T13:32:58","modified_gmt":"2019-02-24T10:32:58","slug":"ankarali-tekstilciler-londra-moda-fuarinda","status":"publish","type":"post","link":"http:\/\/www.tvturk.com\/index.php\/ankarali-tekstilciler-londra-moda-fuarinda\/","title":{"rendered":"Ankaral\u0131 tekstilciler Londra Moda Fuar\u0131\u2019nda"},"content":{"rendered":"<p>Ankara Sanayi Odas\u0131n\u0131n (ASO) Ur-Ge Tekstil k\u00fcmelenmesinde yer alan \u00fcyeleri, d\u00fcnyan\u0131n \u00f6nde gelen tekstil fuarlar\u0131ndan \u2019PureLondon 2019\u2019da d\u00fcnyan\u0131n \u00f6nemli moda devleriyle bir araya geldi.<\/p>\n<p>ASO Ur-Ge tekstil k\u00fcmesinde yer alan 20\u2019ye yak\u0131n firma, PureLondon Fuar\u0131\u2019na kat\u0131larak ikili i\u015f g\u00f6r\u00fc\u015fmelerinde bulundu. Proje \u00fcyesi firmalar, \u00fcnl\u00fc markalar\u0131n yer ald\u0131\u011f\u0131 sekt\u00f6r\u00fcn\u00fcn \u00f6nemli akt\u00f6rleri ile 100\u2019\u00fcn \u00fczerinde ikili i\u015f g\u00f6r\u00fc\u015fmesi ger\u00e7ekle\u015ftirerek, sekt\u00f6rdeki k\u00fcresel geli\u015fmeleri yak\u0131ndan inceleme ve yeni i\u015f ba\u011flant\u0131lar\u0131 kurma f\u0131rsat\u0131 buldu. \u0130kili g\u00f6r\u00fc\u015fmeler sonras\u0131nda heyet kat\u0131l\u0131mc\u0131lar\u0131, Londra\u2019n\u0131n \u00f6nemli markalar\u0131n\u0131n yer ald\u0131\u011f\u0131 Oxford Streett\u2019teki ma\u011fazalar\u0131 da ziyaret ederek fiyat ve g\u00fcncel trendler hakk\u0131nda fikir edindi. Ayr\u0131ca firma temsilcileri, Londra Ticaret M\u00fc\u015faviri Mustafa S\u00fcleyman Be\u015fli\u2019yi ziyaret ederek, T\u00fcrkiye-\u0130ngiltere tekstil sekt\u00f6r\u00fc ticareti hakk\u0131nda g\u00f6r\u00fc\u015fmelerde bulundu. Ard\u0131ndan T\u00fcrk Ticaret Merkezi\u2019ni de ziyaret eden heyete TTM \u0130ngiltere sorumlusu Dilara Yard\u0131mc\u0131, TTM\u2019lerin genel i\u015fleyi\u015fi ve te\u015fviklerle ilgili bilgi verdi.<\/p>\n<p>Heyetin \u0130ngiltere ziyaretini de\u011ferlendiren ASO Ba\u015fkan\u0131 Nurettin \u00d6zdebir, \u2018PureLondon\u2019 fuar\u0131n\u0131n d\u00fcnyan\u0131n \u00f6nde gelen moda fuarlar\u0131ndan biri oldu\u011funu belirterek, &#8220;ASO olarak \u00fcyelerimize vizyoner bir bak\u0131\u015f a\u00e7\u0131s\u0131 kazand\u0131rmaya \u00e7al\u0131\u015f\u0131yoruz. Bir yandan sekt\u00f6rlerin geli\u015fmesine y\u00f6nelik yeni projeler \u00fcretirken, bir yandan da k\u00fcresel geli\u015fmeleri takip edebilmeleri i\u00e7in yurt d\u0131\u015f\u0131 fuar ve inceleme gezileri d\u00fczenliyoruz. Bu etkinlikler tekstil sekt\u00f6r\u00fcm\u00fcz\u00fcn ihracat\u0131na ve Ankara\u2019n\u0131n tan\u0131t\u0131m\u0131na g\u00fc\u00e7 katacakt\u0131r. Ur- Ge tekstil k\u00fcmesinde yer alan \u00fcyelerimizin verimli \u00e7al\u0131\u015fmalara imza ataca\u011f\u0131na inan\u0131yorum&#8221; diye konu\u015ftu.<div class=\"tiled-gallery type-rectangular tiled-gallery-unresized\" data-original-width=\"500\" data-carousel-extra='null' itemscope itemtype=\"http:\/\/schema.org\/ImageGallery\" > <div class=\"gallery-row\" style=\"width: 500px; height: 283px;\" data-original-width=\"500\" data-original-height=\"283\" > <div class=\"gallery-group images-1\" style=\"width: 500px; height: 283px;\" data-original-width=\"500\" data-original-height=\"283\" > <div class=\"tiled-gallery-item tiled-gallery-item-large\" itemprop=\"associatedMedia\" itemscope itemtype=\"http:\/\/schema.org\/ImageObject\"> <a href=\"http:\/\/www.tvturk.com\/index.php\/ankarali-tekstilciler-londra-moda-fuarinda\/ankarali-tekstilciler-londra-moda-fuarinda-3\/\" border=\"0\" itemprop=\"url\"> <meta itemprop=\"width\" content=\"496\"> <meta itemprop=\"height\" content=\"279\"> <img decoding=\"async\" class=\"\" data-attachment-id=\"57928\" data-orig-file=\"http:\/\/www.tvturk.com\/wp-content\/uploads\/2019\/02\/ankarali-tekstilciler-londra-moda-fuarinda_249ffc0.jpg\" data-orig-size=\"1000,562\" data-comments-opened=\"\" data-image-meta=\"{&quot;aperture&quot;:&quot;0&quot;,&quot;credit&quot;:&quot;IHA&quot;,&quot;camera&quot;:&quot;&quot;,&quot;caption&quot;:&quot;ANKARA SANAY\\u0130 ODASININ (ASO) UR-GE TEKST\\u0130L K\\u00dcMELENMES\\u0130NDE YER ALAN \\u00dcYELER\\u0130, D\\u00dcNYANIN \\u00d6NDE GELEN TEKST\\u0130L FUARLARINDAN \\u0027PURELONDON 2019\\u2019DA D\\u00dcNYANIN \\u00d6NEML\\u0130 MODA DEVLER\\u0130YLE B\\u0130R ARAYA GELD\\u0130. (\\u0130HA\\\/ANKARA-\\u0130HA)&quot;,&quot;created_timestamp&quot;:&quot;0&quot;,&quot;copyright&quot;:&quot;\\u0130HLAS HABER AJANSI, www.iha.com.tr&quot;,&quot;focal_length&quot;:&quot;0&quot;,&quot;iso&quot;:&quot;0&quot;,&quot;shutter_speed&quot;:&quot;0&quot;,&quot;title&quot;:&quot;ANKARALI TEKST\\u0130LC\\u0130LER LONDRA MODA FUARI\\u0027NDA&quot;,&quot;orientation&quot;:&quot;0&quot;}\" data-image-title=\"Ankaral\u0131 tekstilciler Londra Moda Fuar\u0131\u2019nda\" data-image-description=\"&lt;p&gt;Ankaral\u0131 tekstilciler Londra Moda Fuar\u0131\u2019nda&lt;\/p&gt; \" data-medium-file=\"https:\/\/i0.wp.com\/www.tvturk.com\/wp-content\/uploads\/2019\/02\/ankarali-tekstilciler-londra-moda-fuarinda_249ffc0.jpg?fit=300%2C169\" data-large-file=\"https:\/\/i0.wp.com\/www.tvturk.com\/wp-content\/uploads\/2019\/02\/ankarali-tekstilciler-londra-moda-fuarinda_249ffc0.jpg?fit=1000%2C562\" src=\"https:\/\/i0.wp.com\/www.tvturk.com\/wp-content\/uploads\/2019\/02\/ankarali-tekstilciler-londra-moda-fuarinda_249ffc0.jpg?w=496&#038;h=279\" srcset=\"https:\/\/i0.wp.com\/www.tvturk.com\/wp-content\/uploads\/2019\/02\/ankarali-tekstilciler-londra-moda-fuarinda_249ffc0.jpg?w=1000 1000w, https:\/\/i0.wp.com\/www.tvturk.com\/wp-content\/uploads\/2019\/02\/ankarali-tekstilciler-londra-moda-fuarinda_249ffc0.jpg?resize=150%2C84 150w, https:\/\/i0.wp.com\/www.tvturk.com\/wp-content\/uploads\/2019\/02\/ankarali-tekstilciler-londra-moda-fuarinda_249ffc0.jpg?resize=300%2C169 300w, https:\/\/i0.wp.com\/www.tvturk.com\/wp-content\/uploads\/2019\/02\/ankarali-tekstilciler-londra-moda-fuarinda_249ffc0.jpg?resize=768%2C432 768w, https:\/\/i0.wp.com\/www.tvturk.com\/wp-content\/uploads\/2019\/02\/ankarali-tekstilciler-londra-moda-fuarinda_249ffc0.jpg?resize=200%2C113 200w\" width=\"496\" height=\"279\" loading=\"lazy\" data-original-width=\"496\" data-original-height=\"279\" itemprop=\"http:\/\/schema.org\/image\" title=\"Ankaral\u0131 tekstilciler Londra Moda Fuar\u0131\u2019nda\" alt=\"Ankaral\u0131 tekstilciler Londra Moda Fuar\u0131\u2019nda\" style=\"width: 496px; height: 279px;\" \/> <\/a> <\/div> <\/div> <!-- close group --> <\/div> <!-- close row --> <\/div><\/p>\n","protected":false},"excerpt":{"rendered":"<p>ANKARA SANAY\u0130 ODASININ (ASO) UR-GE TEKST\u0130L K\u00dcMELENMES\u0130NDE YER ALAN \u00dcYELER\u0130, D\u00dcNYANIN \u00d6NDE GELEN TEKST\u0130L FUARLARINDAN &#8216;PURELONDON 2019\u2019DA D\u00dcNYANIN \u00d6NEML\u0130 MODA DEVLER\u0130YLE B\u0130R ARAYA GELD\u0130.<\/p>\n","protected":false},"author":1,"featured_media":57927,"comment_status":"closed","ping_status":"open","sticky":false,"template":"","format":"standard","meta":{"jetpack_post_was_ever_published":false,"_jetpack_newsletter_access":"","_jetpack_dont_email_post_to_subs":false,"_jetpack_newsletter_tier_id":0,"_jetpack_memberships_contains_paywalled_content":false,"_jetpack_memberships_contains_paid_content":false,"footnotes":"","jetpack_publicize_message":"","jetpack_publicize_feature_enabled":true,"jetpack_social_post_already_shared":false,"jetpack_social_options":{"image_generator_settings":{"template":"highway","default_image_id":0,"font":"","enabled":false},"version":2}},"categories":[19],"tags":[18414,3810,18416,3060,18415],"class_list":["post-57926","post","type-post","status-publish","format-standard","has-post-thumbnail","hentry","category-ekonomi","tag-ankarali","tag-fuarinda","tag-londra","tag-moda","tag-tekstilciler"],"jetpack_publicize_connections":[],"jetpack_featured_media_url":"https:\/\/i0.wp.com\/www.tvturk.com\/wp-content\/uploads\/2019\/02\/ankarali-tekstilciler-londra-moda-fuarinda_4c5173c.jpg?fit=1000%2C561","jetpack_sharing_enabled":true,"jetpack_shortlink":"https:\/\/wp.me\/paKIfm-f4i","_links":{"self":[{"href":"http:\/\/www.tvturk.com\/index.php\/wp-json\/wp\/v2\/posts\/57926","targetHints":{"allow":["GET"]}}],"collection":[{"href":"http:\/\/www.tvturk.com\/index.php\/wp-json\/wp\/v2\/posts"}],"about":[{"href":"http:\/\/www.tvturk.com\/index.php\/wp-json\/wp\/v2\/types\/post"}],"author":[{"embeddable":true,"href":"http:\/\/www.tvturk.com\/index.php\/wp-json\/wp\/v2\/users\/1"}],"replies":[{"embeddable":true,"href":"http:\/\/www.tvturk.com\/index.php\/wp-json\/wp\/v2\/comments?post=57926"}],"version-history":[{"count":1,"href":"http:\/\/www.tvturk.com\/index.php\/wp-json\/wp\/v2\/posts\/57926\/revisions"}],"predecessor-version":[{"id":57929,"href":"http:\/\/www.tvturk.com\/index.php\/wp-json\/wp\/v2\/posts\/57926\/revisions\/57929"}],"wp:featuredmedia":[{"embeddable":true,"href":"http:\/\/www.tvturk.com\/index.php\/wp-json\/wp\/v2\/media\/57927"}],"wp:attachment":[{"href":"http:\/\/www.tvturk.com\/index.php\/wp-json\/wp\/v2\/media?parent=57926"}],"wp:term":[{"taxonomy":"category","embeddable":true,"href":"http:\/\/www.tvturk.com\/index.php\/wp-json\/wp\/v2\/categories?post=57926"},{"taxonomy":"post_tag","embeddable":true,"href":"http:\/\/www.tvturk.com\/index.php\/wp-json\/wp\/v2\/tags?post=57926"}],"curies":[{"name":"wp","href":"https:\/\/api.w.org\/{rel}","templated":true}]}}