{"id":58440,"date":"2019-02-24T19:29:01","date_gmt":"2019-02-24T16:29:01","guid":{"rendered":"http:\/\/www.tvturk.com\/index.php\/ildiz-cok-fazla-pozisyon-vermeden-2-0-maglup-olmak-hakikaten-bize-aci-geldi\/"},"modified":"2019-02-24T19:29:01","modified_gmt":"2019-02-24T16:29:01","slug":"ildiz-cok-fazla-pozisyon-vermeden-2-0-maglup-olmak-hakikaten-bize-aci-geldi","status":"publish","type":"post","link":"http:\/\/www.tvturk.com\/index.php\/ildiz-cok-fazla-pozisyon-vermeden-2-0-maglup-olmak-hakikaten-bize-aci-geldi\/","title":{"rendered":"\u0130ldiz: \u201c\u00c7ok fazla pozisyon vermeden 2-0 ma\u011flup olmak hakikaten bize ac\u0131 geldi\u201d"},"content":{"rendered":"<p>Osmanl\u0131spor\u2019a kendi evinde ma\u011flup olan Denizlispor\u2019da Teknik Direkt\u00f6r Y\u00fccel \u0130ldiz, pozisyon vermeden 2-0 yenilmenin kendilerine ac\u0131 geldi\u011fini kaydetti.<\/p>\n<p>Spot Toto 1. Lig\u2019in 23. haftas\u0131nda Abal\u0131 Denizlispor sahas\u0131nda kar\u015f\u0131la\u015ft\u0131\u011f\u0131 Osmanl\u0131spor\u2019a 2-0 ma\u011flup olarak sahadan yenik ayr\u0131ld\u0131. Uzan bir aradan sonra yenilgi ile kar\u015f\u0131la\u015fan ye\u015fil-siyahl\u0131 ekibin teknik direkt\u00f6r\u00fc \u0130ldiz, ma\u00e7 sonras\u0131 bas\u0131n toplant\u0131s\u0131 d\u00fczenleyerek kar\u015f\u0131la\u015fmay\u0131 de\u011ferlendirdi. Ligin zirvesinde rakip tak\u0131m\u0131nda kazanmaya onad\u0131\u011f\u0131 bir kar\u015f\u0131la\u015fmada kendi sahalar\u0131nda olman\u0131n avantaj\u0131 ile kazanmak istediklerini ancak olmad\u0131\u011f\u0131n\u0131 kaydetti.<\/p>\n<p>Hafta boyunca kar\u015f\u0131la\u015fmaya iyi haz\u0131rland\u0131klar\u0131n\u0131 vurgulayan \u0130ldiz, oyuna iyi ba\u015flad\u0131klar\u0131n\u0131 ve ilk 15-20 dakika boyunca iyi oynad\u0131klar\u0131n\u0131 ifade etti.<\/p>\n<p>\u0130lk yar\u0131 fazla pozisyon olmayan ve dengeli bir ilk yar\u0131 oldu\u011funu dile getiren \u0130ldiz, \u201c\u0130kinci yar\u0131n\u0131n ba\u015f\u0131nda biraz bask\u0131 yer gibi olduk o arada maalesef hi\u00e7 yapmayaca\u011f\u0131m\u0131z bir hata ile kendi aya\u011f\u0131m\u0131zda ki topu futbolda olabilecek bir \u015fekilde kapt\u0131rarak gol yedik ve a\u00e7\u0131k\u00e7as\u0131 o gol bizi \u00e7ok etkiledi. Bir anda demoralize olup oynayamamam\u0131za neden oldu. O arada birka\u00e7 tane daha atak yedik ama ondan sonra oyunu tekrar toparlay\u0131p ve sonuna kadar kovalad\u0131k ma\u00e7\u0131. Ama ger\u00e7ekten hem direkler hem de kalecileri iyi top oynad\u0131, kutlamak laz\u0131m. Son saniyelerdeki gole ise art\u0131k bir \u015fey demiyorum \u00e7\u00fcnk\u00fc o gol \u00f6ncesi top direkten, \u00fcst direkten d\u00f6nd\u00fc. Ger\u00e7ekten bakt\u0131\u011f\u0131n\u0131zda onun d\u0131\u015f\u0131nda \u00e7ok fazla pozisyon vermeden 2-0 ma\u011flup olmak hakikaten bize ac\u0131 geldi. Bilindi\u011fi gibi de uzun s\u00fcreden bu yanan ma\u011flup olmuyorduk, b\u00f6ylesine bir m\u00fcsabakada ma\u011flup olmak iyi olmad\u0131 ama bir ger\u00e7ek var ki m\u00fcsabaka sonras\u0131 taraftarlar\u0131m\u0131z oyuncular\u0131 \u00e7a\u011f\u0131r\u0131p kutlad\u0131 ve y\u00f6netim kurulumuz soyunma odas\u0131na gelip herkesi tebrik etti. Futbolda b\u00f6yle g\u00fcnler olabiliyor. Dimdik yolumuza devam edece\u011fiz\u201d dedi.<\/p>\n<p>\u201cBir yorum yapmayaca\u011f\u0131m takdir kamuoyunun<\/p>\n<p>\u0130ldiz, bir gazetecinin &#8220;Ma\u00e7 hakeminin baz\u0131 tart\u0131\u015fmalar\u0131 kararlar\u0131 vard\u0131 ve siz de bir ara yedek kul\u00fcbesinden \u00f6fke ile \u00e7\u0131k\u0131p karara tepki g\u00f6sterdiniz, hakem kararlar\u0131n\u0131 nas\u0131l yorumluyorsunuz\u201d sorusunu yan\u0131tlayarak \u015funlar\u0131 s\u00f6yledi:<\/p>\n<p>\u201cHakemlerle alakal\u0131 tart\u0131\u015fmal\u0131 pozisyonlar\u0131 hi\u00e7 yorumlamad\u0131m. Ak\u015fam yine g\u00f6r\u00fcr\u00fcz ama zaman zaman oyun i\u00e7erisinde serzeni\u015flerimiz oluyor. Yani onlar\u0131n da (rakiplerin) oluyor bizim de oluyor. Ama bu konuda ben her hangi bir yorum yapmayaca\u011f\u0131m takdir kamuoyunun, hep beraber \u00f6zetleri izledi\u011fimizde daha do\u011frusunu g\u00f6r\u00fcr\u00fcz.\u201d<\/p>\n","protected":false},"excerpt":{"rendered":"<p>OSMANLISPOR\u2019A KEND\u0130 EV\u0130NDE MA\u011eLUP OLAN ABALI DEN\u0130ZL\u0130SPOR\u2019UN TEKN\u0130K D\u0130REKT\u00d6R\u00dc Y\u00dcCEL \u0130LD\u0130Z, POZ\u0130SYON VERMEDEN 2-0 YEN\u0130LMEN\u0130N KEND\u0130LER\u0130NE ACI GELD\u0130\u011e\u0130N\u0130 KAYDEDEREK AYRICA MA\u00c7IN HAKEM\u0130N\u0130N VERD\u0130\u011e\u0130 VE TARTI\u015eMALARA NEDEN OLAN BAZI KARARLARLA \u0130LG\u0130L\u0130 DE YORUM YAPMAYACA\u011eINI TAKD\u0130R\u0130 \u0130ZLENEN MA\u00c7 \u00d6ZETLER\u0130NDE KAMUOYUNUN VERECE\u011e\u0130N\u0130 S\u00d6YLED\u0130.<\/p>\n","protected":false},"author":1,"featured_media":58441,"comment_status":"closed","ping_status":"open","sticky":false,"template":"","format":"standard","meta":{"jetpack_post_was_ever_published":false,"_jetpack_newsletter_access":"","_jetpack_dont_email_post_to_subs":false,"_jetpack_newsletter_tier_id":0,"_jetpack_memberships_contains_paywalled_content":false,"_jetpack_memberships_contains_paid_content":false,"footnotes":"","jetpack_publicize_message":"","jetpack_publicize_feature_enabled":true,"jetpack_social_post_already_shared":false,"jetpack_social_options":{"image_generator_settings":{"template":"highway","default_image_id":0,"font":"","enabled":false},"version":2}},"categories":[657],"tags":[18485,872,5972,105,2142,127,18486,2548,8160,1364,18484,13491],"class_list":["post-58440","post","type-post","status-publish","format-standard","has-post-thumbnail","hentry","category-spor","tag-2-0","tag-aci","tag-bize","tag-cok","tag-fazla","tag-geldi","tag-hakikaten","tag-ildiz","tag-maglup","tag-olmak","tag-pozisyon","tag-vermeden"],"jetpack_publicize_connections":[],"jetpack_featured_media_url":"https:\/\/i0.wp.com\/www.tvturk.com\/wp-content\/uploads\/2019\/02\/ildiz-cok-fazla-pozisyon-vermeden-2-0-maglup-olmak-hakikaten-bize-aci-geldi_71f0806.jpg?fit=1000%2C662","jetpack_sharing_enabled":true,"jetpack_shortlink":"https:\/\/wp.me\/paKIfm-fcA","_links":{"self":[{"href":"http:\/\/www.tvturk.com\/index.php\/wp-json\/wp\/v2\/posts\/58440","targetHints":{"allow":["GET"]}}],"collection":[{"href":"http:\/\/www.tvturk.com\/index.php\/wp-json\/wp\/v2\/posts"}],"about":[{"href":"http:\/\/www.tvturk.com\/index.php\/wp-json\/wp\/v2\/types\/post"}],"author":[{"embeddable":true,"href":"http:\/\/www.tvturk.com\/index.php\/wp-json\/wp\/v2\/users\/1"}],"replies":[{"embeddable":true,"href":"http:\/\/www.tvturk.com\/index.php\/wp-json\/wp\/v2\/comments?post=58440"}],"version-history":[{"count":0,"href":"http:\/\/www.tvturk.com\/index.php\/wp-json\/wp\/v2\/posts\/58440\/revisions"}],"wp:featuredmedia":[{"embeddable":true,"href":"http:\/\/www.tvturk.com\/index.php\/wp-json\/wp\/v2\/media\/58441"}],"wp:attachment":[{"href":"http:\/\/www.tvturk.com\/index.php\/wp-json\/wp\/v2\/media?parent=58440"}],"wp:term":[{"taxonomy":"category","embeddable":true,"href":"http:\/\/www.tvturk.com\/index.php\/wp-json\/wp\/v2\/categories?post=58440"},{"taxonomy":"post_tag","embeddable":true,"href":"http:\/\/www.tvturk.com\/index.php\/wp-json\/wp\/v2\/tags?post=58440"}],"curies":[{"name":"wp","href":"https:\/\/api.w.org\/{rel}","templated":true}]}}