{"id":58526,"date":"2019-02-24T20:51:06","date_gmt":"2019-02-24T17:51:06","guid":{"rendered":"http:\/\/www.tvturk.com\/index.php\/hanoi-trump-kim-zirvesi-icin-hazir\/"},"modified":"2019-02-24T20:51:09","modified_gmt":"2019-02-24T17:51:09","slug":"hanoi-trump-kim-zirvesi-icin-hazir","status":"publish","type":"post","link":"http:\/\/www.tvturk.com\/index.php\/hanoi-trump-kim-zirvesi-icin-hazir\/","title":{"rendered":"Hanoi, Trump-Kim zirvesi i\u00e7in haz\u0131r"},"content":{"rendered":"<p>Vietnam\u2019\u0131n ba\u015fkenti Hanoi\u2019de 27-28 \u015eubat tarihlerinde ABD Ba\u015fkan\u0131 Donald Trump ve Kuzey Kore Devlet Ba\u015fkan\u0131 Kim Jong-un aras\u0131nda yap\u0131lacak ikinci zirve i\u00e7in t\u00fcm haz\u0131rl\u0131klar tamamland\u0131.<\/p>\n<p>Kore Yar\u0131madas\u0131n\u0131n n\u00fckleer silahlardan ar\u0131nd\u0131r\u0131lmas\u0131 i\u00e7in ge\u00e7ti\u011fimiz Temmuz Singapur\u2019da bir araya gelen ABD Ba\u015fkan\u0131 Donald Trump ve Kuzey Kore Devlet Ba\u015fkan\u0131 Kim Jong-un, Vietnam\u2019\u0131n ba\u015fkenti Hanoi\u2019de tekrar g\u00f6r\u00fc\u015fecek. \u015eubat\u2019\u0131n 27 ve 28\u2019inde ger\u00e7ekle\u015ftirilecek zirvede kar\u015f\u0131l\u0131kl\u0131 ilerletilen ili\u015fkiler g\u00f6zden ge\u00e7irilecek ve n\u00fckleer silahlardan ar\u0131nma s\u00fcreci g\u00f6r\u00fc\u015f\u00fclecek.<\/p>\n<p>ABD\u2019nin k\u00f6t\u00fc \u00fcne sahip oldu\u011fu Vietnam\u2019da d\u00fczenlenen zirveyi takip edecek gazetecilerin 3 binden fazlas\u0131n\u0131n ba\u015fkente ula\u015ft\u0131\u011f\u0131 a\u00e7\u0131kland\u0131.<div class=\"tiled-gallery type-rectangular tiled-gallery-unresized\" data-original-width=\"500\" data-carousel-extra='null' itemscope itemtype=\"http:\/\/schema.org\/ImageGallery\" > <div class=\"gallery-row\" style=\"width: 500px; height: 224px;\" data-original-width=\"500\" data-original-height=\"224\" > <div class=\"gallery-group images-1\" style=\"width: 334px; height: 224px;\" data-original-width=\"334\" data-original-height=\"224\" > <div class=\"tiled-gallery-item tiled-gallery-item-large\" itemprop=\"associatedMedia\" itemscope itemtype=\"http:\/\/schema.org\/ImageObject\"> <a href=\"http:\/\/www.tvturk.com\/index.php\/hanoi-trump-kim-zirvesi-icin-hazir\/hanoi-trump-kim-zirvesi-icin-hazir-3\/\" border=\"0\" itemprop=\"url\"> <meta itemprop=\"width\" content=\"330\"> <meta itemprop=\"height\" content=\"220\"> <img decoding=\"async\" class=\"\" data-attachment-id=\"58528\" data-orig-file=\"http:\/\/www.tvturk.com\/wp-content\/uploads\/2019\/02\/hanoi-trump-kim-zirvesi-icin-hazir_456e2fe.jpg\" data-orig-size=\"1000,666\" data-comments-opened=\"\" data-image-meta=\"{&quot;aperture&quot;:&quot;0&quot;,&quot;credit&quot;:&quot;IHA&quot;,&quot;camera&quot;:&quot;&quot;,&quot;caption&quot;:&quot;V\\u0130ETNAM\\u2019IN BA\\u015eKENT\\u0130 HANO\\u0130\\u2019DE 27-28 \\u015eUBAT TAR\\u0130HLER\\u0130NDE ABD BA\\u015eKANI DONALD TRUMP VE KUZEY KORE DEVLET BA\\u015eKANI K\\u0130M JONG-UN ARASINDA YAPILACAK \\u0130K\\u0130NC\\u0130 Z\\u0130RVE \\u0130\\u00c7\\u0130N T\\u00dcM HAZIRLIKLAR TAMAMLANDI. (\\u0130HA\\\/HANO\\u0130-EPA)&quot;,&quot;created_timestamp&quot;:&quot;0&quot;,&quot;copyright&quot;:&quot;\\u0130HLAS HABER AJANSI, www.iha.com.tr&quot;,&quot;focal_length&quot;:&quot;0&quot;,&quot;iso&quot;:&quot;0&quot;,&quot;shutter_speed&quot;:&quot;0&quot;,&quot;title&quot;:&quot;HANO\\u0130, TRUMP-K\\u0130M Z\\u0130RVES\\u0130 \\u0130\\u00c7\\u0130N HAZIR&quot;,&quot;orientation&quot;:&quot;0&quot;}\" data-image-title=\"Hanoi, Trump-Kim zirvesi i\u00e7in haz\u0131r\" data-image-description=\"&lt;p&gt;Hanoi, Trump-Kim zirvesi i\u00e7in haz\u0131r&lt;\/p&gt; \" data-medium-file=\"https:\/\/i0.wp.com\/www.tvturk.com\/wp-content\/uploads\/2019\/02\/hanoi-trump-kim-zirvesi-icin-hazir_456e2fe.jpg?fit=300%2C200\" data-large-file=\"https:\/\/i0.wp.com\/www.tvturk.com\/wp-content\/uploads\/2019\/02\/hanoi-trump-kim-zirvesi-icin-hazir_456e2fe.jpg?fit=1000%2C666\" src=\"https:\/\/i0.wp.com\/www.tvturk.com\/wp-content\/uploads\/2019\/02\/hanoi-trump-kim-zirvesi-icin-hazir_456e2fe.jpg?w=330&#038;h=220\" srcset=\"https:\/\/i0.wp.com\/www.tvturk.com\/wp-content\/uploads\/2019\/02\/hanoi-trump-kim-zirvesi-icin-hazir_456e2fe.jpg?w=1000 1000w, https:\/\/i0.wp.com\/www.tvturk.com\/wp-content\/uploads\/2019\/02\/hanoi-trump-kim-zirvesi-icin-hazir_456e2fe.jpg?resize=150%2C100 150w, https:\/\/i0.wp.com\/www.tvturk.com\/wp-content\/uploads\/2019\/02\/hanoi-trump-kim-zirvesi-icin-hazir_456e2fe.jpg?resize=300%2C200 300w, https:\/\/i0.wp.com\/www.tvturk.com\/wp-content\/uploads\/2019\/02\/hanoi-trump-kim-zirvesi-icin-hazir_456e2fe.jpg?resize=768%2C511 768w, https:\/\/i0.wp.com\/www.tvturk.com\/wp-content\/uploads\/2019\/02\/hanoi-trump-kim-zirvesi-icin-hazir_456e2fe.jpg?resize=170%2C113 170w, https:\/\/i0.wp.com\/www.tvturk.com\/wp-content\/uploads\/2019\/02\/hanoi-trump-kim-zirvesi-icin-hazir_456e2fe.jpg?resize=120%2C80 120w\" width=\"330\" height=\"220\" loading=\"lazy\" data-original-width=\"330\" data-original-height=\"220\" itemprop=\"http:\/\/schema.org\/image\" title=\"Hanoi, Trump-Kim zirvesi i\u00e7in haz\u0131r\" alt=\"Hanoi, Trump-Kim zirvesi i\u00e7in haz\u0131r\" style=\"width: 330px; height: 220px;\" \/> <\/a> <\/div> <\/div> <!-- close group --> <div class=\"gallery-group images-2\" style=\"width: 166px; height: 224px;\" data-original-width=\"166\" data-original-height=\"224\" > <div class=\"tiled-gallery-item tiled-gallery-item-small\" itemprop=\"associatedMedia\" itemscope itemtype=\"http:\/\/schema.org\/ImageObject\"> <a href=\"http:\/\/www.tvturk.com\/index.php\/hanoi-trump-kim-zirvesi-icin-hazir\/hanoi-trump-kim-zirvesi-icin-hazir-4\/\" border=\"0\" itemprop=\"url\"> <meta itemprop=\"width\" content=\"162\"> <meta itemprop=\"height\" content=\"108\"> <img decoding=\"async\" class=\"\" data-attachment-id=\"58529\" data-orig-file=\"http:\/\/www.tvturk.com\/wp-content\/uploads\/2019\/02\/hanoi-trump-kim-zirvesi-icin-hazir_61af90c.jpg\" data-orig-size=\"1000,666\" data-comments-opened=\"\" data-image-meta=\"{&quot;aperture&quot;:&quot;0&quot;,&quot;credit&quot;:&quot;IHA&quot;,&quot;camera&quot;:&quot;&quot;,&quot;caption&quot;:&quot;V\\u0130ETNAM\\u2019IN BA\\u015eKENT\\u0130 HANO\\u0130\\u2019DE 27-28 \\u015eUBAT TAR\\u0130HLER\\u0130NDE ABD BA\\u015eKANI DONALD TRUMP VE KUZEY KORE DEVLET BA\\u015eKANI K\\u0130M JONG-UN ARASINDA YAPILACAK \\u0130K\\u0130NC\\u0130 Z\\u0130RVE \\u0130\\u00c7\\u0130N T\\u00dcM HAZIRLIKLAR TAMAMLANDI. (\\u0130HA\\\/HANO\\u0130-EPA)&quot;,&quot;created_timestamp&quot;:&quot;0&quot;,&quot;copyright&quot;:&quot;\\u0130HLAS HABER AJANSI, www.iha.com.tr&quot;,&quot;focal_length&quot;:&quot;0&quot;,&quot;iso&quot;:&quot;0&quot;,&quot;shutter_speed&quot;:&quot;0&quot;,&quot;title&quot;:&quot;HANO\\u0130, TRUMP-K\\u0130M Z\\u0130RVES\\u0130 \\u0130\\u00c7\\u0130N HAZIR&quot;,&quot;orientation&quot;:&quot;0&quot;}\" data-image-title=\"Hanoi, Trump-Kim zirvesi i\u00e7in haz\u0131r\" data-image-description=\"&lt;p&gt;Hanoi, Trump-Kim zirvesi i\u00e7in haz\u0131r&lt;\/p&gt; \" data-medium-file=\"https:\/\/i0.wp.com\/www.tvturk.com\/wp-content\/uploads\/2019\/02\/hanoi-trump-kim-zirvesi-icin-hazir_61af90c.jpg?fit=300%2C200\" data-large-file=\"https:\/\/i0.wp.com\/www.tvturk.com\/wp-content\/uploads\/2019\/02\/hanoi-trump-kim-zirvesi-icin-hazir_61af90c.jpg?fit=1000%2C666\" src=\"https:\/\/i0.wp.com\/www.tvturk.com\/wp-content\/uploads\/2019\/02\/hanoi-trump-kim-zirvesi-icin-hazir_61af90c.jpg?w=162&#038;h=108\" srcset=\"https:\/\/i0.wp.com\/www.tvturk.com\/wp-content\/uploads\/2019\/02\/hanoi-trump-kim-zirvesi-icin-hazir_61af90c.jpg?w=1000 1000w, https:\/\/i0.wp.com\/www.tvturk.com\/wp-content\/uploads\/2019\/02\/hanoi-trump-kim-zirvesi-icin-hazir_61af90c.jpg?resize=150%2C100 150w, https:\/\/i0.wp.com\/www.tvturk.com\/wp-content\/uploads\/2019\/02\/hanoi-trump-kim-zirvesi-icin-hazir_61af90c.jpg?resize=300%2C200 300w, https:\/\/i0.wp.com\/www.tvturk.com\/wp-content\/uploads\/2019\/02\/hanoi-trump-kim-zirvesi-icin-hazir_61af90c.jpg?resize=768%2C511 768w, https:\/\/i0.wp.com\/www.tvturk.com\/wp-content\/uploads\/2019\/02\/hanoi-trump-kim-zirvesi-icin-hazir_61af90c.jpg?resize=170%2C113 170w, https:\/\/i0.wp.com\/www.tvturk.com\/wp-content\/uploads\/2019\/02\/hanoi-trump-kim-zirvesi-icin-hazir_61af90c.jpg?resize=120%2C80 120w\" width=\"162\" height=\"108\" loading=\"lazy\" data-original-width=\"162\" data-original-height=\"108\" itemprop=\"http:\/\/schema.org\/image\" title=\"Hanoi, Trump-Kim zirvesi i\u00e7in haz\u0131r\" alt=\"Hanoi, Trump-Kim zirvesi i\u00e7in haz\u0131r\" style=\"width: 162px; height: 108px;\" \/> <\/a> <\/div> <div class=\"tiled-gallery-item tiled-gallery-item-small\" itemprop=\"associatedMedia\" itemscope itemtype=\"http:\/\/schema.org\/ImageObject\"> <a href=\"http:\/\/www.tvturk.com\/index.php\/hanoi-trump-kim-zirvesi-icin-hazir\/hanoi-trump-kim-zirvesi-icin-hazir-5\/\" border=\"0\" itemprop=\"url\"> <meta itemprop=\"width\" content=\"162\"> <meta itemprop=\"height\" content=\"108\"> <img decoding=\"async\" class=\"\" data-attachment-id=\"58530\" data-orig-file=\"http:\/\/www.tvturk.com\/wp-content\/uploads\/2019\/02\/hanoi-trump-kim-zirvesi-icin-hazir_efbda81.jpg\" data-orig-size=\"1000,666\" data-comments-opened=\"\" data-image-meta=\"{&quot;aperture&quot;:&quot;0&quot;,&quot;credit&quot;:&quot;IHA&quot;,&quot;camera&quot;:&quot;&quot;,&quot;caption&quot;:&quot;V\\u0130ETNAM\\u2019IN BA\\u015eKENT\\u0130 HANO\\u0130\\u2019DE 27-28 \\u015eUBAT TAR\\u0130HLER\\u0130NDE ABD BA\\u015eKANI DONALD TRUMP VE KUZEY KORE DEVLET BA\\u015eKANI K\\u0130M JONG-UN ARASINDA YAPILACAK \\u0130K\\u0130NC\\u0130 Z\\u0130RVE \\u0130\\u00c7\\u0130N T\\u00dcM HAZIRLIKLAR TAMAMLANDI. (\\u0130HA\\\/HANO\\u0130-EPA)&quot;,&quot;created_timestamp&quot;:&quot;0&quot;,&quot;copyright&quot;:&quot;\\u0130HLAS HABER AJANSI, www.iha.com.tr&quot;,&quot;focal_length&quot;:&quot;0&quot;,&quot;iso&quot;:&quot;0&quot;,&quot;shutter_speed&quot;:&quot;0&quot;,&quot;title&quot;:&quot;HANO\\u0130, TRUMP-K\\u0130M Z\\u0130RVES\\u0130 \\u0130\\u00c7\\u0130N HAZIR&quot;,&quot;orientation&quot;:&quot;0&quot;}\" data-image-title=\"Hanoi, Trump-Kim zirvesi i\u00e7in haz\u0131r\" data-image-description=\"&lt;p&gt;Hanoi, Trump-Kim zirvesi i\u00e7in haz\u0131r&lt;\/p&gt; \" data-medium-file=\"https:\/\/i0.wp.com\/www.tvturk.com\/wp-content\/uploads\/2019\/02\/hanoi-trump-kim-zirvesi-icin-hazir_efbda81.jpg?fit=300%2C200\" data-large-file=\"https:\/\/i0.wp.com\/www.tvturk.com\/wp-content\/uploads\/2019\/02\/hanoi-trump-kim-zirvesi-icin-hazir_efbda81.jpg?fit=1000%2C666\" src=\"https:\/\/i0.wp.com\/www.tvturk.com\/wp-content\/uploads\/2019\/02\/hanoi-trump-kim-zirvesi-icin-hazir_efbda81.jpg?w=162&#038;h=108\" srcset=\"https:\/\/i0.wp.com\/www.tvturk.com\/wp-content\/uploads\/2019\/02\/hanoi-trump-kim-zirvesi-icin-hazir_efbda81.jpg?w=1000 1000w, https:\/\/i0.wp.com\/www.tvturk.com\/wp-content\/uploads\/2019\/02\/hanoi-trump-kim-zirvesi-icin-hazir_efbda81.jpg?resize=150%2C100 150w, https:\/\/i0.wp.com\/www.tvturk.com\/wp-content\/uploads\/2019\/02\/hanoi-trump-kim-zirvesi-icin-hazir_efbda81.jpg?resize=300%2C200 300w, https:\/\/i0.wp.com\/www.tvturk.com\/wp-content\/uploads\/2019\/02\/hanoi-trump-kim-zirvesi-icin-hazir_efbda81.jpg?resize=768%2C511 768w, https:\/\/i0.wp.com\/www.tvturk.com\/wp-content\/uploads\/2019\/02\/hanoi-trump-kim-zirvesi-icin-hazir_efbda81.jpg?resize=170%2C113 170w, https:\/\/i0.wp.com\/www.tvturk.com\/wp-content\/uploads\/2019\/02\/hanoi-trump-kim-zirvesi-icin-hazir_efbda81.jpg?resize=120%2C80 120w\" width=\"162\" height=\"108\" loading=\"lazy\" data-original-width=\"162\" data-original-height=\"108\" itemprop=\"http:\/\/schema.org\/image\" title=\"Hanoi, Trump-Kim zirvesi i\u00e7in haz\u0131r\" alt=\"Hanoi, Trump-Kim zirvesi i\u00e7in haz\u0131r\" style=\"width: 162px; height: 108px;\" \/> <\/a> <\/div> <\/div> <!-- close group --> <\/div> <!-- close row --> <\/div><\/p>\n","protected":false},"excerpt":{"rendered":"<p>V\u0130ETNAM\u2019IN BA\u015eKENT\u0130 HANO\u0130\u2019DE 27-28 \u015eUBAT TAR\u0130HLER\u0130NDE ABD BA\u015eKANI DONALD TRUMP VE KUZEY KORE DEVLET BA\u015eKANI K\u0130M JONG-UN ARASINDA YAPILACAK \u0130K\u0130NC\u0130 Z\u0130RVE \u0130\u00c7\u0130N T\u00dcM HAZIRLIKLAR TAMAMLANDI.<\/p>\n","protected":false},"author":1,"featured_media":58527,"comment_status":"closed","ping_status":"open","sticky":false,"template":"","format":"standard","meta":{"jetpack_post_was_ever_published":false,"_jetpack_newsletter_access":"","_jetpack_dont_email_post_to_subs":false,"_jetpack_newsletter_tier_id":0,"_jetpack_memberships_contains_paywalled_content":false,"_jetpack_memberships_contains_paid_content":false,"footnotes":"","jetpack_publicize_message":"","jetpack_publicize_feature_enabled":true,"jetpack_social_post_already_shared":false,"jetpack_social_options":{"image_generator_settings":{"template":"highway","default_image_id":0,"font":"","enabled":false},"version":2}},"categories":[10],"tags":[18501,4013,44,18502,411],"class_list":["post-58526","post","type-post","status-publish","format-standard","has-post-thumbnail","hentry","category-dunya","tag-hanoi","tag-hazir","tag-icin","tag-trump-kim","tag-zirvesi"],"jetpack_publicize_connections":[],"jetpack_featured_media_url":"https:\/\/i0.wp.com\/www.tvturk.com\/wp-content\/uploads\/2019\/02\/hanoi-trump-kim-zirvesi-icin-hazir_d3f0f49.jpg?fit=1000%2C666","jetpack_sharing_enabled":true,"jetpack_shortlink":"https:\/\/wp.me\/paKIfm-fdY","_links":{"self":[{"href":"http:\/\/www.tvturk.com\/index.php\/wp-json\/wp\/v2\/posts\/58526","targetHints":{"allow":["GET"]}}],"collection":[{"href":"http:\/\/www.tvturk.com\/index.php\/wp-json\/wp\/v2\/posts"}],"about":[{"href":"http:\/\/www.tvturk.com\/index.php\/wp-json\/wp\/v2\/types\/post"}],"author":[{"embeddable":true,"href":"http:\/\/www.tvturk.com\/index.php\/wp-json\/wp\/v2\/users\/1"}],"replies":[{"embeddable":true,"href":"http:\/\/www.tvturk.com\/index.php\/wp-json\/wp\/v2\/comments?post=58526"}],"version-history":[{"count":1,"href":"http:\/\/www.tvturk.com\/index.php\/wp-json\/wp\/v2\/posts\/58526\/revisions"}],"predecessor-version":[{"id":58531,"href":"http:\/\/www.tvturk.com\/index.php\/wp-json\/wp\/v2\/posts\/58526\/revisions\/58531"}],"wp:featuredmedia":[{"embeddable":true,"href":"http:\/\/www.tvturk.com\/index.php\/wp-json\/wp\/v2\/media\/58527"}],"wp:attachment":[{"href":"http:\/\/www.tvturk.com\/index.php\/wp-json\/wp\/v2\/media?parent=58526"}],"wp:term":[{"taxonomy":"category","embeddable":true,"href":"http:\/\/www.tvturk.com\/index.php\/wp-json\/wp\/v2\/categories?post=58526"},{"taxonomy":"post_tag","embeddable":true,"href":"http:\/\/www.tvturk.com\/index.php\/wp-json\/wp\/v2\/tags?post=58526"}],"curies":[{"name":"wp","href":"https:\/\/api.w.org\/{rel}","templated":true}]}}