{"id":58532,"date":"2019-02-24T21:05:59","date_gmt":"2019-02-24T18:05:59","guid":{"rendered":"http:\/\/www.tvturk.com\/index.php\/belcikada-10-bin-kisi-iklim-icin-yurudu\/"},"modified":"2019-02-24T21:06:02","modified_gmt":"2019-02-24T18:06:02","slug":"belcikada-10-bin-kisi-iklim-icin-yurudu","status":"publish","type":"post","link":"http:\/\/www.tvturk.com\/index.php\/belcikada-10-bin-kisi-iklim-icin-yurudu\/","title":{"rendered":"Bel\u00e7ika\u2019da 10 bin ki\u015fi iklim i\u00e7in y\u00fcr\u00fcd\u00fc"},"content":{"rendered":"<p>Bel\u00e7ika\u2019n\u0131n Gent kentinde h\u00fck\u00fcmetin iklim politikas\u0131n\u0131 protesto etmek i\u00e7in 10 binin \u00fczerinde ki\u015fi topland\u0131.<\/p>\n<p>Bel\u00e7ika\u2019da, h\u00fck\u00fcmetin iklim politikas\u0131na kar\u015f\u0131 d\u00fczenlenen g\u00f6steriler haftalard\u0131r devam ediyor. Gent \u015fehrinin Sint-Pietersplein meydan\u0131nda toplanan 10 bin ki\u015fi, h\u00fck\u00fcmetin iklim politikas\u0131n\u0131n protesto etmek i\u00e7in 10 binin \u00fczerinde \u00e7oluklu \u00e7ocuklu y\u00fcr\u00fcd\u00fc. H\u00fck\u00fcmetin iklim politikas\u0131n\u0131 protesto edenler aras\u0131nda Groen! (Ye\u015filler) Partisi Genel Ba\u015fkan\u0131 ve Milletvekili Meyrem Almac\u0131 da yer ald\u0131. Greenpeace ve Gent \u015fehrinden bir\u00e7ok sivil toplum g\u00f6n\u00fcll\u00fcleri de y\u00fcr\u00fcy\u00fc\u015fe kat\u0131ld\u0131. Greenpeace\u2019li Joerie Thijs, \u201cHuk\u00fcmetin iklim politikas\u0131n\u0131 protesto etmemiz i\u00e7in ge\u00e7 kald\u0131\u011f\u0131m\u0131z\u0131 d\u00fc\u015f\u00fcn\u00fcyorum. \u00d6zellikle Gent kentinde bu protesto i\u00e7in seferber olduk\u201d dedi.<\/p>\n<p>Almac\u0131, yapt\u0131\u011f\u0131 a\u00e7\u0131klamada, \u201cGent kentinde dola\u015f\u0131m plan\u0131 ile ya\u015fam ve hava kalitesinde \u00e7ok b\u00fcy\u00fck geli\u015fmeler elde ettik. K\u0131\u015f hen\u00fcz bitmedi ama yine de pek \u00e7ok ki\u015fi, g\u00f6steriye ceketsiz, hatta \u015fortla kat\u0131ld\u0131. Hava s\u0131cakl\u0131\u011f\u0131 \u015fuanda 15 derece. Herkes bunun normal olmad\u0131\u011f\u0131n\u0131 biliyor\u201d ifadelerini kulland\u0131. Greenpeace s\u00f6zc\u00fcs\u00fc Thijs de, \u201cS\u0131cak bir haftay\u0131 iklim de\u011fi\u015fikli\u011fine ba\u011flamak \u00e7ok zor. Ancak havan\u0131n mevsim normallerinin \u00fcst\u00fcnde oldu\u011funu biliyoruz. Daha s\u0131k kurakl\u0131k g\u00f6r\u00fcyoruz\u201d diye konu\u015ftu.<div class=\"tiled-gallery type-rectangular tiled-gallery-unresized\" data-original-width=\"500\" data-carousel-extra='null' itemscope itemtype=\"http:\/\/schema.org\/ImageGallery\" > <div class=\"gallery-row\" style=\"width: 500px; height: 250px;\" data-original-width=\"500\" data-original-height=\"250\" > <div class=\"gallery-group images-1\" style=\"width: 351px; height: 250px;\" data-original-width=\"351\" data-original-height=\"250\" > <div class=\"tiled-gallery-item tiled-gallery-item-large\" itemprop=\"associatedMedia\" itemscope itemtype=\"http:\/\/schema.org\/ImageObject\"> <a href=\"http:\/\/www.tvturk.com\/index.php\/belcikada-10-bin-kisi-iklim-icin-yurudu\/belcikada-10-bin-kisi-iklim-icin-yurudu-3\/\" border=\"0\" itemprop=\"url\"> <meta itemprop=\"width\" content=\"347\"> <meta itemprop=\"height\" content=\"246\"> <img decoding=\"async\" class=\"\" data-attachment-id=\"58534\" data-orig-file=\"http:\/\/www.tvturk.com\/wp-content\/uploads\/2019\/02\/belcikada-10-bin-kisi-iklim-icin-yurudu_cb155f8.jpg\" data-orig-size=\"1000,711\" data-comments-opened=\"\" data-image-meta=\"{&quot;aperture&quot;:&quot;0&quot;,&quot;credit&quot;:&quot;IHA&quot;,&quot;camera&quot;:&quot;&quot;,&quot;caption&quot;:&quot;BEL\\u00c7\\u0130KA\\u0027DA 10 B\\u0130N K\\u0130\\u015e\\u0130 \\u0130KL\\u0130M \\u0130\\u00c7\\u0130N Y\\u00dcR\\u00dcD\\u00dc. (HAL\\u0130L UYGUN\\\/GENTH-\\u0130HA)&quot;,&quot;created_timestamp&quot;:&quot;0&quot;,&quot;copyright&quot;:&quot;\\u0130HLAS HABER AJANSI, www.iha.com.tr&quot;,&quot;focal_length&quot;:&quot;0&quot;,&quot;iso&quot;:&quot;0&quot;,&quot;shutter_speed&quot;:&quot;0&quot;,&quot;title&quot;:&quot;BEL\\u00c7\\u0130KA\\u0027DA 10 B\\u0130N K\\u0130\\u015e\\u0130 \\u0130KL\\u0130M \\u0130\\u00c7\\u0130N Y\\u00dcR\\u00dcD\\u00dc&quot;,&quot;orientation&quot;:&quot;0&quot;}\" data-image-title=\"Bel\u00e7ika\u2019da 10 bin ki\u015fi iklim i\u00e7in y\u00fcr\u00fcd\u00fc\" data-image-description=\"&lt;p&gt;Bel\u00e7ika\u2019da 10 bin ki\u015fi iklim i\u00e7in y\u00fcr\u00fcd\u00fc&lt;\/p&gt; \" data-medium-file=\"https:\/\/i0.wp.com\/www.tvturk.com\/wp-content\/uploads\/2019\/02\/belcikada-10-bin-kisi-iklim-icin-yurudu_cb155f8.jpg?fit=300%2C213\" data-large-file=\"https:\/\/i0.wp.com\/www.tvturk.com\/wp-content\/uploads\/2019\/02\/belcikada-10-bin-kisi-iklim-icin-yurudu_cb155f8.jpg?fit=1000%2C711\" src=\"https:\/\/i0.wp.com\/www.tvturk.com\/wp-content\/uploads\/2019\/02\/belcikada-10-bin-kisi-iklim-icin-yurudu_cb155f8.jpg?w=347&#038;h=246\" srcset=\"https:\/\/i0.wp.com\/www.tvturk.com\/wp-content\/uploads\/2019\/02\/belcikada-10-bin-kisi-iklim-icin-yurudu_cb155f8.jpg?w=1000 1000w, https:\/\/i0.wp.com\/www.tvturk.com\/wp-content\/uploads\/2019\/02\/belcikada-10-bin-kisi-iklim-icin-yurudu_cb155f8.jpg?resize=150%2C107 150w, https:\/\/i0.wp.com\/www.tvturk.com\/wp-content\/uploads\/2019\/02\/belcikada-10-bin-kisi-iklim-icin-yurudu_cb155f8.jpg?resize=300%2C213 300w, https:\/\/i0.wp.com\/www.tvturk.com\/wp-content\/uploads\/2019\/02\/belcikada-10-bin-kisi-iklim-icin-yurudu_cb155f8.jpg?resize=768%2C546 768w\" width=\"347\" height=\"246\" loading=\"lazy\" data-original-width=\"347\" data-original-height=\"246\" itemprop=\"http:\/\/schema.org\/image\" title=\"Bel\u00e7ika\u2019da 10 bin ki\u015fi iklim i\u00e7in y\u00fcr\u00fcd\u00fc\" alt=\"Bel\u00e7ika\u2019da 10 bin ki\u015fi iklim i\u00e7in y\u00fcr\u00fcd\u00fc\" style=\"width: 347px; height: 246px;\" \/> <\/a> <\/div> <\/div> <!-- close group --> <div class=\"gallery-group images-2\" style=\"width: 149px; height: 250px;\" data-original-width=\"149\" data-original-height=\"250\" > <div class=\"tiled-gallery-item tiled-gallery-item-small\" itemprop=\"associatedMedia\" itemscope itemtype=\"http:\/\/schema.org\/ImageObject\"> <a href=\"http:\/\/www.tvturk.com\/index.php\/belcikada-10-bin-kisi-iklim-icin-yurudu\/belcikada-10-bin-kisi-iklim-icin-yurudu-4\/\" border=\"0\" itemprop=\"url\"> <meta itemprop=\"width\" content=\"145\"> <meta itemprop=\"height\" content=\"97\"> <img decoding=\"async\" class=\"\" data-attachment-id=\"58535\" data-orig-file=\"http:\/\/www.tvturk.com\/wp-content\/uploads\/2019\/02\/belcikada-10-bin-kisi-iklim-icin-yurudu_7d5ff90.jpg\" data-orig-size=\"1000,666\" data-comments-opened=\"\" data-image-meta=\"{&quot;aperture&quot;:&quot;0&quot;,&quot;credit&quot;:&quot;IHA&quot;,&quot;camera&quot;:&quot;&quot;,&quot;caption&quot;:&quot;BEL\\u00c7\\u0130KA\\u2019NIN GENT KENT\\u0130NDE H\\u00dcK\\u00dcMET\\u0130N \\u0130KL\\u0130M POL\\u0130T\\u0130KASINI PROTESTO ETMEK \\u0130\\u00c7\\u0130N 10 B\\u0130N\\u0130N \\u00dcZER\\u0130NDE K\\u0130\\u015e\\u0130 TOPLANDI. (HAL\\u0130L UYGUN\\\/GENTH-\\u0130HA)&quot;,&quot;created_timestamp&quot;:&quot;0&quot;,&quot;copyright&quot;:&quot;\\u0130HLAS HABER AJANSI, www.iha.com.tr&quot;,&quot;focal_length&quot;:&quot;0&quot;,&quot;iso&quot;:&quot;0&quot;,&quot;shutter_speed&quot;:&quot;0&quot;,&quot;title&quot;:&quot;BEL\\u00c7\\u0130KA\\u0027DA 10 B\\u0130N K\\u0130\\u015e\\u0130 \\u0130KL\\u0130M \\u0130\\u00c7\\u0130N Y\\u00dcR\\u00dcD\\u00dc&quot;,&quot;orientation&quot;:&quot;0&quot;}\" data-image-title=\"Bel\u00e7ika\u2019da 10 bin ki\u015fi iklim i\u00e7in y\u00fcr\u00fcd\u00fc\" data-image-description=\"&lt;p&gt;Bel\u00e7ika\u2019da 10 bin ki\u015fi iklim i\u00e7in y\u00fcr\u00fcd\u00fc&lt;\/p&gt; \" data-medium-file=\"https:\/\/i0.wp.com\/www.tvturk.com\/wp-content\/uploads\/2019\/02\/belcikada-10-bin-kisi-iklim-icin-yurudu_7d5ff90.jpg?fit=300%2C200\" data-large-file=\"https:\/\/i0.wp.com\/www.tvturk.com\/wp-content\/uploads\/2019\/02\/belcikada-10-bin-kisi-iklim-icin-yurudu_7d5ff90.jpg?fit=1000%2C666\" src=\"https:\/\/i0.wp.com\/www.tvturk.com\/wp-content\/uploads\/2019\/02\/belcikada-10-bin-kisi-iklim-icin-yurudu_7d5ff90.jpg?w=145&#038;h=97\" srcset=\"https:\/\/i0.wp.com\/www.tvturk.com\/wp-content\/uploads\/2019\/02\/belcikada-10-bin-kisi-iklim-icin-yurudu_7d5ff90.jpg?w=1000 1000w, https:\/\/i0.wp.com\/www.tvturk.com\/wp-content\/uploads\/2019\/02\/belcikada-10-bin-kisi-iklim-icin-yurudu_7d5ff90.jpg?resize=150%2C100 150w, https:\/\/i0.wp.com\/www.tvturk.com\/wp-content\/uploads\/2019\/02\/belcikada-10-bin-kisi-iklim-icin-yurudu_7d5ff90.jpg?resize=300%2C200 300w, https:\/\/i0.wp.com\/www.tvturk.com\/wp-content\/uploads\/2019\/02\/belcikada-10-bin-kisi-iklim-icin-yurudu_7d5ff90.jpg?resize=768%2C511 768w, https:\/\/i0.wp.com\/www.tvturk.com\/wp-content\/uploads\/2019\/02\/belcikada-10-bin-kisi-iklim-icin-yurudu_7d5ff90.jpg?resize=170%2C113 170w, https:\/\/i0.wp.com\/www.tvturk.com\/wp-content\/uploads\/2019\/02\/belcikada-10-bin-kisi-iklim-icin-yurudu_7d5ff90.jpg?resize=120%2C80 120w, https:\/\/i0.wp.com\/www.tvturk.com\/wp-content\/uploads\/2019\/02\/belcikada-10-bin-kisi-iklim-icin-yurudu_7d5ff90.jpg?resize=80%2C55 80w\" width=\"145\" height=\"97\" loading=\"lazy\" data-original-width=\"145\" data-original-height=\"97\" itemprop=\"http:\/\/schema.org\/image\" title=\"Bel\u00e7ika\u2019da 10 bin ki\u015fi iklim i\u00e7in y\u00fcr\u00fcd\u00fc\" alt=\"Bel\u00e7ika\u2019da 10 bin ki\u015fi iklim i\u00e7in y\u00fcr\u00fcd\u00fc\" style=\"width: 145px; height: 97px;\" \/> <\/a> <\/div> <div class=\"tiled-gallery-item tiled-gallery-item-small\" itemprop=\"associatedMedia\" itemscope itemtype=\"http:\/\/schema.org\/ImageObject\"> <a href=\"http:\/\/www.tvturk.com\/index.php\/belcikada-10-bin-kisi-iklim-icin-yurudu\/belcikada-10-bin-kisi-iklim-icin-yurudu-5\/\" border=\"0\" itemprop=\"url\"> <meta itemprop=\"width\" content=\"145\"> <meta itemprop=\"height\" content=\"145\"> <img decoding=\"async\" class=\"\" data-attachment-id=\"58536\" data-orig-file=\"http:\/\/www.tvturk.com\/wp-content\/uploads\/2019\/02\/belcikada-10-bin-kisi-iklim-icin-yurudu_8505749.jpg\" data-orig-size=\"960,960\" data-comments-opened=\"\" data-image-meta=\"{&quot;aperture&quot;:&quot;0&quot;,&quot;credit&quot;:&quot;IHA&quot;,&quot;camera&quot;:&quot;&quot;,&quot;caption&quot;:&quot;MERYEM ALMACI (ORTADA) (HAL\\u0130L UYGUN\\\/GENTH-\\u0130HA)&quot;,&quot;created_timestamp&quot;:&quot;1551070980&quot;,&quot;copyright&quot;:&quot;\\u0130HLAS HABER AJANSI, www.iha.com.tr&quot;,&quot;focal_length&quot;:&quot;0&quot;,&quot;iso&quot;:&quot;0&quot;,&quot;shutter_speed&quot;:&quot;0&quot;,&quot;title&quot;:&quot;BEL\\u00c7\\u0130KA\\u0027DA 10 B\\u0130N K\\u0130\\u015e\\u0130 \\u0130KL\\u0130M \\u0130\\u00c7\\u0130N Y\\u00dcR\\u00dcD\\u00dc&quot;,&quot;orientation&quot;:&quot;1&quot;}\" data-image-title=\"Bel\u00e7ika\u2019da 10 bin ki\u015fi iklim i\u00e7in y\u00fcr\u00fcd\u00fc\" data-image-description=\"&lt;p&gt;Bel\u00e7ika\u2019da 10 bin ki\u015fi iklim i\u00e7in y\u00fcr\u00fcd\u00fc&lt;\/p&gt; \" data-medium-file=\"https:\/\/i0.wp.com\/www.tvturk.com\/wp-content\/uploads\/2019\/02\/belcikada-10-bin-kisi-iklim-icin-yurudu_8505749.jpg?fit=300%2C300\" data-large-file=\"https:\/\/i0.wp.com\/www.tvturk.com\/wp-content\/uploads\/2019\/02\/belcikada-10-bin-kisi-iklim-icin-yurudu_8505749.jpg?fit=960%2C960\" src=\"https:\/\/i0.wp.com\/www.tvturk.com\/wp-content\/uploads\/2019\/02\/belcikada-10-bin-kisi-iklim-icin-yurudu_8505749.jpg?w=145&#038;h=145&#038;crop=1\" srcset=\"https:\/\/i0.wp.com\/www.tvturk.com\/wp-content\/uploads\/2019\/02\/belcikada-10-bin-kisi-iklim-icin-yurudu_8505749.jpg?w=960 960w, https:\/\/i0.wp.com\/www.tvturk.com\/wp-content\/uploads\/2019\/02\/belcikada-10-bin-kisi-iklim-icin-yurudu_8505749.jpg?resize=150%2C150 150w, https:\/\/i0.wp.com\/www.tvturk.com\/wp-content\/uploads\/2019\/02\/belcikada-10-bin-kisi-iklim-icin-yurudu_8505749.jpg?resize=300%2C300 300w, https:\/\/i0.wp.com\/www.tvturk.com\/wp-content\/uploads\/2019\/02\/belcikada-10-bin-kisi-iklim-icin-yurudu_8505749.jpg?resize=768%2C768 768w\" width=\"145\" height=\"145\" loading=\"lazy\" data-original-width=\"145\" data-original-height=\"145\" itemprop=\"http:\/\/schema.org\/image\" title=\"Bel\u00e7ika\u2019da 10 bin ki\u015fi iklim i\u00e7in y\u00fcr\u00fcd\u00fc\" alt=\"Bel\u00e7ika\u2019da 10 bin ki\u015fi iklim i\u00e7in y\u00fcr\u00fcd\u00fc\" style=\"width: 145px; height: 145px;\" \/> <\/a> <\/div> <\/div> <!-- close group --> <\/div> <!-- close row --> <\/div><\/p>\n","protected":false},"excerpt":{"rendered":"<p>BEL\u00c7\u0130KA\u2019NIN GENT KENT\u0130NDE H\u00dcK\u00dcMET\u0130N \u0130KL\u0130M POL\u0130T\u0130KASINI PROTESTO ETMEK \u0130\u00c7\u0130N 10 B\u0130N\u0130N \u00dcZER\u0130NDE K\u0130\u015e\u0130 TOPLANDI.<\/p>\n","protected":false},"author":1,"featured_media":58533,"comment_status":"closed","ping_status":"open","sticky":false,"template":"","format":"standard","meta":{"jetpack_post_was_ever_published":false,"_jetpack_newsletter_access":"","_jetpack_dont_email_post_to_subs":false,"_jetpack_newsletter_tier_id":0,"_jetpack_memberships_contains_paywalled_content":false,"_jetpack_memberships_contains_paid_content":false,"footnotes":"","jetpack_publicize_message":"","jetpack_publicize_feature_enabled":true,"jetpack_social_post_already_shared":false,"jetpack_social_options":{"image_generator_settings":{"template":"highway","default_image_id":0,"font":"","enabled":false},"version":2}},"categories":[10],"tags":[5836,213,44,6633,1012,2032],"class_list":["post-58532","post","type-post","status-publish","format-standard","has-post-thumbnail","hentry","category-dunya","tag-belcikada","tag-bin","tag-icin","tag-iklim","tag-kisi","tag-yurudu"],"jetpack_publicize_connections":[],"jetpack_featured_media_url":"https:\/\/i0.wp.com\/www.tvturk.com\/wp-content\/uploads\/2019\/02\/belcikada-10-bin-kisi-iklim-icin-yurudu_6fe44e7.jpg?fit=1000%2C696","jetpack_sharing_enabled":true,"jetpack_shortlink":"https:\/\/wp.me\/paKIfm-fe4","_links":{"self":[{"href":"http:\/\/www.tvturk.com\/index.php\/wp-json\/wp\/v2\/posts\/58532","targetHints":{"allow":["GET"]}}],"collection":[{"href":"http:\/\/www.tvturk.com\/index.php\/wp-json\/wp\/v2\/posts"}],"about":[{"href":"http:\/\/www.tvturk.com\/index.php\/wp-json\/wp\/v2\/types\/post"}],"author":[{"embeddable":true,"href":"http:\/\/www.tvturk.com\/index.php\/wp-json\/wp\/v2\/users\/1"}],"replies":[{"embeddable":true,"href":"http:\/\/www.tvturk.com\/index.php\/wp-json\/wp\/v2\/comments?post=58532"}],"version-history":[{"count":1,"href":"http:\/\/www.tvturk.com\/index.php\/wp-json\/wp\/v2\/posts\/58532\/revisions"}],"predecessor-version":[{"id":58537,"href":"http:\/\/www.tvturk.com\/index.php\/wp-json\/wp\/v2\/posts\/58532\/revisions\/58537"}],"wp:featuredmedia":[{"embeddable":true,"href":"http:\/\/www.tvturk.com\/index.php\/wp-json\/wp\/v2\/media\/58533"}],"wp:attachment":[{"href":"http:\/\/www.tvturk.com\/index.php\/wp-json\/wp\/v2\/media?parent=58532"}],"wp:term":[{"taxonomy":"category","embeddable":true,"href":"http:\/\/www.tvturk.com\/index.php\/wp-json\/wp\/v2\/categories?post=58532"},{"taxonomy":"post_tag","embeddable":true,"href":"http:\/\/www.tvturk.com\/index.php\/wp-json\/wp\/v2\/tags?post=58532"}],"curies":[{"name":"wp","href":"https:\/\/api.w.org\/{rel}","templated":true}]}}