{"id":59266,"date":"2019-02-25T14:40:00","date_gmt":"2019-02-25T11:40:00","guid":{"rendered":"http:\/\/www.tvturk.com\/?p=59266"},"modified":"2019-04-28T21:53:50","modified_gmt":"2019-04-28T18:53:50","slug":"avrupa-birligi-icin-bitmeyen-umidimiz","status":"publish","type":"post","link":"http:\/\/www.tvturk.com\/index.php\/avrupa-birligi-icin-bitmeyen-umidimiz\/","title":{"rendered":"Avrupa Birli\u011fi i\u00e7in bitmeyen \u00fcmidimiz"},"content":{"rendered":"\n<p>\u00c7ocukluk ve erken\ngen\u00e7lik y\u0131llar\u0131m\u0131zda Ortak Pazar olarak duydu\u011fumuz sonralar\u0131nda G\u00fcmr\u00fck Birli\u011fi\nve elbette nedir bu Avrupa Birli\u011fi?<\/p>\n\n\n\n<p>Alt\u0131lar ad\u0131\nverilen Almanya, Fransa, \u0130talya, Hollanda, Bel\u00e7ika ve L\u00fcksemburg \u00f6nce Avrupa\nK\u00f6m\u00fcr ve \u00c7elik birli\u011fini, sonra yeni proje olarak Avrupa iktisadi Birli\u011fi veya\ndaha modern ismiyle 25 Mart 1957\u2019de Avrupa Ekonomik Toplulu\u011funu kurdu.<\/p>\n\n\n\n<p>Neden ismi ekonomik\ntopluluk, cevab\u0131 gayet basit; \u00e7\u00fcnk\u00fc \u00f6ncesinde askeri ve siyasi birli\u011fi\ndenediler olmad\u0131. Victor Hugo\u2019ya kadar dayanan bu Avrupa Birli\u011finin olu\u015fmas\u0131 da\nzaten kolay bir \u015fey de\u011fildi, kolay da olmayacak. <\/p>\n\n\n\n<p>Bu konuda yorum\nyapmak i\u00e7in bir uluslar aras\u0131 siyaset bilimcisi olmaya gerek yok, biraz tarih\nokuyan basit cevab\u0131 bulabilir. <\/p>\n\n\n\n<p>Y\u00fczy\u0131l Sava\u015flar\u0131\n(\u0130ngiliz-Frans\u0131z\/1337-1453)<\/p>\n\n\n\n<p>Seksen Y\u0131l\nSava\u015f\u0131-Hollanda \u0130syan\u0131 (\u0130spanya-Hollandal\u0131 \u0130syanc\u0131lar\/1568-1648)<\/p>\n\n\n\n<p>Otuzy\u0131l Sava\u015flar\u0131\n(1618-1648)<\/p>\n\n\n\n<p>Yedi Y\u0131l Sava\u015f\u0131\n(1756-1763)<\/p>\n\n\n\n<p>Dokuz y\u0131l\nSava\u015flar\u0131 (1688-1697)<\/p>\n\n\n\n<p>I. ve II. D\u00fcnya\nsava\u015flar\u0131<\/p>\n\n\n\n<p>Avrupa \u00fclkelerinin millet kavram\u0131na ula\u015fmas\u0131 yani \u00fclke olmas\u0131 bile birka\u00e7 y\u00fczy\u0131l \u00f6ncesine dayan\u0131r. Bu millet olma \u00f6ncesi kantonluklar, derebeylik \u00fclkeleriydiler. Bug\u00fcn bile \u0130svi\u00e7re\u2019de 26 kanton, yani i\u00e7 i\u015flerinde serbest 26 \u00fclke var diyebiliriz. Dil birli\u011fi olmayan, hatta insanlar\u0131 ile konu\u015ftu\u011funuzda k\u00fclt\u00fcrel farklar\u0131 olan 26 tip insan. Almanya g\u00fcneyindeki kuzeyindeki a\u015fa\u011f\u0131lar. Frans\u0131z Almanlar\u0131 sevmez, \u0130talya\u2019n\u0131n \u00fclke olmas\u0131 100 \u00f6ncesine kadar gider. &nbsp;Yani y\u00fczlerce b\u00f6l\u00fcme ayr\u0131lm\u0131\u015f bir Avrupa\u2019dan bahsediyoruz. Dil ve \u0131rk birli\u011fi olmayan sadece Hristiyanl\u0131k ve ticari menfaat ortak noktas\u0131nda bulu\u015fan bir Avrupa.<\/p>\n\n\n\n<p>Ezc\u00fcmle birarada olduklar\u0131 tek durum ekonomik \u00e7\u0131karlar\u0131n ge\u00e7erli oldu\u011fu durumlard\u0131r. Bu gerek ve yeterli \u015fart\u0131n olu\u015fmad\u0131\u011f\u0131 durumlarda birbirleriyle sava\u015fm\u0131\u015flard\u0131r. Bak\u0131n en g\u00fczel \u00f6rne\u011fi \u0130ngiltere Brexit \u00f6rne\u011fi. Para azal\u0131nca kopman\u0131n en g\u00fczel \u00f6rne\u011fi. Bunu 30 y\u0131l \u00f6nce s\u00f6yledi\u011fimde k\u0131skan\u00e7l\u0131k olarak alg\u0131lanm\u0131\u015ft\u0131.<\/p>\n\n\n\n<p>Son olarak bir de\nson y\u00fczy\u0131lda sava\u015flar\u0131n \u00e7\u0131kma nedenine k\u0131saca bakal\u0131m. 1\u2019de de 2\u2019de de benzer\nneden var. Ne zaman Almanya g\u00fc\u00e7lenip, D\u00fcnya pazar\u0131ndan hatta emperyalizm\u2019den\npay istese akabinde sava\u015flar \u00e7\u0131km\u0131\u015f.&nbsp;\nBelki de 3.d\u00fcnya sava\u015f\u0131 da \u00f6yle siber sava\u015flar uydurmas\u0131 \u015feklinde de\u011fil,\nyine \u00e7ok g\u00fc\u00e7lenen Almanya\u2019ya dur demek i\u00e7in silahl\u0131 olarak \u00e7\u0131kacak.<\/p>\n\n\n\n<p>\u015eimdi d\u00f6n\u00fcp\ntekrar Avrupa Birli\u011fine bakal\u0131m. Bu g\u00fcnlerde ortak ordu konu\u015fuluyor,\nkat\u0131l\u0131mc\u0131lar\u0131 2-3 \u00fclke. Bence burada tam ekonomik neden olmasa da Avrupa\nBirli\u011finin ABD, \u00c7in ve Rusya pazarlar\u0131na kar\u015f\u0131 \u00e7elimsiz kalmas\u0131na kar\u015f\u0131l\u0131k\ng\u00f6vde g\u00f6sterisinden ibaret. B\u00f6yle bir ordu hi\u00e7bir zaman olamayacak, k\u00fc\u00e7\u00fck ve\nsembolik bir yap\u0131 olacakt\u0131r.<\/p>\n\n\n\n<p>Peki biz neyin\npe\u015findeyiz?&nbsp; Neden Avrupa Birli\u011fine\ngirmek istiyoruz, bunda devam etmeli miyiz?<\/p>\n\n\n\n<p>Kesinlikle evet,\n\u00e7\u00fcnk\u00fc<\/p>\n\n\n\n<ol class=\"wp-block-list\"><li>Birli\u011fe girmek i\u00e7in gereken her g\u00f6r\u00fc\u015fme bizim kendimizi \u00f6l\u00e7\u00fcp geli\u015ftirmemize vesile oluyor<\/li><li>\u00d6yle ya da bu toplulu\u011fun bir par\u00e7as\u0131 oldu\u011fumuzdan dolay\u0131 Avrupal\u0131 yat\u0131r\u0131mc\u0131 i\u00e7in T\u00fcrkiye hala cazip. Bu yat\u0131r\u0131mc\u0131lara ihtiyac\u0131m\u0131z var<\/li><li>En \u00f6nemlisi, kendimizi daha iyi hissediyoruz. Bir g\u00fcn vizesiz serbest dola\u015f\u0131m hakk\u0131 \u00fcmidi bizi mutlu ediyor. \u00dcmit fakirin ekme\u011fi demi\u015fler.<\/li><\/ol>\n\n\n\n<p>G\u00fcvenli g\u00fcnler\ndilerim.<\/p>\n","protected":false},"excerpt":{"rendered":"<p>\u00c7ocukluk ve erken gen\u00e7lik y\u0131llar\u0131m\u0131zda Ortak Pazar olarak duydu\u011fumuz sonralar\u0131nda G\u00fcmr\u00fck Birli\u011fi ve elbette nedir bu Avrupa Birli\u011fi? Alt\u0131lar ad\u0131 verilen Almanya, Fransa, \u0130talya, Hollanda, Bel\u00e7ika ve L\u00fcksemburg \u00f6nce Avrupa K\u00f6m\u00fcr ve \u00c7elik birli\u011fini, sonra yeni proje olarak Avrupa iktisadi Birli\u011fi veya daha modern ismiyle 25 Mart 1957\u2019de Avrupa Ekonomik Toplulu\u011funu kurdu. Neden ismi ekonomik [&hellip;]<\/p>\n","protected":false},"author":10,"featured_media":59275,"comment_status":"closed","ping_status":"open","sticky":false,"template":"","format":"standard","meta":{"jetpack_post_was_ever_published":false,"_jetpack_newsletter_access":"","_jetpack_dont_email_post_to_subs":false,"_jetpack_newsletter_tier_id":0,"_jetpack_memberships_contains_paywalled_content":false,"_jetpack_memberships_contains_paid_content":false,"footnotes":"","jetpack_publicize_message":"","jetpack_publicize_feature_enabled":true,"jetpack_social_post_already_shared":false,"jetpack_social_options":{"image_generator_settings":{"template":"highway","default_image_id":0,"font":"","enabled":false},"version":2}},"categories":[8,5,646,7,9],"tags":[392,17310,17178,17309],"class_list":["post-59266","post","type-post","status-publish","format-standard","has-post-thumbnail","hentry","category-analiz","category-gundem","category-kose-yazilari","category-onecikanlar","category-siyaset","tag-avrupa","tag-goce","tag-murat-goce","tag-muratgoce"],"jetpack_publicize_connections":[],"jetpack_featured_media_url":"https:\/\/i0.wp.com\/www.tvturk.com\/wp-content\/uploads\/2019\/02\/1500.jpg?fit=728%2C593","jetpack_sharing_enabled":true,"jetpack_shortlink":"https:\/\/wp.me\/paKIfm-fpU","_links":{"self":[{"href":"http:\/\/www.tvturk.com\/index.php\/wp-json\/wp\/v2\/posts\/59266","targetHints":{"allow":["GET"]}}],"collection":[{"href":"http:\/\/www.tvturk.com\/index.php\/wp-json\/wp\/v2\/posts"}],"about":[{"href":"http:\/\/www.tvturk.com\/index.php\/wp-json\/wp\/v2\/types\/post"}],"author":[{"embeddable":true,"href":"http:\/\/www.tvturk.com\/index.php\/wp-json\/wp\/v2\/users\/10"}],"replies":[{"embeddable":true,"href":"http:\/\/www.tvturk.com\/index.php\/wp-json\/wp\/v2\/comments?post=59266"}],"version-history":[{"count":4,"href":"http:\/\/www.tvturk.com\/index.php\/wp-json\/wp\/v2\/posts\/59266\/revisions"}],"predecessor-version":[{"id":59498,"href":"http:\/\/www.tvturk.com\/index.php\/wp-json\/wp\/v2\/posts\/59266\/revisions\/59498"}],"wp:featuredmedia":[{"embeddable":true,"href":"http:\/\/www.tvturk.com\/index.php\/wp-json\/wp\/v2\/media\/59275"}],"wp:attachment":[{"href":"http:\/\/www.tvturk.com\/index.php\/wp-json\/wp\/v2\/media?parent=59266"}],"wp:term":[{"taxonomy":"category","embeddable":true,"href":"http:\/\/www.tvturk.com\/index.php\/wp-json\/wp\/v2\/categories?post=59266"},{"taxonomy":"post_tag","embeddable":true,"href":"http:\/\/www.tvturk.com\/index.php\/wp-json\/wp\/v2\/tags?post=59266"}],"curies":[{"name":"wp","href":"https:\/\/api.w.org\/{rel}","templated":true}]}}