{"id":59569,"date":"2019-02-25T17:11:54","date_gmt":"2019-02-25T14:11:54","guid":{"rendered":"http:\/\/www.tvturk.com\/index.php\/turkcelle-150-milyon-dolar-kredi\/"},"modified":"2019-02-25T17:11:54","modified_gmt":"2019-02-25T14:11:54","slug":"turkcelle-150-milyon-dolar-kredi","status":"publish","type":"post","link":"http:\/\/www.tvturk.com\/index.php\/turkcelle-150-milyon-dolar-kredi\/","title":{"rendered":"Turkcell\u2019e 150 milyon dolar kredi"},"content":{"rendered":"<p>Turkcell\u2019in Ericsson\u2019dan tedarik etmekte oldu\u011fu \u00fcr\u00fcn ve servislerin finansman\u0131 amac\u0131yla \u0130sve\u00e7 \u0130hracat Kredi Kurulu\u015fu (EKN) sigortas\u0131 kapsam\u0131nda, 2021 Nisan ay\u0131na kadar kullan\u0131lmak \u00fczere 150 milyon dolar tutar\u0131nda 10 y\u0131l vadeli kredi s\u00f6zle\u015fmesi imzaland\u0131.<\/p>\n<p>Dijital operat\u00f6r Turkcell yabanc\u0131 kurulu\u015flar\u0131n T\u00fcrkiye\u2019ye duydu\u011fu g\u00fcveni g\u00f6steren yeni bir kredi s\u00f6zle\u015fmesine daha imza att\u0131. Barcelona\u2019da kap\u0131lar\u0131n\u0131 a\u00e7an Mobil D\u00fcnya Kongresi kapsam\u0131nda Turkcell, \u0130sve\u00e7 \u0130hracat Kredi Kurulu\u015fu (EKN) sigortas\u0131 ile 150 milyon dolar tutar\u0131nda 10 y\u0131l vadeli kredi anla\u015fmas\u0131 imzalad\u0131. S\u00f6z konusu \u015firketin Nisan 2021\u2019e kadar kullan\u0131lmak \u00fczere ald\u0131\u011f\u0131 bu krediyi, Ericsson\u2019dan tedarik etmekte oldu\u011fu \u00fcr\u00fcn ve servislerin finansman\u0131 amac\u0131yla kullanaca\u011f\u0131 bilgisi verildi.<\/p>\n<p>\u201cT\u00fcrkiye\u2019ye ve Turkcell\u2019e g\u00fcven g\u00f6stergesi\u201d<\/p>\n<p>Dijital ihracat kapsam\u0131nda \u00e7al\u0131\u015fmalar\u0131n\u0131 h\u0131zla s\u00fcrd\u00fcrd\u00fcklerini belirten Turkcell Grup Finanstan Sorumlu Genel M\u00fcd\u00fcr Yard\u0131mc\u0131s\u0131 Osman Y\u0131lmaz \u201c\u0130\u015f modelimizi risklerden koruma stratejimiz kapsam\u0131nda, \u00f6nemli bir ara\u00e7 olan ba\u015far\u0131l\u0131 likidite y\u00f6netimi i\u00e7in hem yerel hem de uluslararas\u0131 piyasalar\u0131 s\u00fcrekli takip halindeyiz. Likidite y\u00f6netiminde, finansman kaynak \u00e7e\u015fitlendirmesi ve vade uzat\u0131lmas\u0131 \u00f6ncelikli hedeflerimiz aras\u0131ndad\u0131r. Bu do\u011frultuda, \u015fartlar\u0131n uygun oldu\u011funu d\u00fc\u015f\u00fcnd\u00fc\u011f\u00fcm\u00fcz noktada \u00e7ok h\u0131zl\u0131 aksiyon alabilen bir \u015firketiz. Risk priminin artt\u0131\u011f\u0131 bir ortamda,  bug\u00fcn imza att\u0131\u011f\u0131m\u0131z kredi anla\u015fmas\u0131yla, uzun vadeli ve uygun maliyetli bir kredi imkan\u0131 sa\u011flanm\u0131\u015f olmas\u0131 hem T\u00fcrkiye hem de Turkcell\u2019e duyulan g\u00fcveni bir kez daha g\u00f6stermi\u015ftir\u201d dedi.<\/p>\n","protected":false},"excerpt":{"rendered":"<p>TURKCELL\u2019E 150 M\u0130LYON DOLAR KRED\u0130<\/p>\n","protected":false},"author":1,"featured_media":59570,"comment_status":"closed","ping_status":"open","sticky":false,"template":"","format":"standard","meta":{"jetpack_post_was_ever_published":false,"_jetpack_newsletter_access":"","_jetpack_dont_email_post_to_subs":false,"_jetpack_newsletter_tier_id":0,"_jetpack_memberships_contains_paywalled_content":false,"_jetpack_memberships_contains_paid_content":false,"footnotes":"","jetpack_publicize_message":"","jetpack_publicize_feature_enabled":true,"jetpack_social_post_already_shared":false,"jetpack_social_options":{"image_generator_settings":{"template":"highway","default_image_id":0,"font":"","enabled":false},"version":2}},"categories":[19],"tags":[2336,1945,4335,468,18762],"class_list":["post-59569","post","type-post","status-publish","format-standard","has-post-thumbnail","hentry","category-ekonomi","tag-2336","tag-dolar","tag-kredi","tag-milyon","tag-turkcelle"],"jetpack_publicize_connections":[],"jetpack_featured_media_url":"https:\/\/i0.wp.com\/www.tvturk.com\/wp-content\/uploads\/2019\/02\/turkcelle-150-milyon-dolar-kredi_0c6d175.jpg?fit=1000%2C526","jetpack_sharing_enabled":true,"jetpack_shortlink":"https:\/\/wp.me\/paKIfm-fuN","_links":{"self":[{"href":"http:\/\/www.tvturk.com\/index.php\/wp-json\/wp\/v2\/posts\/59569","targetHints":{"allow":["GET"]}}],"collection":[{"href":"http:\/\/www.tvturk.com\/index.php\/wp-json\/wp\/v2\/posts"}],"about":[{"href":"http:\/\/www.tvturk.com\/index.php\/wp-json\/wp\/v2\/types\/post"}],"author":[{"embeddable":true,"href":"http:\/\/www.tvturk.com\/index.php\/wp-json\/wp\/v2\/users\/1"}],"replies":[{"embeddable":true,"href":"http:\/\/www.tvturk.com\/index.php\/wp-json\/wp\/v2\/comments?post=59569"}],"version-history":[{"count":0,"href":"http:\/\/www.tvturk.com\/index.php\/wp-json\/wp\/v2\/posts\/59569\/revisions"}],"wp:featuredmedia":[{"embeddable":true,"href":"http:\/\/www.tvturk.com\/index.php\/wp-json\/wp\/v2\/media\/59570"}],"wp:attachment":[{"href":"http:\/\/www.tvturk.com\/index.php\/wp-json\/wp\/v2\/media?parent=59569"}],"wp:term":[{"taxonomy":"category","embeddable":true,"href":"http:\/\/www.tvturk.com\/index.php\/wp-json\/wp\/v2\/categories?post=59569"},{"taxonomy":"post_tag","embeddable":true,"href":"http:\/\/www.tvturk.com\/index.php\/wp-json\/wp\/v2\/tags?post=59569"}],"curies":[{"name":"wp","href":"https:\/\/api.w.org\/{rel}","templated":true}]}}