{"id":59587,"date":"2019-02-25T17:19:57","date_gmt":"2019-02-25T14:19:57","guid":{"rendered":"http:\/\/www.tvturk.com\/index.php\/saglik-bakani-koca-gelecegin-dunyasinin-hastaneleri-yukseliyor\/"},"modified":"2019-02-25T17:20:00","modified_gmt":"2019-02-25T14:20:00","slug":"saglik-bakani-koca-gelecegin-dunyasinin-hastaneleri-yukseliyor","status":"publish","type":"post","link":"http:\/\/www.tvturk.com\/index.php\/saglik-bakani-koca-gelecegin-dunyasinin-hastaneleri-yukseliyor\/","title":{"rendered":"Sa\u011fl\u0131k Bakan\u0131 Koca: \u201cGelece\u011fin d\u00fcnyas\u0131n\u0131n hastaneleri y\u00fckseliyor\u201d"},"content":{"rendered":"<p>Sa\u011fl\u0131k Bakan\u0131 Fahrettin Koca, &#8220;Gelece\u011fin d\u00fcnyas\u0131n\u0131n en geli\u015fmi\u015f, en donan\u0131ml\u0131, en ileri teknolojiyle donat\u0131lm\u0131\u015f hastaneleri y\u00fckseliyor\u201d dedi.<\/p>\n<p>\u00c7e\u015fitli programlar i\u00e7in Konya\u2019ya gelen Sa\u011fl\u0131k Bakan\u0131 Fahrettin Koca, Cihanbeyli il\u00e7esinde Se\u00e7im Kordinasyon Merkezinin a\u00e7\u0131l\u0131\u015f\u0131na kat\u0131ld\u0131. A\u00e7\u0131l\u0131\u015fta konu\u015fan Bakan Koca, \u201cBizim i\u015fimiz sizlere yani millete hizmet etmek olmal\u0131 ve biz bunun i\u00e7in \u00e7abal\u0131yoruz. Sizin, milletin tevecc\u00fch\u00fcne mazhar olmak bizim i\u00e7in ayr\u0131 bir \u00f6nem ta\u015f\u0131yor. \u00d6nemli olan burada bu hizmeti yaparken sizlerle birlikte, \u00f6zellikle emanete sahip \u00e7\u0131kmak, kendinden emin olunan bir ki\u015filikle icraat\u0131 ger\u00e7ekle\u015ftirmek olmal\u0131d\u0131r. \u0130nanm\u0131\u015f bir liderimiz var. Siyasi hayat\u0131 boyunca milleti i\u00e7in ya\u015fam\u0131\u015f, milleti i\u00e7in hayal kurmu\u015f bir liderimiz var. Liderin ufkuyla b\u00fct\u00fcnle\u015fmi\u015f bir te\u015fkilat\u0131m\u0131z s\u00f6z konusu. Cumhurba\u015fkan\u0131m\u0131z Recep Tayyip Erdo\u011fan\u2018\u0131 g\u00f6n\u00fcl taht\u0131na oturtmu\u015f kadir\u015finas bir milletimiz var. O milletine, milletimiz ona g\u00f6n\u00fclden ba\u011fl\u0131. T\u00fcrkiye bu g\u00fc\u00e7l\u00fc ba\u011f sayesinde istikrarla yoluna devam ediyor.  Yerel se\u00e7imler T\u00fcrkiye\u2019nin gelece\u011fi a\u00e7\u0131s\u0131ndan tarihi bir de\u011fere sahip. 24 Haziran se\u00e7imlerinde bildi\u011finiz gibi ileti\u015fim ve teknoloji \u00e7a\u011f\u0131n\u0131n h\u0131z\u0131na ayak uydurabilecek dinamik bir y\u00f6netim sistemini yani Cumhurba\u015fkanl\u0131\u011f\u0131 Sistemini milletimizin onay\u0131 ile hayata ge\u00e7irdik. Cumhurba\u015fkanl\u0131\u011f\u0131 H\u00fck\u00fcmet Sisteminin ilk kabinesi olarak stratejik hedeflerimize odaklanarak h\u0131zl\u0131 bir \u00fcretim s\u00fcrecine girdik. T\u00fcrkiye\u2019yi milli kalk\u0131nma hedeflerimizle k\u00fcresel rekabet alan\u0131nda g\u00fc\u00e7l\u00fc tutacak tarihi ad\u0131mlar at\u0131yoruz. H\u00fck\u00fcmet olarak milletten ald\u0131\u011f\u0131m\u0131z destekle \u00f6n\u00fcm\u00fczdeki 4.5 y\u0131la yak\u0131n zaman diliminde ihtiya\u00e7lar\u0131m\u0131z ve hedeflerimiz temelinde planlam\u0131\u015f durumday\u0131z. Milletimizin g\u00fcvenini ald\u0131ktan sonra 4.5 y\u0131la yak\u0131n kesintisiz bir s\u00fcrede icraat d\u00f6nemine ba\u015fta sa\u011fl\u0131k olmak \u00fczere her alanda T\u00fcrkiye\u2019nin y\u0131ld\u0131z\u0131n\u0131 parlataca\u011f\u0131z. Sa\u011fl\u0131kta nihai vizyonumuz t\u00fcm toplum olarak sa\u011fl\u0131kl\u0131 hayat tarz\u0131n\u0131n benimsendi\u011fi, sa\u011fl\u0131k hakk\u0131n\u0131n korundu\u011fu, ihtiya\u00e7 halinde herkesin vaktinde ve kaliteli sa\u011fl\u0131k sistemine kolayca eri\u015febildi\u011fi bir T\u00fcrkiye\u2019ye sahip olmakt\u0131r. Sa\u011fl\u0131kta \u00f6n\u00fcm\u00fczdeki d\u00f6nemde \u00f6nce insan kaynaklar\u0131 ba\u015fta olmak \u00fczere ihtiyac\u0131m\u0131z\u0131 h\u0131zla gidermeye \u00e7al\u0131\u015faca\u011f\u0131z. \u0130l il \u00e7al\u0131\u015fmalar\u0131m\u0131z\u0131 yap\u0131yoruz. \u0130llerimizin sa\u011fl\u0131k tesislerini modernize ediyoruz, hekim ve sa\u011fl\u0131k personeli ihtiyac\u0131n\u0131 in\u015fallah \u00f6n\u00fcm\u00fczdeki d\u00f6nemde b\u00fcy\u00fck \u00f6l\u00e7\u00fcde de gidermi\u015f olaca\u011f\u0131z\u201d ifadelerini kulland\u0131.<\/p>\n<p>\u201cGelece\u011fin d\u00fcnyas\u0131n\u0131n en geli\u015fmi\u015f , en donan\u0131ml\u0131, en ileri teknolojiyle donat\u0131lm\u0131\u015f hastaneleri y\u00fckseliyor\u201d<\/p>\n<p>Sa\u011fl\u0131k yat\u0131r\u0131mlar\u0131yla ilgili konu\u015fan Bakan Koca, \u201cSa\u011fl\u0131kta bug\u00fcn T\u00fcrkiye\u2019nin d\u00f6rt bir yan\u0131nda, gelece\u011fin T\u00fcrkiye\u2019si demiyorum, gelece\u011fin d\u00fcnyas\u0131n\u0131n en geli\u015fmi\u015f, en donan\u0131ml\u0131, en ileri teknolojiyle donat\u0131lm\u0131\u015f hastaneleri y\u00fckseliyor. Sa\u011fl\u0131kta T\u00fcrkiye\u2019yi k\u00fcresel g\u00fcce ta\u015f\u0131yacak milli kalk\u0131nma hamlelerimiz var. \u0130lac\u0131m\u0131z\u0131, t\u0131bbi cihaz\u0131m\u0131z\u0131 kendimiz \u00fcretece\u011fiz. D\u0131\u015fa ba\u011f\u0131ml\u0131l\u0131ktan kurtulma e\u015fi\u011fine do\u011fru h\u0131zla ilerliyoruz. Sa\u011fl\u0131k teknolojilerinde, sa\u011fl\u0131k hizmetlerinde kendi markalar\u0131m\u0131zla d\u00fcnyaya a\u00e7\u0131laca\u011f\u0131z. Bu yolculukta sizlerin ve milletimizin fedakarl\u0131klar\u0131 ile \u00f6nemli mesafeler ald\u0131k. Ba\u011f\u0131ms\u0131z bir T\u00fcrkiye i\u00e7in ba\u011f\u0131ms\u0131z bir ekonomi gerekiyor. Bu prensip elbette sa\u011fl\u0131k alan\u0131nda ge\u00e7erli. Milli kalk\u0131nma hamleleri ile her alanda kendi ihtiya\u00e7lar\u0131n\u0131 kar\u015f\u0131layabilen bir \u00fclke olursak, ne kadar g\u00fc\u00e7l\u00fc olursa olsun hi\u00e7bir aksi giri\u015fim istikrar\u0131m\u0131za zarar veremez. K\u0131sa bir zaman dilimi kald\u0131. Bu s\u00fcre\u00e7te \u00f6zellikle 31 Mart\u2019\u0131n \u00e7ok \u00f6nemli oldu\u011funu ve yer yer bir tak\u0131m se\u00e7imler, bir tak\u0131m tercihler nedeniyle aran\u0131zda k\u00fcsk\u00fcnlerin olmu\u015f olabilece\u011fini ama bu \u00f6nemli olan 31 Mart s\u00fcrecinin bu k\u00fcsk\u00fcnl\u00fc\u011f\u00fc geride b\u0131rak\u0131p bir ve beraber olup, b\u00fcy\u00fck resme bak\u0131p, bu co\u011frafyada \u00fczerimizdeki sorumlulu\u011fu yapmay\u0131 asla ihmal etmemeli, kutsal bildi\u011fimiz oyun sahip \u00e7\u0131k\u0131larak \u00fczerimizdeki sorumlulu\u011fu ve yap\u0131lmas\u0131 gerekenler ad\u0131na \u00f6nemle sahip \u00e7\u0131kmam\u0131z gerekti\u011fini asla unutmayal\u0131m\u201d \u015feklinde konu\u015ftu.<\/p>\n<p>31 Mart\u2019\u0131n sadece bir yerel se\u00e7im olmad\u0131\u011f\u0131n\u0131 s\u00f6yleyen Bakan Koca, \u201c31 Mart \u00f6zellikle birlik, beraberlik i\u00e7erisinde bu co\u011frafyada ve g\u00f6n\u00fcl co\u011frafyam\u0131zda, co\u011frafyam\u0131z\u0131 umut olarak g\u00f6renlere, \u00f6zellikle lider T\u00fcrkiye\u2019nin daha da g\u00fc\u00e7lenmesi i\u00e7in nemli bir g\u00fcn olacakt\u0131r. Bu noktada mazlumlar\u0131n, ma\u011fdurlar\u0131n g\u00fcvenilir liman\u0131, istikrarl\u0131 adas\u0131 olan T\u00fcrkiye\u2019yi bu anlamda \u00e7ok g\u00fc\u00e7lendirmemiz gerekti\u011fini \u00f6zellikle unutmamam\u0131z gerekti\u011fini s\u00f6ylemek istiyorum. Bu co\u011frafya sorumluluklar\u0131m\u0131z\u0131n fazla oldu\u011fu, \u00f6zellikle k\u00fcresel ve emperyal d\u00fcnyan\u0131n b\u00f6lgede emellerinin oldu\u011fu ve istikrar\u0131m\u0131z\u0131 bozmak i\u00e7in, birlik ve beraberli\u011fimizi bozmak i\u00e7in yo\u011fun bir gayret i\u00e7inde olduklar\u0131n\u0131 stratejik ortaklar\u0131m\u0131z\u0131n bile yer yer f\u0131rsat\u00e7\u0131l\u0131k i\u00e7inde oldu\u011funu hepimiz g\u00f6r\u00fcyoruz. B\u00fcy\u00fck resme bak\u0131p bu anlamda sorumluluklar\u0131m\u0131z\u0131n gere\u011fini yerine getirmemiz gerekiyor. O nedenle 31 Mart sadece bir belediye ba\u015fkanl\u0131\u011f\u0131 se\u00e7imi de\u011fil. \u00d6zellikle bu co\u011frafyaya g\u00f6n\u00fcl ba\u011flam\u0131\u015f olanlara da siz buradan ses vermi\u015f oluyorsunuz. O nedenle yeni d\u00f6nemin \u00f6zellikle Cihanbeyli \u00f6zelinde \u00fczerimize d\u00fc\u015feni yapma noktas\u0131nda yak\u0131nen takip edecek olaca\u011f\u0131m\u0131 ve bu s\u00fcre\u00e7te de sizlerin 31 Mart\u2019ta \u00fczerinize d\u00fc\u015fen sorumlulukla kutsal bildi\u011finiz oyun gere\u011fini yapma noktas\u0131nda bir gayret i\u00e7inde olman\u0131z\u0131 bekliyoruz. Bu vesileyle bu SKM\u2019nin hay\u0131rlara vesile olmas\u0131n\u0131, g\u00f6n\u00fcllere giren, g\u00f6n\u00fclleri fetheden bir i\u015flevinin olmas\u0131n\u0131 temenni ediyorum\u201d dedi.<\/p>\n<p>AK Parti Cihanbeyli Belediye Ba\u015fkan\u0131 Mehmet Kale ise 31 Mart se\u00e7imlerine destek beklediklerini s\u00f6yledi.<div class=\"tiled-gallery type-rectangular tiled-gallery-unresized\" data-original-width=\"500\" data-carousel-extra='null' itemscope itemtype=\"http:\/\/schema.org\/ImageGallery\" > <div class=\"gallery-row\" style=\"width: 500px; height: 224px;\" data-original-width=\"500\" data-original-height=\"224\" > <div class=\"gallery-group images-1\" style=\"width: 334px; height: 224px;\" data-original-width=\"334\" data-original-height=\"224\" > <div class=\"tiled-gallery-item tiled-gallery-item-large\" itemprop=\"associatedMedia\" itemscope itemtype=\"http:\/\/schema.org\/ImageObject\"> <a href=\"http:\/\/www.tvturk.com\/index.php\/saglik-bakani-koca-gelecegin-dunyasinin-hastaneleri-yukseliyor\/saglik-bakani-koca-gelecegin-dunyasinin-hastaneleri-yukseliyor-3\/\" border=\"0\" itemprop=\"url\"> <meta itemprop=\"width\" content=\"330\"> <meta itemprop=\"height\" content=\"220\"> <img decoding=\"async\" class=\"\" data-attachment-id=\"59589\" data-orig-file=\"http:\/\/www.tvturk.com\/wp-content\/uploads\/2019\/02\/saglik-bakani-koca-gelecegin-dunyasinin-hastaneleri-yukseliyor_045f8c6.jpg\" data-orig-size=\"1000,666\" data-comments-opened=\"\" data-image-meta=\"{&quot;aperture&quot;:&quot;0&quot;,&quot;credit&quot;:&quot;IHA&quot;,&quot;camera&quot;:&quot;&quot;,&quot;caption&quot;:&quot;\\u00c7E\\u015e\\u0130TL\\u0130 PROGRAMLAR \\u0130\\u00c7\\u0130N KONYA\\u2019YA GELEN SA\\u011eLIK BAKANI FAHRETT\\u0130N KOCA, C\\u0130HANBEYL\\u0130 \\u0130L\\u00c7ES\\u0130NDE SE\\u00c7\\u0130M KORD\\u0130NASYON MERKEZ\\u0130N\\u0130N A\\u00c7ILI\\u015eINA KATILDI. (MUSTAFA BE\\u015eER - MUSTAFA USLU\\\/KONYA-\\u0130HA)&quot;,&quot;created_timestamp&quot;:&quot;0&quot;,&quot;copyright&quot;:&quot;\\u0130HLAS HABER AJANSI, www.iha.com.tr&quot;,&quot;focal_length&quot;:&quot;0&quot;,&quot;iso&quot;:&quot;0&quot;,&quot;shutter_speed&quot;:&quot;0&quot;,&quot;title&quot;:&quot;SA\\u011eLIK BAKANI KOCA: \\u201cGELECE\\u011e\\u0130N D\\u00dcNYASININ HASTANELER\\u0130 Y\\u00dcKSEL\\u0130YOR\\u201d&quot;,&quot;orientation&quot;:&quot;0&quot;}\" data-image-title=\"Sa\u011fl\u0131k Bakan\u0131 Koca: \u201cGelece\u011fin d\u00fcnyas\u0131n\u0131n hastaneleri y\u00fckseliyor\u201d\" data-image-description=\"&lt;p&gt;Sa\u011fl\u0131k Bakan\u0131 Koca: \u201cGelece\u011fin d\u00fcnyas\u0131n\u0131n hastaneleri y\u00fckseliyor\u201d&lt;\/p&gt; \" data-medium-file=\"https:\/\/i0.wp.com\/www.tvturk.com\/wp-content\/uploads\/2019\/02\/saglik-bakani-koca-gelecegin-dunyasinin-hastaneleri-yukseliyor_045f8c6.jpg?fit=300%2C200\" data-large-file=\"https:\/\/i0.wp.com\/www.tvturk.com\/wp-content\/uploads\/2019\/02\/saglik-bakani-koca-gelecegin-dunyasinin-hastaneleri-yukseliyor_045f8c6.jpg?fit=1000%2C666\" src=\"https:\/\/i0.wp.com\/www.tvturk.com\/wp-content\/uploads\/2019\/02\/saglik-bakani-koca-gelecegin-dunyasinin-hastaneleri-yukseliyor_045f8c6.jpg?w=330&#038;h=220\" srcset=\"https:\/\/i0.wp.com\/www.tvturk.com\/wp-content\/uploads\/2019\/02\/saglik-bakani-koca-gelecegin-dunyasinin-hastaneleri-yukseliyor_045f8c6.jpg?w=1000 1000w, https:\/\/i0.wp.com\/www.tvturk.com\/wp-content\/uploads\/2019\/02\/saglik-bakani-koca-gelecegin-dunyasinin-hastaneleri-yukseliyor_045f8c6.jpg?resize=150%2C100 150w, https:\/\/i0.wp.com\/www.tvturk.com\/wp-content\/uploads\/2019\/02\/saglik-bakani-koca-gelecegin-dunyasinin-hastaneleri-yukseliyor_045f8c6.jpg?resize=300%2C200 300w, https:\/\/i0.wp.com\/www.tvturk.com\/wp-content\/uploads\/2019\/02\/saglik-bakani-koca-gelecegin-dunyasinin-hastaneleri-yukseliyor_045f8c6.jpg?resize=768%2C511 768w, https:\/\/i0.wp.com\/www.tvturk.com\/wp-content\/uploads\/2019\/02\/saglik-bakani-koca-gelecegin-dunyasinin-hastaneleri-yukseliyor_045f8c6.jpg?resize=170%2C113 170w, https:\/\/i0.wp.com\/www.tvturk.com\/wp-content\/uploads\/2019\/02\/saglik-bakani-koca-gelecegin-dunyasinin-hastaneleri-yukseliyor_045f8c6.jpg?resize=120%2C80 120w\" width=\"330\" height=\"220\" loading=\"lazy\" data-original-width=\"330\" data-original-height=\"220\" itemprop=\"http:\/\/schema.org\/image\" title=\"Sa\u011fl\u0131k Bakan\u0131 Koca: \u201cGelece\u011fin d\u00fcnyas\u0131n\u0131n hastaneleri y\u00fckseliyor\u201d\" alt=\"Sa\u011fl\u0131k Bakan\u0131 Koca: \u201cGelece\u011fin d\u00fcnyas\u0131n\u0131n hastaneleri y\u00fckseliyor\u201d\" style=\"width: 330px; height: 220px;\" \/> <\/a> <\/div> <\/div> <!-- close group --> <div class=\"gallery-group images-2\" style=\"width: 166px; height: 224px;\" data-original-width=\"166\" data-original-height=\"224\" > <div class=\"tiled-gallery-item tiled-gallery-item-small\" itemprop=\"associatedMedia\" itemscope itemtype=\"http:\/\/schema.org\/ImageObject\"> <a href=\"http:\/\/www.tvturk.com\/index.php\/saglik-bakani-koca-gelecegin-dunyasinin-hastaneleri-yukseliyor\/saglik-bakani-koca-gelecegin-dunyasinin-hastaneleri-yukseliyor-4\/\" border=\"0\" itemprop=\"url\"> <meta itemprop=\"width\" content=\"162\"> <meta itemprop=\"height\" content=\"108\"> <img decoding=\"async\" class=\"\" data-attachment-id=\"59590\" data-orig-file=\"http:\/\/www.tvturk.com\/wp-content\/uploads\/2019\/02\/saglik-bakani-koca-gelecegin-dunyasinin-hastaneleri-yukseliyor_ea27c27.jpg\" data-orig-size=\"1000,666\" data-comments-opened=\"\" data-image-meta=\"{&quot;aperture&quot;:&quot;0&quot;,&quot;credit&quot;:&quot;IHA&quot;,&quot;camera&quot;:&quot;&quot;,&quot;caption&quot;:&quot;\\u00c7E\\u015e\\u0130TL\\u0130 PROGRAMLAR \\u0130\\u00c7\\u0130N KONYA\\u2019YA GELEN SA\\u011eLIK BAKANI FAHRETT\\u0130N KOCA, C\\u0130HANBEYL\\u0130 \\u0130L\\u00c7ES\\u0130NDE SE\\u00c7\\u0130M KORD\\u0130NASYON MERKEZ\\u0130N\\u0130N A\\u00c7ILI\\u015eINA KATILDI. (MUSTAFA BE\\u015eER - MUSTAFA USLU\\\/KONYA-\\u0130HA)&quot;,&quot;created_timestamp&quot;:&quot;0&quot;,&quot;copyright&quot;:&quot;\\u0130HLAS HABER AJANSI, www.iha.com.tr&quot;,&quot;focal_length&quot;:&quot;0&quot;,&quot;iso&quot;:&quot;0&quot;,&quot;shutter_speed&quot;:&quot;0&quot;,&quot;title&quot;:&quot;SA\\u011eLIK BAKANI KOCA: \\u201cGELECE\\u011e\\u0130N D\\u00dcNYASININ HASTANELER\\u0130 Y\\u00dcKSEL\\u0130YOR\\u201d&quot;,&quot;orientation&quot;:&quot;0&quot;}\" data-image-title=\"Sa\u011fl\u0131k Bakan\u0131 Koca: \u201cGelece\u011fin d\u00fcnyas\u0131n\u0131n hastaneleri y\u00fckseliyor\u201d\" data-image-description=\"&lt;p&gt;Sa\u011fl\u0131k Bakan\u0131 Koca: \u201cGelece\u011fin d\u00fcnyas\u0131n\u0131n hastaneleri y\u00fckseliyor\u201d&lt;\/p&gt; \" data-medium-file=\"https:\/\/i0.wp.com\/www.tvturk.com\/wp-content\/uploads\/2019\/02\/saglik-bakani-koca-gelecegin-dunyasinin-hastaneleri-yukseliyor_ea27c27.jpg?fit=300%2C200\" data-large-file=\"https:\/\/i0.wp.com\/www.tvturk.com\/wp-content\/uploads\/2019\/02\/saglik-bakani-koca-gelecegin-dunyasinin-hastaneleri-yukseliyor_ea27c27.jpg?fit=1000%2C666\" src=\"https:\/\/i0.wp.com\/www.tvturk.com\/wp-content\/uploads\/2019\/02\/saglik-bakani-koca-gelecegin-dunyasinin-hastaneleri-yukseliyor_ea27c27.jpg?w=162&#038;h=108\" srcset=\"https:\/\/i0.wp.com\/www.tvturk.com\/wp-content\/uploads\/2019\/02\/saglik-bakani-koca-gelecegin-dunyasinin-hastaneleri-yukseliyor_ea27c27.jpg?w=1000 1000w, https:\/\/i0.wp.com\/www.tvturk.com\/wp-content\/uploads\/2019\/02\/saglik-bakani-koca-gelecegin-dunyasinin-hastaneleri-yukseliyor_ea27c27.jpg?resize=150%2C100 150w, https:\/\/i0.wp.com\/www.tvturk.com\/wp-content\/uploads\/2019\/02\/saglik-bakani-koca-gelecegin-dunyasinin-hastaneleri-yukseliyor_ea27c27.jpg?resize=300%2C200 300w, https:\/\/i0.wp.com\/www.tvturk.com\/wp-content\/uploads\/2019\/02\/saglik-bakani-koca-gelecegin-dunyasinin-hastaneleri-yukseliyor_ea27c27.jpg?resize=768%2C511 768w, https:\/\/i0.wp.com\/www.tvturk.com\/wp-content\/uploads\/2019\/02\/saglik-bakani-koca-gelecegin-dunyasinin-hastaneleri-yukseliyor_ea27c27.jpg?resize=170%2C113 170w, https:\/\/i0.wp.com\/www.tvturk.com\/wp-content\/uploads\/2019\/02\/saglik-bakani-koca-gelecegin-dunyasinin-hastaneleri-yukseliyor_ea27c27.jpg?resize=120%2C80 120w\" width=\"162\" height=\"108\" loading=\"lazy\" data-original-width=\"162\" data-original-height=\"108\" itemprop=\"http:\/\/schema.org\/image\" title=\"Sa\u011fl\u0131k Bakan\u0131 Koca: \u201cGelece\u011fin d\u00fcnyas\u0131n\u0131n hastaneleri y\u00fckseliyor\u201d\" alt=\"Sa\u011fl\u0131k Bakan\u0131 Koca: \u201cGelece\u011fin d\u00fcnyas\u0131n\u0131n hastaneleri y\u00fckseliyor\u201d\" style=\"width: 162px; height: 108px;\" \/> <\/a> <\/div> <div class=\"tiled-gallery-item tiled-gallery-item-small\" itemprop=\"associatedMedia\" itemscope itemtype=\"http:\/\/schema.org\/ImageObject\"> <a href=\"http:\/\/www.tvturk.com\/index.php\/saglik-bakani-koca-gelecegin-dunyasinin-hastaneleri-yukseliyor\/saglik-bakani-koca-gelecegin-dunyasinin-hastaneleri-yukseliyor-5\/\" border=\"0\" itemprop=\"url\"> <meta itemprop=\"width\" content=\"162\"> <meta itemprop=\"height\" content=\"108\"> <img decoding=\"async\" class=\"\" data-attachment-id=\"59591\" data-orig-file=\"http:\/\/www.tvturk.com\/wp-content\/uploads\/2019\/02\/saglik-bakani-koca-gelecegin-dunyasinin-hastaneleri-yukseliyor_13602b9.jpg\" data-orig-size=\"1000,666\" data-comments-opened=\"\" data-image-meta=\"{&quot;aperture&quot;:&quot;0&quot;,&quot;credit&quot;:&quot;IHA&quot;,&quot;camera&quot;:&quot;&quot;,&quot;caption&quot;:&quot;\\u00c7E\\u015e\\u0130TL\\u0130 PROGRAMLAR \\u0130\\u00c7\\u0130N KONYA\\u2019YA GELEN SA\\u011eLIK BAKANI FAHRETT\\u0130N KOCA, C\\u0130HANBEYL\\u0130 \\u0130L\\u00c7ES\\u0130NDE SE\\u00c7\\u0130M KORD\\u0130NASYON MERKEZ\\u0130N\\u0130N A\\u00c7ILI\\u015eINA KATILDI. (MUSTAFA BE\\u015eER - MUSTAFA USLU\\\/KONYA-\\u0130HA)&quot;,&quot;created_timestamp&quot;:&quot;0&quot;,&quot;copyright&quot;:&quot;\\u0130HLAS HABER AJANSI, www.iha.com.tr&quot;,&quot;focal_length&quot;:&quot;0&quot;,&quot;iso&quot;:&quot;0&quot;,&quot;shutter_speed&quot;:&quot;0&quot;,&quot;title&quot;:&quot;SA\\u011eLIK BAKANI KOCA: \\u201cGELECE\\u011e\\u0130N D\\u00dcNYASININ HASTANELER\\u0130 Y\\u00dcKSEL\\u0130YOR\\u201d&quot;,&quot;orientation&quot;:&quot;0&quot;}\" data-image-title=\"Sa\u011fl\u0131k Bakan\u0131 Koca: \u201cGelece\u011fin d\u00fcnyas\u0131n\u0131n hastaneleri y\u00fckseliyor\u201d\" data-image-description=\"&lt;p&gt;Sa\u011fl\u0131k Bakan\u0131 Koca: \u201cGelece\u011fin d\u00fcnyas\u0131n\u0131n hastaneleri y\u00fckseliyor\u201d&lt;\/p&gt; \" data-medium-file=\"https:\/\/i0.wp.com\/www.tvturk.com\/wp-content\/uploads\/2019\/02\/saglik-bakani-koca-gelecegin-dunyasinin-hastaneleri-yukseliyor_13602b9.jpg?fit=300%2C200\" data-large-file=\"https:\/\/i0.wp.com\/www.tvturk.com\/wp-content\/uploads\/2019\/02\/saglik-bakani-koca-gelecegin-dunyasinin-hastaneleri-yukseliyor_13602b9.jpg?fit=1000%2C666\" src=\"https:\/\/i0.wp.com\/www.tvturk.com\/wp-content\/uploads\/2019\/02\/saglik-bakani-koca-gelecegin-dunyasinin-hastaneleri-yukseliyor_13602b9.jpg?w=162&#038;h=108\" srcset=\"https:\/\/i0.wp.com\/www.tvturk.com\/wp-content\/uploads\/2019\/02\/saglik-bakani-koca-gelecegin-dunyasinin-hastaneleri-yukseliyor_13602b9.jpg?w=1000 1000w, https:\/\/i0.wp.com\/www.tvturk.com\/wp-content\/uploads\/2019\/02\/saglik-bakani-koca-gelecegin-dunyasinin-hastaneleri-yukseliyor_13602b9.jpg?resize=150%2C100 150w, https:\/\/i0.wp.com\/www.tvturk.com\/wp-content\/uploads\/2019\/02\/saglik-bakani-koca-gelecegin-dunyasinin-hastaneleri-yukseliyor_13602b9.jpg?resize=300%2C200 300w, https:\/\/i0.wp.com\/www.tvturk.com\/wp-content\/uploads\/2019\/02\/saglik-bakani-koca-gelecegin-dunyasinin-hastaneleri-yukseliyor_13602b9.jpg?resize=768%2C511 768w, https:\/\/i0.wp.com\/www.tvturk.com\/wp-content\/uploads\/2019\/02\/saglik-bakani-koca-gelecegin-dunyasinin-hastaneleri-yukseliyor_13602b9.jpg?resize=170%2C113 170w, https:\/\/i0.wp.com\/www.tvturk.com\/wp-content\/uploads\/2019\/02\/saglik-bakani-koca-gelecegin-dunyasinin-hastaneleri-yukseliyor_13602b9.jpg?resize=120%2C80 120w\" width=\"162\" height=\"108\" loading=\"lazy\" data-original-width=\"162\" data-original-height=\"108\" itemprop=\"http:\/\/schema.org\/image\" title=\"Sa\u011fl\u0131k Bakan\u0131 Koca: \u201cGelece\u011fin d\u00fcnyas\u0131n\u0131n hastaneleri y\u00fckseliyor\u201d\" alt=\"Sa\u011fl\u0131k Bakan\u0131 Koca: \u201cGelece\u011fin d\u00fcnyas\u0131n\u0131n hastaneleri y\u00fckseliyor\u201d\" style=\"width: 162px; height: 108px;\" \/> <\/a> <\/div> <\/div> <!-- close group --> <\/div> <!-- close row --> <\/div><\/p>\n","protected":false},"excerpt":{"rendered":"<p>\u00c7E\u015e\u0130TL\u0130 PROGRAMLAR \u0130\u00c7\u0130N KONYA\u2019YA GELEN SA\u011eLIK BAKANI FAHRETT\u0130N KOCA, C\u0130HANBEYL\u0130 \u0130L\u00c7ES\u0130NDE SE\u00c7\u0130M KORD\u0130NASYON MERKEZ\u0130N\u0130N A\u00c7ILI\u015eINA KATILDI.<\/p>\n","protected":false},"author":1,"featured_media":59588,"comment_status":"closed","ping_status":"open","sticky":false,"template":"","format":"standard","meta":{"jetpack_post_was_ever_published":false,"_jetpack_newsletter_access":"","_jetpack_dont_email_post_to_subs":false,"_jetpack_newsletter_tier_id":0,"_jetpack_memberships_contains_paywalled_content":false,"_jetpack_memberships_contains_paid_content":false,"footnotes":"","jetpack_publicize_message":"","jetpack_publicize_feature_enabled":true,"jetpack_social_post_already_shared":false,"jetpack_social_options":{"image_generator_settings":{"template":"highway","default_image_id":0,"font":"","enabled":false},"version":2}},"categories":[9],"tags":[933,7206,2337,18764,2154,734,401],"class_list":["post-59587","post","type-post","status-publish","format-standard","has-post-thumbnail","hentry","category-siyaset","tag-bakani","tag-dunyasinin","tag-gelecegin","tag-hastaneleri","tag-koca","tag-saglik","tag-yukseliyor"],"jetpack_publicize_connections":[],"jetpack_featured_media_url":"https:\/\/i0.wp.com\/www.tvturk.com\/wp-content\/uploads\/2019\/02\/saglik-bakani-koca-gelecegin-dunyasinin-hastaneleri-yukseliyor_59938ba.jpg?fit=1000%2C666","jetpack_sharing_enabled":true,"jetpack_shortlink":"https:\/\/wp.me\/paKIfm-fv5","_links":{"self":[{"href":"http:\/\/www.tvturk.com\/index.php\/wp-json\/wp\/v2\/posts\/59587","targetHints":{"allow":["GET"]}}],"collection":[{"href":"http:\/\/www.tvturk.com\/index.php\/wp-json\/wp\/v2\/posts"}],"about":[{"href":"http:\/\/www.tvturk.com\/index.php\/wp-json\/wp\/v2\/types\/post"}],"author":[{"embeddable":true,"href":"http:\/\/www.tvturk.com\/index.php\/wp-json\/wp\/v2\/users\/1"}],"replies":[{"embeddable":true,"href":"http:\/\/www.tvturk.com\/index.php\/wp-json\/wp\/v2\/comments?post=59587"}],"version-history":[{"count":1,"href":"http:\/\/www.tvturk.com\/index.php\/wp-json\/wp\/v2\/posts\/59587\/revisions"}],"predecessor-version":[{"id":59592,"href":"http:\/\/www.tvturk.com\/index.php\/wp-json\/wp\/v2\/posts\/59587\/revisions\/59592"}],"wp:featuredmedia":[{"embeddable":true,"href":"http:\/\/www.tvturk.com\/index.php\/wp-json\/wp\/v2\/media\/59588"}],"wp:attachment":[{"href":"http:\/\/www.tvturk.com\/index.php\/wp-json\/wp\/v2\/media?parent=59587"}],"wp:term":[{"taxonomy":"category","embeddable":true,"href":"http:\/\/www.tvturk.com\/index.php\/wp-json\/wp\/v2\/categories?post=59587"},{"taxonomy":"post_tag","embeddable":true,"href":"http:\/\/www.tvturk.com\/index.php\/wp-json\/wp\/v2\/tags?post=59587"}],"curies":[{"name":"wp","href":"https:\/\/api.w.org\/{rel}","templated":true}]}}