{"id":59675,"date":"2019-02-25T17:58:02","date_gmt":"2019-02-25T14:58:02","guid":{"rendered":"http:\/\/www.tvturk.com\/index.php\/erdogan-bize-ihanet-edenler-yarin-gittikleri-yere-de-ihanet-ederler\/"},"modified":"2019-02-25T17:58:14","modified_gmt":"2019-02-25T14:58:14","slug":"erdogan-bize-ihanet-edenler-yarin-gittikleri-yere-de-ihanet-ederler","status":"publish","type":"post","link":"http:\/\/www.tvturk.com\/index.php\/erdogan-bize-ihanet-edenler-yarin-gittikleri-yere-de-ihanet-ederler\/","title":{"rendered":"Erdo\u011fan: \u201cBize ihanet edenler yar\u0131n gittikleri yere de ihanet ederler\u201d"},"content":{"rendered":"<p>Cumhurba\u015fkan\u0131 Recep Tayyip Erdo\u011fan, Tokat mitinginde yapt\u0131\u011f\u0131 konu\u015fmada, AK Parti\u2019den ayr\u0131l\u0131p farl\u0131 partilere ge\u00e7enlerin yar\u0131n gittikleri yere de ihanet edeceklerini s\u00f6yledi.  Erdo\u011fan ayr\u0131ca Suriyelilerin kurulacak g\u00fcvenli b\u00f6lgelere d\u00f6nmelerinin sa\u011flanaca\u011f\u0131n\u0131 s\u00f6zlerine ekledi.<\/p>\n<p>Cumhurba\u015fkan\u0131 Recep Tayyip Erdo\u011fan, Tokat\u2019ta d\u00fczenlenen mitingde partililere seslendi. Tokat\u2019ta yap\u0131lan hizmetlere de\u011finen Erdo\u011fan yeni hizmetlerin de m\u00fcjdesini verdi. Tokat ile Turhal aras\u0131nda rayl\u0131 sistem kurulaca\u011f\u0131n\u0131 belirten Cumhurba\u015fkan\u0131 Recep Tayyip Erdo\u011fan, in\u015faat\u0131 s\u00fcren Tokat havaliman\u0131n\u0131n \u00f6n\u00fcm\u00fczdeki y\u0131l hizmete girece\u011fini m\u00fcjdeledi. Erdo\u011fan, \u201cTokat Turhal aras\u0131nda yeni bir demir yolu yapmak i\u00e7in \u00e7al\u0131\u015fmalara ba\u015flad\u0131k. Hatt\u0131n et\u00fct proje \u00e7al\u0131\u015fmalar\u0131 devam ediyor. Tamamlanmas\u0131n\u0131n ard\u0131ndan gerekli ad\u0131mlar\u0131 ataca\u011f\u0131z. Y\u0131ll\u0131k 2 milyon yolcu kapasiteli hava liman\u0131m\u0131z\u0131 in\u015fallah \u00f6n\u00fcm\u00fczdeki sene hizmete sunmay\u0131 planl\u0131yoruz.\u201ddedi.<\/p>\n<p>\u201cIMF ile i\u015fimiz yok\u201d<\/p>\n<p>IMF ile i\u015fleri bulunmad\u0131\u011f\u0131n\u0131 belirten Erdo\u011fan, \u201cMay\u0131s 2013, IMF\u2019ye 23 milyar dolarl\u0131k bor\u00e7 \u00f6demesi bitti. S\u0131f\u0131rland\u0131. \u015eu anda bizim IMF\u2019ye borcumuz yok. Orayla da i\u015fimiz yok. Geldiler bizden 5 milyar Euro bor\u00e7 istediler. Arkadalar bana bunu sorunca verin dedim. Bakt\u0131lar ki bu \u00e7\u0131\u011fl\u0131n T\u00fcrkler bu i\u015fi ciddiye ayd\u0131lar. Vazge\u00e7tiler. Biz buyuz. Savunma sanayisinde y\u00fczde 80 d\u0131\u015fa ba\u011f\u0131ml\u0131 bir \u00fclke iken bug\u00fcn kendi silah\u0131n\u0131, kendi helikopterini, tank\u0131n\u0131, istihbarat gemisini, u\u00e7ak gemisini in\u015fa eder hale geldik. Biz insans\u0131z hava ara\u00e7lar\u0131n\u0131 gidip de bir yerden alm\u0131yoruz. Silahl\u0131 insans\u0131z hava ara\u00e7lar\u0131n\u0131 gidip de bir yerden alm\u0131yoruz. Biz \u00fcretiyoruz biz\u201d dedi.<\/p>\n<p>\u201cYar\u0131n gittikleri yere ihanet ederler\u201d<\/p>\n<p>Cumhurba\u015fkan\u0131 Recep Tayyip Erdo\u011fan, baz\u0131 arkada\u015flar\u0131n\u0131n kendi trenlerinden ba\u015fka trenlere bindiklerini, kendilerine ihanet edenlerin yar\u0131n gittikleri yere de ihanet edece\u011fini ifade edip, \u201cBaz\u0131 yola beraber \u00e7\u0131kt\u0131\u011f\u0131m\u0131z arkada\u015flar\u0131m\u0131z. Onlara mevki makam verirken her \u015fey iyi g\u00fczeldi ama \u00f6yle anlar geldi ki \u2018 Gel sen biraz da dinlen, oraya ba\u015fka arkada\u015f\u0131m\u0131z\u0131 koyal\u0131m\u2019 dedi\u011fimizde birde bak\u0131yorsunuz ki bizim trenden inip ba\u015fka bir trene biniyorlar. Bu nedir bu? Bu; kader birli\u011fi de\u011fildir. Bu dava birli\u011fi de\u011fildir. Bug\u00fcn bize ihanet edenler yar\u0131n da gittikleri yere ihanet edecekler. Dolay\u0131s\u0131 ile 31 Mart\u2019a giderken gerekli dersi gerekenlere de verece\u011finize inan\u0131yorum\u201d dedi.<\/p>\n<p>Suriyeliler geri d\u00f6necek<\/p>\n<p>Cumhurba\u015fkan\u0131 Recep Tayyip Erdo\u011fan, Suriyelilerin g\u00fcvenli\u011fi sa\u011flanan b\u00f6lgelere geri d\u00f6nmelerinin sa\u011flanaca\u011f\u0131n\u0131 a\u00e7\u0131klayarak, \u201cSuriye\u2019de g\u00fcvenli b\u00f6lgeler kurarak 8 y\u0131ld\u0131r vatan hasreti \u00e7eken Suriyeli karde\u015flerimizi huzur-u kalp ile buralara d\u00f6nmelerini sa\u011flayaca\u011f\u0131z. Zeytin Dal\u0131 ve F\u0131rat Kalkan\u0131 harekatlar\u0131 ile ter\u00f6rden ar\u0131nd\u0131rd\u0131\u011f\u0131m\u0131z  alanlara \u015fimdiye kadar 310 binden fazla Suriyeli muhacir geri d\u00f6nd\u00fc. Sadece M\u00fcnbi\u00e7\u2019i g\u00fcvenli hale getirdi\u011finizde buralara d\u00f6nmeyi arzu eden 500 bin Suriyeli karde\u015fimiz bulunuyor. F\u0131rat\u2019\u0131n Do\u011fusunu b\u00f6l\u00fcc\u00fc ter\u00f6r \u00f6rg\u00fct\u00fcnden temizledi\u011fimizde in\u015fallah bu say\u0131 milyonlar\u0131 a\u015facakt\u0131r&#8221; \u015feklinde konu\u015ftu.<\/p>\n<p>\u201cBu imtihandan g\u00fc\u00e7lenerek \u00e7\u0131kaca\u011f\u0131z\u201d<\/p>\n<p>Cumhurba\u015fkan\u0131 Recep Tayyip Erdo\u011fan, \u00fclke \u00fczerinde oynanan ekonomik oyunlardan daha da g\u00fc\u00e7lenerek \u00e7\u0131kacaklar\u0131n\u0131n alt\u0131n\u0131 \u00e7izerek \u015funlar\u0131 s\u00f6yledi:<\/p>\n<p>\u201dYaz aylar\u0131nda d\u00f6viz kuru \u00fczerinden maruz kald\u0131\u011f\u0131m\u0131z ekonomik sald\u0131r\u0131y\u0131 hamdolsun sizlerin deste\u011fi ile \u00e7ok b\u00fcy\u00fck oranda atlatt\u0131k. Ald\u0131\u011f\u0131m\u0131z tedbirler ile d\u00f6viz kuru \u00fczerinde ki balonu s\u00f6nd\u00fcrd\u00fck. Ard\u0131ndan sebze meyve fiyatlar\u0131 \u00fczerinden oynanan bir tak\u0131m oyunlar\u0131 da tanzim sat\u0131\u015flar ile bozduk. \u00dcreticimizi ve sanayici esnaf\u0131m\u0131z\u0131 daha da rahatlatacak ilave ad\u0131mlar \u00fczerinde \u00e7al\u0131\u015f\u0131yor d\u00f6nem d\u00f6nem bunlar\u0131 payla\u015f\u0131yoruz. Daha \u00f6ncekilerde oldu\u011fu gibi bu imtihandan da g\u00fc\u00e7lenerek \u00e7\u0131kaca\u011f\u0131z.\u201d<\/p>\n<p>Cumhurba\u015fkan\u0131 Erdo\u011fan, miting meydan\u0131nda kendir ipli\u011finden yap\u0131lm\u0131\u015f po\u015fetlerde Rize \u00e7ay\u0131 da\u011f\u0131tt\u0131.<div class=\"tiled-gallery type-rectangular tiled-gallery-unresized\" data-original-width=\"500\" data-carousel-extra='null' itemscope itemtype=\"http:\/\/schema.org\/ImageGallery\" > <div class=\"gallery-row\" style=\"width: 500px; height: 224px;\" data-original-width=\"500\" data-original-height=\"224\" > <div class=\"gallery-group images-1\" style=\"width: 333px; height: 224px;\" data-original-width=\"333\" data-original-height=\"224\" > <div class=\"tiled-gallery-item tiled-gallery-item-large\" itemprop=\"associatedMedia\" itemscope itemtype=\"http:\/\/schema.org\/ImageObject\"> <a href=\"http:\/\/www.tvturk.com\/index.php\/erdogan-bize-ihanet-edenler-yarin-gittikleri-yere-de-ihanet-ederler\/erdogan-bize-ihanet-edenler-yarin-gittikleri-yere-de-ihanet-ederler-3\/\" border=\"0\" itemprop=\"url\"> <meta itemprop=\"width\" content=\"329\"> <meta itemprop=\"height\" content=\"220\"> <img decoding=\"async\" class=\"\" data-attachment-id=\"59677\" data-orig-file=\"http:\/\/www.tvturk.com\/wp-content\/uploads\/2019\/02\/erdogan-bize-ihanet-edenler-yarin-gittikleri-yere-de-ihanet-ederler_3cb38f0.jpg\" data-orig-size=\"1000,671\" data-comments-opened=\"\" data-image-meta=\"{&quot;aperture&quot;:&quot;0&quot;,&quot;credit&quot;:&quot;IHA&quot;,&quot;camera&quot;:&quot;&quot;,&quot;caption&quot;:&quot;CUMHURBA\\u015eKANI RECEP TAYY\\u0130P ERDO\\u011eAN, TOKAT\\u2019TA D\\u00dcZENLENEN M\\u0130T\\u0130NGDE PART\\u0130L\\u0130LERE SESLEND\\u0130. (DURSUN EKREM ER - NURHAN \\u0130\\u00c7MEZ\\\/TOKAT-\\u0130HA)&quot;,&quot;created_timestamp&quot;:&quot;0&quot;,&quot;copyright&quot;:&quot;\\u0130HLAS HABER AJANSI, www.iha.com.tr&quot;,&quot;focal_length&quot;:&quot;0&quot;,&quot;iso&quot;:&quot;0&quot;,&quot;shutter_speed&quot;:&quot;0&quot;,&quot;title&quot;:&quot;ERDO\\u011eAN: \\u201cB\\u0130ZE \\u0130HANET EDENLER YARIN G\\u0130TT\\u0130KLER\\u0130 YERE DE \\u0130HANET EDERLER\\u201d \\u201c SUR\\u0130YE\\u2019DE G\\u00dcVENL\\u0130 B\\u00d6LGELER KURARAK 8 YILDIR VATAN HASRET\\u0130 \\u00c7EKEN SUR\\u0130YEL\\u0130 KARDE\\u015eLER\\u0130M\\u0130Z\\u0130 HUZUR-U KALP \\u0130LE BURALARA D\\u00d6NMELER\\u0130N\\u0130 SA\\u011eLAYACA\\u011eIZ\\u201d&quot;,&quot;orientation&quot;:&quot;0&quot;}\" data-image-title=\"Erdo\u011fan: \u201cBize ihanet edenler yar\u0131n gittikleri yere de ihanet ederler\u201d\" data-image-description=\"&lt;p&gt;Erdo\u011fan: \u201cBize ihanet edenler yar\u0131n gittikleri yere de ihanet ederler\u201d&lt;\/p&gt; \" data-medium-file=\"https:\/\/i0.wp.com\/www.tvturk.com\/wp-content\/uploads\/2019\/02\/erdogan-bize-ihanet-edenler-yarin-gittikleri-yere-de-ihanet-ederler_3cb38f0.jpg?fit=300%2C201\" data-large-file=\"https:\/\/i0.wp.com\/www.tvturk.com\/wp-content\/uploads\/2019\/02\/erdogan-bize-ihanet-edenler-yarin-gittikleri-yere-de-ihanet-ederler_3cb38f0.jpg?fit=1000%2C671\" src=\"https:\/\/i0.wp.com\/www.tvturk.com\/wp-content\/uploads\/2019\/02\/erdogan-bize-ihanet-edenler-yarin-gittikleri-yere-de-ihanet-ederler_3cb38f0.jpg?w=329&#038;h=220\" srcset=\"https:\/\/i0.wp.com\/www.tvturk.com\/wp-content\/uploads\/2019\/02\/erdogan-bize-ihanet-edenler-yarin-gittikleri-yere-de-ihanet-ederler_3cb38f0.jpg?w=1000 1000w, https:\/\/i0.wp.com\/www.tvturk.com\/wp-content\/uploads\/2019\/02\/erdogan-bize-ihanet-edenler-yarin-gittikleri-yere-de-ihanet-ederler_3cb38f0.jpg?resize=150%2C101 150w, https:\/\/i0.wp.com\/www.tvturk.com\/wp-content\/uploads\/2019\/02\/erdogan-bize-ihanet-edenler-yarin-gittikleri-yere-de-ihanet-ederler_3cb38f0.jpg?resize=300%2C200 300w, https:\/\/i0.wp.com\/www.tvturk.com\/wp-content\/uploads\/2019\/02\/erdogan-bize-ihanet-edenler-yarin-gittikleri-yere-de-ihanet-ederler_3cb38f0.jpg?resize=768%2C515 768w, https:\/\/i0.wp.com\/www.tvturk.com\/wp-content\/uploads\/2019\/02\/erdogan-bize-ihanet-edenler-yarin-gittikleri-yere-de-ihanet-ederler_3cb38f0.jpg?resize=170%2C113 170w, https:\/\/i0.wp.com\/www.tvturk.com\/wp-content\/uploads\/2019\/02\/erdogan-bize-ihanet-edenler-yarin-gittikleri-yere-de-ihanet-ederler_3cb38f0.jpg?resize=120%2C80 120w\" width=\"329\" height=\"220\" loading=\"lazy\" data-original-width=\"329\" data-original-height=\"220\" itemprop=\"http:\/\/schema.org\/image\" title=\"Erdo\u011fan: \u201cBize ihanet edenler yar\u0131n gittikleri yere de ihanet ederler\u201d\" alt=\"Erdo\u011fan: \u201cBize ihanet edenler yar\u0131n gittikleri yere de ihanet ederler\u201d\" style=\"width: 329px; height: 220px;\" \/> <\/a> <\/div> <\/div> <!-- close group --> <div class=\"gallery-group images-2\" style=\"width: 167px; height: 224px;\" data-original-width=\"167\" data-original-height=\"224\" > <div class=\"tiled-gallery-item tiled-gallery-item-small\" itemprop=\"associatedMedia\" itemscope itemtype=\"http:\/\/schema.org\/ImageObject\"> <a href=\"http:\/\/www.tvturk.com\/index.php\/erdogan-bize-ihanet-edenler-yarin-gittikleri-yere-de-ihanet-ederler\/erdogan-bize-ihanet-edenler-yarin-gittikleri-yere-de-ihanet-ederler-4\/\" border=\"0\" itemprop=\"url\"> <meta itemprop=\"width\" content=\"163\"> <meta itemprop=\"height\" content=\"109\"> <img decoding=\"async\" class=\"\" data-attachment-id=\"59678\" data-orig-file=\"http:\/\/www.tvturk.com\/wp-content\/uploads\/2019\/02\/erdogan-bize-ihanet-edenler-yarin-gittikleri-yere-de-ihanet-ederler_c6e83f0.jpg\" data-orig-size=\"1000,671\" data-comments-opened=\"\" data-image-meta=\"{&quot;aperture&quot;:&quot;0&quot;,&quot;credit&quot;:&quot;IHA&quot;,&quot;camera&quot;:&quot;&quot;,&quot;caption&quot;:&quot;CUMHURBA\\u015eKANI RECEP TAYY\\u0130P ERDO\\u011eAN, TOKAT\\u2019TA D\\u00dcZENLENEN M\\u0130T\\u0130NGDE PART\\u0130L\\u0130LERE SESLEND\\u0130. (DURSUN EKREM ER - NURHAN \\u0130\\u00c7MEZ\\\/TOKAT-\\u0130HA)&quot;,&quot;created_timestamp&quot;:&quot;0&quot;,&quot;copyright&quot;:&quot;\\u0130HLAS HABER AJANSI, www.iha.com.tr&quot;,&quot;focal_length&quot;:&quot;0&quot;,&quot;iso&quot;:&quot;0&quot;,&quot;shutter_speed&quot;:&quot;0&quot;,&quot;title&quot;:&quot;ERDO\\u011eAN: \\u201cB\\u0130ZE \\u0130HANET EDENLER YARIN G\\u0130TT\\u0130KLER\\u0130 YERE DE \\u0130HANET EDERLER\\u201d \\u201c SUR\\u0130YE\\u2019DE G\\u00dcVENL\\u0130 B\\u00d6LGELER KURARAK 8 YILDIR VATAN HASRET\\u0130 \\u00c7EKEN SUR\\u0130YEL\\u0130 KARDE\\u015eLER\\u0130M\\u0130Z\\u0130 HUZUR-U KALP \\u0130LE BURALARA D\\u00d6NMELER\\u0130N\\u0130 SA\\u011eLAYACA\\u011eIZ\\u201d&quot;,&quot;orientation&quot;:&quot;0&quot;}\" data-image-title=\"Erdo\u011fan: \u201cBize ihanet edenler yar\u0131n gittikleri yere de ihanet ederler\u201d\" data-image-description=\"&lt;p&gt;Erdo\u011fan: \u201cBize ihanet edenler yar\u0131n gittikleri yere de ihanet ederler\u201d&lt;\/p&gt; \" data-medium-file=\"https:\/\/i0.wp.com\/www.tvturk.com\/wp-content\/uploads\/2019\/02\/erdogan-bize-ihanet-edenler-yarin-gittikleri-yere-de-ihanet-ederler_c6e83f0.jpg?fit=300%2C201\" data-large-file=\"https:\/\/i0.wp.com\/www.tvturk.com\/wp-content\/uploads\/2019\/02\/erdogan-bize-ihanet-edenler-yarin-gittikleri-yere-de-ihanet-ederler_c6e83f0.jpg?fit=1000%2C671\" src=\"https:\/\/i0.wp.com\/www.tvturk.com\/wp-content\/uploads\/2019\/02\/erdogan-bize-ihanet-edenler-yarin-gittikleri-yere-de-ihanet-ederler_c6e83f0.jpg?w=163&#038;h=109\" srcset=\"https:\/\/i0.wp.com\/www.tvturk.com\/wp-content\/uploads\/2019\/02\/erdogan-bize-ihanet-edenler-yarin-gittikleri-yere-de-ihanet-ederler_c6e83f0.jpg?w=1000 1000w, https:\/\/i0.wp.com\/www.tvturk.com\/wp-content\/uploads\/2019\/02\/erdogan-bize-ihanet-edenler-yarin-gittikleri-yere-de-ihanet-ederler_c6e83f0.jpg?resize=150%2C101 150w, https:\/\/i0.wp.com\/www.tvturk.com\/wp-content\/uploads\/2019\/02\/erdogan-bize-ihanet-edenler-yarin-gittikleri-yere-de-ihanet-ederler_c6e83f0.jpg?resize=300%2C200 300w, https:\/\/i0.wp.com\/www.tvturk.com\/wp-content\/uploads\/2019\/02\/erdogan-bize-ihanet-edenler-yarin-gittikleri-yere-de-ihanet-ederler_c6e83f0.jpg?resize=768%2C515 768w, https:\/\/i0.wp.com\/www.tvturk.com\/wp-content\/uploads\/2019\/02\/erdogan-bize-ihanet-edenler-yarin-gittikleri-yere-de-ihanet-ederler_c6e83f0.jpg?resize=170%2C113 170w, https:\/\/i0.wp.com\/www.tvturk.com\/wp-content\/uploads\/2019\/02\/erdogan-bize-ihanet-edenler-yarin-gittikleri-yere-de-ihanet-ederler_c6e83f0.jpg?resize=120%2C80 120w\" width=\"163\" height=\"109\" loading=\"lazy\" data-original-width=\"163\" data-original-height=\"109\" itemprop=\"http:\/\/schema.org\/image\" title=\"Erdo\u011fan: \u201cBize ihanet edenler yar\u0131n gittikleri yere de ihanet ederler\u201d\" alt=\"Erdo\u011fan: \u201cBize ihanet edenler yar\u0131n gittikleri yere de ihanet ederler\u201d\" style=\"width: 163px; height: 109px;\" \/> <\/a> <\/div> <div class=\"tiled-gallery-item tiled-gallery-item-small\" itemprop=\"associatedMedia\" itemscope itemtype=\"http:\/\/schema.org\/ImageObject\"> <a href=\"http:\/\/www.tvturk.com\/index.php\/erdogan-bize-ihanet-edenler-yarin-gittikleri-yere-de-ihanet-ederler\/erdogan-bize-ihanet-edenler-yarin-gittikleri-yere-de-ihanet-ederler-5\/\" border=\"0\" itemprop=\"url\"> <meta itemprop=\"width\" content=\"163\"> <meta itemprop=\"height\" content=\"107\"> <img decoding=\"async\" class=\"\" data-attachment-id=\"59679\" data-orig-file=\"http:\/\/www.tvturk.com\/wp-content\/uploads\/2019\/02\/erdogan-bize-ihanet-edenler-yarin-gittikleri-yere-de-ihanet-ederler_bce66e4.jpg\" data-orig-size=\"1000,654\" data-comments-opened=\"\" data-image-meta=\"{&quot;aperture&quot;:&quot;0&quot;,&quot;credit&quot;:&quot;IHA&quot;,&quot;camera&quot;:&quot;&quot;,&quot;caption&quot;:&quot;CUMHURBA\\u015eKANI RECEP TAYY\\u0130P ERDO\\u011eAN, TOKAT\\u2019TA D\\u00dcZENLENEN M\\u0130T\\u0130NGDE PART\\u0130L\\u0130LERE SESLEND\\u0130. (DURSUN EKREM ER - NURHAN \\u0130\\u00c7MEZ\\\/TOKAT-\\u0130HA)&quot;,&quot;created_timestamp&quot;:&quot;0&quot;,&quot;copyright&quot;:&quot;\\u0130HLAS HABER AJANSI, www.iha.com.tr&quot;,&quot;focal_length&quot;:&quot;0&quot;,&quot;iso&quot;:&quot;0&quot;,&quot;shutter_speed&quot;:&quot;0&quot;,&quot;title&quot;:&quot;ERDO\\u011eAN: \\u201cB\\u0130ZE \\u0130HANET EDENLER YARIN G\\u0130TT\\u0130KLER\\u0130 YERE DE \\u0130HANET EDERLER\\u201d \\u201c SUR\\u0130YE\\u2019DE G\\u00dcVENL\\u0130 B\\u00d6LGELER KURARAK 8 YILDIR VATAN HASRET\\u0130 \\u00c7EKEN SUR\\u0130YEL\\u0130 KARDE\\u015eLER\\u0130M\\u0130Z\\u0130 HUZUR-U KALP \\u0130LE BURALARA D\\u00d6NMELER\\u0130N\\u0130 SA\\u011eLAYACA\\u011eIZ\\u201d&quot;,&quot;orientation&quot;:&quot;0&quot;}\" data-image-title=\"Erdo\u011fan: \u201cBize ihanet edenler yar\u0131n gittikleri yere de ihanet ederler\u201d\" data-image-description=\"&lt;p&gt;Erdo\u011fan: \u201cBize ihanet edenler yar\u0131n gittikleri yere de ihanet ederler\u201d&lt;\/p&gt; \" data-medium-file=\"https:\/\/i0.wp.com\/www.tvturk.com\/wp-content\/uploads\/2019\/02\/erdogan-bize-ihanet-edenler-yarin-gittikleri-yere-de-ihanet-ederler_bce66e4.jpg?fit=300%2C196\" data-large-file=\"https:\/\/i0.wp.com\/www.tvturk.com\/wp-content\/uploads\/2019\/02\/erdogan-bize-ihanet-edenler-yarin-gittikleri-yere-de-ihanet-ederler_bce66e4.jpg?fit=1000%2C654\" src=\"https:\/\/i0.wp.com\/www.tvturk.com\/wp-content\/uploads\/2019\/02\/erdogan-bize-ihanet-edenler-yarin-gittikleri-yere-de-ihanet-ederler_bce66e4.jpg?w=163&#038;h=107\" srcset=\"https:\/\/i0.wp.com\/www.tvturk.com\/wp-content\/uploads\/2019\/02\/erdogan-bize-ihanet-edenler-yarin-gittikleri-yere-de-ihanet-ederler_bce66e4.jpg?w=1000 1000w, https:\/\/i0.wp.com\/www.tvturk.com\/wp-content\/uploads\/2019\/02\/erdogan-bize-ihanet-edenler-yarin-gittikleri-yere-de-ihanet-ederler_bce66e4.jpg?resize=150%2C98 150w, https:\/\/i0.wp.com\/www.tvturk.com\/wp-content\/uploads\/2019\/02\/erdogan-bize-ihanet-edenler-yarin-gittikleri-yere-de-ihanet-ederler_bce66e4.jpg?resize=300%2C196 300w, https:\/\/i0.wp.com\/www.tvturk.com\/wp-content\/uploads\/2019\/02\/erdogan-bize-ihanet-edenler-yarin-gittikleri-yere-de-ihanet-ederler_bce66e4.jpg?resize=768%2C502 768w, https:\/\/i0.wp.com\/www.tvturk.com\/wp-content\/uploads\/2019\/02\/erdogan-bize-ihanet-edenler-yarin-gittikleri-yere-de-ihanet-ederler_bce66e4.jpg?resize=170%2C113 170w, https:\/\/i0.wp.com\/www.tvturk.com\/wp-content\/uploads\/2019\/02\/erdogan-bize-ihanet-edenler-yarin-gittikleri-yere-de-ihanet-ederler_bce66e4.jpg?resize=120%2C80 120w\" width=\"163\" height=\"107\" loading=\"lazy\" data-original-width=\"163\" data-original-height=\"107\" itemprop=\"http:\/\/schema.org\/image\" title=\"Erdo\u011fan: \u201cBize ihanet edenler yar\u0131n gittikleri yere de ihanet ederler\u201d\" alt=\"Erdo\u011fan: \u201cBize ihanet edenler yar\u0131n gittikleri yere de ihanet ederler\u201d\" style=\"width: 163px; height: 107px;\" \/> <\/a> <\/div> <\/div> <!-- close group --> <\/div> <!-- close row --> <div class=\"gallery-row\" style=\"width: 500px; height: 213px;\" data-original-width=\"500\" data-original-height=\"213\" > <div class=\"gallery-group images-2\" style=\"width: 183px; height: 213px;\" data-original-width=\"183\" data-original-height=\"213\" > <div class=\"tiled-gallery-item tiled-gallery-item-small\" itemprop=\"associatedMedia\" itemscope itemtype=\"http:\/\/schema.org\/ImageObject\"> <a href=\"http:\/\/www.tvturk.com\/index.php\/erdogan-bize-ihanet-edenler-yarin-gittikleri-yere-de-ihanet-ederler\/erdogan-bize-ihanet-edenler-yarin-gittikleri-yere-de-ihanet-ederler-6\/\" border=\"0\" itemprop=\"url\"> <meta itemprop=\"width\" content=\"179\"> <meta itemprop=\"height\" content=\"92\"> <img decoding=\"async\" class=\"\" data-attachment-id=\"59680\" data-orig-file=\"http:\/\/www.tvturk.com\/wp-content\/uploads\/2019\/02\/erdogan-bize-ihanet-edenler-yarin-gittikleri-yere-de-ihanet-ederler_1aaa0b6.jpg\" data-orig-size=\"1000,515\" data-comments-opened=\"\" data-image-meta=\"{&quot;aperture&quot;:&quot;0&quot;,&quot;credit&quot;:&quot;IHA&quot;,&quot;camera&quot;:&quot;&quot;,&quot;caption&quot;:&quot;CUMHURBA\\u015eKANI RECEP TAYY\\u0130P ERDO\\u011eAN, TOKAT\\u2019TA D\\u00dcZENLENEN M\\u0130T\\u0130NGDE PART\\u0130L\\u0130LERE SESLEND\\u0130. (DURSUN EKREM ER - NURHAN \\u0130\\u00c7MEZ\\\/TOKAT-\\u0130HA)&quot;,&quot;created_timestamp&quot;:&quot;0&quot;,&quot;copyright&quot;:&quot;\\u0130HLAS HABER AJANSI, www.iha.com.tr&quot;,&quot;focal_length&quot;:&quot;0&quot;,&quot;iso&quot;:&quot;0&quot;,&quot;shutter_speed&quot;:&quot;0&quot;,&quot;title&quot;:&quot;ERDO\\u011eAN: \\u201cB\\u0130ZE \\u0130HANET EDENLER YARIN G\\u0130TT\\u0130KLER\\u0130 YERE DE \\u0130HANET EDERLER\\u201d \\u201c SUR\\u0130YE\\u2019DE G\\u00dcVENL\\u0130 B\\u00d6LGELER KURARAK 8 YILDIR VATAN HASRET\\u0130 \\u00c7EKEN SUR\\u0130YEL\\u0130 KARDE\\u015eLER\\u0130M\\u0130Z\\u0130 HUZUR-U KALP \\u0130LE BURALARA D\\u00d6NMELER\\u0130N\\u0130 SA\\u011eLAYACA\\u011eIZ\\u201d&quot;,&quot;orientation&quot;:&quot;0&quot;}\" data-image-title=\"Erdo\u011fan: \u201cBize ihanet edenler yar\u0131n gittikleri yere de ihanet ederler\u201d\" data-image-description=\"&lt;p&gt;Erdo\u011fan: \u201cBize ihanet edenler yar\u0131n gittikleri yere de ihanet ederler\u201d&lt;\/p&gt; \" data-medium-file=\"https:\/\/i0.wp.com\/www.tvturk.com\/wp-content\/uploads\/2019\/02\/erdogan-bize-ihanet-edenler-yarin-gittikleri-yere-de-ihanet-ederler_1aaa0b6.jpg?fit=300%2C155\" data-large-file=\"https:\/\/i0.wp.com\/www.tvturk.com\/wp-content\/uploads\/2019\/02\/erdogan-bize-ihanet-edenler-yarin-gittikleri-yere-de-ihanet-ederler_1aaa0b6.jpg?fit=1000%2C515\" src=\"https:\/\/i0.wp.com\/www.tvturk.com\/wp-content\/uploads\/2019\/02\/erdogan-bize-ihanet-edenler-yarin-gittikleri-yere-de-ihanet-ederler_1aaa0b6.jpg?w=179&#038;h=92\" srcset=\"https:\/\/i0.wp.com\/www.tvturk.com\/wp-content\/uploads\/2019\/02\/erdogan-bize-ihanet-edenler-yarin-gittikleri-yere-de-ihanet-ederler_1aaa0b6.jpg?w=1000 1000w, https:\/\/i0.wp.com\/www.tvturk.com\/wp-content\/uploads\/2019\/02\/erdogan-bize-ihanet-edenler-yarin-gittikleri-yere-de-ihanet-ederler_1aaa0b6.jpg?resize=150%2C77 150w, https:\/\/i0.wp.com\/www.tvturk.com\/wp-content\/uploads\/2019\/02\/erdogan-bize-ihanet-edenler-yarin-gittikleri-yere-de-ihanet-ederler_1aaa0b6.jpg?resize=300%2C155 300w, https:\/\/i0.wp.com\/www.tvturk.com\/wp-content\/uploads\/2019\/02\/erdogan-bize-ihanet-edenler-yarin-gittikleri-yere-de-ihanet-ederler_1aaa0b6.jpg?resize=768%2C396 768w, https:\/\/i0.wp.com\/www.tvturk.com\/wp-content\/uploads\/2019\/02\/erdogan-bize-ihanet-edenler-yarin-gittikleri-yere-de-ihanet-ederler_1aaa0b6.jpg?resize=780%2C400 780w\" width=\"179\" height=\"92\" loading=\"lazy\" data-original-width=\"179\" data-original-height=\"92\" itemprop=\"http:\/\/schema.org\/image\" title=\"Erdo\u011fan: \u201cBize ihanet edenler yar\u0131n gittikleri yere de ihanet ederler\u201d\" alt=\"Erdo\u011fan: \u201cBize ihanet edenler yar\u0131n gittikleri yere de ihanet ederler\u201d\" style=\"width: 179px; height: 92px;\" \/> <\/a> <\/div> <div class=\"tiled-gallery-item tiled-gallery-item-small\" itemprop=\"associatedMedia\" itemscope itemtype=\"http:\/\/schema.org\/ImageObject\"> <a href=\"http:\/\/www.tvturk.com\/index.php\/erdogan-bize-ihanet-edenler-yarin-gittikleri-yere-de-ihanet-ederler\/erdogan-bize-ihanet-edenler-yarin-gittikleri-yere-de-ihanet-ederler-7\/\" border=\"0\" itemprop=\"url\"> <meta itemprop=\"width\" content=\"179\"> <meta itemprop=\"height\" content=\"113\"> <img decoding=\"async\" class=\"\" data-attachment-id=\"59681\" data-orig-file=\"http:\/\/www.tvturk.com\/wp-content\/uploads\/2019\/02\/erdogan-bize-ihanet-edenler-yarin-gittikleri-yere-de-ihanet-ederler_c6ec2e0.jpg\" data-orig-size=\"1000,630\" data-comments-opened=\"\" data-image-meta=\"{&quot;aperture&quot;:&quot;0&quot;,&quot;credit&quot;:&quot;IHA&quot;,&quot;camera&quot;:&quot;&quot;,&quot;caption&quot;:&quot;CUMHURBA\\u015eKANI RECEP TAYY\\u0130P ERDO\\u011eAN, TOKAT M\\u0130T\\u0130NG\\u0130NDE YAPTI\\u011eI KONU\\u015eMADA, AK PART\\u0130\\u2019DEN AYRILIP FARLI PART\\u0130LERE GE\\u00c7ENLER\\u0130N YARIN G\\u0130TT\\u0130KLER\\u0130 YERE DE \\u0130HANET EDECEKLER\\u0130N\\u0130 S\\u00d6YLED\\u0130. ERDO\\u011eAN AYRICA SUR\\u0130YEL\\u0130LER\\u0130N KURULACAK G\\u00dcVENL\\u0130 B\\u00d6LGELERE D\\u00d6NMELER\\u0130N\\u0130N SA\\u011eLANACA\\u011eINI S\\u00d6ZLER\\u0130NE EKLED\\u0130. (DURSUN EKREM ER - NURHAN \\u0130\\u00c7MEZ\\\/TOKAT-\\u0130HA)&quot;,&quot;created_timestamp&quot;:&quot;0&quot;,&quot;copyright&quot;:&quot;\\u0130HLAS HABER AJANSI, www.iha.com.tr&quot;,&quot;focal_length&quot;:&quot;0&quot;,&quot;iso&quot;:&quot;0&quot;,&quot;shutter_speed&quot;:&quot;0&quot;,&quot;title&quot;:&quot;ERDO\\u011eAN: \\u201cB\\u0130ZE \\u0130HANET EDENLER YARIN G\\u0130TT\\u0130KLER\\u0130 YERE DE \\u0130HANET EDERLER\\u201d \\u201c SUR\\u0130YE\\u2019DE G\\u00dcVENL\\u0130 B\\u00d6LGELER KURARAK 8 YILDIR VATAN HASRET\\u0130 \\u00c7EKEN SUR\\u0130YEL\\u0130 KARDE\\u015eLER\\u0130M\\u0130Z\\u0130 HUZUR-U KALP \\u0130LE BURALARA D\\u00d6NMELER\\u0130N\\u0130 SA\\u011eLAYACA\\u011eIZ\\u201d&quot;,&quot;orientation&quot;:&quot;0&quot;}\" data-image-title=\"Erdo\u011fan: \u201cBize ihanet edenler yar\u0131n gittikleri yere de ihanet ederler\u201d\" data-image-description=\"&lt;p&gt;Erdo\u011fan: \u201cBize ihanet edenler yar\u0131n gittikleri yere de ihanet ederler\u201d&lt;\/p&gt; \" data-medium-file=\"https:\/\/i0.wp.com\/www.tvturk.com\/wp-content\/uploads\/2019\/02\/erdogan-bize-ihanet-edenler-yarin-gittikleri-yere-de-ihanet-ederler_c6ec2e0.jpg?fit=300%2C189\" data-large-file=\"https:\/\/i0.wp.com\/www.tvturk.com\/wp-content\/uploads\/2019\/02\/erdogan-bize-ihanet-edenler-yarin-gittikleri-yere-de-ihanet-ederler_c6ec2e0.jpg?fit=1000%2C630\" src=\"https:\/\/i0.wp.com\/www.tvturk.com\/wp-content\/uploads\/2019\/02\/erdogan-bize-ihanet-edenler-yarin-gittikleri-yere-de-ihanet-ederler_c6ec2e0.jpg?w=179&#038;h=113\" srcset=\"https:\/\/i0.wp.com\/www.tvturk.com\/wp-content\/uploads\/2019\/02\/erdogan-bize-ihanet-edenler-yarin-gittikleri-yere-de-ihanet-ederler_c6ec2e0.jpg?w=1000 1000w, https:\/\/i0.wp.com\/www.tvturk.com\/wp-content\/uploads\/2019\/02\/erdogan-bize-ihanet-edenler-yarin-gittikleri-yere-de-ihanet-ederler_c6ec2e0.jpg?resize=150%2C95 150w, https:\/\/i0.wp.com\/www.tvturk.com\/wp-content\/uploads\/2019\/02\/erdogan-bize-ihanet-edenler-yarin-gittikleri-yere-de-ihanet-ederler_c6ec2e0.jpg?resize=300%2C189 300w, https:\/\/i0.wp.com\/www.tvturk.com\/wp-content\/uploads\/2019\/02\/erdogan-bize-ihanet-edenler-yarin-gittikleri-yere-de-ihanet-ederler_c6ec2e0.jpg?resize=768%2C484 768w, https:\/\/i0.wp.com\/www.tvturk.com\/wp-content\/uploads\/2019\/02\/erdogan-bize-ihanet-edenler-yarin-gittikleri-yere-de-ihanet-ederler_c6ec2e0.jpg?resize=460%2C290 460w\" width=\"179\" height=\"113\" loading=\"lazy\" data-original-width=\"179\" data-original-height=\"113\" itemprop=\"http:\/\/schema.org\/image\" title=\"Erdo\u011fan: \u201cBize ihanet edenler yar\u0131n gittikleri yere de ihanet ederler\u201d\" alt=\"Erdo\u011fan: \u201cBize ihanet edenler yar\u0131n gittikleri yere de ihanet ederler\u201d\" style=\"width: 179px; height: 113px;\" \/> <\/a> <\/div> <\/div> <!-- close group --> <div class=\"gallery-group images-1\" style=\"width: 317px; height: 213px;\" data-original-width=\"317\" data-original-height=\"213\" > <div class=\"tiled-gallery-item tiled-gallery-item-large\" itemprop=\"associatedMedia\" itemscope itemtype=\"http:\/\/schema.org\/ImageObject\"> <a href=\"http:\/\/www.tvturk.com\/index.php\/erdogan-bize-ihanet-edenler-yarin-gittikleri-yere-de-ihanet-ederler\/erdogan-bize-ihanet-edenler-yarin-gittikleri-yere-de-ihanet-ederler-8\/\" border=\"0\" itemprop=\"url\"> <meta itemprop=\"width\" content=\"313\"> <meta itemprop=\"height\" content=\"209\"> <img decoding=\"async\" class=\"\" data-attachment-id=\"59682\" data-orig-file=\"http:\/\/www.tvturk.com\/wp-content\/uploads\/2019\/02\/erdogan-bize-ihanet-edenler-yarin-gittikleri-yere-de-ihanet-ederler_768ca46.jpg\" data-orig-size=\"1000,666\" data-comments-opened=\"\" data-image-meta=\"{&quot;aperture&quot;:&quot;0&quot;,&quot;credit&quot;:&quot;IHA&quot;,&quot;camera&quot;:&quot;&quot;,&quot;caption&quot;:&quot;CUMHURBA\\u015eKANI RECEP TAYY\\u0130P ERDO\\u011eAN, TOKAT M\\u0130T\\u0130NG\\u0130NDE YAPTI\\u011eI KONU\\u015eMADA, AK PART\\u0130\\u2019DEN AYRILIP FARLI PART\\u0130LERE GE\\u00c7ENLER\\u0130N YARIN G\\u0130TT\\u0130KLER\\u0130 YERE DE \\u0130HANET EDECEKLER\\u0130N\\u0130 S\\u00d6YLED\\u0130. ERDO\\u011eAN AYRICA SUR\\u0130YEL\\u0130LER\\u0130N KURULACAK G\\u00dcVENL\\u0130 B\\u00d6LGELERE D\\u00d6NMELER\\u0130N\\u0130N SA\\u011eLANACA\\u011eINI S\\u00d6ZLER\\u0130NE EKLED\\u0130. (DURSUN EKREM ER - NURHAN \\u0130\\u00c7MEZ\\\/TOKAT-\\u0130HA)&quot;,&quot;created_timestamp&quot;:&quot;0&quot;,&quot;copyright&quot;:&quot;\\u0130HLAS HABER AJANSI, www.iha.com.tr&quot;,&quot;focal_length&quot;:&quot;0&quot;,&quot;iso&quot;:&quot;0&quot;,&quot;shutter_speed&quot;:&quot;0&quot;,&quot;title&quot;:&quot;ERDO\\u011eAN: \\u201cB\\u0130ZE \\u0130HANET EDENLER YARIN G\\u0130TT\\u0130KLER\\u0130 YERE DE \\u0130HANET EDERLER\\u201d \\u201c SUR\\u0130YE\\u2019DE G\\u00dcVENL\\u0130 B\\u00d6LGELER KURARAK 8 YILDIR VATAN HASRET\\u0130 \\u00c7EKEN SUR\\u0130YEL\\u0130 KARDE\\u015eLER\\u0130M\\u0130Z\\u0130 HUZUR-U KALP \\u0130LE BURALARA D\\u00d6NMELER\\u0130N\\u0130 SA\\u011eLAYACA\\u011eIZ\\u201d&quot;,&quot;orientation&quot;:&quot;0&quot;}\" data-image-title=\"Erdo\u011fan: \u201cBize ihanet edenler yar\u0131n gittikleri yere de ihanet ederler\u201d\" data-image-description=\"&lt;p&gt;Erdo\u011fan: \u201cBize ihanet edenler yar\u0131n gittikleri yere de ihanet ederler\u201d&lt;\/p&gt; \" data-medium-file=\"https:\/\/i0.wp.com\/www.tvturk.com\/wp-content\/uploads\/2019\/02\/erdogan-bize-ihanet-edenler-yarin-gittikleri-yere-de-ihanet-ederler_768ca46.jpg?fit=300%2C200\" data-large-file=\"https:\/\/i0.wp.com\/www.tvturk.com\/wp-content\/uploads\/2019\/02\/erdogan-bize-ihanet-edenler-yarin-gittikleri-yere-de-ihanet-ederler_768ca46.jpg?fit=1000%2C666\" src=\"https:\/\/i0.wp.com\/www.tvturk.com\/wp-content\/uploads\/2019\/02\/erdogan-bize-ihanet-edenler-yarin-gittikleri-yere-de-ihanet-ederler_768ca46.jpg?w=313&#038;h=209\" srcset=\"https:\/\/i0.wp.com\/www.tvturk.com\/wp-content\/uploads\/2019\/02\/erdogan-bize-ihanet-edenler-yarin-gittikleri-yere-de-ihanet-ederler_768ca46.jpg?w=1000 1000w, https:\/\/i0.wp.com\/www.tvturk.com\/wp-content\/uploads\/2019\/02\/erdogan-bize-ihanet-edenler-yarin-gittikleri-yere-de-ihanet-ederler_768ca46.jpg?resize=150%2C100 150w, https:\/\/i0.wp.com\/www.tvturk.com\/wp-content\/uploads\/2019\/02\/erdogan-bize-ihanet-edenler-yarin-gittikleri-yere-de-ihanet-ederler_768ca46.jpg?resize=300%2C200 300w, https:\/\/i0.wp.com\/www.tvturk.com\/wp-content\/uploads\/2019\/02\/erdogan-bize-ihanet-edenler-yarin-gittikleri-yere-de-ihanet-ederler_768ca46.jpg?resize=768%2C511 768w, https:\/\/i0.wp.com\/www.tvturk.com\/wp-content\/uploads\/2019\/02\/erdogan-bize-ihanet-edenler-yarin-gittikleri-yere-de-ihanet-ederler_768ca46.jpg?resize=170%2C113 170w, https:\/\/i0.wp.com\/www.tvturk.com\/wp-content\/uploads\/2019\/02\/erdogan-bize-ihanet-edenler-yarin-gittikleri-yere-de-ihanet-ederler_768ca46.jpg?resize=120%2C80 120w\" width=\"313\" height=\"209\" loading=\"lazy\" data-original-width=\"313\" data-original-height=\"209\" itemprop=\"http:\/\/schema.org\/image\" title=\"Erdo\u011fan: \u201cBize ihanet edenler yar\u0131n gittikleri yere de ihanet ederler\u201d\" alt=\"Erdo\u011fan: \u201cBize ihanet edenler yar\u0131n gittikleri yere de ihanet ederler\u201d\" style=\"width: 313px; height: 209px;\" \/> <\/a> <\/div> <\/div> <!-- close group --> <\/div> <!-- close row --> <div class=\"gallery-row\" style=\"width: 500px; height: 112px;\" data-original-width=\"500\" data-original-height=\"112\" > <div class=\"gallery-group images-1\" style=\"width: 167px; height: 112px;\" data-original-width=\"167\" data-original-height=\"112\" > <div class=\"tiled-gallery-item tiled-gallery-item-small\" itemprop=\"associatedMedia\" itemscope itemtype=\"http:\/\/schema.org\/ImageObject\"> <a href=\"http:\/\/www.tvturk.com\/index.php\/erdogan-bize-ihanet-edenler-yarin-gittikleri-yere-de-ihanet-ederler\/erdogan-bize-ihanet-edenler-yarin-gittikleri-yere-de-ihanet-ederler-9\/\" border=\"0\" itemprop=\"url\"> <meta itemprop=\"width\" content=\"163\"> <meta itemprop=\"height\" content=\"108\"> <img decoding=\"async\" class=\"\" data-attachment-id=\"59683\" data-orig-file=\"http:\/\/www.tvturk.com\/wp-content\/uploads\/2019\/02\/erdogan-bize-ihanet-edenler-yarin-gittikleri-yere-de-ihanet-ederler_e03ca11.jpg\" data-orig-size=\"1000,666\" data-comments-opened=\"\" data-image-meta=\"{&quot;aperture&quot;:&quot;0&quot;,&quot;credit&quot;:&quot;IHA&quot;,&quot;camera&quot;:&quot;&quot;,&quot;caption&quot;:&quot;CUMHURBA\\u015eKANI RECEP TAYY\\u0130P ERDO\\u011eAN, TOKAT\\u2019TA D\\u00dcZENLENEN M\\u0130T\\u0130NGDE PART\\u0130L\\u0130LERE SESLEND\\u0130. (DURSUN EKREM ER - NURHAN \\u0130\\u00c7MEZ\\\/TOKAT-\\u0130HA)&quot;,&quot;created_timestamp&quot;:&quot;0&quot;,&quot;copyright&quot;:&quot;\\u0130HLAS HABER AJANSI, www.iha.com.tr&quot;,&quot;focal_length&quot;:&quot;0&quot;,&quot;iso&quot;:&quot;0&quot;,&quot;shutter_speed&quot;:&quot;0&quot;,&quot;title&quot;:&quot;ERDO\\u011eAN: \\u201cB\\u0130ZE \\u0130HANET EDENLER YARIN G\\u0130TT\\u0130KLER\\u0130 YERE DE \\u0130HANET EDERLER\\u201d \\u201c SUR\\u0130YE\\u2019DE G\\u00dcVENL\\u0130 B\\u00d6LGELER KURARAK 8 YILDIR VATAN HASRET\\u0130 \\u00c7EKEN SUR\\u0130YEL\\u0130 KARDE\\u015eLER\\u0130M\\u0130Z\\u0130 HUZUR-U KALP \\u0130LE BURALARA D\\u00d6NMELER\\u0130N\\u0130 SA\\u011eLAYACA\\u011eIZ\\u201d&quot;,&quot;orientation&quot;:&quot;0&quot;}\" data-image-title=\"Erdo\u011fan: \u201cBize ihanet edenler yar\u0131n gittikleri yere de ihanet ederler\u201d\" data-image-description=\"&lt;p&gt;Erdo\u011fan: \u201cBize ihanet edenler yar\u0131n gittikleri yere de ihanet ederler\u201d&lt;\/p&gt; \" data-medium-file=\"https:\/\/i0.wp.com\/www.tvturk.com\/wp-content\/uploads\/2019\/02\/erdogan-bize-ihanet-edenler-yarin-gittikleri-yere-de-ihanet-ederler_e03ca11.jpg?fit=300%2C200\" data-large-file=\"https:\/\/i0.wp.com\/www.tvturk.com\/wp-content\/uploads\/2019\/02\/erdogan-bize-ihanet-edenler-yarin-gittikleri-yere-de-ihanet-ederler_e03ca11.jpg?fit=1000%2C666\" src=\"https:\/\/i0.wp.com\/www.tvturk.com\/wp-content\/uploads\/2019\/02\/erdogan-bize-ihanet-edenler-yarin-gittikleri-yere-de-ihanet-ederler_e03ca11.jpg?w=163&#038;h=108\" srcset=\"https:\/\/i0.wp.com\/www.tvturk.com\/wp-content\/uploads\/2019\/02\/erdogan-bize-ihanet-edenler-yarin-gittikleri-yere-de-ihanet-ederler_e03ca11.jpg?w=1000 1000w, https:\/\/i0.wp.com\/www.tvturk.com\/wp-content\/uploads\/2019\/02\/erdogan-bize-ihanet-edenler-yarin-gittikleri-yere-de-ihanet-ederler_e03ca11.jpg?resize=150%2C100 150w, https:\/\/i0.wp.com\/www.tvturk.com\/wp-content\/uploads\/2019\/02\/erdogan-bize-ihanet-edenler-yarin-gittikleri-yere-de-ihanet-ederler_e03ca11.jpg?resize=300%2C200 300w, https:\/\/i0.wp.com\/www.tvturk.com\/wp-content\/uploads\/2019\/02\/erdogan-bize-ihanet-edenler-yarin-gittikleri-yere-de-ihanet-ederler_e03ca11.jpg?resize=768%2C511 768w, https:\/\/i0.wp.com\/www.tvturk.com\/wp-content\/uploads\/2019\/02\/erdogan-bize-ihanet-edenler-yarin-gittikleri-yere-de-ihanet-ederler_e03ca11.jpg?resize=170%2C113 170w, https:\/\/i0.wp.com\/www.tvturk.com\/wp-content\/uploads\/2019\/02\/erdogan-bize-ihanet-edenler-yarin-gittikleri-yere-de-ihanet-ederler_e03ca11.jpg?resize=120%2C80 120w\" width=\"163\" height=\"108\" loading=\"lazy\" data-original-width=\"163\" data-original-height=\"108\" itemprop=\"http:\/\/schema.org\/image\" title=\"Erdo\u011fan: \u201cBize ihanet edenler yar\u0131n gittikleri yere de ihanet ederler\u201d\" alt=\"Erdo\u011fan: \u201cBize ihanet edenler yar\u0131n gittikleri yere de ihanet ederler\u201d\" style=\"width: 163px; height: 108px;\" \/> <\/a> <\/div> <\/div> <!-- close group --> <div class=\"gallery-group images-1\" style=\"width: 167px; height: 112px;\" data-original-width=\"167\" data-original-height=\"112\" > <div class=\"tiled-gallery-item tiled-gallery-item-small\" itemprop=\"associatedMedia\" itemscope itemtype=\"http:\/\/schema.org\/ImageObject\"> <a href=\"http:\/\/www.tvturk.com\/index.php\/erdogan-bize-ihanet-edenler-yarin-gittikleri-yere-de-ihanet-ederler\/erdogan-bize-ihanet-edenler-yarin-gittikleri-yere-de-ihanet-ederler-10\/\" border=\"0\" itemprop=\"url\"> <meta itemprop=\"width\" content=\"163\"> <meta itemprop=\"height\" content=\"108\"> <img decoding=\"async\" class=\"\" data-attachment-id=\"59684\" data-orig-file=\"http:\/\/www.tvturk.com\/wp-content\/uploads\/2019\/02\/erdogan-bize-ihanet-edenler-yarin-gittikleri-yere-de-ihanet-ederler_2f9b459.jpg\" data-orig-size=\"1000,666\" data-comments-opened=\"\" data-image-meta=\"{&quot;aperture&quot;:&quot;0&quot;,&quot;credit&quot;:&quot;IHA&quot;,&quot;camera&quot;:&quot;&quot;,&quot;caption&quot;:&quot;CUMHURBA\\u015eKANI RECEP TAYY\\u0130P ERDO\\u011eAN, TOKAT\\u2019TA D\\u00dcZENLENEN M\\u0130T\\u0130NGDE PART\\u0130L\\u0130LERE SESLEND\\u0130. (DURSUN EKREM ER - NURHAN \\u0130\\u00c7MEZ\\\/TOKAT-\\u0130HA)&quot;,&quot;created_timestamp&quot;:&quot;0&quot;,&quot;copyright&quot;:&quot;\\u0130HLAS HABER AJANSI, www.iha.com.tr&quot;,&quot;focal_length&quot;:&quot;0&quot;,&quot;iso&quot;:&quot;0&quot;,&quot;shutter_speed&quot;:&quot;0&quot;,&quot;title&quot;:&quot;ERDO\\u011eAN: \\u201cB\\u0130ZE \\u0130HANET EDENLER YARIN G\\u0130TT\\u0130KLER\\u0130 YERE DE \\u0130HANET EDERLER\\u201d \\u201c SUR\\u0130YE\\u2019DE G\\u00dcVENL\\u0130 B\\u00d6LGELER KURARAK 8 YILDIR VATAN HASRET\\u0130 \\u00c7EKEN SUR\\u0130YEL\\u0130 KARDE\\u015eLER\\u0130M\\u0130Z\\u0130 HUZUR-U KALP \\u0130LE BURALARA D\\u00d6NMELER\\u0130N\\u0130 SA\\u011eLAYACA\\u011eIZ\\u201d&quot;,&quot;orientation&quot;:&quot;0&quot;}\" data-image-title=\"Erdo\u011fan: \u201cBize ihanet edenler yar\u0131n gittikleri yere de ihanet ederler\u201d\" data-image-description=\"&lt;p&gt;Erdo\u011fan: \u201cBize ihanet edenler yar\u0131n gittikleri yere de ihanet ederler\u201d&lt;\/p&gt; \" data-medium-file=\"https:\/\/i0.wp.com\/www.tvturk.com\/wp-content\/uploads\/2019\/02\/erdogan-bize-ihanet-edenler-yarin-gittikleri-yere-de-ihanet-ederler_2f9b459.jpg?fit=300%2C200\" data-large-file=\"https:\/\/i0.wp.com\/www.tvturk.com\/wp-content\/uploads\/2019\/02\/erdogan-bize-ihanet-edenler-yarin-gittikleri-yere-de-ihanet-ederler_2f9b459.jpg?fit=1000%2C666\" src=\"https:\/\/i0.wp.com\/www.tvturk.com\/wp-content\/uploads\/2019\/02\/erdogan-bize-ihanet-edenler-yarin-gittikleri-yere-de-ihanet-ederler_2f9b459.jpg?w=163&#038;h=108\" srcset=\"https:\/\/i0.wp.com\/www.tvturk.com\/wp-content\/uploads\/2019\/02\/erdogan-bize-ihanet-edenler-yarin-gittikleri-yere-de-ihanet-ederler_2f9b459.jpg?w=1000 1000w, https:\/\/i0.wp.com\/www.tvturk.com\/wp-content\/uploads\/2019\/02\/erdogan-bize-ihanet-edenler-yarin-gittikleri-yere-de-ihanet-ederler_2f9b459.jpg?resize=150%2C100 150w, https:\/\/i0.wp.com\/www.tvturk.com\/wp-content\/uploads\/2019\/02\/erdogan-bize-ihanet-edenler-yarin-gittikleri-yere-de-ihanet-ederler_2f9b459.jpg?resize=300%2C200 300w, https:\/\/i0.wp.com\/www.tvturk.com\/wp-content\/uploads\/2019\/02\/erdogan-bize-ihanet-edenler-yarin-gittikleri-yere-de-ihanet-ederler_2f9b459.jpg?resize=768%2C511 768w, https:\/\/i0.wp.com\/www.tvturk.com\/wp-content\/uploads\/2019\/02\/erdogan-bize-ihanet-edenler-yarin-gittikleri-yere-de-ihanet-ederler_2f9b459.jpg?resize=170%2C113 170w, https:\/\/i0.wp.com\/www.tvturk.com\/wp-content\/uploads\/2019\/02\/erdogan-bize-ihanet-edenler-yarin-gittikleri-yere-de-ihanet-ederler_2f9b459.jpg?resize=120%2C80 120w\" width=\"163\" height=\"108\" loading=\"lazy\" data-original-width=\"163\" data-original-height=\"108\" itemprop=\"http:\/\/schema.org\/image\" title=\"Erdo\u011fan: \u201cBize ihanet edenler yar\u0131n gittikleri yere de ihanet ederler\u201d\" alt=\"Erdo\u011fan: \u201cBize ihanet edenler yar\u0131n gittikleri yere de ihanet ederler\u201d\" style=\"width: 163px; height: 108px;\" \/> <\/a> <\/div> <\/div> <!-- close group --> <div class=\"gallery-group images-1\" style=\"width: 166px; height: 112px;\" data-original-width=\"166\" data-original-height=\"112\" > <div class=\"tiled-gallery-item tiled-gallery-item-small\" itemprop=\"associatedMedia\" itemscope itemtype=\"http:\/\/schema.org\/ImageObject\"> <a href=\"http:\/\/www.tvturk.com\/index.php\/erdogan-bize-ihanet-edenler-yarin-gittikleri-yere-de-ihanet-ederler\/erdogan-bize-ihanet-edenler-yarin-gittikleri-yere-de-ihanet-ederler-11\/\" border=\"0\" itemprop=\"url\"> <meta itemprop=\"width\" content=\"162\"> <meta itemprop=\"height\" content=\"108\"> <img decoding=\"async\" class=\"\" data-attachment-id=\"59685\" data-orig-file=\"http:\/\/www.tvturk.com\/wp-content\/uploads\/2019\/02\/erdogan-bize-ihanet-edenler-yarin-gittikleri-yere-de-ihanet-ederler_20d928d.jpg\" data-orig-size=\"1000,666\" data-comments-opened=\"\" data-image-meta=\"{&quot;aperture&quot;:&quot;0&quot;,&quot;credit&quot;:&quot;IHA&quot;,&quot;camera&quot;:&quot;&quot;,&quot;caption&quot;:&quot;CUMHURBA\\u015eKANI RECEP TAYY\\u0130P ERDO\\u011eAN, TOKAT\\u2019TA D\\u00dcZENLENEN M\\u0130T\\u0130NGDE PART\\u0130L\\u0130LERE SESLEND\\u0130. (DURSUN EKREM ER - NURHAN \\u0130\\u00c7MEZ\\\/TOKAT-\\u0130HA)&quot;,&quot;created_timestamp&quot;:&quot;0&quot;,&quot;copyright&quot;:&quot;\\u0130HLAS HABER AJANSI, www.iha.com.tr&quot;,&quot;focal_length&quot;:&quot;0&quot;,&quot;iso&quot;:&quot;0&quot;,&quot;shutter_speed&quot;:&quot;0&quot;,&quot;title&quot;:&quot;ERDO\\u011eAN: \\u201cB\\u0130ZE \\u0130HANET EDENLER YARIN G\\u0130TT\\u0130KLER\\u0130 YERE DE \\u0130HANET EDERLER\\u201d \\u201c SUR\\u0130YE\\u2019DE G\\u00dcVENL\\u0130 B\\u00d6LGELER KURARAK 8 YILDIR VATAN HASRET\\u0130 \\u00c7EKEN SUR\\u0130YEL\\u0130 KARDE\\u015eLER\\u0130M\\u0130Z\\u0130 HUZUR-U KALP \\u0130LE BURALARA D\\u00d6NMELER\\u0130N\\u0130 SA\\u011eLAYACA\\u011eIZ\\u201d&quot;,&quot;orientation&quot;:&quot;0&quot;}\" data-image-title=\"Erdo\u011fan: \u201cBize ihanet edenler yar\u0131n gittikleri yere de ihanet ederler\u201d\" data-image-description=\"&lt;p&gt;Erdo\u011fan: \u201cBize ihanet edenler yar\u0131n gittikleri yere de ihanet ederler\u201d&lt;\/p&gt; \" data-medium-file=\"https:\/\/i0.wp.com\/www.tvturk.com\/wp-content\/uploads\/2019\/02\/erdogan-bize-ihanet-edenler-yarin-gittikleri-yere-de-ihanet-ederler_20d928d.jpg?fit=300%2C200\" data-large-file=\"https:\/\/i0.wp.com\/www.tvturk.com\/wp-content\/uploads\/2019\/02\/erdogan-bize-ihanet-edenler-yarin-gittikleri-yere-de-ihanet-ederler_20d928d.jpg?fit=1000%2C666\" src=\"https:\/\/i0.wp.com\/www.tvturk.com\/wp-content\/uploads\/2019\/02\/erdogan-bize-ihanet-edenler-yarin-gittikleri-yere-de-ihanet-ederler_20d928d.jpg?w=162&#038;h=108\" srcset=\"https:\/\/i0.wp.com\/www.tvturk.com\/wp-content\/uploads\/2019\/02\/erdogan-bize-ihanet-edenler-yarin-gittikleri-yere-de-ihanet-ederler_20d928d.jpg?w=1000 1000w, https:\/\/i0.wp.com\/www.tvturk.com\/wp-content\/uploads\/2019\/02\/erdogan-bize-ihanet-edenler-yarin-gittikleri-yere-de-ihanet-ederler_20d928d.jpg?resize=150%2C100 150w, https:\/\/i0.wp.com\/www.tvturk.com\/wp-content\/uploads\/2019\/02\/erdogan-bize-ihanet-edenler-yarin-gittikleri-yere-de-ihanet-ederler_20d928d.jpg?resize=300%2C200 300w, https:\/\/i0.wp.com\/www.tvturk.com\/wp-content\/uploads\/2019\/02\/erdogan-bize-ihanet-edenler-yarin-gittikleri-yere-de-ihanet-ederler_20d928d.jpg?resize=768%2C511 768w, https:\/\/i0.wp.com\/www.tvturk.com\/wp-content\/uploads\/2019\/02\/erdogan-bize-ihanet-edenler-yarin-gittikleri-yere-de-ihanet-ederler_20d928d.jpg?resize=170%2C113 170w, https:\/\/i0.wp.com\/www.tvturk.com\/wp-content\/uploads\/2019\/02\/erdogan-bize-ihanet-edenler-yarin-gittikleri-yere-de-ihanet-ederler_20d928d.jpg?resize=120%2C80 120w\" width=\"162\" height=\"108\" loading=\"lazy\" data-original-width=\"162\" data-original-height=\"108\" itemprop=\"http:\/\/schema.org\/image\" title=\"Erdo\u011fan: \u201cBize ihanet edenler yar\u0131n gittikleri yere de ihanet ederler\u201d\" alt=\"Erdo\u011fan: \u201cBize ihanet edenler yar\u0131n gittikleri yere de ihanet ederler\u201d\" style=\"width: 162px; height: 108px;\" \/> <\/a> <\/div> <\/div> <!-- close group --> <\/div> <!-- close row --> <div class=\"gallery-row\" style=\"width: 500px; height: 170px;\" data-original-width=\"500\" data-original-height=\"170\" > <div class=\"gallery-group images-1\" style=\"width: 251px; height: 170px;\" data-original-width=\"251\" data-original-height=\"170\" > <div class=\"tiled-gallery-item tiled-gallery-item-small\" itemprop=\"associatedMedia\" itemscope itemtype=\"http:\/\/schema.org\/ImageObject\"> <a href=\"http:\/\/www.tvturk.com\/index.php\/erdogan-bize-ihanet-edenler-yarin-gittikleri-yere-de-ihanet-ederler\/erdogan-bize-ihanet-edenler-yarin-gittikleri-yere-de-ihanet-ederler-12\/\" border=\"0\" itemprop=\"url\"> <meta itemprop=\"width\" content=\"247\"> <meta itemprop=\"height\" content=\"166\"> <img decoding=\"async\" class=\"\" data-attachment-id=\"59686\" data-orig-file=\"http:\/\/www.tvturk.com\/wp-content\/uploads\/2019\/02\/erdogan-bize-ihanet-edenler-yarin-gittikleri-yere-de-ihanet-ederler_2fb694d.jpg\" data-orig-size=\"1000,672\" data-comments-opened=\"\" data-image-meta=\"{&quot;aperture&quot;:&quot;0&quot;,&quot;credit&quot;:&quot;IHA&quot;,&quot;camera&quot;:&quot;&quot;,&quot;caption&quot;:&quot;CUMHURBA\\u015eKANI RECEP TAYY\\u0130P ERDO\\u011eAN, TOKAT\\u2019TA D\\u00dcZENLENEN M\\u0130T\\u0130NGDE PART\\u0130L\\u0130LERE SESLEND\\u0130. (\\u0130HA\\\/TOKAT-\\u0130HA)&quot;,&quot;created_timestamp&quot;:&quot;0&quot;,&quot;copyright&quot;:&quot;\\u0130HLAS HABER AJANSI, www.iha.com.tr&quot;,&quot;focal_length&quot;:&quot;0&quot;,&quot;iso&quot;:&quot;0&quot;,&quot;shutter_speed&quot;:&quot;0&quot;,&quot;title&quot;:&quot;ERDO\\u011eAN: \\u201cB\\u0130ZE \\u0130HANET EDENLER YARIN G\\u0130TT\\u0130KLER\\u0130 YERE DE \\u0130HANET EDERLER\\u201d \\u201c SUR\\u0130YE\\u2019DE G\\u00dcVENL\\u0130 B\\u00d6LGELER KURARAK 8 YILDIR VATAN HASRET\\u0130 \\u00c7EKEN SUR\\u0130YEL\\u0130 KARDE\\u015eLER\\u0130M\\u0130Z\\u0130 HUZUR-U KALP \\u0130LE BURALARA D\\u00d6NMELER\\u0130N\\u0130 SA\\u011eLAYACA\\u011eIZ\\u201d&quot;,&quot;orientation&quot;:&quot;0&quot;}\" data-image-title=\"Erdo\u011fan: \u201cBize ihanet edenler yar\u0131n gittikleri yere de ihanet ederler\u201d\" data-image-description=\"&lt;p&gt;Erdo\u011fan: \u201cBize ihanet edenler yar\u0131n gittikleri yere de ihanet ederler\u201d&lt;\/p&gt; \" data-medium-file=\"https:\/\/i0.wp.com\/www.tvturk.com\/wp-content\/uploads\/2019\/02\/erdogan-bize-ihanet-edenler-yarin-gittikleri-yere-de-ihanet-ederler_2fb694d.jpg?fit=300%2C202\" data-large-file=\"https:\/\/i0.wp.com\/www.tvturk.com\/wp-content\/uploads\/2019\/02\/erdogan-bize-ihanet-edenler-yarin-gittikleri-yere-de-ihanet-ederler_2fb694d.jpg?fit=1000%2C672\" src=\"https:\/\/i0.wp.com\/www.tvturk.com\/wp-content\/uploads\/2019\/02\/erdogan-bize-ihanet-edenler-yarin-gittikleri-yere-de-ihanet-ederler_2fb694d.jpg?w=247&#038;h=166\" srcset=\"https:\/\/i0.wp.com\/www.tvturk.com\/wp-content\/uploads\/2019\/02\/erdogan-bize-ihanet-edenler-yarin-gittikleri-yere-de-ihanet-ederler_2fb694d.jpg?w=1000 1000w, https:\/\/i0.wp.com\/www.tvturk.com\/wp-content\/uploads\/2019\/02\/erdogan-bize-ihanet-edenler-yarin-gittikleri-yere-de-ihanet-ederler_2fb694d.jpg?resize=150%2C101 150w, https:\/\/i0.wp.com\/www.tvturk.com\/wp-content\/uploads\/2019\/02\/erdogan-bize-ihanet-edenler-yarin-gittikleri-yere-de-ihanet-ederler_2fb694d.jpg?resize=300%2C200 300w, https:\/\/i0.wp.com\/www.tvturk.com\/wp-content\/uploads\/2019\/02\/erdogan-bize-ihanet-edenler-yarin-gittikleri-yere-de-ihanet-ederler_2fb694d.jpg?resize=768%2C516 768w, https:\/\/i0.wp.com\/www.tvturk.com\/wp-content\/uploads\/2019\/02\/erdogan-bize-ihanet-edenler-yarin-gittikleri-yere-de-ihanet-ederler_2fb694d.jpg?resize=170%2C113 170w, https:\/\/i0.wp.com\/www.tvturk.com\/wp-content\/uploads\/2019\/02\/erdogan-bize-ihanet-edenler-yarin-gittikleri-yere-de-ihanet-ederler_2fb694d.jpg?resize=120%2C80 120w, https:\/\/i0.wp.com\/www.tvturk.com\/wp-content\/uploads\/2019\/02\/erdogan-bize-ihanet-edenler-yarin-gittikleri-yere-de-ihanet-ederler_2fb694d.jpg?resize=80%2C55 80w\" width=\"247\" height=\"166\" loading=\"lazy\" data-original-width=\"247\" data-original-height=\"166\" itemprop=\"http:\/\/schema.org\/image\" title=\"Erdo\u011fan: \u201cBize ihanet edenler yar\u0131n gittikleri yere de ihanet ederler\u201d\" alt=\"Erdo\u011fan: \u201cBize ihanet edenler yar\u0131n gittikleri yere de ihanet ederler\u201d\" style=\"width: 247px; height: 166px;\" \/> <\/a> <\/div> <\/div> <!-- close group --> <div class=\"gallery-group images-1\" style=\"width: 249px; height: 170px;\" data-original-width=\"249\" data-original-height=\"170\" > <div class=\"tiled-gallery-item tiled-gallery-item-small\" itemprop=\"associatedMedia\" itemscope itemtype=\"http:\/\/schema.org\/ImageObject\"> <a href=\"http:\/\/www.tvturk.com\/index.php\/erdogan-bize-ihanet-edenler-yarin-gittikleri-yere-de-ihanet-ederler\/erdogan-bize-ihanet-edenler-yarin-gittikleri-yere-de-ihanet-ederler-13\/\" border=\"0\" itemprop=\"url\"> <meta itemprop=\"width\" content=\"245\"> <meta itemprop=\"height\" content=\"166\"> <img decoding=\"async\" class=\"\" data-attachment-id=\"59687\" data-orig-file=\"http:\/\/www.tvturk.com\/wp-content\/uploads\/2019\/02\/erdogan-bize-ihanet-edenler-yarin-gittikleri-yere-de-ihanet-ederler_b13671a.jpg\" data-orig-size=\"1000,680\" data-comments-opened=\"\" data-image-meta=\"{&quot;aperture&quot;:&quot;0&quot;,&quot;credit&quot;:&quot;IHA&quot;,&quot;camera&quot;:&quot;&quot;,&quot;caption&quot;:&quot;CUMHURBA\\u015eKANI RECEP TAYY\\u0130P ERDO\\u011eAN, TOKAT\\u2019TA D\\u00dcZENLENEN M\\u0130T\\u0130NGDE PART\\u0130L\\u0130LERE SESLEND\\u0130. (\\u0130HA\\\/TOKAT-\\u0130HA)&quot;,&quot;created_timestamp&quot;:&quot;0&quot;,&quot;copyright&quot;:&quot;\\u0130HLAS HABER AJANSI, www.iha.com.tr&quot;,&quot;focal_length&quot;:&quot;0&quot;,&quot;iso&quot;:&quot;0&quot;,&quot;shutter_speed&quot;:&quot;0&quot;,&quot;title&quot;:&quot;ERDO\\u011eAN: \\u201cB\\u0130ZE \\u0130HANET EDENLER YARIN G\\u0130TT\\u0130KLER\\u0130 YERE DE \\u0130HANET EDERLER\\u201d \\u201c SUR\\u0130YE\\u2019DE G\\u00dcVENL\\u0130 B\\u00d6LGELER KURARAK 8 YILDIR VATAN HASRET\\u0130 \\u00c7EKEN SUR\\u0130YEL\\u0130 KARDE\\u015eLER\\u0130M\\u0130Z\\u0130 HUZUR-U KALP \\u0130LE BURALARA D\\u00d6NMELER\\u0130N\\u0130 SA\\u011eLAYACA\\u011eIZ\\u201d&quot;,&quot;orientation&quot;:&quot;0&quot;}\" data-image-title=\"Erdo\u011fan: \u201cBize ihanet edenler yar\u0131n gittikleri yere de ihanet ederler\u201d\" data-image-description=\"&lt;p&gt;Erdo\u011fan: \u201cBize ihanet edenler yar\u0131n gittikleri yere de ihanet ederler\u201d&lt;\/p&gt; \" data-medium-file=\"https:\/\/i0.wp.com\/www.tvturk.com\/wp-content\/uploads\/2019\/02\/erdogan-bize-ihanet-edenler-yarin-gittikleri-yere-de-ihanet-ederler_b13671a.jpg?fit=300%2C204\" data-large-file=\"https:\/\/i0.wp.com\/www.tvturk.com\/wp-content\/uploads\/2019\/02\/erdogan-bize-ihanet-edenler-yarin-gittikleri-yere-de-ihanet-ederler_b13671a.jpg?fit=1000%2C680\" src=\"https:\/\/i0.wp.com\/www.tvturk.com\/wp-content\/uploads\/2019\/02\/erdogan-bize-ihanet-edenler-yarin-gittikleri-yere-de-ihanet-ederler_b13671a.jpg?w=245&#038;h=166\" srcset=\"https:\/\/i0.wp.com\/www.tvturk.com\/wp-content\/uploads\/2019\/02\/erdogan-bize-ihanet-edenler-yarin-gittikleri-yere-de-ihanet-ederler_b13671a.jpg?w=1000 1000w, https:\/\/i0.wp.com\/www.tvturk.com\/wp-content\/uploads\/2019\/02\/erdogan-bize-ihanet-edenler-yarin-gittikleri-yere-de-ihanet-ederler_b13671a.jpg?resize=150%2C102 150w, https:\/\/i0.wp.com\/www.tvturk.com\/wp-content\/uploads\/2019\/02\/erdogan-bize-ihanet-edenler-yarin-gittikleri-yere-de-ihanet-ederler_b13671a.jpg?resize=300%2C204 300w, https:\/\/i0.wp.com\/www.tvturk.com\/wp-content\/uploads\/2019\/02\/erdogan-bize-ihanet-edenler-yarin-gittikleri-yere-de-ihanet-ederler_b13671a.jpg?resize=768%2C522 768w, https:\/\/i0.wp.com\/www.tvturk.com\/wp-content\/uploads\/2019\/02\/erdogan-bize-ihanet-edenler-yarin-gittikleri-yere-de-ihanet-ederler_b13671a.jpg?resize=120%2C80 120w, https:\/\/i0.wp.com\/www.tvturk.com\/wp-content\/uploads\/2019\/02\/erdogan-bize-ihanet-edenler-yarin-gittikleri-yere-de-ihanet-ederler_b13671a.jpg?resize=80%2C55 80w\" width=\"245\" height=\"166\" loading=\"lazy\" data-original-width=\"245\" data-original-height=\"166\" itemprop=\"http:\/\/schema.org\/image\" title=\"Erdo\u011fan: \u201cBize ihanet edenler yar\u0131n gittikleri yere de ihanet ederler\u201d\" alt=\"Erdo\u011fan: \u201cBize ihanet edenler yar\u0131n gittikleri yere de ihanet ederler\u201d\" style=\"width: 245px; height: 166px;\" \/> <\/a> <\/div> <\/div> <!-- close group --> <\/div> <!-- close row --> <div class=\"gallery-row\" style=\"width: 500px; height: 235px;\" data-original-width=\"500\" data-original-height=\"235\" > <div class=\"gallery-group images-1\" style=\"width: 340px; height: 235px;\" data-original-width=\"340\" data-original-height=\"235\" > <div class=\"tiled-gallery-item tiled-gallery-item-large\" itemprop=\"associatedMedia\" itemscope itemtype=\"http:\/\/schema.org\/ImageObject\"> <a href=\"http:\/\/www.tvturk.com\/index.php\/erdogan-bize-ihanet-edenler-yarin-gittikleri-yere-de-ihanet-ederler\/erdogan-bize-ihanet-edenler-yarin-gittikleri-yere-de-ihanet-ederler-14\/\" border=\"0\" itemprop=\"url\"> <meta itemprop=\"width\" content=\"336\"> <meta itemprop=\"height\" content=\"231\"> <img decoding=\"async\" class=\"\" data-attachment-id=\"59688\" data-orig-file=\"http:\/\/www.tvturk.com\/wp-content\/uploads\/2019\/02\/erdogan-bize-ihanet-edenler-yarin-gittikleri-yere-de-ihanet-ederler_db8880c.jpg\" data-orig-size=\"1000,689\" data-comments-opened=\"\" data-image-meta=\"{&quot;aperture&quot;:&quot;0&quot;,&quot;credit&quot;:&quot;IHA&quot;,&quot;camera&quot;:&quot;&quot;,&quot;caption&quot;:&quot;CUMHURBA\\u015eKANI RECEP TAYY\\u0130P ERDO\\u011eAN, TOKAT M\\u0130T\\u0130NG\\u0130NDE YAPTI\\u011eI KONU\\u015eMADA, AK PART\\u0130\\u2019DEN AYRILIP FARLI PART\\u0130LERE GE\\u00c7ENLER\\u0130N YARIN G\\u0130TT\\u0130KLER\\u0130 YERE DE \\u0130HANET EDECEKLER\\u0130N\\u0130 S\\u00d6YLED\\u0130. ERDO\\u011eAN AYRICA SUR\\u0130YEL\\u0130LER\\u0130N KURULACAK G\\u00dcVENL\\u0130 B\\u00d6LGELERE D\\u00d6NMELER\\u0130N\\u0130N SA\\u011eLANACA\\u011eINI S\\u00d6ZLER\\u0130NE EKLED\\u0130. (\\u0130HA\\\/TOKAT-\\u0130HA)&quot;,&quot;created_timestamp&quot;:&quot;0&quot;,&quot;copyright&quot;:&quot;\\u0130HLAS HABER AJANSI, www.iha.com.tr&quot;,&quot;focal_length&quot;:&quot;0&quot;,&quot;iso&quot;:&quot;0&quot;,&quot;shutter_speed&quot;:&quot;0&quot;,&quot;title&quot;:&quot;ERDO\\u011eAN: \\u201cB\\u0130ZE \\u0130HANET EDENLER YARIN G\\u0130TT\\u0130KLER\\u0130 YERE DE \\u0130HANET EDERLER\\u201d \\u201c SUR\\u0130YE\\u2019DE G\\u00dcVENL\\u0130 B\\u00d6LGELER KURARAK 8 YILDIR VATAN HASRET\\u0130 \\u00c7EKEN SUR\\u0130YEL\\u0130 KARDE\\u015eLER\\u0130M\\u0130Z\\u0130 HUZUR-U KALP \\u0130LE BURALARA D\\u00d6NMELER\\u0130N\\u0130 SA\\u011eLAYACA\\u011eIZ\\u201d&quot;,&quot;orientation&quot;:&quot;0&quot;}\" data-image-title=\"Erdo\u011fan: \u201cBize ihanet edenler yar\u0131n gittikleri yere de ihanet ederler\u201d\" data-image-description=\"&lt;p&gt;Erdo\u011fan: \u201cBize ihanet edenler yar\u0131n gittikleri yere de ihanet ederler\u201d&lt;\/p&gt; \" data-medium-file=\"https:\/\/i0.wp.com\/www.tvturk.com\/wp-content\/uploads\/2019\/02\/erdogan-bize-ihanet-edenler-yarin-gittikleri-yere-de-ihanet-ederler_db8880c.jpg?fit=300%2C207\" data-large-file=\"https:\/\/i0.wp.com\/www.tvturk.com\/wp-content\/uploads\/2019\/02\/erdogan-bize-ihanet-edenler-yarin-gittikleri-yere-de-ihanet-ederler_db8880c.jpg?fit=1000%2C689\" src=\"https:\/\/i0.wp.com\/www.tvturk.com\/wp-content\/uploads\/2019\/02\/erdogan-bize-ihanet-edenler-yarin-gittikleri-yere-de-ihanet-ederler_db8880c.jpg?w=336&#038;h=231\" srcset=\"https:\/\/i0.wp.com\/www.tvturk.com\/wp-content\/uploads\/2019\/02\/erdogan-bize-ihanet-edenler-yarin-gittikleri-yere-de-ihanet-ederler_db8880c.jpg?w=1000 1000w, https:\/\/i0.wp.com\/www.tvturk.com\/wp-content\/uploads\/2019\/02\/erdogan-bize-ihanet-edenler-yarin-gittikleri-yere-de-ihanet-ederler_db8880c.jpg?resize=150%2C103 150w, https:\/\/i0.wp.com\/www.tvturk.com\/wp-content\/uploads\/2019\/02\/erdogan-bize-ihanet-edenler-yarin-gittikleri-yere-de-ihanet-ederler_db8880c.jpg?resize=300%2C207 300w, https:\/\/i0.wp.com\/www.tvturk.com\/wp-content\/uploads\/2019\/02\/erdogan-bize-ihanet-edenler-yarin-gittikleri-yere-de-ihanet-ederler_db8880c.jpg?resize=768%2C529 768w, https:\/\/i0.wp.com\/www.tvturk.com\/wp-content\/uploads\/2019\/02\/erdogan-bize-ihanet-edenler-yarin-gittikleri-yere-de-ihanet-ederler_db8880c.jpg?resize=80%2C55 80w\" width=\"336\" height=\"231\" loading=\"lazy\" data-original-width=\"336\" data-original-height=\"231\" itemprop=\"http:\/\/schema.org\/image\" title=\"Erdo\u011fan: \u201cBize ihanet edenler yar\u0131n gittikleri yere de ihanet ederler\u201d\" alt=\"Erdo\u011fan: \u201cBize ihanet edenler yar\u0131n gittikleri yere de ihanet ederler\u201d\" style=\"width: 336px; height: 231px;\" \/> <\/a> <\/div> <\/div> <!-- close group --> <div class=\"gallery-group images-2\" style=\"width: 160px; height: 235px;\" data-original-width=\"160\" data-original-height=\"235\" > <div class=\"tiled-gallery-item tiled-gallery-item-small\" itemprop=\"associatedMedia\" itemscope itemtype=\"http:\/\/schema.org\/ImageObject\"> <a href=\"http:\/\/www.tvturk.com\/index.php\/erdogan-bize-ihanet-edenler-yarin-gittikleri-yere-de-ihanet-ederler\/erdogan-bize-ihanet-edenler-yarin-gittikleri-yere-de-ihanet-ederler-15\/\" border=\"0\" itemprop=\"url\"> <meta itemprop=\"width\" content=\"156\"> <meta itemprop=\"height\" content=\"110\"> <img decoding=\"async\" class=\"\" data-attachment-id=\"59689\" data-orig-file=\"http:\/\/www.tvturk.com\/wp-content\/uploads\/2019\/02\/erdogan-bize-ihanet-edenler-yarin-gittikleri-yere-de-ihanet-ederler_120f0a8.jpg\" data-orig-size=\"1000,709\" data-comments-opened=\"\" data-image-meta=\"{&quot;aperture&quot;:&quot;0&quot;,&quot;credit&quot;:&quot;IHA&quot;,&quot;camera&quot;:&quot;&quot;,&quot;caption&quot;:&quot;CUMHURBA\\u015eKANI RECEP TAYY\\u0130P ERDO\\u011eAN, TOKAT M\\u0130T\\u0130NG\\u0130NDE YAPTI\\u011eI KONU\\u015eMADA, AK PART\\u0130\\u2019DEN AYRILIP FARLI PART\\u0130LERE GE\\u00c7ENLER\\u0130N YARIN G\\u0130TT\\u0130KLER\\u0130 YERE DE \\u0130HANET EDECEKLER\\u0130N\\u0130 S\\u00d6YLED\\u0130. ERDO\\u011eAN AYRICA SUR\\u0130YEL\\u0130LER\\u0130N KURULACAK G\\u00dcVENL\\u0130 B\\u00d6LGELERE D\\u00d6NMELER\\u0130N\\u0130N SA\\u011eLANACA\\u011eINI S\\u00d6ZLER\\u0130NE EKLED\\u0130. (\\u0130HA\\\/TOKAT-\\u0130HA)&quot;,&quot;created_timestamp&quot;:&quot;0&quot;,&quot;copyright&quot;:&quot;\\u0130HLAS HABER AJANSI, www.iha.com.tr&quot;,&quot;focal_length&quot;:&quot;0&quot;,&quot;iso&quot;:&quot;0&quot;,&quot;shutter_speed&quot;:&quot;0&quot;,&quot;title&quot;:&quot;ERDO\\u011eAN: \\u201cB\\u0130ZE \\u0130HANET EDENLER YARIN G\\u0130TT\\u0130KLER\\u0130 YERE DE \\u0130HANET EDERLER\\u201d \\u201c SUR\\u0130YE\\u2019DE G\\u00dcVENL\\u0130 B\\u00d6LGELER KURARAK 8 YILDIR VATAN HASRET\\u0130 \\u00c7EKEN SUR\\u0130YEL\\u0130 KARDE\\u015eLER\\u0130M\\u0130Z\\u0130 HUZUR-U KALP \\u0130LE BURALARA D\\u00d6NMELER\\u0130N\\u0130 SA\\u011eLAYACA\\u011eIZ\\u201d&quot;,&quot;orientation&quot;:&quot;0&quot;}\" data-image-title=\"Erdo\u011fan: \u201cBize ihanet edenler yar\u0131n gittikleri yere de ihanet ederler\u201d\" data-image-description=\"&lt;p&gt;Erdo\u011fan: \u201cBize ihanet edenler yar\u0131n gittikleri yere de ihanet ederler\u201d&lt;\/p&gt; \" data-medium-file=\"https:\/\/i0.wp.com\/www.tvturk.com\/wp-content\/uploads\/2019\/02\/erdogan-bize-ihanet-edenler-yarin-gittikleri-yere-de-ihanet-ederler_120f0a8.jpg?fit=300%2C213\" data-large-file=\"https:\/\/i0.wp.com\/www.tvturk.com\/wp-content\/uploads\/2019\/02\/erdogan-bize-ihanet-edenler-yarin-gittikleri-yere-de-ihanet-ederler_120f0a8.jpg?fit=1000%2C709\" src=\"https:\/\/i0.wp.com\/www.tvturk.com\/wp-content\/uploads\/2019\/02\/erdogan-bize-ihanet-edenler-yarin-gittikleri-yere-de-ihanet-ederler_120f0a8.jpg?w=156&#038;h=110\" srcset=\"https:\/\/i0.wp.com\/www.tvturk.com\/wp-content\/uploads\/2019\/02\/erdogan-bize-ihanet-edenler-yarin-gittikleri-yere-de-ihanet-ederler_120f0a8.jpg?w=1000 1000w, https:\/\/i0.wp.com\/www.tvturk.com\/wp-content\/uploads\/2019\/02\/erdogan-bize-ihanet-edenler-yarin-gittikleri-yere-de-ihanet-ederler_120f0a8.jpg?resize=150%2C106 150w, https:\/\/i0.wp.com\/www.tvturk.com\/wp-content\/uploads\/2019\/02\/erdogan-bize-ihanet-edenler-yarin-gittikleri-yere-de-ihanet-ederler_120f0a8.jpg?resize=300%2C213 300w, https:\/\/i0.wp.com\/www.tvturk.com\/wp-content\/uploads\/2019\/02\/erdogan-bize-ihanet-edenler-yarin-gittikleri-yere-de-ihanet-ederler_120f0a8.jpg?resize=768%2C545 768w, https:\/\/i0.wp.com\/www.tvturk.com\/wp-content\/uploads\/2019\/02\/erdogan-bize-ihanet-edenler-yarin-gittikleri-yere-de-ihanet-ederler_120f0a8.jpg?resize=80%2C55 80w\" width=\"156\" height=\"110\" loading=\"lazy\" data-original-width=\"156\" data-original-height=\"110\" itemprop=\"http:\/\/schema.org\/image\" title=\"Erdo\u011fan: \u201cBize ihanet edenler yar\u0131n gittikleri yere de ihanet ederler\u201d\" alt=\"Erdo\u011fan: \u201cBize ihanet edenler yar\u0131n gittikleri yere de ihanet ederler\u201d\" style=\"width: 156px; height: 110px;\" \/> <\/a> <\/div> <div class=\"tiled-gallery-item tiled-gallery-item-small\" itemprop=\"associatedMedia\" itemscope itemtype=\"http:\/\/schema.org\/ImageObject\"> <a href=\"http:\/\/www.tvturk.com\/index.php\/erdogan-bize-ihanet-edenler-yarin-gittikleri-yere-de-ihanet-ederler\/erdogan-bize-ihanet-edenler-yarin-gittikleri-yere-de-ihanet-ederler-16\/\" border=\"0\" itemprop=\"url\"> <meta itemprop=\"width\" content=\"156\"> <meta itemprop=\"height\" content=\"117\"> <img decoding=\"async\" class=\"\" data-attachment-id=\"59690\" data-orig-file=\"http:\/\/www.tvturk.com\/wp-content\/uploads\/2019\/02\/erdogan-bize-ihanet-edenler-yarin-gittikleri-yere-de-ihanet-ederler_408e3af.jpg\" data-orig-size=\"1000,749\" data-comments-opened=\"\" data-image-meta=\"{&quot;aperture&quot;:&quot;0&quot;,&quot;credit&quot;:&quot;IHA&quot;,&quot;camera&quot;:&quot;&quot;,&quot;caption&quot;:&quot;CUMHURBA\\u015eKANI RECEP TAYY\\u0130P ERDO\\u011eAN, TOKAT M\\u0130T\\u0130NG\\u0130NDE YAPTI\\u011eI KONU\\u015eMADA, AK PART\\u0130\\u2019DEN AYRILIP FARLI PART\\u0130LERE GE\\u00c7ENLER\\u0130N YARIN G\\u0130TT\\u0130KLER\\u0130 YERE DE \\u0130HANET EDECEKLER\\u0130N\\u0130 S\\u00d6YLED\\u0130. ERDO\\u011eAN AYRICA SUR\\u0130YEL\\u0130LER\\u0130N KURULACAK G\\u00dcVENL\\u0130 B\\u00d6LGELERE D\\u00d6NMELER\\u0130N\\u0130N SA\\u011eLANACA\\u011eINI S\\u00d6ZLER\\u0130NE EKLED\\u0130. (\\u0130HA\\\/TOKAT-\\u0130HA)&quot;,&quot;created_timestamp&quot;:&quot;0&quot;,&quot;copyright&quot;:&quot;\\u0130HLAS HABER AJANSI, www.iha.com.tr&quot;,&quot;focal_length&quot;:&quot;0&quot;,&quot;iso&quot;:&quot;0&quot;,&quot;shutter_speed&quot;:&quot;0&quot;,&quot;title&quot;:&quot;ERDO\\u011eAN: \\u201cB\\u0130ZE \\u0130HANET EDENLER YARIN G\\u0130TT\\u0130KLER\\u0130 YERE DE \\u0130HANET EDERLER\\u201d \\u201c SUR\\u0130YE\\u2019DE G\\u00dcVENL\\u0130 B\\u00d6LGELER KURARAK 8 YILDIR VATAN HASRET\\u0130 \\u00c7EKEN SUR\\u0130YEL\\u0130 KARDE\\u015eLER\\u0130M\\u0130Z\\u0130 HUZUR-U KALP \\u0130LE BURALARA D\\u00d6NMELER\\u0130N\\u0130 SA\\u011eLAYACA\\u011eIZ\\u201d&quot;,&quot;orientation&quot;:&quot;0&quot;}\" data-image-title=\"Erdo\u011fan: \u201cBize ihanet edenler yar\u0131n gittikleri yere de ihanet ederler\u201d\" data-image-description=\"&lt;p&gt;Erdo\u011fan: \u201cBize ihanet edenler yar\u0131n gittikleri yere de ihanet ederler\u201d&lt;\/p&gt; \" data-medium-file=\"https:\/\/i0.wp.com\/www.tvturk.com\/wp-content\/uploads\/2019\/02\/erdogan-bize-ihanet-edenler-yarin-gittikleri-yere-de-ihanet-ederler_408e3af.jpg?fit=300%2C225\" data-large-file=\"https:\/\/i0.wp.com\/www.tvturk.com\/wp-content\/uploads\/2019\/02\/erdogan-bize-ihanet-edenler-yarin-gittikleri-yere-de-ihanet-ederler_408e3af.jpg?fit=1000%2C749\" src=\"https:\/\/i0.wp.com\/www.tvturk.com\/wp-content\/uploads\/2019\/02\/erdogan-bize-ihanet-edenler-yarin-gittikleri-yere-de-ihanet-ederler_408e3af.jpg?w=156&#038;h=117\" srcset=\"https:\/\/i0.wp.com\/www.tvturk.com\/wp-content\/uploads\/2019\/02\/erdogan-bize-ihanet-edenler-yarin-gittikleri-yere-de-ihanet-ederler_408e3af.jpg?w=1000 1000w, https:\/\/i0.wp.com\/www.tvturk.com\/wp-content\/uploads\/2019\/02\/erdogan-bize-ihanet-edenler-yarin-gittikleri-yere-de-ihanet-ederler_408e3af.jpg?resize=150%2C112 150w, https:\/\/i0.wp.com\/www.tvturk.com\/wp-content\/uploads\/2019\/02\/erdogan-bize-ihanet-edenler-yarin-gittikleri-yere-de-ihanet-ederler_408e3af.jpg?resize=300%2C225 300w, https:\/\/i0.wp.com\/www.tvturk.com\/wp-content\/uploads\/2019\/02\/erdogan-bize-ihanet-edenler-yarin-gittikleri-yere-de-ihanet-ederler_408e3af.jpg?resize=768%2C575 768w\" width=\"156\" height=\"117\" loading=\"lazy\" data-original-width=\"156\" data-original-height=\"117\" itemprop=\"http:\/\/schema.org\/image\" title=\"Erdo\u011fan: \u201cBize ihanet edenler yar\u0131n gittikleri yere de ihanet ederler\u201d\" alt=\"Erdo\u011fan: \u201cBize ihanet edenler yar\u0131n gittikleri yere de ihanet ederler\u201d\" style=\"width: 156px; height: 117px;\" \/> <\/a> <\/div> <\/div> <!-- close group --> <\/div> <!-- close row --> <div class=\"gallery-row\" style=\"width: 500px; height: 169px;\" data-original-width=\"500\" data-original-height=\"169\" > <div class=\"gallery-group images-1\" style=\"width: 244px; height: 169px;\" data-original-width=\"244\" data-original-height=\"169\" > <div class=\"tiled-gallery-item tiled-gallery-item-small\" itemprop=\"associatedMedia\" itemscope itemtype=\"http:\/\/schema.org\/ImageObject\"> <a href=\"http:\/\/www.tvturk.com\/index.php\/erdogan-bize-ihanet-edenler-yarin-gittikleri-yere-de-ihanet-ederler\/erdogan-bize-ihanet-edenler-yarin-gittikleri-yere-de-ihanet-ederler-17\/\" border=\"0\" itemprop=\"url\"> <meta itemprop=\"width\" content=\"240\"> <meta itemprop=\"height\" content=\"165\"> <img decoding=\"async\" class=\"\" data-attachment-id=\"59691\" data-orig-file=\"http:\/\/www.tvturk.com\/wp-content\/uploads\/2019\/02\/erdogan-bize-ihanet-edenler-yarin-gittikleri-yere-de-ihanet-ederler_3c5a5bf.jpg\" data-orig-size=\"1000,685\" data-comments-opened=\"\" data-image-meta=\"{&quot;aperture&quot;:&quot;0&quot;,&quot;credit&quot;:&quot;IHA&quot;,&quot;camera&quot;:&quot;&quot;,&quot;caption&quot;:&quot;CUMHURBA\\u015eKANI RECEP TAYY\\u0130P ERDO\\u011eAN, TOKAT M\\u0130T\\u0130NG\\u0130NDE YAPTI\\u011eI KONU\\u015eMADA, AK PART\\u0130\\u2019DEN AYRILIP FARLI PART\\u0130LERE GE\\u00c7ENLER\\u0130N YARIN G\\u0130TT\\u0130KLER\\u0130 YERE DE \\u0130HANET EDECEKLER\\u0130N\\u0130 S\\u00d6YLED\\u0130. ERDO\\u011eAN AYRICA SUR\\u0130YEL\\u0130LER\\u0130N KURULACAK G\\u00dcVENL\\u0130 B\\u00d6LGELERE D\\u00d6NMELER\\u0130N\\u0130N SA\\u011eLANACA\\u011eINI S\\u00d6ZLER\\u0130NE EKLED\\u0130. (\\u0130HA\\\/TOKAT-\\u0130HA)&quot;,&quot;created_timestamp&quot;:&quot;0&quot;,&quot;copyright&quot;:&quot;\\u0130HLAS HABER AJANSI, www.iha.com.tr&quot;,&quot;focal_length&quot;:&quot;0&quot;,&quot;iso&quot;:&quot;0&quot;,&quot;shutter_speed&quot;:&quot;0&quot;,&quot;title&quot;:&quot;ERDO\\u011eAN: \\u201cB\\u0130ZE \\u0130HANET EDENLER YARIN G\\u0130TT\\u0130KLER\\u0130 YERE DE \\u0130HANET EDERLER\\u201d \\u201c SUR\\u0130YE\\u2019DE G\\u00dcVENL\\u0130 B\\u00d6LGELER KURARAK 8 YILDIR VATAN HASRET\\u0130 \\u00c7EKEN SUR\\u0130YEL\\u0130 KARDE\\u015eLER\\u0130M\\u0130Z\\u0130 HUZUR-U KALP \\u0130LE BURALARA D\\u00d6NMELER\\u0130N\\u0130 SA\\u011eLAYACA\\u011eIZ\\u201d&quot;,&quot;orientation&quot;:&quot;0&quot;}\" data-image-title=\"Erdo\u011fan: \u201cBize ihanet edenler yar\u0131n gittikleri yere de ihanet ederler\u201d\" data-image-description=\"&lt;p&gt;Erdo\u011fan: \u201cBize ihanet edenler yar\u0131n gittikleri yere de ihanet ederler\u201d&lt;\/p&gt; \" data-medium-file=\"https:\/\/i0.wp.com\/www.tvturk.com\/wp-content\/uploads\/2019\/02\/erdogan-bize-ihanet-edenler-yarin-gittikleri-yere-de-ihanet-ederler_3c5a5bf.jpg?fit=300%2C206\" data-large-file=\"https:\/\/i0.wp.com\/www.tvturk.com\/wp-content\/uploads\/2019\/02\/erdogan-bize-ihanet-edenler-yarin-gittikleri-yere-de-ihanet-ederler_3c5a5bf.jpg?fit=1000%2C685\" src=\"https:\/\/i0.wp.com\/www.tvturk.com\/wp-content\/uploads\/2019\/02\/erdogan-bize-ihanet-edenler-yarin-gittikleri-yere-de-ihanet-ederler_3c5a5bf.jpg?w=240&#038;h=165\" srcset=\"https:\/\/i0.wp.com\/www.tvturk.com\/wp-content\/uploads\/2019\/02\/erdogan-bize-ihanet-edenler-yarin-gittikleri-yere-de-ihanet-ederler_3c5a5bf.jpg?w=1000 1000w, https:\/\/i0.wp.com\/www.tvturk.com\/wp-content\/uploads\/2019\/02\/erdogan-bize-ihanet-edenler-yarin-gittikleri-yere-de-ihanet-ederler_3c5a5bf.jpg?resize=150%2C103 150w, https:\/\/i0.wp.com\/www.tvturk.com\/wp-content\/uploads\/2019\/02\/erdogan-bize-ihanet-edenler-yarin-gittikleri-yere-de-ihanet-ederler_3c5a5bf.jpg?resize=300%2C206 300w, https:\/\/i0.wp.com\/www.tvturk.com\/wp-content\/uploads\/2019\/02\/erdogan-bize-ihanet-edenler-yarin-gittikleri-yere-de-ihanet-ederler_3c5a5bf.jpg?resize=768%2C526 768w, https:\/\/i0.wp.com\/www.tvturk.com\/wp-content\/uploads\/2019\/02\/erdogan-bize-ihanet-edenler-yarin-gittikleri-yere-de-ihanet-ederler_3c5a5bf.jpg?resize=80%2C55 80w\" width=\"240\" height=\"165\" loading=\"lazy\" data-original-width=\"240\" data-original-height=\"165\" itemprop=\"http:\/\/schema.org\/image\" title=\"Erdo\u011fan: \u201cBize ihanet edenler yar\u0131n gittikleri yere de ihanet ederler\u201d\" alt=\"Erdo\u011fan: \u201cBize ihanet edenler yar\u0131n gittikleri yere de ihanet ederler\u201d\" style=\"width: 240px; height: 165px;\" \/> <\/a> <\/div> <\/div> <!-- close group --> <div class=\"gallery-group images-1\" style=\"width: 256px; height: 169px;\" data-original-width=\"256\" data-original-height=\"169\" > <div class=\"tiled-gallery-item tiled-gallery-item-large\" itemprop=\"associatedMedia\" itemscope itemtype=\"http:\/\/schema.org\/ImageObject\"> <a href=\"http:\/\/www.tvturk.com\/index.php\/erdogan-bize-ihanet-edenler-yarin-gittikleri-yere-de-ihanet-ederler\/erdogan-bize-ihanet-edenler-yarin-gittikleri-yere-de-ihanet-ederler-18\/\" border=\"0\" itemprop=\"url\"> <meta itemprop=\"width\" content=\"252\"> <meta itemprop=\"height\" content=\"165\"> <img decoding=\"async\" class=\"\" data-attachment-id=\"59692\" data-orig-file=\"http:\/\/www.tvturk.com\/wp-content\/uploads\/2019\/02\/erdogan-bize-ihanet-edenler-yarin-gittikleri-yere-de-ihanet-ederler_34a7f98.jpg\" data-orig-size=\"1000,654\" data-comments-opened=\"\" data-image-meta=\"{&quot;aperture&quot;:&quot;0&quot;,&quot;credit&quot;:&quot;IHA&quot;,&quot;camera&quot;:&quot;&quot;,&quot;caption&quot;:&quot;CUMHURBA\\u015eKANI RECEP TAYY\\u0130P ERDO\\u011eAN, TOKAT\\u2019TA D\\u00dcZENLENEN M\\u0130T\\u0130NGDE PART\\u0130L\\u0130LERE SESLEND\\u0130. (\\u0130HA\\\/TOKAT-\\u0130HA)&quot;,&quot;created_timestamp&quot;:&quot;0&quot;,&quot;copyright&quot;:&quot;\\u0130HLAS HABER AJANSI, www.iha.com.tr&quot;,&quot;focal_length&quot;:&quot;0&quot;,&quot;iso&quot;:&quot;0&quot;,&quot;shutter_speed&quot;:&quot;0&quot;,&quot;title&quot;:&quot;ERDO\\u011eAN: \\u201cB\\u0130ZE \\u0130HANET EDENLER YARIN G\\u0130TT\\u0130KLER\\u0130 YERE DE \\u0130HANET EDERLER\\u201d \\u201c SUR\\u0130YE\\u2019DE G\\u00dcVENL\\u0130 B\\u00d6LGELER KURARAK 8 YILDIR VATAN HASRET\\u0130 \\u00c7EKEN SUR\\u0130YEL\\u0130 KARDE\\u015eLER\\u0130M\\u0130Z\\u0130 HUZUR-U KALP \\u0130LE BURALARA D\\u00d6NMELER\\u0130N\\u0130 SA\\u011eLAYACA\\u011eIZ\\u201d&quot;,&quot;orientation&quot;:&quot;0&quot;}\" data-image-title=\"Erdo\u011fan: \u201cBize ihanet edenler yar\u0131n gittikleri yere de ihanet ederler\u201d\" data-image-description=\"&lt;p&gt;Erdo\u011fan: \u201cBize ihanet edenler yar\u0131n gittikleri yere de ihanet ederler\u201d&lt;\/p&gt; \" data-medium-file=\"https:\/\/i0.wp.com\/www.tvturk.com\/wp-content\/uploads\/2019\/02\/erdogan-bize-ihanet-edenler-yarin-gittikleri-yere-de-ihanet-ederler_34a7f98.jpg?fit=300%2C196\" data-large-file=\"https:\/\/i0.wp.com\/www.tvturk.com\/wp-content\/uploads\/2019\/02\/erdogan-bize-ihanet-edenler-yarin-gittikleri-yere-de-ihanet-ederler_34a7f98.jpg?fit=1000%2C654\" src=\"https:\/\/i0.wp.com\/www.tvturk.com\/wp-content\/uploads\/2019\/02\/erdogan-bize-ihanet-edenler-yarin-gittikleri-yere-de-ihanet-ederler_34a7f98.jpg?w=252&#038;h=165\" srcset=\"https:\/\/i0.wp.com\/www.tvturk.com\/wp-content\/uploads\/2019\/02\/erdogan-bize-ihanet-edenler-yarin-gittikleri-yere-de-ihanet-ederler_34a7f98.jpg?w=1000 1000w, https:\/\/i0.wp.com\/www.tvturk.com\/wp-content\/uploads\/2019\/02\/erdogan-bize-ihanet-edenler-yarin-gittikleri-yere-de-ihanet-ederler_34a7f98.jpg?resize=150%2C98 150w, https:\/\/i0.wp.com\/www.tvturk.com\/wp-content\/uploads\/2019\/02\/erdogan-bize-ihanet-edenler-yarin-gittikleri-yere-de-ihanet-ederler_34a7f98.jpg?resize=300%2C196 300w, https:\/\/i0.wp.com\/www.tvturk.com\/wp-content\/uploads\/2019\/02\/erdogan-bize-ihanet-edenler-yarin-gittikleri-yere-de-ihanet-ederler_34a7f98.jpg?resize=768%2C502 768w, https:\/\/i0.wp.com\/www.tvturk.com\/wp-content\/uploads\/2019\/02\/erdogan-bize-ihanet-edenler-yarin-gittikleri-yere-de-ihanet-ederler_34a7f98.jpg?resize=120%2C80 120w\" width=\"252\" height=\"165\" loading=\"lazy\" data-original-width=\"252\" data-original-height=\"165\" itemprop=\"http:\/\/schema.org\/image\" title=\"Erdo\u011fan: \u201cBize ihanet edenler yar\u0131n gittikleri yere de ihanet ederler\u201d\" alt=\"Erdo\u011fan: \u201cBize ihanet edenler yar\u0131n gittikleri yere de ihanet ederler\u201d\" style=\"width: 252px; height: 165px;\" \/> <\/a> <\/div> <\/div> <!-- close group --> <\/div> <!-- close row --> <div class=\"gallery-row\" style=\"width: 500px; height: 299px;\" data-original-width=\"500\" data-original-height=\"299\" > <div class=\"gallery-group images-1\" style=\"width: 500px; height: 299px;\" data-original-width=\"500\" data-original-height=\"299\" > <div class=\"tiled-gallery-item tiled-gallery-item-large\" itemprop=\"associatedMedia\" itemscope itemtype=\"http:\/\/schema.org\/ImageObject\"> <a href=\"http:\/\/www.tvturk.com\/index.php\/erdogan-bize-ihanet-edenler-yarin-gittikleri-yere-de-ihanet-ederler\/erdogan-bize-ihanet-edenler-yarin-gittikleri-yere-de-ihanet-ederler-19\/\" border=\"0\" itemprop=\"url\"> <meta itemprop=\"width\" content=\"496\"> <meta itemprop=\"height\" content=\"295\"> <img decoding=\"async\" class=\"\" data-attachment-id=\"59693\" data-orig-file=\"http:\/\/www.tvturk.com\/wp-content\/uploads\/2019\/02\/erdogan-bize-ihanet-edenler-yarin-gittikleri-yere-de-ihanet-ederler_f1454ca.jpg\" data-orig-size=\"1000,594\" data-comments-opened=\"\" data-image-meta=\"{&quot;aperture&quot;:&quot;0&quot;,&quot;credit&quot;:&quot;IHA&quot;,&quot;camera&quot;:&quot;&quot;,&quot;caption&quot;:&quot;CUMHURBA\\u015eKANI RECEP TAYY\\u0130P ERDO\\u011eAN, TOKAT\\u2019TA D\\u00dcZENLENEN M\\u0130T\\u0130NGDE PART\\u0130L\\u0130LERE SESLEND\\u0130. (\\u0130HA\\\/TOKAT-\\u0130HA)&quot;,&quot;created_timestamp&quot;:&quot;0&quot;,&quot;copyright&quot;:&quot;\\u0130HLAS HABER AJANSI, www.iha.com.tr&quot;,&quot;focal_length&quot;:&quot;0&quot;,&quot;iso&quot;:&quot;0&quot;,&quot;shutter_speed&quot;:&quot;0&quot;,&quot;title&quot;:&quot;ERDO\\u011eAN: \\u201cB\\u0130ZE \\u0130HANET EDENLER YARIN G\\u0130TT\\u0130KLER\\u0130 YERE DE \\u0130HANET EDERLER\\u201d \\u201c SUR\\u0130YE\\u2019DE G\\u00dcVENL\\u0130 B\\u00d6LGELER KURARAK 8 YILDIR VATAN HASRET\\u0130 \\u00c7EKEN SUR\\u0130YEL\\u0130 KARDE\\u015eLER\\u0130M\\u0130Z\\u0130 HUZUR-U KALP \\u0130LE BURALARA D\\u00d6NMELER\\u0130N\\u0130 SA\\u011eLAYACA\\u011eIZ\\u201d&quot;,&quot;orientation&quot;:&quot;0&quot;}\" data-image-title=\"Erdo\u011fan: \u201cBize ihanet edenler yar\u0131n gittikleri yere de ihanet ederler\u201d\" data-image-description=\"&lt;p&gt;Erdo\u011fan: \u201cBize ihanet edenler yar\u0131n gittikleri yere de ihanet ederler\u201d&lt;\/p&gt; \" data-medium-file=\"https:\/\/i0.wp.com\/www.tvturk.com\/wp-content\/uploads\/2019\/02\/erdogan-bize-ihanet-edenler-yarin-gittikleri-yere-de-ihanet-ederler_f1454ca.jpg?fit=300%2C178\" data-large-file=\"https:\/\/i0.wp.com\/www.tvturk.com\/wp-content\/uploads\/2019\/02\/erdogan-bize-ihanet-edenler-yarin-gittikleri-yere-de-ihanet-ederler_f1454ca.jpg?fit=1000%2C594\" src=\"https:\/\/i0.wp.com\/www.tvturk.com\/wp-content\/uploads\/2019\/02\/erdogan-bize-ihanet-edenler-yarin-gittikleri-yere-de-ihanet-ederler_f1454ca.jpg?w=496&#038;h=295\" srcset=\"https:\/\/i0.wp.com\/www.tvturk.com\/wp-content\/uploads\/2019\/02\/erdogan-bize-ihanet-edenler-yarin-gittikleri-yere-de-ihanet-ederler_f1454ca.jpg?w=1000 1000w, https:\/\/i0.wp.com\/www.tvturk.com\/wp-content\/uploads\/2019\/02\/erdogan-bize-ihanet-edenler-yarin-gittikleri-yere-de-ihanet-ederler_f1454ca.jpg?resize=150%2C89 150w, https:\/\/i0.wp.com\/www.tvturk.com\/wp-content\/uploads\/2019\/02\/erdogan-bize-ihanet-edenler-yarin-gittikleri-yere-de-ihanet-ederler_f1454ca.jpg?resize=300%2C178 300w, https:\/\/i0.wp.com\/www.tvturk.com\/wp-content\/uploads\/2019\/02\/erdogan-bize-ihanet-edenler-yarin-gittikleri-yere-de-ihanet-ederler_f1454ca.jpg?resize=768%2C456 768w\" width=\"496\" height=\"295\" loading=\"lazy\" data-original-width=\"496\" data-original-height=\"295\" itemprop=\"http:\/\/schema.org\/image\" title=\"Erdo\u011fan: \u201cBize ihanet edenler yar\u0131n gittikleri yere de ihanet ederler\u201d\" alt=\"Erdo\u011fan: \u201cBize ihanet edenler yar\u0131n gittikleri yere de ihanet ederler\u201d\" style=\"width: 496px; height: 295px;\" \/> <\/a> <\/div> <\/div> <!-- close group --> <\/div> <!-- close row --> <\/div><\/p>\n","protected":false},"excerpt":{"rendered":"<p>CUMHURBA\u015eKANI RECEP TAYY\u0130P ERDO\u011eAN, TOKAT\u2019TA D\u00dcZENLENEN M\u0130T\u0130NGDE PART\u0130L\u0130LERE SESLEND\u0130.<\/p>\n","protected":false},"author":1,"featured_media":59676,"comment_status":"closed","ping_status":"open","sticky":false,"template":"","format":"standard","meta":{"jetpack_post_was_ever_published":false,"_jetpack_newsletter_access":"","_jetpack_dont_email_post_to_subs":false,"_jetpack_newsletter_tier_id":0,"_jetpack_memberships_contains_paywalled_content":false,"_jetpack_memberships_contains_paid_content":false,"footnotes":"","jetpack_publicize_message":"","jetpack_publicize_feature_enabled":true,"jetpack_social_post_already_shared":false,"jetpack_social_options":{"image_generator_settings":{"template":"highway","default_image_id":0,"font":"","enabled":false},"version":2}},"categories":[9],"tags":[5972,8142,18779,649,18778,14891,2111,1048],"class_list":["post-59675","post","type-post","status-publish","format-standard","has-post-thumbnail","hentry","category-siyaset","tag-bize","tag-edenler","tag-ederler","tag-erdogan","tag-gittikleri","tag-ihanet","tag-yarin","tag-yere"],"jetpack_publicize_connections":[],"jetpack_featured_media_url":"https:\/\/i0.wp.com\/www.tvturk.com\/wp-content\/uploads\/2019\/02\/erdogan-bize-ihanet-edenler-yarin-gittikleri-yere-de-ihanet-ederler_0ad31c4.jpg?fit=1000%2C671","jetpack_sharing_enabled":true,"jetpack_shortlink":"https:\/\/wp.me\/paKIfm-fwv","_links":{"self":[{"href":"http:\/\/www.tvturk.com\/index.php\/wp-json\/wp\/v2\/posts\/59675","targetHints":{"allow":["GET"]}}],"collection":[{"href":"http:\/\/www.tvturk.com\/index.php\/wp-json\/wp\/v2\/posts"}],"about":[{"href":"http:\/\/www.tvturk.com\/index.php\/wp-json\/wp\/v2\/types\/post"}],"author":[{"embeddable":true,"href":"http:\/\/www.tvturk.com\/index.php\/wp-json\/wp\/v2\/users\/1"}],"replies":[{"embeddable":true,"href":"http:\/\/www.tvturk.com\/index.php\/wp-json\/wp\/v2\/comments?post=59675"}],"version-history":[{"count":1,"href":"http:\/\/www.tvturk.com\/index.php\/wp-json\/wp\/v2\/posts\/59675\/revisions"}],"predecessor-version":[{"id":59694,"href":"http:\/\/www.tvturk.com\/index.php\/wp-json\/wp\/v2\/posts\/59675\/revisions\/59694"}],"wp:featuredmedia":[{"embeddable":true,"href":"http:\/\/www.tvturk.com\/index.php\/wp-json\/wp\/v2\/media\/59676"}],"wp:attachment":[{"href":"http:\/\/www.tvturk.com\/index.php\/wp-json\/wp\/v2\/media?parent=59675"}],"wp:term":[{"taxonomy":"category","embeddable":true,"href":"http:\/\/www.tvturk.com\/index.php\/wp-json\/wp\/v2\/categories?post=59675"},{"taxonomy":"post_tag","embeddable":true,"href":"http:\/\/www.tvturk.com\/index.php\/wp-json\/wp\/v2\/tags?post=59675"}],"curies":[{"name":"wp","href":"https:\/\/api.w.org\/{rel}","templated":true}]}}