{"id":59823,"date":"2019-02-25T19:25:58","date_gmt":"2019-02-25T16:25:58","guid":{"rendered":"http:\/\/www.tvturk.com\/index.php\/rusya-disisleri-bakani-lavrov-abd-dunyayi-parcaliyor\/"},"modified":"2019-02-25T19:25:58","modified_gmt":"2019-02-25T16:25:58","slug":"rusya-disisleri-bakani-lavrov-abd-dunyayi-parcaliyor","status":"publish","type":"post","link":"http:\/\/www.tvturk.com\/index.php\/rusya-disisleri-bakani-lavrov-abd-dunyayi-parcaliyor\/","title":{"rendered":"Rusya D\u0131\u015fi\u015fleri Bakan\u0131 Lavrov: \u201cABD d\u00fcnyay\u0131 par\u00e7al\u0131yor\u201d"},"content":{"rendered":"<p>Rusya D\u0131\u015fi\u015fleri Bakan\u0131 Sergey Lavrov, ABD\u2019nin d\u00fcnyay\u0131 par\u00e7alad\u0131\u011f\u0131n\u0131 belirterek Avrupa Birli\u011fi\u2019nin ise bir\u00e7ok konuda kabu\u011funa \u00e7ekildi\u011fini s\u00f6yledi.<\/p>\n<p>Rusya\u2019n\u0131n en b\u00fcy\u00fck d\u00fc\u015f\u00fcnce kurulu\u015flar\u0131ndan biri olan Valdai D\u00fc\u015f\u00fcnce Kurulu\u015funun d\u00fczenledi\u011fi bir panele kat\u0131lan Rusya D\u0131\u015fi\u015fleri Bakan\u0131 Sergey Lavrov, Rusya\u2019n\u0131n d\u0131\u015f politikas\u0131 ile ilgili \u00f6nemli a\u00e7\u0131klamalar yapt\u0131. Lavrov, \u201cBana \u00f6yle geliyor ki \u015fuanda esas olan iki \u015fey k\u00fcresel dizayn ve yeniden yap\u0131lanmay\u0131 g\u00f6zlemlemektir. Birincisi siyasetin daha etkin yeni ekonomik b\u00fcy\u00fcme ve yeni finansal g\u00fc\u00e7 merkezlerinin ortaya \u00e7\u0131kmas\u0131d\u0131r. Bu finansal merkezler bug\u00fcn\u00fcn ve yar\u0131n\u0131n toplumlar\u0131na ve \u00fclkelerin ihtiya\u00e7lar\u0131na g\u00f6re ekonomik birle\u015fmeyi tercih ediyor. B\u00f6ylece Rusya, Hindistan ve \u00c7in yar\u0131n ve sonraki g\u00fcn \u00c7in\u2019de bir araya geliyor. Ayr\u0131ca BRICS ortaya \u00e7\u0131kt\u0131. Di\u011fer taraftan Sovyetler Birli\u011fi\u2019nin da\u011f\u0131lmas\u0131n\u0131n ard\u0131ndan Orta Asya \u00fclkeleri Ba\u011f\u0131ms\u0131z Devletler Toplulu\u011fu \u00e7er\u00e7evesinde bir araya geldi. Bu merkezlerin olu\u015fumunu engellemek ve finansal merkezleri da\u011f\u0131tmak i\u00e7in Orta Do\u011fu Stratejik \u0130ttifak\u0131 gibi olu\u015fumlar var. \u015euanda ABD ve NATO taraf\u0131ndan k\u00f6rfez \u00fclkeleri \u00dcrd\u00fcn ve M\u0131s\u0131r \u00e7evresinde toplanmaya \u00e7al\u0131\u015f\u0131l\u0131yor. Elbette ki burada \u0130srail\u2019in \u00e7\u0131karlar\u0131 korunuyor\u201d dedi.<\/p>\n<p>\u201c\u00c7in D\u0131\u015fi\u015fleri Bakan\u0131 Wang Yi ile Kore\u2019yi g\u00f6r\u00fc\u015fece\u011fiz\u201d<\/p>\n<p>Lavrov kat\u0131l\u0131mc\u0131lar\u0131n sorular\u0131n\u0131 cevapland\u0131rd\u0131\u011f\u0131 program\u0131n ikinci b\u00f6l\u00fcm\u00fcnde ise Kore\u2019de bar\u0131\u015f s\u00fcrecinde Rusya\u2019n\u0131n rol\u00fcne ili\u015fkin, \u201c2005\u2019te Kuzey Kore n\u00fckleer g\u00fc\u00e7 oldu\u011funu duyurmu\u015f daha sonras\u0131nda Kuzey Kore \u00c7in, Rusya, Japonya, G\u00fcney Kore ve ABD, Kuzey Kore ile yap\u0131lan n\u00fckleer silahlardan ar\u0131nd\u0131r\u0131lma g\u00f6r\u00fc\u015fmelerine kat\u0131lm\u0131\u015f bu g\u00f6r\u00fc\u015fmelerden daha sonra \u00e7ekilmi\u015fti. Bar\u0131\u015f programlar\u0131nda bir daha ekonomik yapt\u0131r\u0131m olmayaca\u011f\u0131 duyurulmu\u015ftu. Ancak daha sonra yeni bir ekonomik yapt\u0131r\u0131m kararlar\u0131 a\u00e7\u0131klanm\u0131\u015ft\u0131. Singapur zirvesi sorunun bir anda \u00e7\u00f6z\u00fclemeyece\u011fini g\u00f6sterdi. Pyongyang\u2019\u0131 daha ileri seviyeye ta\u015f\u0131may\u0131 savunuyoruz. Daha \u00f6nce de s\u00f6yledi\u011fim gibi, \u00c7in Halk Cumhuriyeti ile birlikte bir \u2019yol haritas\u0131\u2019 olu\u015fturduk ve bu a\u015famada herbir a\u015famas\u0131n\u0131 somutla\u015ft\u0131rmak i\u00e7in \u00e7al\u0131\u015f\u0131yoruz. Yar\u0131n \u00c7in D\u0131\u015fi\u015fleri Bakan\u0131 Wang Yi ile konu\u015faca\u011f\u0131m\u201d ifadelerinde bulundu.<\/p>\n<p>Lavrov\u2019dan Fransa, ABD, AB ve BM\u2019ye ele\u015ftiri<\/p>\n<p>Lavrov Fransa\u2019da Rus medyas\u0131na getirilen yasaklar\u0131 ele\u015ftirerek, \u201cFransa medyay\u0131 istedi\u011fi do\u011frultuda sans\u00fcrleyen bir yasa \u00e7\u0131kard\u0131. Rus medyas\u0131 Elysee Saray\u0131 ba\u015fta olmak \u00fczere hi\u00e7bir yerde haber yapam\u0131yor. Bunu Fransa taraf\u0131na sordu\u011fumuzda her \u015feyin do\u011fru oldu\u011funu ve Rus bas\u0131n\u0131n\u0131n propaganda arac\u0131 oldu\u011funu s\u00f6yl\u00fcyorlar. Biz onlara AG\u0130T kararlar\u0131n\u0131 uygulamalar\u0131n\u0131 s\u00f6yledi\u011fimizde bu kararlar\u0131n 1990\u2019da kalmas\u0131 gerekti\u011fini s\u00f6yl\u00fcyorlar. Gazetecilere engel \u00e7\u0131kar\u0131lmas\u0131 kesinlikle kabul edilemez\u201d dedi. S\u00f6zlerinin devam\u0131nda ABD ve AB\u2019yi ele\u015ftiren Lavrov, \u201cGe\u00e7ti\u011fimiz y\u0131l kabul edilen g\u00f6\u00e7 yasas\u0131yla ilgili bir anla\u015fma imzaland\u0131. Bat\u0131, g\u00f6\u00e7 krizi ile ilgili e\u015fit bir \u015fekilde m\u00fccadele etmek i\u00e7in s\u00f6zde karar ald\u0131. Biz Rusya olarak itiraz ettik. Libya\u2019y\u0131 biz bombalamad\u0131k. Hala \u00fclkedeki ter\u00f6rist faaliyetlerle ilgili kuzeye ka\u00e7\u0131\u015flar var ve sorun tam bir kara deli\u011fe d\u00f6n\u00fc\u015ft\u00fc. Bu nedenle biz bu i\u015fin sorumlular\u0131n\u0131n do\u011frudan konuyla ilgilenmesini \u00f6neriyoruz\u201d diye konu\u015ftu.<\/p>\n<p>&#8220;ABD d\u00fcnyay\u0131 par\u00e7al\u0131yor&#8221;<\/p>\n<p>S\u00f6zlerinin devam\u0131nda ABD\u2019yi d\u00fcnyay\u0131 par\u00e7alamakla su\u00e7layan Lavrov, Birle\u015fmi\u015f Milletleri de ele\u015ftirerek, \u201c\u015eimdi \u00e7ok kutuplu bir d\u00fcnya d\u00fczeninden bahsediyoruz. A\u00e7\u0131k\u00e7as\u0131 uluslararas\u0131 hukuk anlam\u0131nda b\u00f6l\u00fcnme var. Amerika Birle\u015fik Devletleri her \u015feyi par\u00e7al\u0131yor ve AB bir\u00e7ok konuda kabu\u011funa \u00e7ekiliyor. Birle\u015fmi\u015f Milletler G\u00fcvenlik Konseyinde d\u00fcnyan\u0131n geli\u015fmekte olan b\u00f6lgeleri Asya, Afrika ve Latin Amerika kesinlikle yeterince temsil edilmiyor\u201d \u015feklinde konu\u015ftu.<\/p>\n","protected":false},"excerpt":{"rendered":"<p>RUSYA DI\u015e\u0130\u015eLER\u0130 BAKANI SERGEY LAVROV, ABD\u2019N\u0130N D\u00dcNYAYI PAR\u00c7ALADI\u011eINI BEL\u0130RTEREK AVRUPA B\u0130RL\u0130\u011e\u0130\u2019N\u0130N \u0130SE B\u0130R\u00c7OK KONUDA KABU\u011eUNA \u00c7EK\u0130LD\u0130\u011e\u0130N\u0130 S\u00d6YLED\u0130.<\/p>\n","protected":false},"author":1,"featured_media":59824,"comment_status":"closed","ping_status":"open","sticky":false,"template":"","format":"standard","meta":{"jetpack_post_was_ever_published":false,"_jetpack_newsletter_access":"","_jetpack_dont_email_post_to_subs":false,"_jetpack_newsletter_tier_id":0,"_jetpack_memberships_contains_paywalled_content":false,"_jetpack_memberships_contains_paid_content":false,"footnotes":"","jetpack_publicize_message":"","jetpack_publicize_feature_enabled":true,"jetpack_social_post_already_shared":false,"jetpack_social_options":{"image_generator_settings":{"template":"highway","default_image_id":0,"font":"","enabled":false},"version":2}},"categories":[10],"tags":[1936,933,1498,18137,17926,18794,32],"class_list":["post-59823","post","type-post","status-publish","format-standard","has-post-thumbnail","hentry","category-dunya","tag-abd","tag-bakani","tag-disisleri","tag-dunyayi","tag-lavrov","tag-parcaliyor","tag-rusya"],"jetpack_publicize_connections":[],"jetpack_featured_media_url":"https:\/\/i0.wp.com\/www.tvturk.com\/wp-content\/uploads\/2019\/02\/rusya-disisleri-bakani-lavrov-abd-dunyayi-parcaliyor_a540cbc.jpg?fit=1000%2C666","jetpack_sharing_enabled":true,"jetpack_shortlink":"https:\/\/wp.me\/paKIfm-fyT","_links":{"self":[{"href":"http:\/\/www.tvturk.com\/index.php\/wp-json\/wp\/v2\/posts\/59823","targetHints":{"allow":["GET"]}}],"collection":[{"href":"http:\/\/www.tvturk.com\/index.php\/wp-json\/wp\/v2\/posts"}],"about":[{"href":"http:\/\/www.tvturk.com\/index.php\/wp-json\/wp\/v2\/types\/post"}],"author":[{"embeddable":true,"href":"http:\/\/www.tvturk.com\/index.php\/wp-json\/wp\/v2\/users\/1"}],"replies":[{"embeddable":true,"href":"http:\/\/www.tvturk.com\/index.php\/wp-json\/wp\/v2\/comments?post=59823"}],"version-history":[{"count":0,"href":"http:\/\/www.tvturk.com\/index.php\/wp-json\/wp\/v2\/posts\/59823\/revisions"}],"wp:featuredmedia":[{"embeddable":true,"href":"http:\/\/www.tvturk.com\/index.php\/wp-json\/wp\/v2\/media\/59824"}],"wp:attachment":[{"href":"http:\/\/www.tvturk.com\/index.php\/wp-json\/wp\/v2\/media?parent=59823"}],"wp:term":[{"taxonomy":"category","embeddable":true,"href":"http:\/\/www.tvturk.com\/index.php\/wp-json\/wp\/v2\/categories?post=59823"},{"taxonomy":"post_tag","embeddable":true,"href":"http:\/\/www.tvturk.com\/index.php\/wp-json\/wp\/v2\/tags?post=59823"}],"curies":[{"name":"wp","href":"https:\/\/api.w.org\/{rel}","templated":true}]}}