{"id":6065,"date":"2019-02-06T17:56:02","date_gmt":"2019-02-06T14:56:02","guid":{"rendered":"http:\/\/www.tvturk.com\/index.php\/2019\/02\/06\/karacabey-tarimsal-uretimde-turkiyeyerol-model-olacak\/"},"modified":"2019-02-06T17:56:03","modified_gmt":"2019-02-06T14:56:03","slug":"karacabey-tarimsal-uretimde-turkiyeyerol-model-olacak","status":"publish","type":"post","link":"http:\/\/www.tvturk.com\/index.php\/karacabey-tarimsal-uretimde-turkiyeyerol-model-olacak\/","title":{"rendered":"Karacabey tar\u0131msal \u00fcretimde T\u00fcrkiye\u2019yerol model olacak"},"content":{"rendered":"<p>Karacabey il\u00e7esinin b\u00fct\u00fcn\u00fcyle kalk\u0131nmas\u0131 ad\u0131na 3T vizyonuyla hareket ettiklerini belirten Karacabey Belediye Ba\u015fkan\u0131 Ali \u00d6zkan, il\u00e7enin yeni yat\u0131r\u0131mlarla birlikte tar\u0131mda cazibe merkezi olaca\u011f\u0131n\u0131 s\u00f6yledi.<\/p>\n<p>Birinci s\u0131n\u0131f tar\u0131m arazilerine sahip olan ve ge\u00e7mi\u015ften bu yana bereketli topraklar\u0131yla T\u00fcrkiye\u2019de tar\u0131m\u0131n merkezlerinden biri olan Karacabey\u2019de, belediye taraf\u0131ndan il\u00e7edeki verimli topraklar\u0131n korunmas\u0131 ve geli\u015ftirilmesi konusunda y\u00fcr\u00fct\u00fclen \u00e7al\u0131\u015fmalar h\u0131z kesmiyor. Bursa \u0130l Tar\u0131m ve Orman M\u00fcd\u00fcr\u00fc Hamit Ayg\u00fcl, \u0130l\u00e7e M\u00fcd\u00fcr\u00fc Cemer Erken ile birlikte Belediye Ba\u015fkan\u0131 Ali \u00d6zkan\u2019\u0131 ziyaret ederek, il\u00e7edeki tar\u0131msal faaliyetlerin bug\u00fcn\u00fcn\u00fc ve gelece\u011fini konu\u015ftu.<\/p>\n<p>Ziyarette Ali \u00d6zkan, il\u00e7enin b\u00fct\u00fcn\u00fcyle kalk\u0131nmas\u0131 ad\u0131na 3T vizyonuyla hareket ettiklerini an\u0131msat\u0131rken, tar\u0131ma dayal\u0131 sanayi kurulu\u015flar\u0131n\u0131n il\u00e7eye \u00e7ekilerek, Karacabey\u2019in gelece\u011fini \u00fcretim temelli planlad\u0131klar\u0131n\u0131 kaydetti.<\/p>\n<p>K\u0131rsal ve kent merkezi ayr\u0131m\u0131 g\u00f6zetmeksizin, il\u00e7ede topyek\u00fcn bir kalk\u0131nma modeli benimsediklerini aktaran \u00d6zkan, \u201c\u00d6zellikle \u0130stanbul-Bursa-\u0130zmir hatt\u0131ndaki dev otoyol projesinin kilit noktas\u0131nda bulunan Karacabey, bu sayede b\u00fcy\u00fck pazarlara k\u0131sa s\u00fcrede ula\u015fma ve bu pazarlarla entegre olma konusunda \u00f6nemli avantajlara sahip. Biz de bu avantajlar\u0131 en iyi \u015fekilde kullanmak ad\u0131na somut \u00e7al\u0131\u015fmalar\u0131m\u0131z\u0131 s\u00fcrd\u00fcr\u00fcyoruz. Yeni yat\u0131r\u0131mlar\u0131n da devreye girmesiyle birlikte Karacabey, t\u00fcm T\u00fcrkiye a\u00e7\u0131s\u0131ndan cazibe merkezi haline gelecektir. \u0130l\u00e7emizi daha da ileriye g\u00f6t\u00fcrecek \u00e7al\u0131\u015fmalar\u0131m\u0131za son s\u00fcrat devam edece\u011fiz\u201d ifadelerini kulland\u0131.<\/p>\n<p>Karacabey\u2019in \u00f6zellikle son y\u0131llarda ger\u00e7ekle\u015fen yat\u0131r\u0131m hamleleriyle birlikte, \u00e7ok ciddi bir at\u0131l\u0131ma sahne oldu\u011funu belirten Bursa \u0130l Tar\u0131m ve Orman M\u00fcd\u00fcr\u00fc Hamit Ayg\u00fcl ise kente katt\u0131klar\u0131ndan \u00f6t\u00fcr\u00fc Ba\u015fkan \u00d6zkan\u2019a te\u015fekk\u00fcr etti.<\/p>\n<p>Karacabey\u2019in tar\u0131msal faaliyetlerle T\u00fcrkiye\u2019ye \u00f6nemli bir katma de\u011fer sa\u011flad\u0131\u011f\u0131n\u0131 aktaran Ayg\u00fcl, bu noktada kurum olarak her t\u00fcrl\u00fc deste\u011fi vermeye haz\u0131r olduklar\u0131n\u0131 s\u00f6zlerine ekledi.<div class=\"tiled-gallery type-rectangular tiled-gallery-unresized\" data-original-width=\"500\" data-carousel-extra='null' itemscope itemtype=\"http:\/\/schema.org\/ImageGallery\" > <div class=\"gallery-row\" style=\"width: 500px; height: 334px;\" data-original-width=\"500\" data-original-height=\"334\" > <div class=\"gallery-group images-1\" style=\"width: 500px; height: 334px;\" data-original-width=\"500\" data-original-height=\"334\" > <div class=\"tiled-gallery-item tiled-gallery-item-large\" itemprop=\"associatedMedia\" itemscope itemtype=\"http:\/\/schema.org\/ImageObject\"> <a href=\"http:\/\/www.tvturk.com\/index.php\/karacabey-tarimsal-uretimde-turkiyeyerol-model-olacak\/karacabey-tarimsal-uretimde-turkiyeyerol-model-olacak-3\/\" border=\"0\" itemprop=\"url\"> <meta itemprop=\"width\" content=\"496\"> <meta itemprop=\"height\" content=\"330\"> <img decoding=\"async\" class=\"\" data-attachment-id=\"6067\" data-orig-file=\"http:\/\/www.tvturk.com\/wp-content\/uploads\/2019\/02\/karacabey-tarimsal-uretimde-turkiyeyerol-model-olacak_0e00354.jpg\" data-orig-size=\"1000,666\" data-comments-opened=\"\" data-image-meta=\"{&quot;aperture&quot;:&quot;0&quot;,&quot;credit&quot;:&quot;IHA&quot;,&quot;camera&quot;:&quot;&quot;,&quot;caption&quot;:&quot;KARACABEY \\u0130L\\u00c7ES\\u0130N\\u0130N B\\u00dcT\\u00dcN\\u00dcYLE KALKINMASI ADINA 3T V\\u0130ZYONUYLA HAREKET ETT\\u0130KLER\\u0130N\\u0130 BEL\\u0130RTEN KARACABEY BELED\\u0130YE BA\\u015eKANI AL\\u0130 \\u00d6ZKAN, \\u0130L\\u00c7EN\\u0130N YEN\\u0130 YATIRIMLARLA B\\u0130RL\\u0130KTE TARIMDA CAZ\\u0130BE MERKEZ\\u0130 OLACA\\u011eINI S\\u00d6YLED\\u0130. (YAS\\u0130N KESK\\u0130N\\\/BURSA-\\u0130HA)&quot;,&quot;created_timestamp&quot;:&quot;0&quot;,&quot;copyright&quot;:&quot;\\u0130HLAS HABER AJANSI, www.iha.com.tr&quot;,&quot;focal_length&quot;:&quot;0&quot;,&quot;iso&quot;:&quot;0&quot;,&quot;shutter_speed&quot;:&quot;0&quot;,&quot;title&quot;:&quot;KARACABEY TARIMSAL \\u00dcRET\\u0130MDE T\\u00dcRK\\u0130YE\\u2019YEROL MODEL OLACAK&quot;,&quot;orientation&quot;:&quot;0&quot;}\" data-image-title=\"Karacabey tar\u0131msal \u00fcretimde T\u00fcrkiye\u2019yerol model olacak\" data-image-description=\"&lt;p&gt;Karacabey tar\u0131msal \u00fcretimde T\u00fcrkiye\u2019yerol model olacak&lt;\/p&gt; \" data-medium-file=\"https:\/\/i0.wp.com\/www.tvturk.com\/wp-content\/uploads\/2019\/02\/karacabey-tarimsal-uretimde-turkiyeyerol-model-olacak_0e00354.jpg?fit=300%2C200\" data-large-file=\"https:\/\/i0.wp.com\/www.tvturk.com\/wp-content\/uploads\/2019\/02\/karacabey-tarimsal-uretimde-turkiyeyerol-model-olacak_0e00354.jpg?fit=1000%2C666\" src=\"https:\/\/i0.wp.com\/www.tvturk.com\/wp-content\/uploads\/2019\/02\/karacabey-tarimsal-uretimde-turkiyeyerol-model-olacak_0e00354.jpg?w=496&#038;h=330\" srcset=\"https:\/\/i0.wp.com\/www.tvturk.com\/wp-content\/uploads\/2019\/02\/karacabey-tarimsal-uretimde-turkiyeyerol-model-olacak_0e00354.jpg?w=1000 1000w, https:\/\/i0.wp.com\/www.tvturk.com\/wp-content\/uploads\/2019\/02\/karacabey-tarimsal-uretimde-turkiyeyerol-model-olacak_0e00354.jpg?resize=150%2C100 150w, https:\/\/i0.wp.com\/www.tvturk.com\/wp-content\/uploads\/2019\/02\/karacabey-tarimsal-uretimde-turkiyeyerol-model-olacak_0e00354.jpg?resize=300%2C200 300w, https:\/\/i0.wp.com\/www.tvturk.com\/wp-content\/uploads\/2019\/02\/karacabey-tarimsal-uretimde-turkiyeyerol-model-olacak_0e00354.jpg?resize=768%2C511 768w, https:\/\/i0.wp.com\/www.tvturk.com\/wp-content\/uploads\/2019\/02\/karacabey-tarimsal-uretimde-turkiyeyerol-model-olacak_0e00354.jpg?resize=170%2C113 170w, https:\/\/i0.wp.com\/www.tvturk.com\/wp-content\/uploads\/2019\/02\/karacabey-tarimsal-uretimde-turkiyeyerol-model-olacak_0e00354.jpg?resize=120%2C80 120w\" width=\"496\" height=\"330\" loading=\"lazy\" data-original-width=\"496\" data-original-height=\"330\" itemprop=\"http:\/\/schema.org\/image\" title=\"Karacabey tar\u0131msal \u00fcretimde T\u00fcrkiye\u2019yerol model olacak\" alt=\"Karacabey tar\u0131msal \u00fcretimde T\u00fcrkiye\u2019yerol model olacak\" style=\"width: 496px; height: 330px;\" \/> <\/a> <\/div> <\/div> <!-- close group --> <\/div> <!-- close row --> <\/div><\/p>\n","protected":false},"excerpt":{"rendered":"<p>KARACABEY \u0130L\u00c7ES\u0130N\u0130N B\u00dcT\u00dcN\u00dcYLE KALKINMASI ADINA 3T V\u0130ZYONUYLA HAREKET ETT\u0130KLER\u0130N\u0130 BEL\u0130RTEN KARACABEY BELED\u0130YE BA\u015eKANI AL\u0130 \u00d6ZKAN, \u0130L\u00c7EN\u0130N YEN\u0130 YATIRIMLARLA B\u0130RL\u0130KTE TARIMDA CAZ\u0130BE MERKEZ\u0130 OLACA\u011eINI S\u00d6YLED\u0130.<\/p>\n","protected":false},"author":1,"featured_media":6066,"comment_status":"closed","ping_status":"open","sticky":false,"template":"","format":"standard","meta":{"jetpack_post_was_ever_published":false,"_jetpack_newsletter_access":"","_jetpack_dont_email_post_to_subs":false,"_jetpack_newsletter_tier_id":0,"_jetpack_memberships_contains_paywalled_content":false,"_jetpack_memberships_contains_paid_content":false,"footnotes":"","jetpack_publicize_message":"","jetpack_publicize_feature_enabled":true,"jetpack_social_post_already_shared":false,"jetpack_social_options":{"image_generator_settings":{"template":"highway","default_image_id":0,"font":"","enabled":false},"version":2}},"categories":[19],"tags":[3268,1910,1189,3269,3271,3270],"class_list":["post-6065","post","type-post","status-publish","format-standard","has-post-thumbnail","hentry","category-ekonomi","tag-karacabey","tag-model","tag-olacak","tag-tarimsal","tag-turkiyeyerol","tag-uretimde"],"jetpack_publicize_connections":[],"jetpack_featured_media_url":"https:\/\/i0.wp.com\/www.tvturk.com\/wp-content\/uploads\/2019\/02\/karacabey-tarimsal-uretimde-turkiyeyerol-model-olacak_de74a8f.jpg?fit=1000%2C562","jetpack_sharing_enabled":true,"jetpack_shortlink":"https:\/\/wp.me\/paKIfm-1zP","_links":{"self":[{"href":"http:\/\/www.tvturk.com\/index.php\/wp-json\/wp\/v2\/posts\/6065","targetHints":{"allow":["GET"]}}],"collection":[{"href":"http:\/\/www.tvturk.com\/index.php\/wp-json\/wp\/v2\/posts"}],"about":[{"href":"http:\/\/www.tvturk.com\/index.php\/wp-json\/wp\/v2\/types\/post"}],"author":[{"embeddable":true,"href":"http:\/\/www.tvturk.com\/index.php\/wp-json\/wp\/v2\/users\/1"}],"replies":[{"embeddable":true,"href":"http:\/\/www.tvturk.com\/index.php\/wp-json\/wp\/v2\/comments?post=6065"}],"version-history":[{"count":1,"href":"http:\/\/www.tvturk.com\/index.php\/wp-json\/wp\/v2\/posts\/6065\/revisions"}],"predecessor-version":[{"id":6068,"href":"http:\/\/www.tvturk.com\/index.php\/wp-json\/wp\/v2\/posts\/6065\/revisions\/6068"}],"wp:featuredmedia":[{"embeddable":true,"href":"http:\/\/www.tvturk.com\/index.php\/wp-json\/wp\/v2\/media\/6066"}],"wp:attachment":[{"href":"http:\/\/www.tvturk.com\/index.php\/wp-json\/wp\/v2\/media?parent=6065"}],"wp:term":[{"taxonomy":"category","embeddable":true,"href":"http:\/\/www.tvturk.com\/index.php\/wp-json\/wp\/v2\/categories?post=6065"},{"taxonomy":"post_tag","embeddable":true,"href":"http:\/\/www.tvturk.com\/index.php\/wp-json\/wp\/v2\/tags?post=6065"}],"curies":[{"name":"wp","href":"https:\/\/api.w.org\/{rel}","templated":true}]}}