{"id":6182,"date":"2019-02-06T18:13:55","date_gmt":"2019-02-06T15:13:55","guid":{"rendered":"http:\/\/www.tvturk.com\/index.php\/cercioglu-ve-tuncel-sokelilerle-bir-araya-geldi\/"},"modified":"2019-02-06T18:13:59","modified_gmt":"2019-02-06T15:13:59","slug":"cercioglu-ve-tuncel-sokelilerle-bir-araya-geldi","status":"publish","type":"post","link":"http:\/\/www.tvturk.com\/index.php\/cercioglu-ve-tuncel-sokelilerle-bir-araya-geldi\/","title":{"rendered":"\u00c7er\u00e7io\u011flu ve Tuncel S\u00f6kelilerle bir araya geldi"},"content":{"rendered":"<p>S\u00f6ke\u2019de vatanda\u015flarla bulu\u015fan Ayd\u0131n B\u00fcy\u00fck\u015fehir Belediye Ba\u015fkan\u0131 \u00d6zlem \u00c7er\u00e7io\u011flu, \u00f6n\u00fcm\u00fczdeki d\u00f6nemde de B\u00fcy\u00fck\u015fehir Belediyesi\u2019nin S\u00f6ke\u2019ye yat\u0131r\u0131mlar\u0131n\u0131n devam edece\u011fini s\u00f6yledi.<\/p>\n<p>Ba\u015fkan \u00c7er\u00e7io\u011flu\u2019na CHP S\u00f6ke Belediye Ba\u015fkan Aday\u0131 Levent Tuncel, CHP Ayd\u0131n \u0130l Ba\u015fkan\u0131 Ali \u00c7ank\u0131r, \u0130Y\u0130 Parti S\u00f6ke \u0130l\u00e7e Ba\u015fkan\u0131 \u00c7a\u011flar \u00c7elikez, CHP S\u00f6ke \u0130l\u00e7e Ba\u015fkan\u0131 H\u00fcseyin Akkaya ve sivil toplum \u00f6rg\u00fctleri temsilcileri e\u015flik etti.<\/p>\n<p>A\u00e7\u0131l\u0131\u015fta bir konu\u015fma yapan Ba\u015fkan \u00c7er\u00e7io\u011flu, \u00f6ncelikle S\u00f6keli B\u00fcy\u00fck Menderes\u2019in ta\u015fmas\u0131 sebebiyle tarlalar\u0131 sular alt\u0131nda kalan \u00e7ift\u00e7ilere ge\u00e7mi\u015f olsun dileklerini iletti. B\u00fcy\u00fck\u015fehir Belediyesi\u2019nin S\u00f6ke\u2019ye 200 kilometre yol yapt\u0131\u011f\u0131n\u0131, ASK\u0130\u2019nin de 220 kilometre altyap\u0131 \u00e7al\u0131\u015fmas\u0131 yapt\u0131\u011f\u0131n\u0131 hat\u0131rlatan Ba\u015fkan \u00c7er\u00e7io\u011flu, \u201cS\u00f6ke\u2019ye 102 milyon liral\u0131k yat\u0131r\u0131m yapt\u0131k. Bence bu yapt\u0131\u011f\u0131m\u0131z hizmetlerin en \u00f6nemlisi Ayd\u0131n\u2019da hi\u00e7bir vatanda\u015f\u0131m\u0131z\u0131n yata\u011fa a\u00e7 girmemesi, so\u011fuktan \u00fc\u015f\u00fcmemesi\u201d dedi. \u201c\u015eimdi g\u00fcc\u00fcm\u00fcz\u00fc birle\u015ftirdik Levent Ba\u015fkan\u0131mla birlikte g\u00fcnde 18 saat \u00e7al\u0131\u015farak sizlere hizmet edece\u011fiz\u201d ifadelerini kullanan Ba\u015fkan \u00c7er\u00e7io\u011flu \u201cBu ittifakla ve sizlerin deste\u011fiyle S\u00f6ke de daha iyi olacak. Bizler S\u00f6ke sevdal\u0131s\u0131y\u0131z, Ayd\u0131n sevdal\u0131s\u0131y\u0131z\u201d \u015feklinde konu\u015ftu.<\/p>\n<p>Ba\u015fkan \u00c7er\u00e7io\u011flu ve beraberindeki heyet, alk\u0131\u015flar ve tezah\u00fcratlar e\u015fli\u011finde se\u00e7im b\u00fcrosunun a\u00e7\u0131l\u0131\u015f\u0131n\u0131 ger\u00e7ekle\u015ftirdi.<\/p>\n<p>\u00c7er\u00e7io\u011flu\u2019ndan S\u00f6ke Ziraat Odas\u0131\u2019na ziyaret<\/p>\n<p>Ba\u015fkan \u00c7er\u00e7io\u011flu, Levent Tuncel ve beraberindeki heyetle birlikte S\u00f6ke Ziraat Odas\u0131\u2019n\u0131 da ziyaret ederek yeni se\u00e7ilen oda ba\u015fkan\u0131 Mustafa Tanyeri ve y\u00f6netim kurulunu tebrik edip \u00e7al\u0131\u015fmalar\u0131nda ba\u015far\u0131lar diledi.<\/p>\n<p>B\u00fcy\u00fck Menderes\u2018in ta\u015fmas\u0131 sebebiyle zor durumda kalan \u00e7ift\u00e7ilere ge\u00e7mi\u015f olsun dileklerini sunan Ba\u015fkan \u00c7er\u00e7io\u011flu, her y\u0131l gerekli uyar\u0131lar\u0131 yapt\u0131klar\u0131n\u0131 fakat buna bir \u00f6nlem al\u0131nmad\u0131\u011f\u0131n\u0131 s\u00f6yledi. \u201c\u00c7ift\u00e7inin durumu ortada. B\u00fcy\u00fck\u015fehir Belediyesi olarak ne zaman \u00e7ift\u00e7inin mahsul\u00fc tarlas\u0131nda kald\u0131ysa al\u0131c\u0131 olduk. \u00c7\u00fcnk\u00fc \u00fcretici o \u00fcr\u00fcne bel ba\u011fl\u0131yor, bir y\u0131ll\u0131k eme\u011fini ve paras\u0131n\u0131 yat\u0131r\u0131yor. Bu \u00e7ift\u00e7imiz karn\u0131n\u0131 doyuracak; d\u00fc\u011f\u00fcn\u00fc, derne\u011fi var. Ald\u0131\u011f\u0131m\u0131z \u00fcr\u00fcnleri de garip gurebaya, fakir fukaraya da\u011f\u0131t\u0131yoruz\u201d diye konu\u015ftu.<\/p>\n<p>S\u00f6ke \u00fcretici pazar\u0131 kazanacak<\/p>\n<p>S\u00f6ke\u2019ye Levent Ba\u015fkan\u2019la birlikte \u00c7ak\u0131rbeyli \u00f6rne\u011findeki gibi bir \u00fcretici pazar\u0131 daha kazand\u0131racaklar\u0131n\u0131 ifade eden Ba\u015fkan \u00c7er\u00e7io\u011flu, \u201c\u015eimdi bu \u00fcretici pazarlar\u0131m\u0131zdan birisini 100 milyon liraya kamula\u015ft\u0131r\u0131p Ayd\u0131n\u0131m\u0131za kazand\u0131rd\u0131\u011f\u0131m\u0131z Ayd\u0131n Tekstil\u2019de a\u00e7aca\u011f\u0131z. Bu pazarlar\u0131m\u0131zda, bah\u00e7esinde sebzesini, meyvesini yeti\u015ftiren vatanda\u015flar\u0131m\u0131z hi\u00e7bir arac\u0131 olmadan sat\u0131\u015f yap\u0131yor. Ayd\u0131n Tekstil\u2019de haftada iki g\u00fcn a\u00e7\u0131k olacak pazar\u0131m\u0131zda da kad\u0131n \u00fcreticilerimize \u00f6ncelik verece\u011fiz\u201d dedi.<\/p>\n<p>Ayd\u0131nl\u0131 \u00fcreticilere Ege Yem\u2019den ekonomik yem<\/p>\n<p>\u00c7ok k\u0131sa bir s\u00fcre sonra Ege Yem\u2019in ekonomik yem sat\u0131\u015f\u0131na ba\u015flayaca\u011f\u0131n\u0131 hat\u0131rlatan Ba\u015fkan \u00c7er\u00e7io\u011flu, \u201c\u00dcreticimize Ege Yem\u2019le piyasadan daha ucuza yem verip s\u00fct\u00fcn\u00fc de arac\u0131 olmadan do\u011frudan al\u0131p Ege Et marketlerinde sataca\u011f\u0131z. B\u00f6ylece \u00fcreticilerimiz daha fazla kazanacak. \u00dcreticiyi k\u00fcst\u00fcrmemek, \u00fcretime devam etmesine destek vermek gerekiyor. \u00c7ift\u00e7imizin yan\u0131nda olmaya devam edece\u011fiz\u201d \u015feklinde konu\u015ftu.<\/p>\n<p>T\u00fcrkiye\u2019de tar\u0131m ve hayvanc\u0131l\u0131kta s\u0131k\u0131nt\u0131l\u0131 bir d\u00f6nem ya\u015fand\u0131\u011f\u0131n\u0131n alt\u0131n\u0131 \u00e7izen Ba\u015fkan \u00c7er\u00e7io\u011flu \u201cKendimize yetecek kadar \u00fcretim yapt\u0131\u011f\u0131m\u0131z zamanlar gerilerde kald\u0131. \u015eimdi i\u00e7inde bulundu\u011fumuz durumdan dolay\u0131 ziraat odalar\u0131m\u0131z\u0131 daha fazla desteklememiz gerekiyor. Biz ziraat odalar\u0131m\u0131za deste\u011fi daha da art\u0131raca\u011f\u0131z\u201d dedi.<\/p>\n<p>Ba\u015fkan \u00c7er\u00e7io\u011flu S\u00f6ke ziyaretinin sonunda misafir edildi\u011fi bir kahve d\u00fckk\u00e2n\u0131nda kahve pi\u015firip hem kendisi i\u00e7ti hem de d\u00fckk\u00e2n sahibine ikram etti.<div class=\"tiled-gallery type-rectangular tiled-gallery-unresized\" data-original-width=\"500\" data-carousel-extra='null' itemscope itemtype=\"http:\/\/schema.org\/ImageGallery\" > <div class=\"gallery-row\" style=\"width: 500px; height: 224px;\" data-original-width=\"500\" data-original-height=\"224\" > <div class=\"gallery-group images-1\" style=\"width: 334px; height: 224px;\" data-original-width=\"334\" data-original-height=\"224\" > <div class=\"tiled-gallery-item tiled-gallery-item-large\" itemprop=\"associatedMedia\" itemscope itemtype=\"http:\/\/schema.org\/ImageObject\"> <a href=\"http:\/\/www.tvturk.com\/index.php\/cercioglu-ve-tuncel-sokelilerle-bir-araya-geldi\/cercioglu-ve-tuncel-sokelilerle-bir-araya-geldi-3\/\" border=\"0\" itemprop=\"url\"> <meta itemprop=\"width\" content=\"330\"> <meta itemprop=\"height\" content=\"220\"> <img decoding=\"async\" class=\"\" data-attachment-id=\"6184\" data-orig-file=\"http:\/\/www.tvturk.com\/wp-content\/uploads\/2019\/02\/cercioglu-ve-tuncel-sokelilerle-bir-araya-geldi_28ac89c.jpg\" data-orig-size=\"1000,666\" data-comments-opened=\"\" data-image-meta=\"{&quot;aperture&quot;:&quot;0&quot;,&quot;credit&quot;:&quot;IHA&quot;,&quot;camera&quot;:&quot;&quot;,&quot;caption&quot;:&quot;S\\u00d6KE\\u0027DE VATANDA\\u015eLARLA BULU\\u015eAN AYDIN B\\u00dcY\\u00dcK\\u015eEH\\u0130R BELED\\u0130YE BA\\u015eKANI \\u00d6ZLEM \\u00c7ER\\u00c7\\u0130O\\u011eLU, \\u00d6N\\u00dcM\\u00dcZDEK\\u0130 D\\u00d6NEMDE DE B\\u00dcY\\u00dcK\\u015eEH\\u0130R BELED\\u0130YES\\u0130\\u0027N\\u0130N S\\u00d6KE\\u0027YE YATIRIMLARININ DEVAM EDECE\\u011e\\u0130N\\u0130 S\\u00d6YLED\\u0130. (LEVENT TUNCER\\\/AYDIN-\\u0130HA)&quot;,&quot;created_timestamp&quot;:&quot;0&quot;,&quot;copyright&quot;:&quot;\\u0130HLAS HABER AJANSI, www.iha.com.tr&quot;,&quot;focal_length&quot;:&quot;0&quot;,&quot;iso&quot;:&quot;0&quot;,&quot;shutter_speed&quot;:&quot;0&quot;,&quot;title&quot;:&quot;\\u00c7ER\\u00c7\\u0130O\\u011eLU VE TUNCEL S\\u00d6KEL\\u0130LERLE B\\u0130R ARAYA GELD\\u0130&quot;,&quot;orientation&quot;:&quot;0&quot;}\" data-image-title=\"\u00c7er\u00e7io\u011flu ve Tuncel S\u00f6kelilerle bir araya geldi\" data-image-description=\"&lt;p&gt;\u00c7er\u00e7io\u011flu ve Tuncel S\u00f6kelilerle bir araya geldi&lt;\/p&gt; \" data-medium-file=\"https:\/\/i0.wp.com\/www.tvturk.com\/wp-content\/uploads\/2019\/02\/cercioglu-ve-tuncel-sokelilerle-bir-araya-geldi_28ac89c.jpg?fit=300%2C200\" data-large-file=\"https:\/\/i0.wp.com\/www.tvturk.com\/wp-content\/uploads\/2019\/02\/cercioglu-ve-tuncel-sokelilerle-bir-araya-geldi_28ac89c.jpg?fit=1000%2C666\" src=\"https:\/\/i0.wp.com\/www.tvturk.com\/wp-content\/uploads\/2019\/02\/cercioglu-ve-tuncel-sokelilerle-bir-araya-geldi_28ac89c.jpg?w=330&#038;h=220\" srcset=\"https:\/\/i0.wp.com\/www.tvturk.com\/wp-content\/uploads\/2019\/02\/cercioglu-ve-tuncel-sokelilerle-bir-araya-geldi_28ac89c.jpg?w=1000 1000w, https:\/\/i0.wp.com\/www.tvturk.com\/wp-content\/uploads\/2019\/02\/cercioglu-ve-tuncel-sokelilerle-bir-araya-geldi_28ac89c.jpg?resize=150%2C100 150w, https:\/\/i0.wp.com\/www.tvturk.com\/wp-content\/uploads\/2019\/02\/cercioglu-ve-tuncel-sokelilerle-bir-araya-geldi_28ac89c.jpg?resize=300%2C200 300w, https:\/\/i0.wp.com\/www.tvturk.com\/wp-content\/uploads\/2019\/02\/cercioglu-ve-tuncel-sokelilerle-bir-araya-geldi_28ac89c.jpg?resize=768%2C511 768w, https:\/\/i0.wp.com\/www.tvturk.com\/wp-content\/uploads\/2019\/02\/cercioglu-ve-tuncel-sokelilerle-bir-araya-geldi_28ac89c.jpg?resize=170%2C113 170w, https:\/\/i0.wp.com\/www.tvturk.com\/wp-content\/uploads\/2019\/02\/cercioglu-ve-tuncel-sokelilerle-bir-araya-geldi_28ac89c.jpg?resize=120%2C80 120w\" width=\"330\" height=\"220\" loading=\"lazy\" data-original-width=\"330\" data-original-height=\"220\" itemprop=\"http:\/\/schema.org\/image\" title=\"\u00c7er\u00e7io\u011flu ve Tuncel S\u00f6kelilerle bir araya geldi\" alt=\"\u00c7er\u00e7io\u011flu ve Tuncel S\u00f6kelilerle bir araya geldi\" style=\"width: 330px; height: 220px;\" \/> <\/a> <\/div> <\/div> <!-- close group --> <div class=\"gallery-group images-2\" style=\"width: 166px; height: 224px;\" data-original-width=\"166\" data-original-height=\"224\" > <div class=\"tiled-gallery-item tiled-gallery-item-small\" itemprop=\"associatedMedia\" itemscope itemtype=\"http:\/\/schema.org\/ImageObject\"> <a href=\"http:\/\/www.tvturk.com\/index.php\/cercioglu-ve-tuncel-sokelilerle-bir-araya-geldi\/cercioglu-ve-tuncel-sokelilerle-bir-araya-geldi-4\/\" border=\"0\" itemprop=\"url\"> <meta itemprop=\"width\" content=\"162\"> <meta itemprop=\"height\" content=\"108\"> <img decoding=\"async\" class=\"\" data-attachment-id=\"6185\" data-orig-file=\"http:\/\/www.tvturk.com\/wp-content\/uploads\/2019\/02\/cercioglu-ve-tuncel-sokelilerle-bir-araya-geldi_72be282.jpg\" data-orig-size=\"1000,666\" data-comments-opened=\"\" data-image-meta=\"{&quot;aperture&quot;:&quot;0&quot;,&quot;credit&quot;:&quot;IHA&quot;,&quot;camera&quot;:&quot;&quot;,&quot;caption&quot;:&quot;S\\u00d6KE\\u0027DE VATANDA\\u015eLARLA BULU\\u015eAN AYDIN B\\u00dcY\\u00dcK\\u015eEH\\u0130R BELED\\u0130YE BA\\u015eKANI \\u00d6ZLEM \\u00c7ER\\u00c7\\u0130O\\u011eLU, \\u00d6N\\u00dcM\\u00dcZDEK\\u0130 D\\u00d6NEMDE DE B\\u00dcY\\u00dcK\\u015eEH\\u0130R BELED\\u0130YES\\u0130\\u0027N\\u0130N S\\u00d6KE\\u0027YE YATIRIMLARININ DEVAM EDECE\\u011e\\u0130N\\u0130 S\\u00d6YLED\\u0130. (LEVENT TUNCER\\\/AYDIN-\\u0130HA)&quot;,&quot;created_timestamp&quot;:&quot;0&quot;,&quot;copyright&quot;:&quot;\\u0130HLAS HABER AJANSI, www.iha.com.tr&quot;,&quot;focal_length&quot;:&quot;0&quot;,&quot;iso&quot;:&quot;0&quot;,&quot;shutter_speed&quot;:&quot;0&quot;,&quot;title&quot;:&quot;\\u00c7ER\\u00c7\\u0130O\\u011eLU VE TUNCEL S\\u00d6KEL\\u0130LERLE B\\u0130R ARAYA GELD\\u0130&quot;,&quot;orientation&quot;:&quot;0&quot;}\" data-image-title=\"\u00c7er\u00e7io\u011flu ve Tuncel S\u00f6kelilerle bir araya geldi\" data-image-description=\"&lt;p&gt;\u00c7er\u00e7io\u011flu ve Tuncel S\u00f6kelilerle bir araya geldi&lt;\/p&gt; \" data-medium-file=\"https:\/\/i0.wp.com\/www.tvturk.com\/wp-content\/uploads\/2019\/02\/cercioglu-ve-tuncel-sokelilerle-bir-araya-geldi_72be282.jpg?fit=300%2C200\" data-large-file=\"https:\/\/i0.wp.com\/www.tvturk.com\/wp-content\/uploads\/2019\/02\/cercioglu-ve-tuncel-sokelilerle-bir-araya-geldi_72be282.jpg?fit=1000%2C666\" src=\"https:\/\/i0.wp.com\/www.tvturk.com\/wp-content\/uploads\/2019\/02\/cercioglu-ve-tuncel-sokelilerle-bir-araya-geldi_72be282.jpg?w=162&#038;h=108\" srcset=\"https:\/\/i0.wp.com\/www.tvturk.com\/wp-content\/uploads\/2019\/02\/cercioglu-ve-tuncel-sokelilerle-bir-araya-geldi_72be282.jpg?w=1000 1000w, https:\/\/i0.wp.com\/www.tvturk.com\/wp-content\/uploads\/2019\/02\/cercioglu-ve-tuncel-sokelilerle-bir-araya-geldi_72be282.jpg?resize=150%2C100 150w, https:\/\/i0.wp.com\/www.tvturk.com\/wp-content\/uploads\/2019\/02\/cercioglu-ve-tuncel-sokelilerle-bir-araya-geldi_72be282.jpg?resize=300%2C200 300w, https:\/\/i0.wp.com\/www.tvturk.com\/wp-content\/uploads\/2019\/02\/cercioglu-ve-tuncel-sokelilerle-bir-araya-geldi_72be282.jpg?resize=768%2C511 768w, https:\/\/i0.wp.com\/www.tvturk.com\/wp-content\/uploads\/2019\/02\/cercioglu-ve-tuncel-sokelilerle-bir-araya-geldi_72be282.jpg?resize=170%2C113 170w, https:\/\/i0.wp.com\/www.tvturk.com\/wp-content\/uploads\/2019\/02\/cercioglu-ve-tuncel-sokelilerle-bir-araya-geldi_72be282.jpg?resize=120%2C80 120w\" width=\"162\" height=\"108\" loading=\"lazy\" data-original-width=\"162\" data-original-height=\"108\" itemprop=\"http:\/\/schema.org\/image\" title=\"\u00c7er\u00e7io\u011flu ve Tuncel S\u00f6kelilerle bir araya geldi\" alt=\"\u00c7er\u00e7io\u011flu ve Tuncel S\u00f6kelilerle bir araya geldi\" style=\"width: 162px; height: 108px;\" \/> <\/a> <\/div> <div class=\"tiled-gallery-item tiled-gallery-item-small\" itemprop=\"associatedMedia\" itemscope itemtype=\"http:\/\/schema.org\/ImageObject\"> <a href=\"http:\/\/www.tvturk.com\/index.php\/cercioglu-ve-tuncel-sokelilerle-bir-araya-geldi\/cercioglu-ve-tuncel-sokelilerle-bir-araya-geldi-5\/\" border=\"0\" itemprop=\"url\"> <meta itemprop=\"width\" content=\"162\"> <meta itemprop=\"height\" content=\"108\"> <img decoding=\"async\" class=\"\" data-attachment-id=\"6186\" data-orig-file=\"http:\/\/www.tvturk.com\/wp-content\/uploads\/2019\/02\/cercioglu-ve-tuncel-sokelilerle-bir-araya-geldi_13602b9.jpg\" data-orig-size=\"1000,666\" data-comments-opened=\"\" data-image-meta=\"{&quot;aperture&quot;:&quot;0&quot;,&quot;credit&quot;:&quot;IHA&quot;,&quot;camera&quot;:&quot;&quot;,&quot;caption&quot;:&quot;S\\u00d6KE\\u0027DE VATANDA\\u015eLARLA BULU\\u015eAN AYDIN B\\u00dcY\\u00dcK\\u015eEH\\u0130R BELED\\u0130YE BA\\u015eKANI \\u00d6ZLEM \\u00c7ER\\u00c7\\u0130O\\u011eLU, \\u00d6N\\u00dcM\\u00dcZDEK\\u0130 D\\u00d6NEMDE DE B\\u00dcY\\u00dcK\\u015eEH\\u0130R BELED\\u0130YES\\u0130\\u0027N\\u0130N S\\u00d6KE\\u0027YE YATIRIMLARININ DEVAM EDECE\\u011e\\u0130N\\u0130 S\\u00d6YLED\\u0130. (LEVENT TUNCER\\\/AYDIN-\\u0130HA)&quot;,&quot;created_timestamp&quot;:&quot;0&quot;,&quot;copyright&quot;:&quot;\\u0130HLAS HABER AJANSI, www.iha.com.tr&quot;,&quot;focal_length&quot;:&quot;0&quot;,&quot;iso&quot;:&quot;0&quot;,&quot;shutter_speed&quot;:&quot;0&quot;,&quot;title&quot;:&quot;\\u00c7ER\\u00c7\\u0130O\\u011eLU VE TUNCEL S\\u00d6KEL\\u0130LERLE B\\u0130R ARAYA GELD\\u0130&quot;,&quot;orientation&quot;:&quot;0&quot;}\" data-image-title=\"\u00c7er\u00e7io\u011flu ve Tuncel S\u00f6kelilerle bir araya geldi\" data-image-description=\"&lt;p&gt;\u00c7er\u00e7io\u011flu ve Tuncel S\u00f6kelilerle bir araya geldi&lt;\/p&gt; \" data-medium-file=\"https:\/\/i0.wp.com\/www.tvturk.com\/wp-content\/uploads\/2019\/02\/cercioglu-ve-tuncel-sokelilerle-bir-araya-geldi_13602b9.jpg?fit=300%2C200\" data-large-file=\"https:\/\/i0.wp.com\/www.tvturk.com\/wp-content\/uploads\/2019\/02\/cercioglu-ve-tuncel-sokelilerle-bir-araya-geldi_13602b9.jpg?fit=1000%2C666\" src=\"https:\/\/i0.wp.com\/www.tvturk.com\/wp-content\/uploads\/2019\/02\/cercioglu-ve-tuncel-sokelilerle-bir-araya-geldi_13602b9.jpg?w=162&#038;h=108\" srcset=\"https:\/\/i0.wp.com\/www.tvturk.com\/wp-content\/uploads\/2019\/02\/cercioglu-ve-tuncel-sokelilerle-bir-araya-geldi_13602b9.jpg?w=1000 1000w, https:\/\/i0.wp.com\/www.tvturk.com\/wp-content\/uploads\/2019\/02\/cercioglu-ve-tuncel-sokelilerle-bir-araya-geldi_13602b9.jpg?resize=150%2C100 150w, https:\/\/i0.wp.com\/www.tvturk.com\/wp-content\/uploads\/2019\/02\/cercioglu-ve-tuncel-sokelilerle-bir-araya-geldi_13602b9.jpg?resize=300%2C200 300w, https:\/\/i0.wp.com\/www.tvturk.com\/wp-content\/uploads\/2019\/02\/cercioglu-ve-tuncel-sokelilerle-bir-araya-geldi_13602b9.jpg?resize=768%2C511 768w, https:\/\/i0.wp.com\/www.tvturk.com\/wp-content\/uploads\/2019\/02\/cercioglu-ve-tuncel-sokelilerle-bir-araya-geldi_13602b9.jpg?resize=170%2C113 170w, https:\/\/i0.wp.com\/www.tvturk.com\/wp-content\/uploads\/2019\/02\/cercioglu-ve-tuncel-sokelilerle-bir-araya-geldi_13602b9.jpg?resize=120%2C80 120w\" width=\"162\" height=\"108\" loading=\"lazy\" data-original-width=\"162\" data-original-height=\"108\" itemprop=\"http:\/\/schema.org\/image\" title=\"\u00c7er\u00e7io\u011flu ve Tuncel S\u00f6kelilerle bir araya geldi\" alt=\"\u00c7er\u00e7io\u011flu ve Tuncel S\u00f6kelilerle bir araya geldi\" style=\"width: 162px; height: 108px;\" \/> <\/a> <\/div> <\/div> <!-- close group --> <\/div> <!-- close row --> <div class=\"gallery-row\" style=\"width: 500px; height: 168px;\" data-original-width=\"500\" data-original-height=\"168\" > <div class=\"gallery-group images-1\" style=\"width: 250px; height: 168px;\" data-original-width=\"250\" data-original-height=\"168\" > <div class=\"tiled-gallery-item tiled-gallery-item-small\" itemprop=\"associatedMedia\" itemscope itemtype=\"http:\/\/schema.org\/ImageObject\"> <a href=\"http:\/\/www.tvturk.com\/index.php\/cercioglu-ve-tuncel-sokelilerle-bir-araya-geldi\/cercioglu-ve-tuncel-sokelilerle-bir-araya-geldi-6\/\" border=\"0\" itemprop=\"url\"> <meta itemprop=\"width\" content=\"246\"> <meta itemprop=\"height\" content=\"164\"> <img decoding=\"async\" class=\"\" data-attachment-id=\"6187\" data-orig-file=\"http:\/\/www.tvturk.com\/wp-content\/uploads\/2019\/02\/cercioglu-ve-tuncel-sokelilerle-bir-araya-geldi_59ddf11.jpg\" data-orig-size=\"1000,666\" data-comments-opened=\"\" data-image-meta=\"{&quot;aperture&quot;:&quot;0&quot;,&quot;credit&quot;:&quot;IHA&quot;,&quot;camera&quot;:&quot;&quot;,&quot;caption&quot;:&quot;S\\u00d6KE\\u0027DE VATANDA\\u015eLARLA BULU\\u015eAN AYDIN B\\u00dcY\\u00dcK\\u015eEH\\u0130R BELED\\u0130YE BA\\u015eKANI \\u00d6ZLEM \\u00c7ER\\u00c7\\u0130O\\u011eLU, \\u00d6N\\u00dcM\\u00dcZDEK\\u0130 D\\u00d6NEMDE DE B\\u00dcY\\u00dcK\\u015eEH\\u0130R BELED\\u0130YES\\u0130\\u0027N\\u0130N S\\u00d6KE\\u0027YE YATIRIMLARININ DEVAM EDECE\\u011e\\u0130N\\u0130 S\\u00d6YLED\\u0130. (LEVENT TUNCER\\\/AYDIN-\\u0130HA)&quot;,&quot;created_timestamp&quot;:&quot;0&quot;,&quot;copyright&quot;:&quot;\\u0130HLAS HABER AJANSI, www.iha.com.tr&quot;,&quot;focal_length&quot;:&quot;0&quot;,&quot;iso&quot;:&quot;0&quot;,&quot;shutter_speed&quot;:&quot;0&quot;,&quot;title&quot;:&quot;\\u00c7ER\\u00c7\\u0130O\\u011eLU VE TUNCEL S\\u00d6KEL\\u0130LERLE B\\u0130R ARAYA GELD\\u0130&quot;,&quot;orientation&quot;:&quot;0&quot;}\" data-image-title=\"\u00c7er\u00e7io\u011flu ve Tuncel S\u00f6kelilerle bir araya geldi\" data-image-description=\"&lt;p&gt;\u00c7er\u00e7io\u011flu ve Tuncel S\u00f6kelilerle bir araya geldi&lt;\/p&gt; \" data-medium-file=\"https:\/\/i0.wp.com\/www.tvturk.com\/wp-content\/uploads\/2019\/02\/cercioglu-ve-tuncel-sokelilerle-bir-araya-geldi_59ddf11.jpg?fit=300%2C200\" data-large-file=\"https:\/\/i0.wp.com\/www.tvturk.com\/wp-content\/uploads\/2019\/02\/cercioglu-ve-tuncel-sokelilerle-bir-araya-geldi_59ddf11.jpg?fit=1000%2C666\" src=\"https:\/\/i0.wp.com\/www.tvturk.com\/wp-content\/uploads\/2019\/02\/cercioglu-ve-tuncel-sokelilerle-bir-araya-geldi_59ddf11.jpg?w=246&#038;h=164\" srcset=\"https:\/\/i0.wp.com\/www.tvturk.com\/wp-content\/uploads\/2019\/02\/cercioglu-ve-tuncel-sokelilerle-bir-araya-geldi_59ddf11.jpg?w=1000 1000w, https:\/\/i0.wp.com\/www.tvturk.com\/wp-content\/uploads\/2019\/02\/cercioglu-ve-tuncel-sokelilerle-bir-araya-geldi_59ddf11.jpg?resize=150%2C100 150w, https:\/\/i0.wp.com\/www.tvturk.com\/wp-content\/uploads\/2019\/02\/cercioglu-ve-tuncel-sokelilerle-bir-araya-geldi_59ddf11.jpg?resize=300%2C200 300w, https:\/\/i0.wp.com\/www.tvturk.com\/wp-content\/uploads\/2019\/02\/cercioglu-ve-tuncel-sokelilerle-bir-araya-geldi_59ddf11.jpg?resize=768%2C511 768w, https:\/\/i0.wp.com\/www.tvturk.com\/wp-content\/uploads\/2019\/02\/cercioglu-ve-tuncel-sokelilerle-bir-araya-geldi_59ddf11.jpg?resize=170%2C113 170w, https:\/\/i0.wp.com\/www.tvturk.com\/wp-content\/uploads\/2019\/02\/cercioglu-ve-tuncel-sokelilerle-bir-araya-geldi_59ddf11.jpg?resize=120%2C80 120w\" width=\"246\" height=\"164\" loading=\"lazy\" data-original-width=\"246\" data-original-height=\"164\" itemprop=\"http:\/\/schema.org\/image\" title=\"\u00c7er\u00e7io\u011flu ve Tuncel S\u00f6kelilerle bir araya geldi\" alt=\"\u00c7er\u00e7io\u011flu ve Tuncel S\u00f6kelilerle bir araya geldi\" style=\"width: 246px; height: 164px;\" \/> <\/a> <\/div> <\/div> <!-- close group --> <div class=\"gallery-group images-1\" style=\"width: 250px; height: 168px;\" data-original-width=\"250\" data-original-height=\"168\" > <div class=\"tiled-gallery-item tiled-gallery-item-small\" itemprop=\"associatedMedia\" itemscope itemtype=\"http:\/\/schema.org\/ImageObject\"> <a href=\"http:\/\/www.tvturk.com\/index.php\/cercioglu-ve-tuncel-sokelilerle-bir-araya-geldi\/cercioglu-ve-tuncel-sokelilerle-bir-araya-geldi-7\/\" border=\"0\" itemprop=\"url\"> <meta itemprop=\"width\" content=\"246\"> <meta itemprop=\"height\" content=\"164\"> <img decoding=\"async\" class=\"\" data-attachment-id=\"6188\" data-orig-file=\"http:\/\/www.tvturk.com\/wp-content\/uploads\/2019\/02\/cercioglu-ve-tuncel-sokelilerle-bir-araya-geldi_b76d325.jpg\" data-orig-size=\"1000,666\" data-comments-opened=\"\" data-image-meta=\"{&quot;aperture&quot;:&quot;0&quot;,&quot;credit&quot;:&quot;IHA&quot;,&quot;camera&quot;:&quot;&quot;,&quot;caption&quot;:&quot;S\\u00d6KE\\u0027DE VATANDA\\u015eLARLA BULU\\u015eAN AYDIN B\\u00dcY\\u00dcK\\u015eEH\\u0130R BELED\\u0130YE BA\\u015eKANI \\u00d6ZLEM \\u00c7ER\\u00c7\\u0130O\\u011eLU, \\u00d6N\\u00dcM\\u00dcZDEK\\u0130 D\\u00d6NEMDE DE B\\u00dcY\\u00dcK\\u015eEH\\u0130R BELED\\u0130YES\\u0130\\u0027N\\u0130N S\\u00d6KE\\u0027YE YATIRIMLARININ DEVAM EDECE\\u011e\\u0130N\\u0130 S\\u00d6YLED\\u0130. (LEVENT TUNCER\\\/AYDIN-\\u0130HA)&quot;,&quot;created_timestamp&quot;:&quot;0&quot;,&quot;copyright&quot;:&quot;\\u0130HLAS HABER AJANSI, www.iha.com.tr&quot;,&quot;focal_length&quot;:&quot;0&quot;,&quot;iso&quot;:&quot;0&quot;,&quot;shutter_speed&quot;:&quot;0&quot;,&quot;title&quot;:&quot;\\u00c7ER\\u00c7\\u0130O\\u011eLU VE TUNCEL S\\u00d6KEL\\u0130LERLE B\\u0130R ARAYA GELD\\u0130&quot;,&quot;orientation&quot;:&quot;0&quot;}\" data-image-title=\"\u00c7er\u00e7io\u011flu ve Tuncel S\u00f6kelilerle bir araya geldi\" data-image-description=\"&lt;p&gt;\u00c7er\u00e7io\u011flu ve Tuncel S\u00f6kelilerle bir araya geldi&lt;\/p&gt; \" data-medium-file=\"https:\/\/i0.wp.com\/www.tvturk.com\/wp-content\/uploads\/2019\/02\/cercioglu-ve-tuncel-sokelilerle-bir-araya-geldi_b76d325.jpg?fit=300%2C200\" data-large-file=\"https:\/\/i0.wp.com\/www.tvturk.com\/wp-content\/uploads\/2019\/02\/cercioglu-ve-tuncel-sokelilerle-bir-araya-geldi_b76d325.jpg?fit=1000%2C666\" src=\"https:\/\/i0.wp.com\/www.tvturk.com\/wp-content\/uploads\/2019\/02\/cercioglu-ve-tuncel-sokelilerle-bir-araya-geldi_b76d325.jpg?w=246&#038;h=164\" srcset=\"https:\/\/i0.wp.com\/www.tvturk.com\/wp-content\/uploads\/2019\/02\/cercioglu-ve-tuncel-sokelilerle-bir-araya-geldi_b76d325.jpg?w=1000 1000w, https:\/\/i0.wp.com\/www.tvturk.com\/wp-content\/uploads\/2019\/02\/cercioglu-ve-tuncel-sokelilerle-bir-araya-geldi_b76d325.jpg?resize=150%2C100 150w, https:\/\/i0.wp.com\/www.tvturk.com\/wp-content\/uploads\/2019\/02\/cercioglu-ve-tuncel-sokelilerle-bir-araya-geldi_b76d325.jpg?resize=300%2C200 300w, https:\/\/i0.wp.com\/www.tvturk.com\/wp-content\/uploads\/2019\/02\/cercioglu-ve-tuncel-sokelilerle-bir-araya-geldi_b76d325.jpg?resize=768%2C511 768w, https:\/\/i0.wp.com\/www.tvturk.com\/wp-content\/uploads\/2019\/02\/cercioglu-ve-tuncel-sokelilerle-bir-araya-geldi_b76d325.jpg?resize=170%2C113 170w, https:\/\/i0.wp.com\/www.tvturk.com\/wp-content\/uploads\/2019\/02\/cercioglu-ve-tuncel-sokelilerle-bir-araya-geldi_b76d325.jpg?resize=120%2C80 120w\" width=\"246\" height=\"164\" loading=\"lazy\" data-original-width=\"246\" data-original-height=\"164\" itemprop=\"http:\/\/schema.org\/image\" title=\"\u00c7er\u00e7io\u011flu ve Tuncel S\u00f6kelilerle bir araya geldi\" alt=\"\u00c7er\u00e7io\u011flu ve Tuncel S\u00f6kelilerle bir araya geldi\" style=\"width: 246px; height: 164px;\" \/> <\/a> <\/div> <\/div> <!-- close group --> <\/div> <!-- close row --> <\/div><\/p>\n","protected":false},"excerpt":{"rendered":"<p>S\u00d6KE&#8217;DE VATANDA\u015eLARLA BULU\u015eAN AYDIN B\u00dcY\u00dcK\u015eEH\u0130R BELED\u0130YE BA\u015eKANI \u00d6ZLEM \u00c7ER\u00c7\u0130O\u011eLU, \u00d6N\u00dcM\u00dcZDEK\u0130 D\u00d6NEMDE DE B\u00dcY\u00dcK\u015eEH\u0130R BELED\u0130YES\u0130&#8217;N\u0130N S\u00d6KE&#8217;YE YATIRIMLARININ DEVAM EDECE\u011e\u0130N\u0130 S\u00d6YLED\u0130.<\/p>\n","protected":false},"author":1,"featured_media":6183,"comment_status":"closed","ping_status":"open","sticky":false,"template":"","format":"standard","meta":{"jetpack_post_was_ever_published":false,"_jetpack_newsletter_access":"","_jetpack_dont_email_post_to_subs":false,"_jetpack_newsletter_tier_id":0,"_jetpack_memberships_contains_paywalled_content":false,"_jetpack_memberships_contains_paid_content":false,"footnotes":"","jetpack_publicize_message":"","jetpack_publicize_feature_enabled":true,"jetpack_social_post_already_shared":false,"jetpack_social_options":{"image_generator_settings":{"template":"highway","default_image_id":0,"font":"","enabled":false},"version":2}},"categories":[9],"tags":[126,125,1620,127,3326,3325],"class_list":["post-6182","post","type-post","status-publish","format-standard","has-post-thumbnail","hentry","category-siyaset","tag-araya","tag-bir","tag-cercioglu","tag-geldi","tag-sokelilerle","tag-tuncel"],"jetpack_publicize_connections":[],"jetpack_featured_media_url":"https:\/\/i0.wp.com\/www.tvturk.com\/wp-content\/uploads\/2019\/02\/cercioglu-ve-tuncel-sokelilerle-bir-araya-geldi_ea3bec5.jpg?fit=1000%2C666","jetpack_sharing_enabled":true,"jetpack_shortlink":"https:\/\/wp.me\/paKIfm-1BI","_links":{"self":[{"href":"http:\/\/www.tvturk.com\/index.php\/wp-json\/wp\/v2\/posts\/6182","targetHints":{"allow":["GET"]}}],"collection":[{"href":"http:\/\/www.tvturk.com\/index.php\/wp-json\/wp\/v2\/posts"}],"about":[{"href":"http:\/\/www.tvturk.com\/index.php\/wp-json\/wp\/v2\/types\/post"}],"author":[{"embeddable":true,"href":"http:\/\/www.tvturk.com\/index.php\/wp-json\/wp\/v2\/users\/1"}],"replies":[{"embeddable":true,"href":"http:\/\/www.tvturk.com\/index.php\/wp-json\/wp\/v2\/comments?post=6182"}],"version-history":[{"count":1,"href":"http:\/\/www.tvturk.com\/index.php\/wp-json\/wp\/v2\/posts\/6182\/revisions"}],"predecessor-version":[{"id":6189,"href":"http:\/\/www.tvturk.com\/index.php\/wp-json\/wp\/v2\/posts\/6182\/revisions\/6189"}],"wp:featuredmedia":[{"embeddable":true,"href":"http:\/\/www.tvturk.com\/index.php\/wp-json\/wp\/v2\/media\/6183"}],"wp:attachment":[{"href":"http:\/\/www.tvturk.com\/index.php\/wp-json\/wp\/v2\/media?parent=6182"}],"wp:term":[{"taxonomy":"category","embeddable":true,"href":"http:\/\/www.tvturk.com\/index.php\/wp-json\/wp\/v2\/categories?post=6182"},{"taxonomy":"post_tag","embeddable":true,"href":"http:\/\/www.tvturk.com\/index.php\/wp-json\/wp\/v2\/tags?post=6182"}],"curies":[{"name":"wp","href":"https:\/\/api.w.org\/{rel}","templated":true}]}}