{"id":6222,"date":"2019-02-06T18:19:57","date_gmt":"2019-02-06T15:19:57","guid":{"rendered":"http:\/\/www.tvturk.com\/index.php\/kusadasida-yaya-oncelikli-trafik-uygulamasi\/"},"modified":"2019-02-06T18:20:00","modified_gmt":"2019-02-06T15:20:00","slug":"kusadasida-yaya-oncelikli-trafik-uygulamasi","status":"publish","type":"post","link":"http:\/\/www.tvturk.com\/index.php\/kusadasida-yaya-oncelikli-trafik-uygulamasi\/","title":{"rendered":"Ku\u015fadas\u0131\u2019da \u201cyaya \u00f6ncelikli trafik\u201d uygulamas\u0131"},"content":{"rendered":"<p>AYDIN (\u0130HA) \u2013 Ku\u015fadas\u0131\u2019nda &#8220;Yaya \u00f6ncelikli trafik&#8221; kampanyas\u0131 kapsam\u0131nda etkinlik ger\u00e7ekle\u015ftirildi.<\/p>\n<p>\u0130\u00e7i\u015fleri Bakanl\u0131\u011f\u0131, trafikte yaya \u00f6nceli\u011fi bilincinin olu\u015fturulmas\u0131 ve yaya ge\u00e7itlerinin kullan\u0131m\u0131n\u0131 yayg\u0131nla\u015ft\u0131r\u0131lmas\u0131 amac\u0131 ile \u2019\u00d6ncelik Hayat\u0131n, \u00d6ncelik Yayan\u0131n\u2019 slogan\u0131yla proje ba\u015flatt\u0131.<\/p>\n<p>\u0130\u00e7i\u015fleri Bakanl\u0131\u011f\u0131 taraf\u0131ndan &#8220;\u00f6ncelik hayat\u0131n, \u00f6ncelik yayan\u0131n&#8221; slogan\u0131yla 2019 y\u0131l\u0131 &#8220;yaya \u00f6ncelikli trafik&#8221; y\u0131l\u0131 ilan edilmi\u015f ve \u00fclke genelinde fark\u0131ndal\u0131k faaliyetleri yap\u0131lmas\u0131 i\u00e7in y\u0131l boyu devam edecek bir kampanya ba\u015flat\u0131ld\u0131.<\/p>\n<p>Etkinli\u011fe Ku\u015fadas\u0131 Kaymakam\u0131 Sadettin Y\u00fccel, \u00c7ine Belediye Ba\u015fkan\u0131 Enver Salih Din\u00e7er, Emniyet M\u00fcd\u00fcr\u00fc M. Ali Berksoy kat\u0131ld\u0131. Trafik ekipleri \u00f6nderli\u011finde \u00fclke genelinde e\u015f zamanl\u0131 olarak ba\u015flat\u0131lan proje kapsam\u0131nda \u015fehir merkezindeki yaya ge\u00e7itlerinde s\u00fcr\u00fcc\u00fcler yayalara yol vererek yeni uygulama hakk\u0131nda g\u00f6revli polisler bro\u015f\u00fcr da\u011f\u0131tarak bilgi verdi. Uygulama vatanda\u015flar\u0131n be\u011fenisini kazand\u0131.<div class=\"tiled-gallery type-rectangular tiled-gallery-unresized\" data-original-width=\"500\" data-carousel-extra='null' itemscope itemtype=\"http:\/\/schema.org\/ImageGallery\" > <div class=\"gallery-row\" style=\"width: 500px; height: 224px;\" data-original-width=\"500\" data-original-height=\"224\" > <div class=\"gallery-group images-1\" style=\"width: 334px; height: 224px;\" data-original-width=\"334\" data-original-height=\"224\" > <div class=\"tiled-gallery-item tiled-gallery-item-large\" itemprop=\"associatedMedia\" itemscope itemtype=\"http:\/\/schema.org\/ImageObject\"> <a href=\"http:\/\/www.tvturk.com\/index.php\/kusadasida-yaya-oncelikli-trafik-uygulamasi\/kusadasida-yaya-oncelikli-trafik-uygulamasi-3\/\" border=\"0\" itemprop=\"url\"> <meta itemprop=\"width\" content=\"330\"> <meta itemprop=\"height\" content=\"220\"> <img decoding=\"async\" class=\"\" data-attachment-id=\"6224\" data-orig-file=\"http:\/\/www.tvturk.com\/wp-content\/uploads\/2019\/02\/kusadasida-yaya-oncelikli-trafik-uygulamasi_8950313.jpg\" data-orig-size=\"1000,666\" data-comments-opened=\"\" data-image-meta=\"{&quot;aperture&quot;:&quot;0&quot;,&quot;credit&quot;:&quot;IHA&quot;,&quot;camera&quot;:&quot;&quot;,&quot;caption&quot;:&quot;KU\\u015eADASI\\u2019NDA \\u0022YAYA \\u00d6NCEL\\u0130KL\\u0130 TRAF\\u0130K\\u0022 KAMPANYASI KAPSAMINDA ETK\\u0130NL\\u0130K GER\\u00c7EKLE\\u015eT\\u0130R\\u0130LD\\u0130. (\\u0130SMA\\u0130L \\u00dcM\\u0130T D\\u0130L\\u015eEN - ZAFER HACISAL\\u0130HO\\u011eLU\\\/AYDIN-\\u0130HA)&quot;,&quot;created_timestamp&quot;:&quot;0&quot;,&quot;copyright&quot;:&quot;\\u0130HLAS HABER AJANSI, www.iha.com.tr&quot;,&quot;focal_length&quot;:&quot;0&quot;,&quot;iso&quot;:&quot;0&quot;,&quot;shutter_speed&quot;:&quot;0&quot;,&quot;title&quot;:&quot;KU\\u015eADASI\\u2019DA \\u201cYAYA \\u00d6NCEL\\u0130KL\\u0130 TRAF\\u0130K\\u201d UYGULAMASI&quot;,&quot;orientation&quot;:&quot;0&quot;}\" data-image-title=\"Ku\u015fadas\u0131\u2019da \u201cyaya \u00f6ncelikli trafik\u201d uygulamas\u0131\" data-image-description=\"&lt;p&gt;Ku\u015fadas\u0131\u2019da \u201cyaya \u00f6ncelikli trafik\u201d uygulamas\u0131&lt;\/p&gt; \" data-medium-file=\"https:\/\/i0.wp.com\/www.tvturk.com\/wp-content\/uploads\/2019\/02\/kusadasida-yaya-oncelikli-trafik-uygulamasi_8950313.jpg?fit=300%2C200\" data-large-file=\"https:\/\/i0.wp.com\/www.tvturk.com\/wp-content\/uploads\/2019\/02\/kusadasida-yaya-oncelikli-trafik-uygulamasi_8950313.jpg?fit=1000%2C666\" src=\"https:\/\/i0.wp.com\/www.tvturk.com\/wp-content\/uploads\/2019\/02\/kusadasida-yaya-oncelikli-trafik-uygulamasi_8950313.jpg?w=330&#038;h=220\" srcset=\"https:\/\/i0.wp.com\/www.tvturk.com\/wp-content\/uploads\/2019\/02\/kusadasida-yaya-oncelikli-trafik-uygulamasi_8950313.jpg?w=1000 1000w, https:\/\/i0.wp.com\/www.tvturk.com\/wp-content\/uploads\/2019\/02\/kusadasida-yaya-oncelikli-trafik-uygulamasi_8950313.jpg?resize=150%2C100 150w, https:\/\/i0.wp.com\/www.tvturk.com\/wp-content\/uploads\/2019\/02\/kusadasida-yaya-oncelikli-trafik-uygulamasi_8950313.jpg?resize=300%2C200 300w, https:\/\/i0.wp.com\/www.tvturk.com\/wp-content\/uploads\/2019\/02\/kusadasida-yaya-oncelikli-trafik-uygulamasi_8950313.jpg?resize=768%2C511 768w, https:\/\/i0.wp.com\/www.tvturk.com\/wp-content\/uploads\/2019\/02\/kusadasida-yaya-oncelikli-trafik-uygulamasi_8950313.jpg?resize=170%2C113 170w, https:\/\/i0.wp.com\/www.tvturk.com\/wp-content\/uploads\/2019\/02\/kusadasida-yaya-oncelikli-trafik-uygulamasi_8950313.jpg?resize=120%2C80 120w\" width=\"330\" height=\"220\" loading=\"lazy\" data-original-width=\"330\" data-original-height=\"220\" itemprop=\"http:\/\/schema.org\/image\" title=\"Ku\u015fadas\u0131\u2019da \u201cyaya \u00f6ncelikli trafik\u201d uygulamas\u0131\" alt=\"Ku\u015fadas\u0131\u2019da \u201cyaya \u00f6ncelikli trafik\u201d uygulamas\u0131\" style=\"width: 330px; height: 220px;\" \/> <\/a> <\/div> <\/div> <!-- close group --> <div class=\"gallery-group images-2\" style=\"width: 166px; height: 224px;\" data-original-width=\"166\" data-original-height=\"224\" > <div class=\"tiled-gallery-item tiled-gallery-item-small\" itemprop=\"associatedMedia\" itemscope itemtype=\"http:\/\/schema.org\/ImageObject\"> <a href=\"http:\/\/www.tvturk.com\/index.php\/kusadasida-yaya-oncelikli-trafik-uygulamasi\/kusadasida-yaya-oncelikli-trafik-uygulamasi-4\/\" border=\"0\" itemprop=\"url\"> <meta itemprop=\"width\" content=\"162\"> <meta itemprop=\"height\" content=\"108\"> <img decoding=\"async\" class=\"\" data-attachment-id=\"6225\" data-orig-file=\"http:\/\/www.tvturk.com\/wp-content\/uploads\/2019\/02\/kusadasida-yaya-oncelikli-trafik-uygulamasi_36ecb9b.jpg\" data-orig-size=\"1000,666\" data-comments-opened=\"\" data-image-meta=\"{&quot;aperture&quot;:&quot;0&quot;,&quot;credit&quot;:&quot;IHA&quot;,&quot;camera&quot;:&quot;&quot;,&quot;caption&quot;:&quot;KU\\u015eADASI\\u2019NDA \\u0022YAYA \\u00d6NCEL\\u0130KL\\u0130 TRAF\\u0130K\\u0022 KAMPANYASI KAPSAMINDA ETK\\u0130NL\\u0130K GER\\u00c7EKLE\\u015eT\\u0130R\\u0130LD\\u0130. (\\u0130SMA\\u0130L \\u00dcM\\u0130T D\\u0130L\\u015eEN - ZAFER HACISAL\\u0130HO\\u011eLU\\\/AYDIN-\\u0130HA)&quot;,&quot;created_timestamp&quot;:&quot;0&quot;,&quot;copyright&quot;:&quot;\\u0130HLAS HABER AJANSI, www.iha.com.tr&quot;,&quot;focal_length&quot;:&quot;0&quot;,&quot;iso&quot;:&quot;0&quot;,&quot;shutter_speed&quot;:&quot;0&quot;,&quot;title&quot;:&quot;KU\\u015eADASI\\u2019DA \\u201cYAYA \\u00d6NCEL\\u0130KL\\u0130 TRAF\\u0130K\\u201d UYGULAMASI&quot;,&quot;orientation&quot;:&quot;0&quot;}\" data-image-title=\"Ku\u015fadas\u0131\u2019da \u201cyaya \u00f6ncelikli trafik\u201d uygulamas\u0131\" data-image-description=\"&lt;p&gt;Ku\u015fadas\u0131\u2019da \u201cyaya \u00f6ncelikli trafik\u201d uygulamas\u0131&lt;\/p&gt; \" data-medium-file=\"https:\/\/i0.wp.com\/www.tvturk.com\/wp-content\/uploads\/2019\/02\/kusadasida-yaya-oncelikli-trafik-uygulamasi_36ecb9b.jpg?fit=300%2C200\" data-large-file=\"https:\/\/i0.wp.com\/www.tvturk.com\/wp-content\/uploads\/2019\/02\/kusadasida-yaya-oncelikli-trafik-uygulamasi_36ecb9b.jpg?fit=1000%2C666\" src=\"https:\/\/i0.wp.com\/www.tvturk.com\/wp-content\/uploads\/2019\/02\/kusadasida-yaya-oncelikli-trafik-uygulamasi_36ecb9b.jpg?w=162&#038;h=108\" srcset=\"https:\/\/i0.wp.com\/www.tvturk.com\/wp-content\/uploads\/2019\/02\/kusadasida-yaya-oncelikli-trafik-uygulamasi_36ecb9b.jpg?w=1000 1000w, https:\/\/i0.wp.com\/www.tvturk.com\/wp-content\/uploads\/2019\/02\/kusadasida-yaya-oncelikli-trafik-uygulamasi_36ecb9b.jpg?resize=150%2C100 150w, https:\/\/i0.wp.com\/www.tvturk.com\/wp-content\/uploads\/2019\/02\/kusadasida-yaya-oncelikli-trafik-uygulamasi_36ecb9b.jpg?resize=300%2C200 300w, https:\/\/i0.wp.com\/www.tvturk.com\/wp-content\/uploads\/2019\/02\/kusadasida-yaya-oncelikli-trafik-uygulamasi_36ecb9b.jpg?resize=768%2C511 768w, https:\/\/i0.wp.com\/www.tvturk.com\/wp-content\/uploads\/2019\/02\/kusadasida-yaya-oncelikli-trafik-uygulamasi_36ecb9b.jpg?resize=170%2C113 170w, https:\/\/i0.wp.com\/www.tvturk.com\/wp-content\/uploads\/2019\/02\/kusadasida-yaya-oncelikli-trafik-uygulamasi_36ecb9b.jpg?resize=120%2C80 120w\" width=\"162\" height=\"108\" loading=\"lazy\" data-original-width=\"162\" data-original-height=\"108\" itemprop=\"http:\/\/schema.org\/image\" title=\"Ku\u015fadas\u0131\u2019da \u201cyaya \u00f6ncelikli trafik\u201d uygulamas\u0131\" alt=\"Ku\u015fadas\u0131\u2019da \u201cyaya \u00f6ncelikli trafik\u201d uygulamas\u0131\" style=\"width: 162px; height: 108px;\" \/> <\/a> <\/div> <div class=\"tiled-gallery-item tiled-gallery-item-small\" itemprop=\"associatedMedia\" itemscope itemtype=\"http:\/\/schema.org\/ImageObject\"> <a href=\"http:\/\/www.tvturk.com\/index.php\/kusadasida-yaya-oncelikli-trafik-uygulamasi\/kusadasida-yaya-oncelikli-trafik-uygulamasi-5\/\" border=\"0\" itemprop=\"url\"> <meta itemprop=\"width\" content=\"162\"> <meta itemprop=\"height\" content=\"108\"> <img decoding=\"async\" class=\"\" data-attachment-id=\"6226\" data-orig-file=\"http:\/\/www.tvturk.com\/wp-content\/uploads\/2019\/02\/kusadasida-yaya-oncelikli-trafik-uygulamasi_793a140.jpg\" data-orig-size=\"1000,666\" data-comments-opened=\"\" data-image-meta=\"{&quot;aperture&quot;:&quot;0&quot;,&quot;credit&quot;:&quot;IHA&quot;,&quot;camera&quot;:&quot;&quot;,&quot;caption&quot;:&quot;KU\\u015eADASI\\u2019NDA \\u0022YAYA \\u00d6NCEL\\u0130KL\\u0130 TRAF\\u0130K\\u0022 KAMPANYASI KAPSAMINDA ETK\\u0130NL\\u0130K GER\\u00c7EKLE\\u015eT\\u0130R\\u0130LD\\u0130. (\\u0130SMA\\u0130L \\u00dcM\\u0130T D\\u0130L\\u015eEN - ZAFER HACISAL\\u0130HO\\u011eLU\\\/AYDIN-\\u0130HA)&quot;,&quot;created_timestamp&quot;:&quot;0&quot;,&quot;copyright&quot;:&quot;\\u0130HLAS HABER AJANSI, www.iha.com.tr&quot;,&quot;focal_length&quot;:&quot;0&quot;,&quot;iso&quot;:&quot;0&quot;,&quot;shutter_speed&quot;:&quot;0&quot;,&quot;title&quot;:&quot;KU\\u015eADASI\\u2019DA \\u201cYAYA \\u00d6NCEL\\u0130KL\\u0130 TRAF\\u0130K\\u201d UYGULAMASI&quot;,&quot;orientation&quot;:&quot;0&quot;}\" data-image-title=\"Ku\u015fadas\u0131\u2019da \u201cyaya \u00f6ncelikli trafik\u201d uygulamas\u0131\" data-image-description=\"&lt;p&gt;Ku\u015fadas\u0131\u2019da \u201cyaya \u00f6ncelikli trafik\u201d uygulamas\u0131&lt;\/p&gt; \" data-medium-file=\"https:\/\/i0.wp.com\/www.tvturk.com\/wp-content\/uploads\/2019\/02\/kusadasida-yaya-oncelikli-trafik-uygulamasi_793a140.jpg?fit=300%2C200\" data-large-file=\"https:\/\/i0.wp.com\/www.tvturk.com\/wp-content\/uploads\/2019\/02\/kusadasida-yaya-oncelikli-trafik-uygulamasi_793a140.jpg?fit=1000%2C666\" src=\"https:\/\/i0.wp.com\/www.tvturk.com\/wp-content\/uploads\/2019\/02\/kusadasida-yaya-oncelikli-trafik-uygulamasi_793a140.jpg?w=162&#038;h=108\" srcset=\"https:\/\/i0.wp.com\/www.tvturk.com\/wp-content\/uploads\/2019\/02\/kusadasida-yaya-oncelikli-trafik-uygulamasi_793a140.jpg?w=1000 1000w, https:\/\/i0.wp.com\/www.tvturk.com\/wp-content\/uploads\/2019\/02\/kusadasida-yaya-oncelikli-trafik-uygulamasi_793a140.jpg?resize=150%2C100 150w, https:\/\/i0.wp.com\/www.tvturk.com\/wp-content\/uploads\/2019\/02\/kusadasida-yaya-oncelikli-trafik-uygulamasi_793a140.jpg?resize=300%2C200 300w, https:\/\/i0.wp.com\/www.tvturk.com\/wp-content\/uploads\/2019\/02\/kusadasida-yaya-oncelikli-trafik-uygulamasi_793a140.jpg?resize=768%2C511 768w, https:\/\/i0.wp.com\/www.tvturk.com\/wp-content\/uploads\/2019\/02\/kusadasida-yaya-oncelikli-trafik-uygulamasi_793a140.jpg?resize=170%2C113 170w, https:\/\/i0.wp.com\/www.tvturk.com\/wp-content\/uploads\/2019\/02\/kusadasida-yaya-oncelikli-trafik-uygulamasi_793a140.jpg?resize=120%2C80 120w\" width=\"162\" height=\"108\" loading=\"lazy\" data-original-width=\"162\" data-original-height=\"108\" itemprop=\"http:\/\/schema.org\/image\" title=\"Ku\u015fadas\u0131\u2019da \u201cyaya \u00f6ncelikli trafik\u201d uygulamas\u0131\" alt=\"Ku\u015fadas\u0131\u2019da \u201cyaya \u00f6ncelikli trafik\u201d uygulamas\u0131\" style=\"width: 162px; height: 108px;\" \/> <\/a> <\/div> <\/div> <!-- close group --> <\/div> <!-- close row --> <\/div><\/p>\n","protected":false},"excerpt":{"rendered":"<p>KU\u015eADASI\u2019NDA &#8220;YAYA \u00d6NCEL\u0130KL\u0130 TRAF\u0130K&#8221; KAMPANYASI KAPSAMINDA ETK\u0130NL\u0130K GER\u00c7EKLE\u015eT\u0130R\u0130LD\u0130.<\/p>\n","protected":false},"author":1,"featured_media":6223,"comment_status":"closed","ping_status":"open","sticky":false,"template":"","format":"standard","meta":{"jetpack_post_was_ever_published":false,"_jetpack_newsletter_access":"","_jetpack_dont_email_post_to_subs":false,"_jetpack_newsletter_tier_id":0,"_jetpack_memberships_contains_paywalled_content":false,"_jetpack_memberships_contains_paid_content":false,"footnotes":"","jetpack_publicize_message":"","jetpack_publicize_feature_enabled":true,"jetpack_social_post_already_shared":false,"jetpack_social_options":{"image_generator_settings":{"template":"highway","default_image_id":0,"font":"","enabled":false},"version":2}},"categories":[1],"tags":[3339,2197,131,861,1279],"class_list":["post-6222","post","type-post","status-publish","format-standard","has-post-thumbnail","hentry","category-genel","tag-kusadasida","tag-oncelikli","tag-trafik","tag-uygulamasi","tag-yaya"],"jetpack_publicize_connections":[],"jetpack_featured_media_url":"https:\/\/i0.wp.com\/www.tvturk.com\/wp-content\/uploads\/2019\/02\/kusadasida-yaya-oncelikli-trafik-uygulamasi_90d88e4.jpg?fit=1000%2C666","jetpack_sharing_enabled":true,"jetpack_shortlink":"https:\/\/wp.me\/paKIfm-1Cm","_links":{"self":[{"href":"http:\/\/www.tvturk.com\/index.php\/wp-json\/wp\/v2\/posts\/6222","targetHints":{"allow":["GET"]}}],"collection":[{"href":"http:\/\/www.tvturk.com\/index.php\/wp-json\/wp\/v2\/posts"}],"about":[{"href":"http:\/\/www.tvturk.com\/index.php\/wp-json\/wp\/v2\/types\/post"}],"author":[{"embeddable":true,"href":"http:\/\/www.tvturk.com\/index.php\/wp-json\/wp\/v2\/users\/1"}],"replies":[{"embeddable":true,"href":"http:\/\/www.tvturk.com\/index.php\/wp-json\/wp\/v2\/comments?post=6222"}],"version-history":[{"count":1,"href":"http:\/\/www.tvturk.com\/index.php\/wp-json\/wp\/v2\/posts\/6222\/revisions"}],"predecessor-version":[{"id":6227,"href":"http:\/\/www.tvturk.com\/index.php\/wp-json\/wp\/v2\/posts\/6222\/revisions\/6227"}],"wp:featuredmedia":[{"embeddable":true,"href":"http:\/\/www.tvturk.com\/index.php\/wp-json\/wp\/v2\/media\/6223"}],"wp:attachment":[{"href":"http:\/\/www.tvturk.com\/index.php\/wp-json\/wp\/v2\/media?parent=6222"}],"wp:term":[{"taxonomy":"category","embeddable":true,"href":"http:\/\/www.tvturk.com\/index.php\/wp-json\/wp\/v2\/categories?post=6222"},{"taxonomy":"post_tag","embeddable":true,"href":"http:\/\/www.tvturk.com\/index.php\/wp-json\/wp\/v2\/tags?post=6222"}],"curies":[{"name":"wp","href":"https:\/\/api.w.org\/{rel}","templated":true}]}}