{"id":62933,"date":"2019-02-27T14:17:12","date_gmt":"2019-02-27T11:17:12","guid":{"rendered":"http:\/\/www.tvturk.com\/?p=62933"},"modified":"2019-02-27T16:06:21","modified_gmt":"2019-02-27T13:06:21","slug":"yoga-yoksa-gures-var","status":"publish","type":"post","link":"http:\/\/www.tvturk.com\/index.php\/yoga-yoksa-gures-var\/","title":{"rendered":"YOGA Yoksa G\u00dcRE\u015e Var!"},"content":{"rendered":"\n<p>\u0130nsan\u0131n yapt\u0131\u011f\u0131 en anlaml\u0131 yolculuk, kendi i\u00e7 d\u00fcnyas\u0131na olan\u0131d\u0131r.\nOray\u0131 d\u00fcr\u00fcst\u00e7e ke\u015fif edip kat\u0131ks\u0131z benli\u011fimize ula\u015fabilirsek i\u015fte o zaman insan\nolman\u0131n keyfine varabiliriz. Bu ke\u015fif yolculu\u011funda t\u00fcrl\u00fc y\u00f6ntemler deneriz ya\nda se\u00e7eriz. Bazen dine yo\u011funla\u015fma, tasavvuf\u2019a y\u00f6nelme, bazen meditasyon ya da\nyo\u011fa gibi y\u00f6ntemler bize iyi gelir. Ama illaki de yolculu\u011fumuzun as\u0131l amac\u0131\nsade, anlaml\u0131, bar\u0131\u015f\u0131k, huzurlu\u2026 bir ya\u015famd\u0131r.&nbsp;\n<\/p>\n\n\n\n<p>\u00d6zel okullar ya da kre\u015flerde \u00f6zel ders olarak verilen\nyoga\u2019n\u0131n devlet okullar\u0131nda da art\u0131k verilmeye ba\u015flanaca\u011f\u0131 y\u00f6n\u00fcnde Milli E\u011fitim\nBakanl\u0131\u011f\u0131\u2019n\u0131n karar\u0131n\u0131 duydu\u011fumda \u00e7ok sevindim. \u0130\u015f adam\u0131, \u00f6zel okul sahibi\nBakan Ziya Sel\u00e7uk\u2019u alk\u0131\u015flad\u0131m. Politikan\u0131n d\u0131\u015f\u0131ndan atanan Bakan, fark\u0131n\u0131\ng\u00f6sterdi diye d\u00fc\u015f\u00fcnd\u00fcm. &nbsp;<\/p>\n\n\n\n<p>Teknoloji ve bilgi karma\u015fas\u0131n\u0131n ya\u015fand\u0131\u011f\u0131, s\u00fcratte s\u0131n\u0131r\ntan\u0131mad\u0131\u011f\u0131m\u0131z, kayg\u0131yla, stresle m\u00fccadele etti\u011fimiz g\u00fcn\u00fcm\u00fczde, \u00e7ocuklar\u0131m\u0131z\u0131\nhayata haz\u0131rlarken, ruhi dinginli\u011fin ayr\u0131ca \u00f6nem ta\u015f\u0131d\u0131\u011f\u0131na inananlardan\u0131m. Bunun\nd\u0131\u015f\u0131nda yoga \u00e7o\u011fu insana g\u00f6re bir spor, bir felsefe. Atat\u00fcrk\u2019\u00fcn s\u00f6yledi\u011fi gibi:\n\u201dSa\u011flam kafa sa\u011flam v\u00fccutta bulunur\u201d. \u00c7ocuklar\u0131m\u0131z hareket etsin, ekmek, su\ngibi sporu da hayatlar\u0131n\u0131n bir par\u00e7as\u0131 haline getirsinler. Hayaller kurmaya ba\u015flad\u0131m:\nger\u00e7ekten mutlu, birbirine sayg\u0131l\u0131, sevgili, kendine ve \u00e7evresine d\u00fcr\u00fcst,\n\u00e7al\u0131\u015fkan, \u00f6z g\u00fcvenli, dinamik insanlardan olu\u015fan bir toplum d\u00fc\u015fledim. Yoga\nb\u00fct\u00fcn bu d\u00fc\u015flerin ger\u00e7ekle\u015fmesi i\u00e7in bir ara\u00e7t\u0131 asl\u0131nda. Olabilir miydi?,\nolabilirdi. \u00c7\u00fcnk\u00fc yoga\u2019n\u0131n felsefesinde insan\u0131n kendi benli\u011fine ke\u015fif yolculu\u011fu\nvard\u0131r. Abart\u0131yor muyum? B\u00f6yle d\u00fc\u015f\u00fcnenler, l\u00fctfen ara\u015ft\u0131r\u0131n ve g\u00f6r\u00fcn. Yok, yok\u2026\nsiz bence Yoga\u2019ya ba\u015flay\u0131n ve abart\u0131yorsam beni utand\u0131r\u0131n!\u2026 <\/p>\n\n\n\n<p>Benim gibi d\u00fc\u015f\u00fcnenler sevine dursun, baz\u0131lar\u0131 \u00e7ocuklara putperest\nibadeti \u201cyoga\u201d \u00f6\u011fretilecek diye kazan kald\u0131rd\u0131. \u201cPutperest ibadeti\u201d diyenleri\nHac ibadeti dinginle\u015ftiremiyor mademki, o zaman Nirvana\u2019ya \u00e7\u0131ks\u0131nlar!\nKendilerine M\u00fcsl\u00fcman Alimler Birlikleri diyenlerin yapt\u0131\u011f\u0131 ortak a\u00e7\u0131klama yetmiyormu\u015f\ngibi konuya bir de Cumhurba\u015fkan\u0131 Ba\u015fdan\u0131\u015fman\u0131 Oktay Saral el att\u0131. Saral, <strong>&#8220;Milli E\u011fitim Bakanl\u0131\u011f\u0131m\u0131z\u0131n\n\u00e7ocuk yogas\u0131 uygulamas\u0131n\u0131 b\u00fcy\u00fck bir \u00fcz\u00fcnt\u00fc ile \u00f6\u011frendim. Hinduizm kaynakl\u0131 ve\nBudizm ve Jainizm\u2019de de \u00e7e\u015fitli uygulamalar\u0131 olan ve de ne \u00fclke n\u00fcfusumuzun\nneredeyse tamam\u0131n\u0131n inanc\u0131 olan \u0130slam dinimizde ne de binlerce y\u0131ll\u0131k\nk\u00fclt\u00fcr\u00fcm\u00fczde yeri olmayan bir uygulaman\u0131n gelecek nesillerimiz \u00fczerinde olumsuz\netkileri olabilecek bir \u015feydir. Bunu kabul etmemiz m\u00fcmk\u00fcn de\u011fil. Konu ile\nilgili olarak yaz\u0131n\u0131n alt\u0131nda imzas\u0131 olan Genel M\u00fcd\u00fcr\u00fcm\u00fcze tepkimi dile getiren\nmail yollad\u0131m. Hepimiz be\u015feriz. Hata yapabiliriz. Bu durum devlet y\u00f6netimi\nkademesinde olanlar i\u00e7in de ge\u00e7erlidir. Hatay\u0131 kabul ederek hatadan vazge\u00e7mek\nen b\u00fcy\u00fck erdemdir<\/strong> <strong>(\u0130HA) \u201c<\/strong> &nbsp;a\u00e7\u0131klamas\u0131n\u0131 yapt\u0131. <\/p>\n\n\n\n<p>Adeta \u0130slamiyet kurtar\u0131l\u0131yor, oysa\ndin, insanlar\u0131n kendi kurtulu\u015flar\u0131 i\u00e7in var. \u0130slamiyet\u2019in felsefesini bir\nanlayabilsek, bu g\u00fczel ve \u00f6zel dini bu kadar kirletmeyece\u011fiz.<\/p>\n\n\n\n<p>\u0130nsanlar, g\u00fcn\u00fcm\u00fcz \u015fartlar\u0131nda,\nilkokulda olmasa da hayat\u0131n\u0131n bir d\u00f6neminde bu tip felsefeleri olan sporlara\ny\u00f6neliyor. Ayr\u0131ca felsefesi olan bu sporlar insan\u0131, \u0130slamiyet\u2019den\nuzakla\u015ft\u0131rm\u0131yor tam tersine yak\u0131nla\u015ft\u0131r\u0131yor. Say\u0131n Ba\u015fdan\u0131\u015fman\u0131n gerek\u00e7esine\nyorum yapam\u0131yorum \u00e7\u00fcnk\u00fc bende, \u201ctaktir b\u00fcy\u00fcklerimizin\u201d diyecek bir yorum yok. <\/p>\n\n\n\n<p>Fakat bir \u00f6nerim var. Maksat\n\u00e7ocuklara spor k\u00fclt\u00fcr\u00fcn\u00fc a\u015f\u0131lamak ya, o zaman Ata sporumuz g\u00fcre\u015fi yoga yerine\nm\u00fcfredata alal\u0131m. Se\u00e7meli ders olmas\u0131n l\u00fctfen. Hem tarihimizden, k\u00fclt\u00fcr\u00fcm\u00fczden,\nhem de dinimizden kopmaz \u00e7ocuklar\u0131m\u0131z. Ama \u201ck\u0131zlar i\u00e7in ya\u011fl\u0131 g\u00fcre\u015f\u201d ne g\u00f6rd\u00fcm\nne de duydum. Bu sorunu nas\u0131l \u00e7\u00f6zeriz? O konuda s\u00f6z Sevgili Ba\u015fdan\u0131\u015fman\u2019\u0131n!&#8230; <\/p>\n","protected":false},"excerpt":{"rendered":"<p>\u0130nsan\u0131n yapt\u0131\u011f\u0131 en anlaml\u0131 yolculuk, kendi i\u00e7 d\u00fcnyas\u0131na olan\u0131d\u0131r. Oray\u0131 d\u00fcr\u00fcst\u00e7e ke\u015fif edip kat\u0131ks\u0131z benli\u011fimize ula\u015fabilirsek i\u015fte o zaman insan olman\u0131n keyfine varabiliriz. Bu ke\u015fif yolculu\u011funda t\u00fcrl\u00fc y\u00f6ntemler deneriz ya da se\u00e7eriz. Bazen dine yo\u011funla\u015fma, tasavvuf\u2019a y\u00f6nelme, bazen meditasyon ya da yo\u011fa gibi y\u00f6ntemler bize iyi gelir. Ama illaki de yolculu\u011fumuzun as\u0131l amac\u0131 sade, anlaml\u0131, [&hellip;]<\/p>\n","protected":false},"author":3,"featured_media":39948,"comment_status":"closed","ping_status":"closed","sticky":false,"template":"","format":"standard","meta":{"jetpack_post_was_ever_published":false,"_jetpack_newsletter_access":"","_jetpack_dont_email_post_to_subs":false,"_jetpack_newsletter_tier_id":0,"_jetpack_memberships_contains_paywalled_content":false,"_jetpack_memberships_contains_paid_content":false,"footnotes":"","jetpack_publicize_message":"","jetpack_publicize_feature_enabled":true,"jetpack_social_post_already_shared":true,"jetpack_social_options":{"image_generator_settings":{"template":"highway","default_image_id":0,"font":"","enabled":false},"version":2}},"categories":[8,6,5,646],"tags":[742,8355,14387],"class_list":["post-62933","post","type-post","status-publish","format-standard","has-post-thumbnail","hentry","category-analiz","category-editorsecimi","category-gundem","category-kose-yazilari","tag-bakan","tag-gures","tag-yoga"],"jetpack_publicize_connections":[],"jetpack_featured_media_url":"https:\/\/i0.wp.com\/www.tvturk.com\/wp-content\/uploads\/2019\/02\/yoga-olayinda-geri-adim_cbbf4cc.jpg?fit=400%2C400","jetpack_sharing_enabled":true,"jetpack_shortlink":"https:\/\/wp.me\/paKIfm-gn3","_links":{"self":[{"href":"http:\/\/www.tvturk.com\/index.php\/wp-json\/wp\/v2\/posts\/62933","targetHints":{"allow":["GET"]}}],"collection":[{"href":"http:\/\/www.tvturk.com\/index.php\/wp-json\/wp\/v2\/posts"}],"about":[{"href":"http:\/\/www.tvturk.com\/index.php\/wp-json\/wp\/v2\/types\/post"}],"author":[{"embeddable":true,"href":"http:\/\/www.tvturk.com\/index.php\/wp-json\/wp\/v2\/users\/3"}],"replies":[{"embeddable":true,"href":"http:\/\/www.tvturk.com\/index.php\/wp-json\/wp\/v2\/comments?post=62933"}],"version-history":[{"count":2,"href":"http:\/\/www.tvturk.com\/index.php\/wp-json\/wp\/v2\/posts\/62933\/revisions"}],"predecessor-version":[{"id":63345,"href":"http:\/\/www.tvturk.com\/index.php\/wp-json\/wp\/v2\/posts\/62933\/revisions\/63345"}],"wp:featuredmedia":[{"embeddable":true,"href":"http:\/\/www.tvturk.com\/index.php\/wp-json\/wp\/v2\/media\/39948"}],"wp:attachment":[{"href":"http:\/\/www.tvturk.com\/index.php\/wp-json\/wp\/v2\/media?parent=62933"}],"wp:term":[{"taxonomy":"category","embeddable":true,"href":"http:\/\/www.tvturk.com\/index.php\/wp-json\/wp\/v2\/categories?post=62933"},{"taxonomy":"post_tag","embeddable":true,"href":"http:\/\/www.tvturk.com\/index.php\/wp-json\/wp\/v2\/tags?post=62933"}],"curies":[{"name":"wp","href":"https:\/\/api.w.org\/{rel}","templated":true}]}}