{"id":6295,"date":"2019-02-06T18:37:58","date_gmt":"2019-02-06T15:37:58","guid":{"rendered":"http:\/\/www.tvturk.com\/index.php\/maaslarini-alamayan-isciler-kaymakam-keceliden-destek-istedi\/"},"modified":"2019-02-06T18:37:59","modified_gmt":"2019-02-06T15:37:59","slug":"maaslarini-alamayan-isciler-kaymakam-keceliden-destek-istedi","status":"publish","type":"post","link":"http:\/\/www.tvturk.com\/index.php\/maaslarini-alamayan-isciler-kaymakam-keceliden-destek-istedi\/","title":{"rendered":"Maa\u015flar\u0131n\u0131 alamayan i\u015f\u00e7iler Kaymakam Ke\u00e7eli\u2019den destek istedi"},"content":{"rendered":"<p>Zonguldak\u2019\u0131n \u00c7aycuma il\u00e7esinde faaliyet g\u00f6steren bir mobilya firmas\u0131nda \u00e7al\u0131\u015fan yakla\u015f\u0131k 50 i\u015f\u00e7i, 3 ayd\u0131r maa\u015flar\u0131n\u0131 alamad\u0131klar\u0131 gerek\u00e7esi ile \u00c7aycuma Kaymakam\u0131 Serkan Ke\u00e7eli\u2019den yard\u0131m istedi.<\/p>\n<p>\u00c7aycuma il\u00e7esi Organize Sanayi B\u00f6lgesi\u2019nde faaliyet g\u00f6steren bir mobilya fabrikas\u0131nda \u00e7al\u0131\u015fan 50 i\u015f\u00e7i \u00e7\u0131k\u0131\u015flar\u0131 verildi\u011fi ve haklar\u0131n\u0131 alamad\u0131klar\u0131 gerek\u00e7esiyle \u00c7aycuma Kaymakam\u0131 Serkan Ke\u00e7eli ile g\u00f6r\u00fc\u015fmek istedi. Kaymakaml\u0131k binas\u0131nda Kaymakam Ke\u00e7eli\u2019nin olmamas\u0131 nedeniyle i\u015f\u00e7iler bina \u00f6n\u00fcnde ma\u011fduriyetlerinin giderilmesini istedi. Burada 3 ayd\u0131r maa\u015f alamad\u0131klar\u0131n\u0131 ifade eden i\u015f\u00e7iler \u201cD\u00fcn itibariyle \u00e7\u0131k\u0131\u015f yap\u0131ld\u0131. \u0130\u015fveren \u2018Bizim size verecek i\u015fimiz yok. Herkesin \u00e7\u0131k\u0131\u015f\u0131n\u0131 yap\u0131yoruz\u2019 dedi. Bug\u00fcn sabah fabrikaya gittik. Hi\u00e7 kimsenin \u00e7\u0131k\u0131\u015f belgelerini vermediler. O i\u015fler \u00f6yle olmuyormu\u015f, dediler. SGK\u2019da duyduk ki verilen \u00e7\u0131k\u0131\u015flar\u0131 gelip geri al\u0131yorlarm\u0131\u015f. \u0130stiyorlar ki i\u015f\u00e7iler kendileri \u00e7\u0131ks\u0131n. Ya da 3 g\u00fcn sonra i\u015fe gelmedi\u011fimizden dolay\u0131 tebligat \u00e7ekerek hakl\u0131 sebeplerimizi ortadan kald\u0131rmaya \u00e7al\u0131\u015f\u0131yorlar.\u201d ifadelerini kulland\u0131.<\/p>\n<p>A\u00e7\u0131klamada, \u201cToplam 50 i\u015f\u00e7iyiz ve hepimiz i\u015fsiz kald\u0131k. Kaymakam Bey\u2019le g\u00f6r\u00fc\u015fme talep ettik. Beklemedeyiz. Ge\u00e7en sene 180 ki\u015fi i\u015ften \u00e7\u0131kar\u0131lm\u0131\u015ft\u0131 ve o i\u015f\u00e7iler mahkemeye vermi\u015flerdi. Fakat \u015firketi ba\u015fkas\u0131n\u0131n \u00fczerine yapt\u0131klar\u0131 i\u00e7in kimse tahsil edemedi. Her \u015feylerini ipotek vermi\u015fler. S\u0131rf i\u015f\u00e7ilere \u00f6deme yap\u0131lmamas\u0131 i\u00e7in her \u015feyi ayarlam\u0131\u015flar. En son 20 g\u00fcn \u00f6nce 2 t\u0131r konteyn\u0131r y\u00fcklendi. Nas\u0131l ne zaman batt\u0131lar anlamad\u0131k. Hi\u00e7bir sosyal haklar\u0131m\u0131z verilmedi, destek bekliyoruz&#8221; denildi.<div class=\"tiled-gallery type-rectangular tiled-gallery-unresized\" data-original-width=\"500\" data-carousel-extra='null' itemscope itemtype=\"http:\/\/schema.org\/ImageGallery\" > <div class=\"gallery-row\" style=\"width: 500px; height: 344px;\" data-original-width=\"500\" data-original-height=\"344\" > <div class=\"gallery-group images-1\" style=\"width: 500px; height: 344px;\" data-original-width=\"500\" data-original-height=\"344\" > <div class=\"tiled-gallery-item tiled-gallery-item-large\" itemprop=\"associatedMedia\" itemscope itemtype=\"http:\/\/schema.org\/ImageObject\"> <a href=\"http:\/\/www.tvturk.com\/index.php\/maaslarini-alamayan-isciler-kaymakam-keceliden-destek-istedi\/maaslarini-alamayan-isciler-kaymakam-keceliden-destek-istedi-3\/\" border=\"0\" itemprop=\"url\"> <meta itemprop=\"width\" content=\"496\"> <meta itemprop=\"height\" content=\"340\"> <img decoding=\"async\" class=\"\" data-attachment-id=\"6297\" data-orig-file=\"http:\/\/www.tvturk.com\/wp-content\/uploads\/2019\/02\/maaslarini-alamayan-isciler-kaymakam-keceliden-destek-istedi_a45f1df.jpg\" data-orig-size=\"1000,685\" data-comments-opened=\"\" data-image-meta=\"{&quot;aperture&quot;:&quot;0&quot;,&quot;credit&quot;:&quot;IHA&quot;,&quot;camera&quot;:&quot;&quot;,&quot;caption&quot;:&quot;ZONGULDAK\\u2019IN \\u00c7AYCUMA \\u0130L\\u00c7ES\\u0130NDE FAAL\\u0130YET G\\u00d6STEREN B\\u0130R MOB\\u0130LYA F\\u0130RMASINDA \\u00c7ALI\\u015eAN YAKLA\\u015eIK 50 \\u0130\\u015e\\u00c7\\u0130, 3 AYDIR MAA\\u015eLARINI ALAMADIKLARI GEREK\\u00c7ES\\u0130 \\u0130LE \\u00c7AYCUMA KAYMAKAMI SERKAN KE\\u00c7EL\\u0130\\u2019DEN YARDIM \\u0130STED\\u0130. (G\\u00dcLCAN \\u00c7OLAK\\\/ZONGULDAK-\\u0130HA)&quot;,&quot;created_timestamp&quot;:&quot;0&quot;,&quot;copyright&quot;:&quot;\\u0130HLAS HABER AJANSI, www.iha.com.tr&quot;,&quot;focal_length&quot;:&quot;0&quot;,&quot;iso&quot;:&quot;0&quot;,&quot;shutter_speed&quot;:&quot;0&quot;,&quot;title&quot;:&quot;MAA\\u015eLARINI ALAMAYAN \\u0130\\u015e\\u00c7\\u0130LER KAYMAKAM KE\\u00c7EL\\u0130\\u2019DEN DESTEK \\u0130STED\\u0130&quot;,&quot;orientation&quot;:&quot;0&quot;}\" data-image-title=\"Maa\u015flar\u0131n\u0131 alamayan i\u015f\u00e7iler Kaymakam Ke\u00e7eli\u2019den destek istedi\" data-image-description=\"&lt;p&gt;Maa\u015flar\u0131n\u0131 alamayan i\u015f\u00e7iler Kaymakam Ke\u00e7eli\u2019den destek istedi&lt;\/p&gt; \" data-medium-file=\"https:\/\/i0.wp.com\/www.tvturk.com\/wp-content\/uploads\/2019\/02\/maaslarini-alamayan-isciler-kaymakam-keceliden-destek-istedi_a45f1df.jpg?fit=300%2C206\" data-large-file=\"https:\/\/i0.wp.com\/www.tvturk.com\/wp-content\/uploads\/2019\/02\/maaslarini-alamayan-isciler-kaymakam-keceliden-destek-istedi_a45f1df.jpg?fit=1000%2C685\" src=\"https:\/\/i0.wp.com\/www.tvturk.com\/wp-content\/uploads\/2019\/02\/maaslarini-alamayan-isciler-kaymakam-keceliden-destek-istedi_a45f1df.jpg?w=496&#038;h=340\" srcset=\"https:\/\/i0.wp.com\/www.tvturk.com\/wp-content\/uploads\/2019\/02\/maaslarini-alamayan-isciler-kaymakam-keceliden-destek-istedi_a45f1df.jpg?w=1000 1000w, https:\/\/i0.wp.com\/www.tvturk.com\/wp-content\/uploads\/2019\/02\/maaslarini-alamayan-isciler-kaymakam-keceliden-destek-istedi_a45f1df.jpg?resize=150%2C103 150w, https:\/\/i0.wp.com\/www.tvturk.com\/wp-content\/uploads\/2019\/02\/maaslarini-alamayan-isciler-kaymakam-keceliden-destek-istedi_a45f1df.jpg?resize=300%2C206 300w, https:\/\/i0.wp.com\/www.tvturk.com\/wp-content\/uploads\/2019\/02\/maaslarini-alamayan-isciler-kaymakam-keceliden-destek-istedi_a45f1df.jpg?resize=768%2C526 768w, https:\/\/i0.wp.com\/www.tvturk.com\/wp-content\/uploads\/2019\/02\/maaslarini-alamayan-isciler-kaymakam-keceliden-destek-istedi_a45f1df.jpg?resize=80%2C55 80w\" width=\"496\" height=\"340\" loading=\"lazy\" data-original-width=\"496\" data-original-height=\"340\" itemprop=\"http:\/\/schema.org\/image\" title=\"Maa\u015flar\u0131n\u0131 alamayan i\u015f\u00e7iler Kaymakam Ke\u00e7eli\u2019den destek istedi\" alt=\"Maa\u015flar\u0131n\u0131 alamayan i\u015f\u00e7iler Kaymakam Ke\u00e7eli\u2019den destek istedi\" style=\"width: 496px; height: 340px;\" \/> <\/a> <\/div> <\/div> <!-- close group --> <\/div> <!-- close row --> <\/div><\/p>\n","protected":false},"excerpt":{"rendered":"<p>ZONGULDAK\u2019IN \u00c7AYCUMA \u0130L\u00c7ES\u0130NDE FAAL\u0130YET G\u00d6STEREN B\u0130R MOB\u0130LYA F\u0130RMASINDA \u00c7ALI\u015eAN YAKLA\u015eIK 50 \u0130\u015e\u00c7\u0130, 3 AYDIR MAA\u015eLARINI ALAMADIKLARI GEREK\u00c7ES\u0130 \u0130LE \u00c7AYCUMA KAYMAKAMI SERKAN KE\u00c7EL\u0130\u2019DEN YARDIM \u0130STED\u0130.<\/p>\n","protected":false},"author":1,"featured_media":6296,"comment_status":"closed","ping_status":"open","sticky":false,"template":"","format":"standard","meta":{"jetpack_post_was_ever_published":false,"_jetpack_newsletter_access":"","_jetpack_dont_email_post_to_subs":false,"_jetpack_newsletter_tier_id":0,"_jetpack_memberships_contains_paywalled_content":false,"_jetpack_memberships_contains_paid_content":false,"footnotes":"","jetpack_publicize_message":"","jetpack_publicize_feature_enabled":true,"jetpack_social_post_already_shared":false,"jetpack_social_options":{"image_generator_settings":{"template":"highway","default_image_id":0,"font":"","enabled":false},"version":2}},"categories":[1],"tags":[3361,61,3362,2411,2957,3363,3360],"class_list":["post-6295","post","type-post","status-publish","format-standard","has-post-thumbnail","hentry","category-genel","tag-alamayan","tag-destek","tag-isciler","tag-istedi","tag-kaymakam","tag-keceliden","tag-maaslarini"],"jetpack_publicize_connections":[],"jetpack_featured_media_url":"https:\/\/i0.wp.com\/www.tvturk.com\/wp-content\/uploads\/2019\/02\/maaslarini-alamayan-isciler-kaymakam-keceliden-destek-istedi_ff07669.jpg?fit=1000%2C583","jetpack_sharing_enabled":true,"jetpack_shortlink":"https:\/\/wp.me\/paKIfm-1Dx","_links":{"self":[{"href":"http:\/\/www.tvturk.com\/index.php\/wp-json\/wp\/v2\/posts\/6295","targetHints":{"allow":["GET"]}}],"collection":[{"href":"http:\/\/www.tvturk.com\/index.php\/wp-json\/wp\/v2\/posts"}],"about":[{"href":"http:\/\/www.tvturk.com\/index.php\/wp-json\/wp\/v2\/types\/post"}],"author":[{"embeddable":true,"href":"http:\/\/www.tvturk.com\/index.php\/wp-json\/wp\/v2\/users\/1"}],"replies":[{"embeddable":true,"href":"http:\/\/www.tvturk.com\/index.php\/wp-json\/wp\/v2\/comments?post=6295"}],"version-history":[{"count":1,"href":"http:\/\/www.tvturk.com\/index.php\/wp-json\/wp\/v2\/posts\/6295\/revisions"}],"predecessor-version":[{"id":6298,"href":"http:\/\/www.tvturk.com\/index.php\/wp-json\/wp\/v2\/posts\/6295\/revisions\/6298"}],"wp:featuredmedia":[{"embeddable":true,"href":"http:\/\/www.tvturk.com\/index.php\/wp-json\/wp\/v2\/media\/6296"}],"wp:attachment":[{"href":"http:\/\/www.tvturk.com\/index.php\/wp-json\/wp\/v2\/media?parent=6295"}],"wp:term":[{"taxonomy":"category","embeddable":true,"href":"http:\/\/www.tvturk.com\/index.php\/wp-json\/wp\/v2\/categories?post=6295"},{"taxonomy":"post_tag","embeddable":true,"href":"http:\/\/www.tvturk.com\/index.php\/wp-json\/wp\/v2\/tags?post=6295"}],"curies":[{"name":"wp","href":"https:\/\/api.w.org\/{rel}","templated":true}]}}