{"id":64110,"date":"2019-03-01T11:45:09","date_gmt":"2019-03-01T08:45:09","guid":{"rendered":"http:\/\/www.tvturk.com\/index.php\/afrine-zeytin-dali-yardim-konvoyu\/"},"modified":"2019-03-01T11:45:13","modified_gmt":"2019-03-01T08:45:13","slug":"afrine-zeytin-dali-yardim-konvoyu","status":"publish","type":"post","link":"http:\/\/www.tvturk.com\/index.php\/afrine-zeytin-dali-yardim-konvoyu\/","title":{"rendered":"Afrin\u2019e Zeytin Dal\u0131 Yard\u0131m Konvoyu"},"content":{"rendered":"<p>\u0130nsan Hak ve H\u00fcrriyetleri (\u0130HH) \u0130nsani Yard\u0131m Vakf\u0131\u2019nca Afrin il\u00e7e merkezi ile beldelerinde ya\u015fayan engelli ve ihtiya\u00e7 sahibi sivillere y\u00f6nelik organize edilen &#8220;Zeytin Dal\u0131 Yard\u0131m Konvoyu&#8221; kapsam\u0131nda 2 bin aileye insani yard\u0131m malzemesi ula\u015ft\u0131r\u0131lacak.<\/p>\n<p>Suriye\u2019nin kuzeyinde Zeytin Dal\u0131 Harekat\u0131 ile huzurun tesis edildi\u011fi Afrin il\u00e7e merkezi ile 6 beldesinde ya\u015fayan engelli ve ihtiya\u00e7 sahibi sivillere destek olmak amac\u0131yla \u0130HH \u0130nsani Yard\u0131m Vakf\u0131 taraf\u0131ndan 12 ara\u00e7tan olu\u015fan bir yard\u0131m konvoyu organize edildi.<\/p>\n<p>Yard\u0131m konvoyundaki ara\u00e7lar\u0131n da\u011f\u0131t\u0131ma g\u00f6nderilmesinden \u00f6nce Afrin il\u00e7e merkezinde yap\u0131lan t\u00f6rende konu\u015fan \u0130HH Suriye \u00c7al\u0131\u015fmalar\u0131 Saha Sorumlusu Mehmet \u015euayip Altun, Zeytin Dal\u0131 Yard\u0131m Konvoyu kapsam\u0131nda Afrin il\u00e7e merkezi ve 6 beldesindeki engelli ve ihtiya\u00e7 sahibi ailelere yard\u0131m ula\u015ft\u0131racaklar\u0131n\u0131 ifade etti. Altun, &#8220;Yard\u0131m konvoyunun haz\u0131rlanmas\u0131na destek veren t\u00fcm ba\u011f\u0131\u015f\u00e7\u0131lar\u0131m\u0131za te\u015fekk\u00fcr ediyoruz&#8221; dedi.<\/p>\n<p>Yap\u0131lan konu\u015fman\u0131n ard\u0131ndan yard\u0131m konvoyu da\u011f\u0131t\u0131mlar\u0131n yap\u0131laca\u011f\u0131 b\u00f6lgelere u\u011furland\u0131. Zeytin Dal\u0131 Yard\u0131m Konvoyu\u2019ndaki 12 ara\u00e7ta bulunan g\u0131da kolisi, hijyen paketi, bebek kiti, k\u00f6m\u00fcr, hal\u0131, yatak ve battaniye gibi yard\u0131m malzemelerinin Afrin il\u00e7e merkezi ile birlikte Cinderes, Racu, B\u00fclb\u00fcl, \u015earran, Mabatl\u0131 ve \u015eeyh Hadid beldelerinde bulunan engelli ve ihtiya\u00e7 sahibi 2 bin aileye da\u011f\u0131t\u0131lmas\u0131 planlan\u0131yor.<\/p>\n<p>T\u00f6ren sonunda Afrin\u2019de ya\u015fayan 11 bedensel engelliye de ta\u015f\u0131mac\u0131l\u0131k yaparak ge\u00e7imlerini sa\u011flayabilmeleri i\u00e7in kasal\u0131 motosiklet teslim edildi.<div class=\"tiled-gallery type-rectangular tiled-gallery-unresized\" data-original-width=\"500\" data-carousel-extra='null' itemscope itemtype=\"http:\/\/schema.org\/ImageGallery\" > <div class=\"gallery-row\" style=\"width: 500px; height: 224px;\" data-original-width=\"500\" data-original-height=\"224\" > <div class=\"gallery-group images-1\" style=\"width: 334px; height: 224px;\" data-original-width=\"334\" data-original-height=\"224\" > <div class=\"tiled-gallery-item tiled-gallery-item-large\" itemprop=\"associatedMedia\" itemscope itemtype=\"http:\/\/schema.org\/ImageObject\"> <a href=\"http:\/\/www.tvturk.com\/index.php\/afrine-zeytin-dali-yardim-konvoyu\/afrine-zeytin-dali-yardim-konvoyu-3\/\" border=\"0\" itemprop=\"url\"> <meta itemprop=\"width\" content=\"330\"> <meta itemprop=\"height\" content=\"220\"> <img decoding=\"async\" class=\"\" data-attachment-id=\"64112\" data-orig-file=\"http:\/\/www.tvturk.com\/wp-content\/uploads\/2019\/03\/afrine-zeytin-dali-yardim-konvoyu_d76e1ce.jpg\" data-orig-size=\"1000,666\" data-comments-opened=\"\" data-image-meta=\"{&quot;aperture&quot;:&quot;0&quot;,&quot;credit&quot;:&quot;IHA&quot;,&quot;camera&quot;:&quot;&quot;,&quot;caption&quot;:&quot;\\u0130HH SUR\\u0130YE \\u00c7ALI\\u015eMALARI SAHA SORUMLUSU MEHMET \\u015eUAY\\u0130P ALTUN, ZEYT\\u0130N DALI YARDIM KONVOYU KAPSAMINDA AFR\\u0130N \\u0130L\\u00c7E MERKEZ\\u0130 VE 6 BELDES\\u0130NDEK\\u0130 ENGELL\\u0130 VE \\u0130HT\\u0130YA\\u00c7 SAH\\u0130B\\u0130 A\\u0130LELERE YARDIM ULA\\u015eTIRACAKLARINI \\u0130FADE ETT\\u0130. (ADEM KARAG\\u00d6Z\\\/HATAY-\\u0130HA)&quot;,&quot;created_timestamp&quot;:&quot;0&quot;,&quot;copyright&quot;:&quot;\\u0130HLAS HABER AJANSI, www.iha.com.tr&quot;,&quot;focal_length&quot;:&quot;0&quot;,&quot;iso&quot;:&quot;0&quot;,&quot;shutter_speed&quot;:&quot;0&quot;,&quot;title&quot;:&quot;AFR\\u0130N\\u2019E ZEYT\\u0130N DALI YARDIM KONVOYU \\u0130NSAN HAK VE H\\u00dcRR\\u0130YETLER\\u0130 \\u0130NSAN\\u0130 YARDIM VAKFI\\u2019NCA 2 B\\u0130N A\\u0130LEYE \\u0130NSAN\\u0130 YARDIM MALZEMES\\u0130 ULA\\u015eTIRILACAK&quot;,&quot;orientation&quot;:&quot;0&quot;}\" data-image-title=\"Afrin\u2019e Zeytin Dal\u0131 Yard\u0131m Konvoyu\" data-image-description=\"&lt;p&gt;Afrin\u2019e Zeytin Dal\u0131 Yard\u0131m Konvoyu&lt;\/p&gt; \" data-medium-file=\"https:\/\/i0.wp.com\/www.tvturk.com\/wp-content\/uploads\/2019\/03\/afrine-zeytin-dali-yardim-konvoyu_d76e1ce.jpg?fit=300%2C200\" data-large-file=\"https:\/\/i0.wp.com\/www.tvturk.com\/wp-content\/uploads\/2019\/03\/afrine-zeytin-dali-yardim-konvoyu_d76e1ce.jpg?fit=1000%2C666\" src=\"https:\/\/i0.wp.com\/www.tvturk.com\/wp-content\/uploads\/2019\/03\/afrine-zeytin-dali-yardim-konvoyu_d76e1ce.jpg?w=330&#038;h=220\" srcset=\"https:\/\/i0.wp.com\/www.tvturk.com\/wp-content\/uploads\/2019\/03\/afrine-zeytin-dali-yardim-konvoyu_d76e1ce.jpg?w=1000 1000w, https:\/\/i0.wp.com\/www.tvturk.com\/wp-content\/uploads\/2019\/03\/afrine-zeytin-dali-yardim-konvoyu_d76e1ce.jpg?resize=150%2C100 150w, https:\/\/i0.wp.com\/www.tvturk.com\/wp-content\/uploads\/2019\/03\/afrine-zeytin-dali-yardim-konvoyu_d76e1ce.jpg?resize=300%2C200 300w, https:\/\/i0.wp.com\/www.tvturk.com\/wp-content\/uploads\/2019\/03\/afrine-zeytin-dali-yardim-konvoyu_d76e1ce.jpg?resize=768%2C511 768w, https:\/\/i0.wp.com\/www.tvturk.com\/wp-content\/uploads\/2019\/03\/afrine-zeytin-dali-yardim-konvoyu_d76e1ce.jpg?resize=170%2C113 170w, https:\/\/i0.wp.com\/www.tvturk.com\/wp-content\/uploads\/2019\/03\/afrine-zeytin-dali-yardim-konvoyu_d76e1ce.jpg?resize=120%2C80 120w\" width=\"330\" height=\"220\" loading=\"lazy\" data-original-width=\"330\" data-original-height=\"220\" itemprop=\"http:\/\/schema.org\/image\" title=\"Afrin\u2019e Zeytin Dal\u0131 Yard\u0131m Konvoyu\" alt=\"Afrin\u2019e Zeytin Dal\u0131 Yard\u0131m Konvoyu\" style=\"width: 330px; height: 220px;\" \/> <\/a> <\/div> <\/div> <!-- close group --> <div class=\"gallery-group images-2\" style=\"width: 166px; height: 224px;\" data-original-width=\"166\" data-original-height=\"224\" > <div class=\"tiled-gallery-item tiled-gallery-item-small\" itemprop=\"associatedMedia\" itemscope itemtype=\"http:\/\/schema.org\/ImageObject\"> <a href=\"http:\/\/www.tvturk.com\/index.php\/afrine-zeytin-dali-yardim-konvoyu\/afrine-zeytin-dali-yardim-konvoyu-4\/\" border=\"0\" itemprop=\"url\"> <meta itemprop=\"width\" content=\"162\"> <meta itemprop=\"height\" content=\"108\"> <img decoding=\"async\" class=\"\" data-attachment-id=\"64113\" data-orig-file=\"http:\/\/www.tvturk.com\/wp-content\/uploads\/2019\/03\/afrine-zeytin-dali-yardim-konvoyu_3b1625c.jpg\" data-orig-size=\"1000,666\" data-comments-opened=\"\" data-image-meta=\"{&quot;aperture&quot;:&quot;0&quot;,&quot;credit&quot;:&quot;IHA&quot;,&quot;camera&quot;:&quot;&quot;,&quot;caption&quot;:&quot;\\u0130HH \\u0130NSAN\\u0130 YARDIM VAKFI\\u2019NCA AFR\\u0130N \\u0130L\\u00c7E MERKEZ\\u0130 \\u0130LE BELDELER\\u0130NDE YA\\u015eAYAN ENGELL\\u0130 VE \\u0130HT\\u0130YA\\u00c7 SAH\\u0130B\\u0130 S\\u0130V\\u0130LLERE Y\\u00d6NEL\\u0130K ORGAN\\u0130ZE ED\\u0130LEN \\u2018\\u2019ZEYT\\u0130N DALI YARDIM KONVOYU\\u2019\\u2019 KAPSAMINDA 2 B\\u0130N A\\u0130LEYE \\u0130NSAN\\u0130 YARDIM MALZEMES\\u0130 ULA\\u015eTIRILACAK. (ADEM KARAG\\u00d6Z\\\/HATAY-\\u0130HA)&quot;,&quot;created_timestamp&quot;:&quot;0&quot;,&quot;copyright&quot;:&quot;\\u0130HLAS HABER AJANSI, www.iha.com.tr&quot;,&quot;focal_length&quot;:&quot;0&quot;,&quot;iso&quot;:&quot;0&quot;,&quot;shutter_speed&quot;:&quot;0&quot;,&quot;title&quot;:&quot;AFR\\u0130N\\u2019E ZEYT\\u0130N DALI YARDIM KONVOYU \\u0130NSAN HAK VE H\\u00dcRR\\u0130YETLER\\u0130 \\u0130NSAN\\u0130 YARDIM VAKFI\\u2019NCA 2 B\\u0130N A\\u0130LEYE \\u0130NSAN\\u0130 YARDIM MALZEMES\\u0130 ULA\\u015eTIRILACAK&quot;,&quot;orientation&quot;:&quot;0&quot;}\" data-image-title=\"Afrin\u2019e Zeytin Dal\u0131 Yard\u0131m Konvoyu\" data-image-description=\"&lt;p&gt;Afrin\u2019e Zeytin Dal\u0131 Yard\u0131m Konvoyu&lt;\/p&gt; \" data-medium-file=\"https:\/\/i0.wp.com\/www.tvturk.com\/wp-content\/uploads\/2019\/03\/afrine-zeytin-dali-yardim-konvoyu_3b1625c.jpg?fit=300%2C200\" data-large-file=\"https:\/\/i0.wp.com\/www.tvturk.com\/wp-content\/uploads\/2019\/03\/afrine-zeytin-dali-yardim-konvoyu_3b1625c.jpg?fit=1000%2C666\" src=\"https:\/\/i0.wp.com\/www.tvturk.com\/wp-content\/uploads\/2019\/03\/afrine-zeytin-dali-yardim-konvoyu_3b1625c.jpg?w=162&#038;h=108\" srcset=\"https:\/\/i0.wp.com\/www.tvturk.com\/wp-content\/uploads\/2019\/03\/afrine-zeytin-dali-yardim-konvoyu_3b1625c.jpg?w=1000 1000w, https:\/\/i0.wp.com\/www.tvturk.com\/wp-content\/uploads\/2019\/03\/afrine-zeytin-dali-yardim-konvoyu_3b1625c.jpg?resize=150%2C100 150w, https:\/\/i0.wp.com\/www.tvturk.com\/wp-content\/uploads\/2019\/03\/afrine-zeytin-dali-yardim-konvoyu_3b1625c.jpg?resize=300%2C200 300w, https:\/\/i0.wp.com\/www.tvturk.com\/wp-content\/uploads\/2019\/03\/afrine-zeytin-dali-yardim-konvoyu_3b1625c.jpg?resize=768%2C511 768w, https:\/\/i0.wp.com\/www.tvturk.com\/wp-content\/uploads\/2019\/03\/afrine-zeytin-dali-yardim-konvoyu_3b1625c.jpg?resize=170%2C113 170w, https:\/\/i0.wp.com\/www.tvturk.com\/wp-content\/uploads\/2019\/03\/afrine-zeytin-dali-yardim-konvoyu_3b1625c.jpg?resize=120%2C80 120w\" width=\"162\" height=\"108\" loading=\"lazy\" data-original-width=\"162\" data-original-height=\"108\" itemprop=\"http:\/\/schema.org\/image\" title=\"Afrin\u2019e Zeytin Dal\u0131 Yard\u0131m Konvoyu\" alt=\"Afrin\u2019e Zeytin Dal\u0131 Yard\u0131m Konvoyu\" style=\"width: 162px; height: 108px;\" \/> <\/a> <\/div> <div class=\"tiled-gallery-item tiled-gallery-item-small\" itemprop=\"associatedMedia\" itemscope itemtype=\"http:\/\/schema.org\/ImageObject\"> <a href=\"http:\/\/www.tvturk.com\/index.php\/afrine-zeytin-dali-yardim-konvoyu\/afrine-zeytin-dali-yardim-konvoyu-5\/\" border=\"0\" itemprop=\"url\"> <meta itemprop=\"width\" content=\"162\"> <meta itemprop=\"height\" content=\"108\"> <img decoding=\"async\" class=\"\" data-attachment-id=\"64114\" data-orig-file=\"http:\/\/www.tvturk.com\/wp-content\/uploads\/2019\/03\/afrine-zeytin-dali-yardim-konvoyu_b62bc8f.jpg\" data-orig-size=\"1000,666\" data-comments-opened=\"\" data-image-meta=\"{&quot;aperture&quot;:&quot;0&quot;,&quot;credit&quot;:&quot;IHA&quot;,&quot;camera&quot;:&quot;&quot;,&quot;caption&quot;:&quot;AFR\\u0130N\\u2019DE YA\\u015eAYAN 11 BEDENSEL ENGELL\\u0130YE DE TA\\u015eIMACILIK YAPARAK GE\\u00c7\\u0130MLER\\u0130N\\u0130 SA\\u011eLAYAB\\u0130LMELER\\u0130 \\u0130\\u00c7\\u0130N KASALI MOTOS\\u0130KLET TESL\\u0130M ED\\u0130LD\\u0130. (ADEM KARAG\\u00d6Z\\\/HATAY-\\u0130HA)&quot;,&quot;created_timestamp&quot;:&quot;0&quot;,&quot;copyright&quot;:&quot;\\u0130HLAS HABER AJANSI, www.iha.com.tr&quot;,&quot;focal_length&quot;:&quot;0&quot;,&quot;iso&quot;:&quot;0&quot;,&quot;shutter_speed&quot;:&quot;0&quot;,&quot;title&quot;:&quot;AFR\\u0130N\\u2019E ZEYT\\u0130N DALI YARDIM KONVOYU \\u0130NSAN HAK VE H\\u00dcRR\\u0130YETLER\\u0130 \\u0130NSAN\\u0130 YARDIM VAKFI\\u2019NCA 2 B\\u0130N A\\u0130LEYE \\u0130NSAN\\u0130 YARDIM MALZEMES\\u0130 ULA\\u015eTIRILACAK&quot;,&quot;orientation&quot;:&quot;0&quot;}\" data-image-title=\"Afrin\u2019e Zeytin Dal\u0131 Yard\u0131m Konvoyu\" data-image-description=\"&lt;p&gt;Afrin\u2019e Zeytin Dal\u0131 Yard\u0131m Konvoyu&lt;\/p&gt; \" data-medium-file=\"https:\/\/i0.wp.com\/www.tvturk.com\/wp-content\/uploads\/2019\/03\/afrine-zeytin-dali-yardim-konvoyu_b62bc8f.jpg?fit=300%2C200\" data-large-file=\"https:\/\/i0.wp.com\/www.tvturk.com\/wp-content\/uploads\/2019\/03\/afrine-zeytin-dali-yardim-konvoyu_b62bc8f.jpg?fit=1000%2C666\" src=\"https:\/\/i0.wp.com\/www.tvturk.com\/wp-content\/uploads\/2019\/03\/afrine-zeytin-dali-yardim-konvoyu_b62bc8f.jpg?w=162&#038;h=108\" srcset=\"https:\/\/i0.wp.com\/www.tvturk.com\/wp-content\/uploads\/2019\/03\/afrine-zeytin-dali-yardim-konvoyu_b62bc8f.jpg?w=1000 1000w, https:\/\/i0.wp.com\/www.tvturk.com\/wp-content\/uploads\/2019\/03\/afrine-zeytin-dali-yardim-konvoyu_b62bc8f.jpg?resize=150%2C100 150w, https:\/\/i0.wp.com\/www.tvturk.com\/wp-content\/uploads\/2019\/03\/afrine-zeytin-dali-yardim-konvoyu_b62bc8f.jpg?resize=300%2C200 300w, https:\/\/i0.wp.com\/www.tvturk.com\/wp-content\/uploads\/2019\/03\/afrine-zeytin-dali-yardim-konvoyu_b62bc8f.jpg?resize=768%2C511 768w, https:\/\/i0.wp.com\/www.tvturk.com\/wp-content\/uploads\/2019\/03\/afrine-zeytin-dali-yardim-konvoyu_b62bc8f.jpg?resize=170%2C113 170w, https:\/\/i0.wp.com\/www.tvturk.com\/wp-content\/uploads\/2019\/03\/afrine-zeytin-dali-yardim-konvoyu_b62bc8f.jpg?resize=120%2C80 120w\" width=\"162\" height=\"108\" loading=\"lazy\" data-original-width=\"162\" data-original-height=\"108\" itemprop=\"http:\/\/schema.org\/image\" title=\"Afrin\u2019e Zeytin Dal\u0131 Yard\u0131m Konvoyu\" alt=\"Afrin\u2019e Zeytin Dal\u0131 Yard\u0131m Konvoyu\" style=\"width: 162px; height: 108px;\" \/> <\/a> <\/div> <\/div> <!-- close group --> <\/div> <!-- close row --> <div class=\"gallery-row\" style=\"width: 500px; height: 168px;\" data-original-width=\"500\" data-original-height=\"168\" > <div class=\"gallery-group images-1\" style=\"width: 250px; height: 168px;\" data-original-width=\"250\" data-original-height=\"168\" > <div class=\"tiled-gallery-item tiled-gallery-item-small\" itemprop=\"associatedMedia\" itemscope itemtype=\"http:\/\/schema.org\/ImageObject\"> <a href=\"http:\/\/www.tvturk.com\/index.php\/afrine-zeytin-dali-yardim-konvoyu\/afrine-zeytin-dali-yardim-konvoyu-6\/\" border=\"0\" itemprop=\"url\"> <meta itemprop=\"width\" content=\"246\"> <meta itemprop=\"height\" content=\"164\"> <img decoding=\"async\" class=\"\" data-attachment-id=\"64115\" data-orig-file=\"http:\/\/www.tvturk.com\/wp-content\/uploads\/2019\/03\/afrine-zeytin-dali-yardim-konvoyu_bfa379f.jpg\" data-orig-size=\"1000,666\" data-comments-opened=\"\" data-image-meta=\"{&quot;aperture&quot;:&quot;0&quot;,&quot;credit&quot;:&quot;IHA&quot;,&quot;camera&quot;:&quot;&quot;,&quot;caption&quot;:&quot;AFR\\u0130N\\u2019DE YA\\u015eAYAN 11 BEDENSEL ENGELL\\u0130YE DE TA\\u015eIMACILIK YAPARAK GE\\u00c7\\u0130MLER\\u0130N\\u0130 SA\\u011eLAYAB\\u0130LMELER\\u0130 \\u0130\\u00c7\\u0130N KASALI MOTOS\\u0130KLET TESL\\u0130M ED\\u0130LD\\u0130. (ADEM KARAG\\u00d6Z\\\/HATAY-\\u0130HA)&quot;,&quot;created_timestamp&quot;:&quot;0&quot;,&quot;copyright&quot;:&quot;\\u0130HLAS HABER AJANSI, www.iha.com.tr&quot;,&quot;focal_length&quot;:&quot;0&quot;,&quot;iso&quot;:&quot;0&quot;,&quot;shutter_speed&quot;:&quot;0&quot;,&quot;title&quot;:&quot;AFR\\u0130N\\u2019E ZEYT\\u0130N DALI YARDIM KONVOYU \\u0130NSAN HAK VE H\\u00dcRR\\u0130YETLER\\u0130 \\u0130NSAN\\u0130 YARDIM VAKFI\\u2019NCA 2 B\\u0130N A\\u0130LEYE \\u0130NSAN\\u0130 YARDIM MALZEMES\\u0130 ULA\\u015eTIRILACAK&quot;,&quot;orientation&quot;:&quot;0&quot;}\" data-image-title=\"Afrin\u2019e Zeytin Dal\u0131 Yard\u0131m Konvoyu\" data-image-description=\"&lt;p&gt;Afrin\u2019e Zeytin Dal\u0131 Yard\u0131m Konvoyu&lt;\/p&gt; \" data-medium-file=\"https:\/\/i0.wp.com\/www.tvturk.com\/wp-content\/uploads\/2019\/03\/afrine-zeytin-dali-yardim-konvoyu_bfa379f.jpg?fit=300%2C200\" data-large-file=\"https:\/\/i0.wp.com\/www.tvturk.com\/wp-content\/uploads\/2019\/03\/afrine-zeytin-dali-yardim-konvoyu_bfa379f.jpg?fit=1000%2C666\" src=\"https:\/\/i0.wp.com\/www.tvturk.com\/wp-content\/uploads\/2019\/03\/afrine-zeytin-dali-yardim-konvoyu_bfa379f.jpg?w=246&#038;h=164\" srcset=\"https:\/\/i0.wp.com\/www.tvturk.com\/wp-content\/uploads\/2019\/03\/afrine-zeytin-dali-yardim-konvoyu_bfa379f.jpg?w=1000 1000w, https:\/\/i0.wp.com\/www.tvturk.com\/wp-content\/uploads\/2019\/03\/afrine-zeytin-dali-yardim-konvoyu_bfa379f.jpg?resize=150%2C100 150w, https:\/\/i0.wp.com\/www.tvturk.com\/wp-content\/uploads\/2019\/03\/afrine-zeytin-dali-yardim-konvoyu_bfa379f.jpg?resize=300%2C200 300w, https:\/\/i0.wp.com\/www.tvturk.com\/wp-content\/uploads\/2019\/03\/afrine-zeytin-dali-yardim-konvoyu_bfa379f.jpg?resize=768%2C511 768w, https:\/\/i0.wp.com\/www.tvturk.com\/wp-content\/uploads\/2019\/03\/afrine-zeytin-dali-yardim-konvoyu_bfa379f.jpg?resize=170%2C113 170w, https:\/\/i0.wp.com\/www.tvturk.com\/wp-content\/uploads\/2019\/03\/afrine-zeytin-dali-yardim-konvoyu_bfa379f.jpg?resize=120%2C80 120w\" width=\"246\" height=\"164\" loading=\"lazy\" data-original-width=\"246\" data-original-height=\"164\" itemprop=\"http:\/\/schema.org\/image\" title=\"Afrin\u2019e Zeytin Dal\u0131 Yard\u0131m Konvoyu\" alt=\"Afrin\u2019e Zeytin Dal\u0131 Yard\u0131m Konvoyu\" style=\"width: 246px; height: 164px;\" \/> <\/a> <\/div> <\/div> <!-- close group --> <div class=\"gallery-group images-1\" style=\"width: 250px; height: 168px;\" data-original-width=\"250\" data-original-height=\"168\" > <div class=\"tiled-gallery-item tiled-gallery-item-small\" itemprop=\"associatedMedia\" itemscope itemtype=\"http:\/\/schema.org\/ImageObject\"> <a href=\"http:\/\/www.tvturk.com\/index.php\/afrine-zeytin-dali-yardim-konvoyu\/afrine-zeytin-dali-yardim-konvoyu-7\/\" border=\"0\" itemprop=\"url\"> <meta itemprop=\"width\" content=\"246\"> <meta itemprop=\"height\" content=\"164\"> <img decoding=\"async\" class=\"\" data-attachment-id=\"64116\" data-orig-file=\"http:\/\/www.tvturk.com\/wp-content\/uploads\/2019\/03\/afrine-zeytin-dali-yardim-konvoyu_61eed4b.jpg\" data-orig-size=\"1000,666\" data-comments-opened=\"\" data-image-meta=\"{&quot;aperture&quot;:&quot;0&quot;,&quot;credit&quot;:&quot;IHA&quot;,&quot;camera&quot;:&quot;&quot;,&quot;caption&quot;:&quot;\\u0130HH \\u0130NSAN\\u0130 YARDIM VAKFI\\u2019NCA AFR\\u0130N \\u0130L\\u00c7E MERKEZ\\u0130 \\u0130LE BELDELER\\u0130NDE YA\\u015eAYAN ENGELL\\u0130 VE \\u0130HT\\u0130YA\\u00c7 SAH\\u0130B\\u0130 S\\u0130V\\u0130LLERE Y\\u00d6NEL\\u0130K ORGAN\\u0130ZE ED\\u0130LEN \\u2018\\u2019ZEYT\\u0130N DALI YARDIM KONVOYU\\u2019\\u2019 KAPSAMINDA 2 B\\u0130N A\\u0130LEYE \\u0130NSAN\\u0130 YARDIM MALZEMES\\u0130 ULA\\u015eTIRILACAK. (ADEM KARAG\\u00d6Z\\\/HATAY-\\u0130HA)&quot;,&quot;created_timestamp&quot;:&quot;0&quot;,&quot;copyright&quot;:&quot;\\u0130HLAS HABER AJANSI, www.iha.com.tr&quot;,&quot;focal_length&quot;:&quot;0&quot;,&quot;iso&quot;:&quot;0&quot;,&quot;shutter_speed&quot;:&quot;0&quot;,&quot;title&quot;:&quot;AFR\\u0130N\\u2019E ZEYT\\u0130N DALI YARDIM KONVOYU \\u0130NSAN HAK VE H\\u00dcRR\\u0130YETLER\\u0130 \\u0130NSAN\\u0130 YARDIM VAKFI\\u2019NCA 2 B\\u0130N A\\u0130LEYE \\u0130NSAN\\u0130 YARDIM MALZEMES\\u0130 ULA\\u015eTIRILACAK&quot;,&quot;orientation&quot;:&quot;0&quot;}\" data-image-title=\"Afrin\u2019e Zeytin Dal\u0131 Yard\u0131m Konvoyu\" data-image-description=\"&lt;p&gt;Afrin\u2019e Zeytin Dal\u0131 Yard\u0131m Konvoyu&lt;\/p&gt; \" data-medium-file=\"https:\/\/i0.wp.com\/www.tvturk.com\/wp-content\/uploads\/2019\/03\/afrine-zeytin-dali-yardim-konvoyu_61eed4b.jpg?fit=300%2C200\" data-large-file=\"https:\/\/i0.wp.com\/www.tvturk.com\/wp-content\/uploads\/2019\/03\/afrine-zeytin-dali-yardim-konvoyu_61eed4b.jpg?fit=1000%2C666\" src=\"https:\/\/i0.wp.com\/www.tvturk.com\/wp-content\/uploads\/2019\/03\/afrine-zeytin-dali-yardim-konvoyu_61eed4b.jpg?w=246&#038;h=164\" srcset=\"https:\/\/i0.wp.com\/www.tvturk.com\/wp-content\/uploads\/2019\/03\/afrine-zeytin-dali-yardim-konvoyu_61eed4b.jpg?w=1000 1000w, https:\/\/i0.wp.com\/www.tvturk.com\/wp-content\/uploads\/2019\/03\/afrine-zeytin-dali-yardim-konvoyu_61eed4b.jpg?resize=150%2C100 150w, https:\/\/i0.wp.com\/www.tvturk.com\/wp-content\/uploads\/2019\/03\/afrine-zeytin-dali-yardim-konvoyu_61eed4b.jpg?resize=300%2C200 300w, https:\/\/i0.wp.com\/www.tvturk.com\/wp-content\/uploads\/2019\/03\/afrine-zeytin-dali-yardim-konvoyu_61eed4b.jpg?resize=768%2C511 768w, https:\/\/i0.wp.com\/www.tvturk.com\/wp-content\/uploads\/2019\/03\/afrine-zeytin-dali-yardim-konvoyu_61eed4b.jpg?resize=170%2C113 170w, https:\/\/i0.wp.com\/www.tvturk.com\/wp-content\/uploads\/2019\/03\/afrine-zeytin-dali-yardim-konvoyu_61eed4b.jpg?resize=120%2C80 120w\" width=\"246\" height=\"164\" loading=\"lazy\" data-original-width=\"246\" data-original-height=\"164\" itemprop=\"http:\/\/schema.org\/image\" title=\"Afrin\u2019e Zeytin Dal\u0131 Yard\u0131m Konvoyu\" alt=\"Afrin\u2019e Zeytin Dal\u0131 Yard\u0131m Konvoyu\" style=\"width: 246px; height: 164px;\" \/> <\/a> <\/div> <\/div> <!-- close group --> <\/div> <!-- close row --> <\/div><\/p>\n","protected":false},"excerpt":{"rendered":"<p>\u0130HH \u0130NSAN\u0130 YARDIM VAKFI\u2019NCA AFR\u0130N \u0130L\u00c7E MERKEZ\u0130 \u0130LE BELDELER\u0130NDE YA\u015eAYAN ENGELL\u0130 VE \u0130HT\u0130YA\u00c7 SAH\u0130B\u0130 S\u0130V\u0130LLERE Y\u00d6NEL\u0130K ORGAN\u0130ZE ED\u0130LEN \u2018\u2019ZEYT\u0130N DALI YARDIM KONVOYU\u2019\u2019 KAPSAMINDA 2 B\u0130N A\u0130LEYE \u0130NSAN\u0130 YARDIM MALZEMES\u0130 ULA\u015eTIRILACAK.<\/p>\n","protected":false},"author":1,"featured_media":64111,"comment_status":"closed","ping_status":"open","sticky":false,"template":"","format":"standard","meta":{"jetpack_post_was_ever_published":false,"_jetpack_newsletter_access":"","_jetpack_dont_email_post_to_subs":false,"_jetpack_newsletter_tier_id":0,"_jetpack_memberships_contains_paywalled_content":false,"_jetpack_memberships_contains_paid_content":false,"footnotes":"","jetpack_publicize_message":"","jetpack_publicize_feature_enabled":true,"jetpack_social_post_already_shared":true,"jetpack_social_options":{"image_generator_settings":{"template":"highway","default_image_id":0,"font":"","enabled":false},"version":2}},"categories":[1],"tags":[19715,19716,15053,1736,6031],"class_list":["post-64110","post","type-post","status-publish","format-standard","has-post-thumbnail","hentry","category-genel","tag-afrine","tag-dali","tag-konvoyu","tag-yardim","tag-zeytin"],"jetpack_publicize_connections":[],"jetpack_featured_media_url":"https:\/\/i0.wp.com\/www.tvturk.com\/wp-content\/uploads\/2019\/03\/afrine-zeytin-dali-yardim-konvoyu_3e71ec3.jpg?fit=1000%2C666","jetpack_sharing_enabled":true,"jetpack_shortlink":"https:\/\/wp.me\/paKIfm-gG2","_links":{"self":[{"href":"http:\/\/www.tvturk.com\/index.php\/wp-json\/wp\/v2\/posts\/64110","targetHints":{"allow":["GET"]}}],"collection":[{"href":"http:\/\/www.tvturk.com\/index.php\/wp-json\/wp\/v2\/posts"}],"about":[{"href":"http:\/\/www.tvturk.com\/index.php\/wp-json\/wp\/v2\/types\/post"}],"author":[{"embeddable":true,"href":"http:\/\/www.tvturk.com\/index.php\/wp-json\/wp\/v2\/users\/1"}],"replies":[{"embeddable":true,"href":"http:\/\/www.tvturk.com\/index.php\/wp-json\/wp\/v2\/comments?post=64110"}],"version-history":[{"count":1,"href":"http:\/\/www.tvturk.com\/index.php\/wp-json\/wp\/v2\/posts\/64110\/revisions"}],"predecessor-version":[{"id":64117,"href":"http:\/\/www.tvturk.com\/index.php\/wp-json\/wp\/v2\/posts\/64110\/revisions\/64117"}],"wp:featuredmedia":[{"embeddable":true,"href":"http:\/\/www.tvturk.com\/index.php\/wp-json\/wp\/v2\/media\/64111"}],"wp:attachment":[{"href":"http:\/\/www.tvturk.com\/index.php\/wp-json\/wp\/v2\/media?parent=64110"}],"wp:term":[{"taxonomy":"category","embeddable":true,"href":"http:\/\/www.tvturk.com\/index.php\/wp-json\/wp\/v2\/categories?post=64110"},{"taxonomy":"post_tag","embeddable":true,"href":"http:\/\/www.tvturk.com\/index.php\/wp-json\/wp\/v2\/tags?post=64110"}],"curies":[{"name":"wp","href":"https:\/\/api.w.org\/{rel}","templated":true}]}}