{"id":64275,"date":"2019-03-01T12:38:05","date_gmt":"2019-03-01T09:38:05","guid":{"rendered":"http:\/\/www.tvturk.com\/index.php\/antalyanin-fethinin-812-yildonumu-kutlaniyor\/"},"modified":"2019-03-01T12:38:08","modified_gmt":"2019-03-01T09:38:08","slug":"antalyanin-fethinin-812-yildonumu-kutlaniyor","status":"publish","type":"post","link":"http:\/\/www.tvturk.com\/index.php\/antalyanin-fethinin-812-yildonumu-kutlaniyor\/","title":{"rendered":"Antalya\u2019n\u0131n fethinin 812. y\u0131ld\u00f6n\u00fcm\u00fc kutlan\u0131yor"},"content":{"rendered":"<p>Antalya\u2019n\u0131n fethinin 812. y\u0131l d\u00f6n\u00fcm\u00fc kutlamalar\u0131 sergi ve konferanslarla ba\u015flad\u0131.<\/p>\n<p>Antalya Valili\u011fi, Antalya B\u00fcy\u00fck\u015fehir Belediyesi ve Akdeniz \u00dcniversitesi ortakl\u0131\u011f\u0131nda d\u00fczenlenen kutlamalar kapsam\u0131nda Antalya K\u00fclt\u00fcr Merkezi (AKM) fuayesinde &#8220;Sel\u00e7uklu Sikkeleri Sergisi&#8221;, &#8220;Antalya\u2019da T\u00fcrk-\u0130slam Medeniyetinin \u0130zleri Foto\u011fraf Sergisi&#8221; ve Antalya Olgunla\u015fma Enstit\u00fcs\u00fc &#8220;Antalya Sel\u00e7uklu Kitabeleri Ta\u015ftaki Emanetler Sergisi&#8221;nin a\u00e7\u0131l\u0131\u015f\u0131 ger\u00e7ekle\u015ftirildi.<\/p>\n<p>A\u00e7\u0131l\u0131\u015fta konu\u015fan Vali M\u00fcnir Karalo\u011flu, Antalya\u2019n\u0131n fethinin kutlamalar\u0131n\u0131n 5 Mart\u2019a kadar s\u00fcrece\u011fini kaydetti. Antalya\u2019n\u0131n 812 y\u0131ld\u0131r T\u00fcrk ve \u0130slam topra\u011f\u0131 oldu\u011funu an\u0131msatan Vali Karalo\u011flu, &#8220;812 y\u0131ld\u0131r bu \u015fehirde sanca\u011f\u0131m\u0131z ve bayra\u011f\u0131m\u0131z dalgalan\u0131yor. Y\u00fczy\u0131llard\u0131r bu \u015fehirde \u00f6zg\u00fcr ve h\u00fcr bir \u015fekilde nefes al\u0131yoruz. Bu \u015fehri fetheden Anadolu Sel\u00e7uklu Sultan\u0131 Giyaseddin Keyh\u00fcsrev ve onun de\u011ferli ordusu ile Antalya\u2019n\u0131n ilk valisi M\u00fcbariz\u00fcddin Ertoku\u015f beyi sayg\u0131yla an\u0131yorum. Ertoku\u015f bey Antalya\u2019da 17 y\u0131l valilik yapm\u0131\u015f ve Antalya, Isparta ve Burdur\u2019daki Sel\u00e7uklu eserlerini in\u015fa eden Ertoku\u015f beydir. B\u00fct\u00fcn kahramanlar\u0131m\u0131z\u0131 minnetle, \u015f\u00fckranla an\u0131yoruz. Bu tarih \u015fuurunu bug\u00fcn gen\u00e7lerimize aktarmam\u0131z ve gelece\u011fimizi bu \u015fuur \u00fczerinden in\u015fa etmemiz gerekiyor. Bu \u00e7abalar ve bu gayretler tarihimize sahip \u00e7\u0131kmak ve gen\u00e7leri tarih \u015fuuru ile gelece\u011fe haz\u0131rlamakt\u0131r&#8221; dedi.<\/p>\n<p>&#8220;Ge\u00e7mi\u015fi bilmeden \u00fczerinde ya\u015fanan topraklar\u0131n k\u0131ymetini anlamak m\u00fcmk\u00fcn de\u011fildir&#8221;<\/p>\n<p>B\u00fcy\u00fck\u015fehir Belediye Ba\u015fkan\u0131 Menderes T\u00fcrel ise bir milletin bireylerini ortak bilin\u00e7le birbirine ba\u011flayan tarihin ayn\u0131 zamanda o milletin kimli\u011fi oldu\u011funu vurgulad\u0131.<\/p>\n<p>Tarihi iyi bilmek ve tarihe sahip \u00e7\u0131kman\u0131n kimli\u011fe de sahip \u00e7\u0131kmak anlam\u0131na geldi\u011fini belirten T\u00fcrel, &#8220;Ge\u00e7mi\u015fi bilmeden \u00fczerinde ya\u015fan\u0131lan topraklar\u0131n k\u0131ymetini anlamak m\u00fcmk\u00fcn de\u011fildir. Antalya\u2019y\u0131 T\u00fcrk vatan\u0131 yapan Giyaseddin Keyh\u00fcsrev ve \u0130zzeddin Keykavus\u2019u minnetle yad ediyoruz. Fetih kutlamalar\u0131n\u0131n bu y\u0131l 4\u2019\u00fcnc\u00fcs\u00fcn\u00fc d\u00fczenliyoruz. Bu kutlamalar\u0131 ba\u015flatan Vali Karalo\u011flu\u2019na te\u015fekk\u00fcr ediyoruz. Bir millet gibi bir \u015fehir de ancak tarihi bilince sahipse g\u00fc\u00e7l\u00fcd\u00fcr ve istenilen hedeflere ula\u015fabilir. Antalya tarihte bir \u00e7ok medeniyete ev sahipli\u011fi yapm\u0131\u015ft\u0131r. Sel\u00e7uklular\u2019\u0131n \u015fehri fetih etmesiyle bir T\u00fcrk-\u0130slam \u015fehri haline gelmi\u015ftir. \u015eehrimizin bir \u00e7ok yerinde Sel\u00e7uklu d\u00f6nemine ait \u00f6nemli eserler g\u00f6rmekteyiz. Antalya tarihini Sel\u00e7uklular\u0131 anlamadan idrak etmemiz m\u00fcmk\u00fcn de\u011fildir. Anadolu\u2019daki T\u00fcrk varl\u0131\u011f\u0131n\u0131 korumak i\u00e7in can\u0131n\u0131 veren yi\u011fitleri, Antalya\u2019y\u0131 T\u00fcrk yurdu yapan ecdad\u0131m\u0131z\u0131 ve b\u00fct\u00fcn \u015fehitleri minnetle, rahmetle an\u0131yoruz&#8221; ifadelerini kulland\u0131.<\/p>\n<p>Etkinlikler \u00e7er\u00e7evesinde Antalya Kongresi d\u00fczenlenecek ve \u00e7e\u015fitli \u00fcniversitelerden gelen akademisyenler kent tarihine ili\u015fkin konferans verecek. Kutlamalarda 3 Mart Pazar g\u00fcn\u00fc ise Sahil Antalya Ya\u015fam Park\u0131\u2019nda \u00fcnl\u00fc oyuncu Engin Altan D\u00fczyatan ve sanat\u00e7\u0131 U\u011fur I\u015f\u0131lak\u2019\u0131n da kat\u0131laca\u011f\u0131 Fetih Y\u00fcr\u00fcy\u00fc\u015f\u00fc d\u00fczenlenecek. Y\u00fcr\u00fcy\u00fc\u015f\u00fcn ard\u0131ndan &#8220;Solo T\u00fcrk&#8221; \u00f6zel g\u00f6sterisi olaca\u011f\u0131 bildirildi.<div class=\"tiled-gallery type-rectangular tiled-gallery-unresized\" data-original-width=\"500\" data-carousel-extra='null' itemscope itemtype=\"http:\/\/schema.org\/ImageGallery\" > <div class=\"gallery-row\" style=\"width: 500px; height: 168px;\" data-original-width=\"500\" data-original-height=\"168\" > <div class=\"gallery-group images-1\" style=\"width: 250px; height: 168px;\" data-original-width=\"250\" data-original-height=\"168\" > <div class=\"tiled-gallery-item tiled-gallery-item-small\" itemprop=\"associatedMedia\" itemscope itemtype=\"http:\/\/schema.org\/ImageObject\"> <a href=\"http:\/\/www.tvturk.com\/index.php\/antalyanin-fethinin-812-yildonumu-kutlaniyor\/antalyanin-fethinin-812-yildonumu-kutlaniyor-3\/\" border=\"0\" itemprop=\"url\"> <meta itemprop=\"width\" content=\"246\"> <meta itemprop=\"height\" content=\"164\"> <img decoding=\"async\" class=\"\" data-attachment-id=\"64277\" data-orig-file=\"http:\/\/www.tvturk.com\/wp-content\/uploads\/2019\/03\/antalyanin-fethinin-812-yildonumu-kutlaniyor_d7152ba.jpg\" data-orig-size=\"1000,666\" data-comments-opened=\"\" data-image-meta=\"{&quot;aperture&quot;:&quot;0&quot;,&quot;credit&quot;:&quot;IHA&quot;,&quot;camera&quot;:&quot;&quot;,&quot;caption&quot;:&quot;ANTALYA\\u0027NIN FETH\\u0130N\\u0130N 812. YIL D\\u00d6N\\u00dcM\\u00dc KUTLAMALARI SERG\\u0130 VE KONFERANSLARLA BA\\u015eLADI. (\\u0130SA AKAR\\\/ANTALYA-\\u0130HA)&quot;,&quot;created_timestamp&quot;:&quot;0&quot;,&quot;copyright&quot;:&quot;\\u0130HLAS HABER AJANSI, www.iha.com.tr&quot;,&quot;focal_length&quot;:&quot;0&quot;,&quot;iso&quot;:&quot;0&quot;,&quot;shutter_speed&quot;:&quot;0&quot;,&quot;title&quot;:&quot;ANTALYA\\u2019NIN FETH\\u0130N\\u0130N 812. YILD\\u00d6N\\u00dcM\\u00dc KUTLANIYOR ANTALYA\\u0027NIN FETH\\u0130N\\u0130N 812. YIL D\\u00d6N\\u00dcM\\u00dc KUTLAMALARI SERG\\u0130 VE KONFERANSLARLA BA\\u015eLADI&quot;,&quot;orientation&quot;:&quot;0&quot;}\" data-image-title=\"Antalya\u2019n\u0131n fethinin 812. y\u0131ld\u00f6n\u00fcm\u00fc kutlan\u0131yor\" data-image-description=\"&lt;p&gt;Antalya\u2019n\u0131n fethinin 812. y\u0131ld\u00f6n\u00fcm\u00fc kutlan\u0131yor&lt;\/p&gt; \" data-medium-file=\"https:\/\/i0.wp.com\/www.tvturk.com\/wp-content\/uploads\/2019\/03\/antalyanin-fethinin-812-yildonumu-kutlaniyor_d7152ba.jpg?fit=300%2C200\" data-large-file=\"https:\/\/i0.wp.com\/www.tvturk.com\/wp-content\/uploads\/2019\/03\/antalyanin-fethinin-812-yildonumu-kutlaniyor_d7152ba.jpg?fit=1000%2C666\" src=\"https:\/\/i0.wp.com\/www.tvturk.com\/wp-content\/uploads\/2019\/03\/antalyanin-fethinin-812-yildonumu-kutlaniyor_d7152ba.jpg?w=246&#038;h=164\" srcset=\"https:\/\/i0.wp.com\/www.tvturk.com\/wp-content\/uploads\/2019\/03\/antalyanin-fethinin-812-yildonumu-kutlaniyor_d7152ba.jpg?w=1000 1000w, https:\/\/i0.wp.com\/www.tvturk.com\/wp-content\/uploads\/2019\/03\/antalyanin-fethinin-812-yildonumu-kutlaniyor_d7152ba.jpg?resize=150%2C100 150w, https:\/\/i0.wp.com\/www.tvturk.com\/wp-content\/uploads\/2019\/03\/antalyanin-fethinin-812-yildonumu-kutlaniyor_d7152ba.jpg?resize=300%2C200 300w, https:\/\/i0.wp.com\/www.tvturk.com\/wp-content\/uploads\/2019\/03\/antalyanin-fethinin-812-yildonumu-kutlaniyor_d7152ba.jpg?resize=768%2C511 768w, https:\/\/i0.wp.com\/www.tvturk.com\/wp-content\/uploads\/2019\/03\/antalyanin-fethinin-812-yildonumu-kutlaniyor_d7152ba.jpg?resize=170%2C113 170w, https:\/\/i0.wp.com\/www.tvturk.com\/wp-content\/uploads\/2019\/03\/antalyanin-fethinin-812-yildonumu-kutlaniyor_d7152ba.jpg?resize=120%2C80 120w\" width=\"246\" height=\"164\" loading=\"lazy\" data-original-width=\"246\" data-original-height=\"164\" itemprop=\"http:\/\/schema.org\/image\" title=\"Antalya\u2019n\u0131n fethinin 812. y\u0131ld\u00f6n\u00fcm\u00fc kutlan\u0131yor\" alt=\"Antalya\u2019n\u0131n fethinin 812. y\u0131ld\u00f6n\u00fcm\u00fc kutlan\u0131yor\" style=\"width: 246px; height: 164px;\" \/> <\/a> <\/div> <\/div> <!-- close group --> <div class=\"gallery-group images-1\" style=\"width: 250px; height: 168px;\" data-original-width=\"250\" data-original-height=\"168\" > <div class=\"tiled-gallery-item tiled-gallery-item-small\" itemprop=\"associatedMedia\" itemscope itemtype=\"http:\/\/schema.org\/ImageObject\"> <a href=\"http:\/\/www.tvturk.com\/index.php\/antalyanin-fethinin-812-yildonumu-kutlaniyor\/antalyanin-fethinin-812-yildonumu-kutlaniyor-4\/\" border=\"0\" itemprop=\"url\"> <meta itemprop=\"width\" content=\"246\"> <meta itemprop=\"height\" content=\"164\"> <img decoding=\"async\" class=\"\" data-attachment-id=\"64278\" data-orig-file=\"http:\/\/www.tvturk.com\/wp-content\/uploads\/2019\/03\/antalyanin-fethinin-812-yildonumu-kutlaniyor_1460f7c.jpg\" data-orig-size=\"1000,666\" data-comments-opened=\"\" data-image-meta=\"{&quot;aperture&quot;:&quot;0&quot;,&quot;credit&quot;:&quot;IHA&quot;,&quot;camera&quot;:&quot;&quot;,&quot;caption&quot;:&quot;ANTALYA\\u0027NIN FETH\\u0130N\\u0130N 812. YIL D\\u00d6N\\u00dcM\\u00dc KUTLAMALARI SERG\\u0130 VE KONFERANSLARLA BA\\u015eLADI. (\\u0130SA AKAR\\\/ANTALYA-\\u0130HA)&quot;,&quot;created_timestamp&quot;:&quot;0&quot;,&quot;copyright&quot;:&quot;\\u0130HLAS HABER AJANSI, www.iha.com.tr&quot;,&quot;focal_length&quot;:&quot;0&quot;,&quot;iso&quot;:&quot;0&quot;,&quot;shutter_speed&quot;:&quot;0&quot;,&quot;title&quot;:&quot;ANTALYA\\u2019NIN FETH\\u0130N\\u0130N 812. YILD\\u00d6N\\u00dcM\\u00dc KUTLANIYOR ANTALYA\\u0027NIN FETH\\u0130N\\u0130N 812. YIL D\\u00d6N\\u00dcM\\u00dc KUTLAMALARI SERG\\u0130 VE KONFERANSLARLA BA\\u015eLADI&quot;,&quot;orientation&quot;:&quot;0&quot;}\" data-image-title=\"Antalya\u2019n\u0131n fethinin 812. y\u0131ld\u00f6n\u00fcm\u00fc kutlan\u0131yor\" data-image-description=\"&lt;p&gt;Antalya\u2019n\u0131n fethinin 812. y\u0131ld\u00f6n\u00fcm\u00fc kutlan\u0131yor&lt;\/p&gt; \" data-medium-file=\"https:\/\/i0.wp.com\/www.tvturk.com\/wp-content\/uploads\/2019\/03\/antalyanin-fethinin-812-yildonumu-kutlaniyor_1460f7c.jpg?fit=300%2C200\" data-large-file=\"https:\/\/i0.wp.com\/www.tvturk.com\/wp-content\/uploads\/2019\/03\/antalyanin-fethinin-812-yildonumu-kutlaniyor_1460f7c.jpg?fit=1000%2C666\" src=\"https:\/\/i0.wp.com\/www.tvturk.com\/wp-content\/uploads\/2019\/03\/antalyanin-fethinin-812-yildonumu-kutlaniyor_1460f7c.jpg?w=246&#038;h=164\" srcset=\"https:\/\/i0.wp.com\/www.tvturk.com\/wp-content\/uploads\/2019\/03\/antalyanin-fethinin-812-yildonumu-kutlaniyor_1460f7c.jpg?w=1000 1000w, https:\/\/i0.wp.com\/www.tvturk.com\/wp-content\/uploads\/2019\/03\/antalyanin-fethinin-812-yildonumu-kutlaniyor_1460f7c.jpg?resize=150%2C100 150w, https:\/\/i0.wp.com\/www.tvturk.com\/wp-content\/uploads\/2019\/03\/antalyanin-fethinin-812-yildonumu-kutlaniyor_1460f7c.jpg?resize=300%2C200 300w, https:\/\/i0.wp.com\/www.tvturk.com\/wp-content\/uploads\/2019\/03\/antalyanin-fethinin-812-yildonumu-kutlaniyor_1460f7c.jpg?resize=768%2C511 768w, https:\/\/i0.wp.com\/www.tvturk.com\/wp-content\/uploads\/2019\/03\/antalyanin-fethinin-812-yildonumu-kutlaniyor_1460f7c.jpg?resize=170%2C113 170w, https:\/\/i0.wp.com\/www.tvturk.com\/wp-content\/uploads\/2019\/03\/antalyanin-fethinin-812-yildonumu-kutlaniyor_1460f7c.jpg?resize=120%2C80 120w\" width=\"246\" height=\"164\" loading=\"lazy\" data-original-width=\"246\" data-original-height=\"164\" itemprop=\"http:\/\/schema.org\/image\" title=\"Antalya\u2019n\u0131n fethinin 812. y\u0131ld\u00f6n\u00fcm\u00fc kutlan\u0131yor\" alt=\"Antalya\u2019n\u0131n fethinin 812. y\u0131ld\u00f6n\u00fcm\u00fc kutlan\u0131yor\" style=\"width: 246px; height: 164px;\" \/> <\/a> <\/div> <\/div> <!-- close group --> <\/div> <!-- close row --> <\/div><\/p>\n","protected":false},"excerpt":{"rendered":"<p>ANTALYA&#8217;NIN FETH\u0130N\u0130N 812. YIL D\u00d6N\u00dcM\u00dc KUTLAMALARI SERG\u0130 VE KONFERANSLARLA BA\u015eLADI.<\/p>\n","protected":false},"author":1,"featured_media":64276,"comment_status":"closed","ping_status":"open","sticky":false,"template":"","format":"standard","meta":{"jetpack_post_was_ever_published":false,"_jetpack_newsletter_access":"","_jetpack_dont_email_post_to_subs":false,"_jetpack_newsletter_tier_id":0,"_jetpack_memberships_contains_paywalled_content":false,"_jetpack_memberships_contains_paid_content":false,"footnotes":"","jetpack_publicize_message":"","jetpack_publicize_feature_enabled":true,"jetpack_social_post_already_shared":true,"jetpack_social_options":{"image_generator_settings":{"template":"highway","default_image_id":0,"font":"","enabled":false},"version":2}},"categories":[1],"tags":[19753,11990,19752,19205,3101],"class_list":["post-64275","post","type-post","status-publish","format-standard","has-post-thumbnail","hentry","category-genel","tag-19753","tag-antalyanin","tag-fethinin","tag-kutlaniyor","tag-yildonumu"],"jetpack_publicize_connections":[],"jetpack_featured_media_url":"https:\/\/i0.wp.com\/www.tvturk.com\/wp-content\/uploads\/2019\/03\/antalyanin-fethinin-812-yildonumu-kutlaniyor_2f1c460.jpg?fit=1000%2C666","jetpack_sharing_enabled":true,"jetpack_shortlink":"https:\/\/wp.me\/paKIfm-gIH","_links":{"self":[{"href":"http:\/\/www.tvturk.com\/index.php\/wp-json\/wp\/v2\/posts\/64275","targetHints":{"allow":["GET"]}}],"collection":[{"href":"http:\/\/www.tvturk.com\/index.php\/wp-json\/wp\/v2\/posts"}],"about":[{"href":"http:\/\/www.tvturk.com\/index.php\/wp-json\/wp\/v2\/types\/post"}],"author":[{"embeddable":true,"href":"http:\/\/www.tvturk.com\/index.php\/wp-json\/wp\/v2\/users\/1"}],"replies":[{"embeddable":true,"href":"http:\/\/www.tvturk.com\/index.php\/wp-json\/wp\/v2\/comments?post=64275"}],"version-history":[{"count":1,"href":"http:\/\/www.tvturk.com\/index.php\/wp-json\/wp\/v2\/posts\/64275\/revisions"}],"predecessor-version":[{"id":64279,"href":"http:\/\/www.tvturk.com\/index.php\/wp-json\/wp\/v2\/posts\/64275\/revisions\/64279"}],"wp:featuredmedia":[{"embeddable":true,"href":"http:\/\/www.tvturk.com\/index.php\/wp-json\/wp\/v2\/media\/64276"}],"wp:attachment":[{"href":"http:\/\/www.tvturk.com\/index.php\/wp-json\/wp\/v2\/media?parent=64275"}],"wp:term":[{"taxonomy":"category","embeddable":true,"href":"http:\/\/www.tvturk.com\/index.php\/wp-json\/wp\/v2\/categories?post=64275"},{"taxonomy":"post_tag","embeddable":true,"href":"http:\/\/www.tvturk.com\/index.php\/wp-json\/wp\/v2\/tags?post=64275"}],"curies":[{"name":"wp","href":"https:\/\/api.w.org\/{rel}","templated":true}]}}